{"id":148,"date":"2013-12-23T08:27:43","date_gmt":"2013-12-23T07:27:43","guid":{"rendered":"http:\/\/www.pressetaux.fr\/arras\/?p=148"},"modified":"2016-11-10T14:21:24","modified_gmt":"2016-11-10T13:21:24","slug":"148-2","status":"publish","type":"post","link":"https:\/\/pressetaux.fr\/arras\/148-2\/","title":{"rendered":""},"content":{"rendered":"<h2 style=\"text-align: center;font-size: 22px\">Monsieur et Madame B. \u00e0 Bertincourt : Achat de r\u00e9sidence principale<\/h2>\n<p style=\"font-size: 16px\">\u00ab Notre agence immobili\u00e8re nous avait recommand\u00e9 PresseTaux pour le financement de notre achat immobilier. Nous avons donc contact\u00e9 Manuel de Saint Esteban et nous ne le regrettons pas. C\u2019est une personne tr\u00e8s fiable, comp\u00e9tente et \u00e0 l\u2019\u00e9coute de ses clients. Il est toujours disponible pour r\u00e9pondre \u00e0 nos questions et pour faire avancer notre dossier.<br \/>\nIl nous est m\u00eame arriv\u00e9 de le joindre par t\u00e9l\u00e9phone alors qu\u2019il \u00e9tait en vacances en famille\u2026 Ce n\u2019est pas le cas des banquiers !<br \/>\nNous n\u2019h\u00e9siterons pas \u00e0 recommander Manuel. \u00bb<\/p>\n","protected":false},"excerpt":{"rendered":"<p>Monsieur et Madame B. \u00e0 Bertincourt : Achat de r\u00e9sidence principale \u00ab Notre agence immobili\u00e8re nous avait recommand\u00e9 PresseTaux pour le financement de notre achat immobilier. Nous avons donc contact\u00e9 Manuel de Saint Esteban et nous ne le regrettons pas. C\u2019est une personne tr\u00e8s fiable, comp\u00e9tente et \u00e0 l\u2019\u00e9coute de ses clients. Il est toujours disponible pour r\u00e9pondre \u00e0 nos questions et pour faire avancer notre dossier. Il nous est m\u00eame arriv\u00e9 de le joindre par t\u00e9l\u00e9phone alors qu\u2019il \u00e9tait en vacances en famille\u2026 Ce n\u2019est pas le cas des banquiers ! Nous n\u2019h\u00e9siterons pas \u00e0 recommander Manuel. \u00bb<\/p>\n","protected":false},"author":8,"featured_media":0,"comment_status":"closed","ping_status":"closed","sticky":false,"template":"","format":"standard","meta":{"_genesis_hide_title":false,"_genesis_hide_breadcrumbs":false,"_genesis_hide_singular_image":false,"_genesis_hide_footer_widgets":false,"_genesis_custom_body_class":"","_genesis_custom_post_class":"","_genesis_layout":""},"categories":[2],"tags":[],"yoast_head":"<!-- This site is optimized with the Yoast SEO plugin v17.8 - https:\/\/yoast.com\/wordpress\/plugins\/seo\/ -->\n<title>- PresseTaux Arras<\/title>\n<meta name=\"robots\" content=\"index, follow, max-snippet:-1, max-image-preview:large, max-video-preview:-1\" \/>\n<link rel=\"canonical\" href=\"https:\/\/pressetaux.fr\/arras\/148-2\/\" \/>\n<meta property=\"og:locale\" content=\"fr_FR\" \/>\n<meta property=\"og:type\" content=\"article\" \/>\n<meta property=\"og:title\" content=\"- PresseTaux Arras\" \/>\n<meta property=\"og:description\" content=\"Monsieur et Madame B. \u00e0 Bertincourt : Achat de r\u00e9sidence principale \u00ab Notre agence immobili\u00e8re nous avait recommand\u00e9 PresseTaux pour le financement de notre achat immobilier. Nous avons donc contact\u00e9 Manuel de Saint Esteban et nous ne le regrettons pas. C\u2019est une personne tr\u00e8s fiable, comp\u00e9tente et \u00e0 l\u2019\u00e9coute de ses clients. Il est toujours disponible pour r\u00e9pondre \u00e0 nos questions et pour faire avancer notre dossier. Il nous est m\u00eame arriv\u00e9 de le joindre par t\u00e9l\u00e9phone alors qu\u2019il \u00e9tait en vacances en famille\u2026 Ce n\u2019est pas le cas des banquiers ! Nous n\u2019h\u00e9siterons pas \u00e0 recommander Manuel. \u00bb\" \/>\n<meta property=\"og:url\" content=\"https:\/\/pressetaux.fr\/arras\/148-2\/\" \/>\n<meta property=\"og:site_name\" content=\"PresseTaux Arras\" \/>\n<meta property=\"article:published_time\" content=\"2013-12-23T07:27:43+00:00\" \/>\n<meta property=\"article:modified_time\" content=\"2016-11-10T13:21:24+00:00\" \/>\n<meta property=\"og:image\" content=\"https:\/\/pressetaux.fr\/arras\/wp-content\/uploads\/sites\/6\/2020\/11\/LogoPressetaux.png\" \/>\n\t<meta property=\"og:image:width\" content=\"488\" \/>\n\t<meta property=\"og:image:height\" content=\"278\" \/>\n<meta name=\"twitter:label1\" content=\"\u00c9crit par\" \/>\n\t<meta name=\"twitter:data1\" content=\"Aur\u00e9lie PresseTaux\" \/>\n\t<meta name=\"twitter:label2\" content=\"Dur\u00e9e de lecture estim\u00e9e\" \/>\n\t<meta name=\"twitter:data2\" content=\"1 minute\" \/>\n<script type=\"application\/ld+json\" class=\"yoast-schema-graph\">{\"@context\":\"https:\/\/schema.org\",\"@graph\":[{\"@type\":\"Organization\",\"@id\":\"https:\/\/pressetaux.fr\/arras\/#organization\",\"name\":\"PresseTaux Arras\",\"url\":\"https:\/\/pressetaux.fr\/arras\/\",\"sameAs\":[],\"logo\":{\"@type\":\"ImageObject\",\"@id\":\"https:\/\/pressetaux.fr\/arras\/#logo\",\"inLanguage\":\"fr-FR\",\"url\":\"https:\/\/pressetaux.fr\/arras\/wp-content\/uploads\/sites\/6\/2020\/11\/LogoPressetaux.png\",\"contentUrl\":\"https:\/\/pressetaux.fr\/arras\/wp-content\/uploads\/sites\/6\/2020\/11\/LogoPressetaux.png\",\"width\":488,\"height\":278,\"caption\":\"PresseTaux Arras\"},\"image\":{\"@id\":\"https:\/\/pressetaux.fr\/arras\/#logo\"}},{\"@type\":\"WebSite\",\"@id\":\"https:\/\/pressetaux.fr\/arras\/#website\",\"url\":\"https:\/\/pressetaux.fr\/arras\/\",\"name\":\"PresseTaux Arras\",\"description\":\"COURTIER EN CREDIT\",\"publisher\":{\"@id\":\"https:\/\/pressetaux.fr\/arras\/#organization\"},\"potentialAction\":[{\"@type\":\"SearchAction\",\"target\":{\"@type\":\"EntryPoint\",\"urlTemplate\":\"https:\/\/pressetaux.fr\/arras\/?s={search_term_string}\"},\"query-input\":\"required name=search_term_string\"}],\"inLanguage\":\"fr-FR\"},{\"@type\":\"WebPage\",\"@id\":\"https:\/\/pressetaux.fr\/arras\/148-2\/#webpage\",\"url\":\"https:\/\/pressetaux.fr\/arras\/148-2\/\",\"name\":\"- PresseTaux Arras\",\"isPartOf\":{\"@id\":\"https:\/\/pressetaux.fr\/arras\/#website\"},\"datePublished\":\"2013-12-23T07:27:43+00:00\",\"dateModified\":\"2016-11-10T13:21:24+00:00\",\"breadcrumb\":{\"@id\":\"https:\/\/pressetaux.fr\/arras\/148-2\/#breadcrumb\"},\"inLanguage\":\"fr-FR\",\"potentialAction\":[{\"@type\":\"ReadAction\",\"target\":[\"https:\/\/pressetaux.fr\/arras\/148-2\/\"]}]},{\"@type\":\"BreadcrumbList\",\"@id\":\"https:\/\/pressetaux.fr\/arras\/148-2\/#breadcrumb\",\"itemListElement\":[{\"@type\":\"ListItem\",\"position\":1,\"name\":\"\"}]},{\"@type\":\"Article\",\"@id\":\"https:\/\/pressetaux.fr\/arras\/148-2\/#article\",\"isPartOf\":{\"@id\":\"https:\/\/pressetaux.fr\/arras\/148-2\/#webpage\"},\"author\":{\"@id\":\"https:\/\/pressetaux.fr\/arras\/#\/schema\/person\/4cd76b055d972c5d26a31a6868ce10e9\"},\"headline\":\"Aucun titre\",\"datePublished\":\"2013-12-23T07:27:43+00:00\",\"dateModified\":\"2016-11-10T13:21:24+00:00\",\"mainEntityOfPage\":{\"@id\":\"https:\/\/pressetaux.fr\/arras\/148-2\/#webpage\"},\"wordCount\":105,\"publisher\":{\"@id\":\"https:\/\/pressetaux.fr\/arras\/#organization\"},\"articleSection\":[\"Actualit\\u00e9\"],\"inLanguage\":\"fr-FR\"},{\"@type\":\"Person\",\"@id\":\"https:\/\/pressetaux.fr\/arras\/#\/schema\/person\/4cd76b055d972c5d26a31a6868ce10e9\",\"name\":\"Aur\\u00e9lie PresseTaux\",\"image\":{\"@type\":\"ImageObject\",\"@id\":\"https:\/\/pressetaux.fr\/arras\/#personlogo\",\"inLanguage\":\"fr-FR\",\"url\":\"https:\/\/secure.gravatar.com\/avatar\/3c12b07ea1ddcb99edf500aed7c9791c?s=96&d=mm&r=g\",\"contentUrl\":\"https:\/\/secure.gravatar.com\/avatar\/3c12b07ea1ddcb99edf500aed7c9791c?s=96&d=mm&r=g\",\"caption\":\"Aur\\u00e9lie PresseTaux\"},\"url\":\"https:\/\/pressetaux.fr\/arras\/author\/aurelie-merlin\/\"}]}<\/script>\n<!-- \/ Yoast SEO plugin. -->","yoast_head_json":{"title":"- PresseTaux Arras","robots":{"index":"index","follow":"follow","max-snippet":"max-snippet:-1","max-image-preview":"max-image-preview:large","max-video-preview":"max-video-preview:-1"},"canonical":"https:\/\/pressetaux.fr\/arras\/148-2\/","og_locale":"fr_FR","og_type":"article","og_title":"- PresseTaux Arras","og_description":"Monsieur et Madame B. \u00e0 Bertincourt : Achat de r\u00e9sidence principale \u00ab Notre agence immobili\u00e8re nous avait recommand\u00e9 PresseTaux pour le financement de notre achat immobilier. Nous avons donc contact\u00e9 Manuel de Saint Esteban et nous ne le regrettons pas. C\u2019est une personne tr\u00e8s fiable, comp\u00e9tente et \u00e0 l\u2019\u00e9coute de ses clients. Il est toujours disponible pour r\u00e9pondre \u00e0 nos questions et pour faire avancer notre dossier. Il nous est m\u00eame arriv\u00e9 de le joindre par t\u00e9l\u00e9phone alors qu\u2019il \u00e9tait en vacances en famille\u2026 Ce n\u2019est pas le cas des banquiers ! Nous n\u2019h\u00e9siterons pas \u00e0 recommander Manuel. \u00bb","og_url":"https:\/\/pressetaux.fr\/arras\/148-2\/","og_site_name":"PresseTaux Arras","article_published_time":"2013-12-23T07:27:43+00:00","article_modified_time":"2016-11-10T13:21:24+00:00","og_image":[{"width":488,"height":278,"url":"https:\/\/pressetaux.fr\/arras\/wp-content\/uploads\/sites\/6\/2020\/11\/LogoPressetaux.png","type":"image\/png"}],"twitter_misc":{"\u00c9crit par":"Aur\u00e9lie PresseTaux","Dur\u00e9e de lecture estim\u00e9e":"1 minute"},"schema":{"@context":"https:\/\/schema.org","@graph":[{"@type":"Organization","@id":"https:\/\/pressetaux.fr\/arras\/#organization","name":"PresseTaux Arras","url":"https:\/\/pressetaux.fr\/arras\/","sameAs":[],"logo":{"@type":"ImageObject","@id":"https:\/\/pressetaux.fr\/arras\/#logo","inLanguage":"fr-FR","url":"https:\/\/pressetaux.fr\/arras\/wp-content\/uploads\/sites\/6\/2020\/11\/LogoPressetaux.png","contentUrl":"https:\/\/pressetaux.fr\/arras\/wp-content\/uploads\/sites\/6\/2020\/11\/LogoPressetaux.png","width":488,"height":278,"caption":"PresseTaux Arras"},"image":{"@id":"https:\/\/pressetaux.fr\/arras\/#logo"}},{"@type":"WebSite","@id":"https:\/\/pressetaux.fr\/arras\/#website","url":"https:\/\/pressetaux.fr\/arras\/","name":"PresseTaux Arras","description":"COURTIER EN CREDIT","publisher":{"@id":"https:\/\/pressetaux.fr\/arras\/#organization"},"potentialAction":[{"@type":"SearchAction","target":{"@type":"EntryPoint","urlTemplate":"https:\/\/pressetaux.fr\/arras\/?s={search_term_string}"},"query-input":"required name=search_term_string"}],"inLanguage":"fr-FR"},{"@type":"WebPage","@id":"https:\/\/pressetaux.fr\/arras\/148-2\/#webpage","url":"https:\/\/pressetaux.fr\/arras\/148-2\/","name":"- PresseTaux Arras","isPartOf":{"@id":"https:\/\/pressetaux.fr\/arras\/#website"},"datePublished":"2013-12-23T07:27:43+00:00","dateModified":"2016-11-10T13:21:24+00:00","breadcrumb":{"@id":"https:\/\/pressetaux.fr\/arras\/148-2\/#breadcrumb"},"inLanguage":"fr-FR","potentialAction":[{"@type":"ReadAction","target":["https:\/\/pressetaux.fr\/arras\/148-2\/"]}]},{"@type":"BreadcrumbList","@id":"https:\/\/pressetaux.fr\/arras\/148-2\/#breadcrumb","itemListElement":[{"@type":"ListItem","position":1,"name":""}]},{"@type":"Article","@id":"https:\/\/pressetaux.fr\/arras\/148-2\/#article","isPartOf":{"@id":"https:\/\/pressetaux.fr\/arras\/148-2\/#webpage"},"author":{"@id":"https:\/\/pressetaux.fr\/arras\/#\/schema\/person\/4cd76b055d972c5d26a31a6868ce10e9"},"headline":"Aucun titre","datePublished":"2013-12-23T07:27:43+00:00","dateModified":"2016-11-10T13:21:24+00:00","mainEntityOfPage":{"@id":"https:\/\/pressetaux.fr\/arras\/148-2\/#webpage"},"wordCount":105,"publisher":{"@id":"https:\/\/pressetaux.fr\/arras\/#organization"},"articleSection":["Actualit\u00e9"],"inLanguage":"fr-FR"},{"@type":"Person","@id":"https:\/\/pressetaux.fr\/arras\/#\/schema\/person\/4cd76b055d972c5d26a31a6868ce10e9","name":"Aur\u00e9lie PresseTaux","image":{"@type":"ImageObject","@id":"https:\/\/pressetaux.fr\/arras\/#personlogo","inLanguage":"fr-FR","url":"https:\/\/secure.gravatar.com\/avatar\/3c12b07ea1ddcb99edf500aed7c9791c?s=96&d=mm&r=g","contentUrl":"https:\/\/secure.gravatar.com\/avatar\/3c12b07ea1ddcb99edf500aed7c9791c?s=96&d=mm&r=g","caption":"Aur\u00e9lie PresseTaux"},"url":"https:\/\/pressetaux.fr\/arras\/author\/aurelie-merlin\/"}]}},"_links":{"self":[{"href":"https:\/\/pressetaux.fr\/arras\/wp-json\/wp\/v2\/posts\/148"}],"collection":[{"href":"https:\/\/pressetaux.fr\/arras\/wp-json\/wp\/v2\/posts"}],"about":[{"href":"https:\/\/pressetaux.fr\/arras\/wp-json\/wp\/v2\/types\/post"}],"author":[{"embeddable":true,"href":"https:\/\/pressetaux.fr\/arras\/wp-json\/wp\/v2\/users\/8"}],"replies":[{"embeddable":true,"href":"https:\/\/pressetaux.fr\/arras\/wp-json\/wp\/v2\/comments?post=148"}],"version-history":[{"count":0,"href":"https:\/\/pressetaux.fr\/arras\/wp-json\/wp\/v2\/posts\/148\/revisions"}],"wp:attachment":[{"href":"https:\/\/pressetaux.fr\/arras\/wp-json\/wp\/v2\/media?parent=148"}],"wp:term":[{"taxonomy":"category","embeddable":true,"href":"https:\/\/pressetaux.fr\/arras\/wp-json\/wp\/v2\/categories?post=148"},{"taxonomy":"post_tag","embeddable":true,"href":"https:\/\/pressetaux.fr\/arras\/wp-json\/wp\/v2\/tags?post=148"}],"curies":[{"name":"wp","href":"https:\/\/api.w.org\/{rel}","templated":true}]}}