{"id":150,"date":"2013-12-23T08:29:54","date_gmt":"2013-12-23T07:29:54","guid":{"rendered":"http:\/\/www.pressetaux.fr\/arras\/?p=150"},"modified":"2016-11-10T14:21:15","modified_gmt":"2016-11-10T13:21:15","slug":"150-2","status":"publish","type":"post","link":"https:\/\/pressetaux.fr\/arras\/150-2\/","title":{"rendered":""},"content":{"rendered":"<h2 style=\"text-align: center;font-size: 22px\">M. Florent C. \u00e0 Sauchy-Cauchy : Financement d\u2019un investissement immobilier<\/h2>\n<p style=\"font-size: 16px\">\u00ab Excellent service, j\u2019ai \u00e9t\u00e9 tr\u00e8s bien accompagn\u00e9 tout au long de mes d\u00e9marches. Monsieur de Saint Esteban m\u2019a tr\u00e8s bien renseign\u00e9 et conseill\u00e9, je suis tr\u00e8s satisfait de la soci\u00e9t\u00e9 PresseTaux et je la recommande \u00e0 toute personne ayant un projet immobilier. \u00bb<\/p>\n","protected":false},"excerpt":{"rendered":"<p>M. Florent C. \u00e0 Sauchy-Cauchy : Financement d\u2019un investissement immobilier \u00ab Excellent service, j\u2019ai \u00e9t\u00e9 tr\u00e8s bien accompagn\u00e9 tout au long de mes d\u00e9marches. Monsieur de Saint Esteban m\u2019a tr\u00e8s bien renseign\u00e9 et conseill\u00e9, je suis tr\u00e8s satisfait de la soci\u00e9t\u00e9 PresseTaux et je la recommande \u00e0 toute personne ayant un projet immobilier. \u00bb<\/p>\n","protected":false},"author":8,"featured_media":0,"comment_status":"closed","ping_status":"closed","sticky":false,"template":"","format":"standard","meta":{"_genesis_hide_title":false,"_genesis_hide_breadcrumbs":false,"_genesis_hide_singular_image":false,"_genesis_hide_footer_widgets":false,"_genesis_custom_body_class":"","_genesis_custom_post_class":"","_genesis_layout":""},"categories":[2],"tags":[],"yoast_head":"<!-- This site is optimized with the Yoast SEO plugin v17.8 - https:\/\/yoast.com\/wordpress\/plugins\/seo\/ -->\n<title>- PresseTaux Arras<\/title>\n<meta name=\"robots\" content=\"index, follow, max-snippet:-1, max-image-preview:large, max-video-preview:-1\" \/>\n<link rel=\"canonical\" href=\"https:\/\/pressetaux.fr\/arras\/150-2\/\" \/>\n<meta property=\"og:locale\" content=\"fr_FR\" \/>\n<meta property=\"og:type\" content=\"article\" \/>\n<meta property=\"og:title\" content=\"- PresseTaux Arras\" \/>\n<meta property=\"og:description\" content=\"M. Florent C. \u00e0 Sauchy-Cauchy : Financement d\u2019un investissement immobilier \u00ab Excellent service, j\u2019ai \u00e9t\u00e9 tr\u00e8s bien accompagn\u00e9 tout au long de mes d\u00e9marches. Monsieur de Saint Esteban m\u2019a tr\u00e8s bien renseign\u00e9 et conseill\u00e9, je suis tr\u00e8s satisfait de la soci\u00e9t\u00e9 PresseTaux et je la recommande \u00e0 toute personne ayant un projet immobilier. \u00bb\" \/>\n<meta property=\"og:url\" content=\"https:\/\/pressetaux.fr\/arras\/150-2\/\" \/>\n<meta property=\"og:site_name\" content=\"PresseTaux Arras\" \/>\n<meta property=\"article:published_time\" content=\"2013-12-23T07:29:54+00:00\" \/>\n<meta property=\"article:modified_time\" content=\"2016-11-10T13:21:15+00:00\" \/>\n<meta property=\"og:image\" content=\"https:\/\/pressetaux.fr\/arras\/wp-content\/uploads\/sites\/6\/2020\/11\/LogoPressetaux.png\" \/>\n\t<meta property=\"og:image:width\" content=\"488\" \/>\n\t<meta property=\"og:image:height\" content=\"278\" \/>\n<meta name=\"twitter:label1\" content=\"\u00c9crit par\" \/>\n\t<meta name=\"twitter:data1\" content=\"Aur\u00e9lie PresseTaux\" \/>\n<script type=\"application\/ld+json\" class=\"yoast-schema-graph\">{\"@context\":\"https:\/\/schema.org\",\"@graph\":[{\"@type\":\"Organization\",\"@id\":\"https:\/\/pressetaux.fr\/arras\/#organization\",\"name\":\"PresseTaux Arras\",\"url\":\"https:\/\/pressetaux.fr\/arras\/\",\"sameAs\":[],\"logo\":{\"@type\":\"ImageObject\",\"@id\":\"https:\/\/pressetaux.fr\/arras\/#logo\",\"inLanguage\":\"fr-FR\",\"url\":\"https:\/\/pressetaux.fr\/arras\/wp-content\/uploads\/sites\/6\/2020\/11\/LogoPressetaux.png\",\"contentUrl\":\"https:\/\/pressetaux.fr\/arras\/wp-content\/uploads\/sites\/6\/2020\/11\/LogoPressetaux.png\",\"width\":488,\"height\":278,\"caption\":\"PresseTaux Arras\"},\"image\":{\"@id\":\"https:\/\/pressetaux.fr\/arras\/#logo\"}},{\"@type\":\"WebSite\",\"@id\":\"https:\/\/pressetaux.fr\/arras\/#website\",\"url\":\"https:\/\/pressetaux.fr\/arras\/\",\"name\":\"PresseTaux Arras\",\"description\":\"COURTIER EN CREDIT\",\"publisher\":{\"@id\":\"https:\/\/pressetaux.fr\/arras\/#organization\"},\"potentialAction\":[{\"@type\":\"SearchAction\",\"target\":{\"@type\":\"EntryPoint\",\"urlTemplate\":\"https:\/\/pressetaux.fr\/arras\/?s={search_term_string}\"},\"query-input\":\"required name=search_term_string\"}],\"inLanguage\":\"fr-FR\"},{\"@type\":\"WebPage\",\"@id\":\"https:\/\/pressetaux.fr\/arras\/150-2\/#webpage\",\"url\":\"https:\/\/pressetaux.fr\/arras\/150-2\/\",\"name\":\"- PresseTaux Arras\",\"isPartOf\":{\"@id\":\"https:\/\/pressetaux.fr\/arras\/#website\"},\"datePublished\":\"2013-12-23T07:29:54+00:00\",\"dateModified\":\"2016-11-10T13:21:15+00:00\",\"breadcrumb\":{\"@id\":\"https:\/\/pressetaux.fr\/arras\/150-2\/#breadcrumb\"},\"inLanguage\":\"fr-FR\",\"potentialAction\":[{\"@type\":\"ReadAction\",\"target\":[\"https:\/\/pressetaux.fr\/arras\/150-2\/\"]}]},{\"@type\":\"BreadcrumbList\",\"@id\":\"https:\/\/pressetaux.fr\/arras\/150-2\/#breadcrumb\",\"itemListElement\":[{\"@type\":\"ListItem\",\"position\":1,\"name\":\"\"}]},{\"@type\":\"Article\",\"@id\":\"https:\/\/pressetaux.fr\/arras\/150-2\/#article\",\"isPartOf\":{\"@id\":\"https:\/\/pressetaux.fr\/arras\/150-2\/#webpage\"},\"author\":{\"@id\":\"https:\/\/pressetaux.fr\/arras\/#\/schema\/person\/4cd76b055d972c5d26a31a6868ce10e9\"},\"headline\":\"Aucun titre\",\"datePublished\":\"2013-12-23T07:29:54+00:00\",\"dateModified\":\"2016-11-10T13:21:15+00:00\",\"mainEntityOfPage\":{\"@id\":\"https:\/\/pressetaux.fr\/arras\/150-2\/#webpage\"},\"wordCount\":57,\"publisher\":{\"@id\":\"https:\/\/pressetaux.fr\/arras\/#organization\"},\"articleSection\":[\"Actualit\\u00e9\"],\"inLanguage\":\"fr-FR\"},{\"@type\":\"Person\",\"@id\":\"https:\/\/pressetaux.fr\/arras\/#\/schema\/person\/4cd76b055d972c5d26a31a6868ce10e9\",\"name\":\"Aur\\u00e9lie PresseTaux\",\"image\":{\"@type\":\"ImageObject\",\"@id\":\"https:\/\/pressetaux.fr\/arras\/#personlogo\",\"inLanguage\":\"fr-FR\",\"url\":\"https:\/\/secure.gravatar.com\/avatar\/3c12b07ea1ddcb99edf500aed7c9791c?s=96&d=mm&r=g\",\"contentUrl\":\"https:\/\/secure.gravatar.com\/avatar\/3c12b07ea1ddcb99edf500aed7c9791c?s=96&d=mm&r=g\",\"caption\":\"Aur\\u00e9lie PresseTaux\"},\"url\":\"https:\/\/pressetaux.fr\/arras\/author\/aurelie-merlin\/\"}]}<\/script>\n<!-- \/ Yoast SEO plugin. -->","yoast_head_json":{"title":"- PresseTaux Arras","robots":{"index":"index","follow":"follow","max-snippet":"max-snippet:-1","max-image-preview":"max-image-preview:large","max-video-preview":"max-video-preview:-1"},"canonical":"https:\/\/pressetaux.fr\/arras\/150-2\/","og_locale":"fr_FR","og_type":"article","og_title":"- PresseTaux Arras","og_description":"M. Florent C. \u00e0 Sauchy-Cauchy : Financement d\u2019un investissement immobilier \u00ab Excellent service, j\u2019ai \u00e9t\u00e9 tr\u00e8s bien accompagn\u00e9 tout au long de mes d\u00e9marches. Monsieur de Saint Esteban m\u2019a tr\u00e8s bien renseign\u00e9 et conseill\u00e9, je suis tr\u00e8s satisfait de la soci\u00e9t\u00e9 PresseTaux et je la recommande \u00e0 toute personne ayant un projet immobilier. \u00bb","og_url":"https:\/\/pressetaux.fr\/arras\/150-2\/","og_site_name":"PresseTaux Arras","article_published_time":"2013-12-23T07:29:54+00:00","article_modified_time":"2016-11-10T13:21:15+00:00","og_image":[{"width":488,"height":278,"url":"https:\/\/pressetaux.fr\/arras\/wp-content\/uploads\/sites\/6\/2020\/11\/LogoPressetaux.png","type":"image\/png"}],"twitter_misc":{"\u00c9crit par":"Aur\u00e9lie PresseTaux"},"schema":{"@context":"https:\/\/schema.org","@graph":[{"@type":"Organization","@id":"https:\/\/pressetaux.fr\/arras\/#organization","name":"PresseTaux Arras","url":"https:\/\/pressetaux.fr\/arras\/","sameAs":[],"logo":{"@type":"ImageObject","@id":"https:\/\/pressetaux.fr\/arras\/#logo","inLanguage":"fr-FR","url":"https:\/\/pressetaux.fr\/arras\/wp-content\/uploads\/sites\/6\/2020\/11\/LogoPressetaux.png","contentUrl":"https:\/\/pressetaux.fr\/arras\/wp-content\/uploads\/sites\/6\/2020\/11\/LogoPressetaux.png","width":488,"height":278,"caption":"PresseTaux Arras"},"image":{"@id":"https:\/\/pressetaux.fr\/arras\/#logo"}},{"@type":"WebSite","@id":"https:\/\/pressetaux.fr\/arras\/#website","url":"https:\/\/pressetaux.fr\/arras\/","name":"PresseTaux Arras","description":"COURTIER EN CREDIT","publisher":{"@id":"https:\/\/pressetaux.fr\/arras\/#organization"},"potentialAction":[{"@type":"SearchAction","target":{"@type":"EntryPoint","urlTemplate":"https:\/\/pressetaux.fr\/arras\/?s={search_term_string}"},"query-input":"required name=search_term_string"}],"inLanguage":"fr-FR"},{"@type":"WebPage","@id":"https:\/\/pressetaux.fr\/arras\/150-2\/#webpage","url":"https:\/\/pressetaux.fr\/arras\/150-2\/","name":"- PresseTaux Arras","isPartOf":{"@id":"https:\/\/pressetaux.fr\/arras\/#website"},"datePublished":"2013-12-23T07:29:54+00:00","dateModified":"2016-11-10T13:21:15+00:00","breadcrumb":{"@id":"https:\/\/pressetaux.fr\/arras\/150-2\/#breadcrumb"},"inLanguage":"fr-FR","potentialAction":[{"@type":"ReadAction","target":["https:\/\/pressetaux.fr\/arras\/150-2\/"]}]},{"@type":"BreadcrumbList","@id":"https:\/\/pressetaux.fr\/arras\/150-2\/#breadcrumb","itemListElement":[{"@type":"ListItem","position":1,"name":""}]},{"@type":"Article","@id":"https:\/\/pressetaux.fr\/arras\/150-2\/#article","isPartOf":{"@id":"https:\/\/pressetaux.fr\/arras\/150-2\/#webpage"},"author":{"@id":"https:\/\/pressetaux.fr\/arras\/#\/schema\/person\/4cd76b055d972c5d26a31a6868ce10e9"},"headline":"Aucun titre","datePublished":"2013-12-23T07:29:54+00:00","dateModified":"2016-11-10T13:21:15+00:00","mainEntityOfPage":{"@id":"https:\/\/pressetaux.fr\/arras\/150-2\/#webpage"},"wordCount":57,"publisher":{"@id":"https:\/\/pressetaux.fr\/arras\/#organization"},"articleSection":["Actualit\u00e9"],"inLanguage":"fr-FR"},{"@type":"Person","@id":"https:\/\/pressetaux.fr\/arras\/#\/schema\/person\/4cd76b055d972c5d26a31a6868ce10e9","name":"Aur\u00e9lie PresseTaux","image":{"@type":"ImageObject","@id":"https:\/\/pressetaux.fr\/arras\/#personlogo","inLanguage":"fr-FR","url":"https:\/\/secure.gravatar.com\/avatar\/3c12b07ea1ddcb99edf500aed7c9791c?s=96&d=mm&r=g","contentUrl":"https:\/\/secure.gravatar.com\/avatar\/3c12b07ea1ddcb99edf500aed7c9791c?s=96&d=mm&r=g","caption":"Aur\u00e9lie PresseTaux"},"url":"https:\/\/pressetaux.fr\/arras\/author\/aurelie-merlin\/"}]}},"_links":{"self":[{"href":"https:\/\/pressetaux.fr\/arras\/wp-json\/wp\/v2\/posts\/150"}],"collection":[{"href":"https:\/\/pressetaux.fr\/arras\/wp-json\/wp\/v2\/posts"}],"about":[{"href":"https:\/\/pressetaux.fr\/arras\/wp-json\/wp\/v2\/types\/post"}],"author":[{"embeddable":true,"href":"https:\/\/pressetaux.fr\/arras\/wp-json\/wp\/v2\/users\/8"}],"replies":[{"embeddable":true,"href":"https:\/\/pressetaux.fr\/arras\/wp-json\/wp\/v2\/comments?post=150"}],"version-history":[{"count":0,"href":"https:\/\/pressetaux.fr\/arras\/wp-json\/wp\/v2\/posts\/150\/revisions"}],"wp:attachment":[{"href":"https:\/\/pressetaux.fr\/arras\/wp-json\/wp\/v2\/media?parent=150"}],"wp:term":[{"taxonomy":"category","embeddable":true,"href":"https:\/\/pressetaux.fr\/arras\/wp-json\/wp\/v2\/categories?post=150"},{"taxonomy":"post_tag","embeddable":true,"href":"https:\/\/pressetaux.fr\/arras\/wp-json\/wp\/v2\/tags?post=150"}],"curies":[{"name":"wp","href":"https:\/\/api.w.org\/{rel}","templated":true}]}}