{"id":842,"date":"2019-02-06T14:54:03","date_gmt":"2019-02-06T13:54:03","guid":{"rendered":"https:\/\/pressetaux.fr\/arras\/?p=842"},"modified":"2020-03-13T12:26:08","modified_gmt":"2020-03-13T11:26:08","slug":"communique-de-presse-pressetaux-grand-gagnant-jeu-concours-recevra-voiture-a-lille-19-fevrier-2019","status":"publish","type":"post","link":"https:\/\/pressetaux.fr\/arras\/communique-de-presse-pressetaux-grand-gagnant-jeu-concours-recevra-voiture-a-lille-19-fevrier-2019\/","title":{"rendered":"Communiqu\u00e9 de presse | PresseTaux : le grand gagnant du jeu concours recevra sa voiture \u00e0 Lille le 19 f\u00e9vrier 2019 !"},"content":{"rendered":"<p><b><u><a href=\"https:\/\/pressetaux.fr\/wp-content\/uploads\/2016\/02\/Logo_PresseTaux.png\" rel=\"attachment wp-att-3444\"><img loading=\"lazy\" class=\"alignright wp-image-3444\" src=\"https:\/\/pressetaux.fr\/wp-content\/uploads\/2016\/02\/Logo_PresseTaux.png\" alt=\"Logo_PresseTaux\" width=\"162\" height=\"90\"><\/a>En bref :<\/u> PresseTaux, enseigne de courtiers en cr\u00e9dit originaire de Valenciennes, a d\u00e9voil\u00e9 les laur\u00e9ats de son jeu concours \u201cLe meilleur ambassadeur, c\u2019est vous !\u201d. La remise du premier lot, un Nissan Juke, aura lieu \u00e0 Lille le 19 f\u00e9vrier 2019.<\/b><b><\/b><\/p>\n<p><!--more--><\/p>\n<p><em>[<a href=\"https:\/\/pressetaux.fr\/wp-content\/uploads\/2019\/02\/CP_PresseTaux_jeu-concours-Lille_2019-02-06.pdf\" target=\"_blank\" rel=\"noopener noreferrer\">Version PDF du communiqu\u00e9 de presse<\/a>]<\/em><\/p>\n<p><span style=\"font-weight: 400;\"><img loading=\"lazy\" class=\"alignright wp-image-6968\" src=\"https:\/\/pressetaux.fr\/wp-content\/uploads\/2019\/02\/Photo_Nissan-Juke.jpg\" alt=\"\" width=\"350\" height=\"233\">Du 1<\/span><span style=\"font-weight: 400;\">er<\/span><span style=\"font-weight: 400;\"> d\u00e9cembre 2017 au 30 novembre 2018, PresseTaux a organis\u00e9 un grand jeu concours pour faire gagner un Nissan JUKE, deux v\u00e9los \u00e9lectriques, un ch\u00e8que d\u2019une valeur de 1000 euros et trois ch\u00e8ques d\u2019une valeur de 200 euros.<\/span><\/p>\n<p><span style=\"font-weight: 400;\">Diffus\u00e9e via les r\u00e9seaux sociaux et directement aupr\u00e8s des clients par les courtiers de l\u2019enseigne, l\u2019op\u00e9ration a connu un franc succ\u00e8s avec, au total, 17665 participations valid\u00e9es. <\/span><\/p>\n<p><span style=\"font-weight: 400;\">C\u2019est un habitant de La Rochelle (17), M.&nbsp;Baptiste Roy, qui a remport\u00e9 le premier prix (un Nissan Juke) : <\/span><i><span style=\"font-weight: 400;\">\u201cIl a eu un peu de mal \u00e0 me croire quand je l\u2019ai appel\u00e9 pour lui annoncer la bonne nouvelle. Je pense qu\u2019il r\u00e9alisera la chance qu\u2019il a eue lorsqu\u2019il sera au volant du v\u00e9hicule pour le ramener chez lui\u2026\u201d<\/span><\/i><span style=\"font-weight: 400;\">, raconte ainsi S\u00e9bastien Masure, fondateur et dirigeant de l\u2019enseigne.<\/span><\/p>\n<p><span style=\"font-weight: 400;\">En f\u00e9vrier 2019, deux c\u00e9r\u00e9monies de remise de prix auront lieu \u00e0 Montpellier puis \u00e0 Lille :<\/span><\/p>\n<ul>\n<li style=\"font-weight: 400;\"><span style=\"text-decoration: underline;\"><b>le 12 f\u00e9vrier 2019 \u00e0 Peyrols (pr\u00e8s de Montpellier) :<\/b><\/span><span style=\"font-weight: 400;\"> Carine Pradelles et Carine Reymond (PresseTaux Montpellier), Fabrice Laurent (PresseTaux Avignon) et S\u00e9bastien Masure remettront un v\u00e9lo \u00e9lectrique \u00e0 Mme Bellaman (de Palavas-les-Flots) ainsi qu\u2019un ch\u00e8que de 1000 \u20ac \u00e0 M.&nbsp;Jean-Fran\u00e7ois Martinez (de Poussan).<br \/>\n<\/span><b>O\u00f9 ?<\/b> \u00c0 l\u2019agence PresseTaux Montpellier, 340 impasse John Locke 34470 Peyrols<br \/>\n<b>Quand ?<\/b> \u00c0 14 heures<b><\/b><\/li>\n<\/ul>\n<p><b>&nbsp;<img loading=\"lazy\" class=\"aligncenter wp-image-853\" src=\"https:\/\/pressetaux.fr\/arras\/wp-content\/uploads\/sites\/6\/2019\/02\/Portraits_Lille-jeu-concours-remise-prix.jpg\" alt=\"\" width=\"699\" height=\"235\" srcset=\"https:\/\/pressetaux.fr\/arras\/wp-content\/uploads\/sites\/6\/2019\/02\/Portraits_Lille-jeu-concours-remise-prix.jpg 1000w, https:\/\/pressetaux.fr\/arras\/wp-content\/uploads\/sites\/6\/2019\/02\/Portraits_Lille-jeu-concours-remise-prix-300x101.jpg 300w, https:\/\/pressetaux.fr\/arras\/wp-content\/uploads\/sites\/6\/2019\/02\/Portraits_Lille-jeu-concours-remise-prix-768x258.jpg 768w, https:\/\/pressetaux.fr\/arras\/wp-content\/uploads\/sites\/6\/2019\/02\/Portraits_Lille-jeu-concours-remise-prix-24x8.jpg 24w, https:\/\/pressetaux.fr\/arras\/wp-content\/uploads\/sites\/6\/2019\/02\/Portraits_Lille-jeu-concours-remise-prix-36x12.jpg 36w, https:\/\/pressetaux.fr\/arras\/wp-content\/uploads\/sites\/6\/2019\/02\/Portraits_Lille-jeu-concours-remise-prix-48x16.jpg 48w\" sizes=\"(max-width: 699px) 100vw, 699px\" \/><\/b><\/p>\n<ul>\n<li><span style=\"text-decoration: underline;\"><b>le 19 f\u00e9vrier 2019 \u00e0 Roncq (pr\u00e8s de Lille) :<\/b><\/span><span style=\"font-weight: 400;\"> Manuel de Saint-Esteban (PresseTaux Arras), Damien Lagache (PresseTaux Lens-B\u00e9thune), Ga\u00ebl Zahui (PresseTaux Lille) et S\u00e9bastien Masure remettront le premier prix, un Nissan Juke, \u00e0 M. Baptiste Roy (de La Rochelle).<\/span><span style=\"font-weight: 400;\"><br \/>\n<\/span><b>O\u00f9 ?<\/b><span style=\"font-weight: 400;\"> Au garage Votreauto.fr, 150 rue du Billemont, 59223 Roncq<\/span><span style=\"font-weight: 400;\"><br \/>\n<\/span><b>Quand ?<\/b><span style=\"font-weight: 400;\"> \u00c0 14 heures<\/span><\/li>\n<\/ul>\n<p><span style=\"font-weight: 400;\">La presse locale est invit\u00e9e \u00e0 venir aux c\u00e9r\u00e9monies de remise des prix.<\/span><\/p>\n<p><span style=\"font-weight: 400;\">Les laur\u00e9ats ont \u00e9t\u00e9 d\u00e9sign\u00e9s par un huissier de justice :<\/span><\/p>\n<ul>\n<li><b>1er lot (Nissan JUKE 1.2e 115cv) : <span style=\"font-weight: 400;\">M. B. ROY de La Rochelle (17)<\/span><\/b><\/li>\n<li><b>2\u00e8me lot (VTT \u00e9lectrique) :<\/b><span style=\"font-weight: 400;\"> Mme A. BODARD d\u2019Arthon (36)<\/span><\/li>\n<li><b>3\u00e8me lot (v\u00e9lo de ville \u00e9lectrique) :<\/b><span style=\"font-weight: 400;\"> Mme N. BELLAMAN de Palavas-les-Flots (34)<\/span><\/li>\n<li><b>4\u00e8me lot (question subsidiaire, 1 ch\u00e8que de 1000 \u20ac) :<\/b><span style=\"font-weight: 400;\"> M. J.-F. MARTINEZ de Poussan (34)<\/span><\/li>\n<li><span style=\"font-weight: 400;\">Trois autres laur\u00e9ats ont \u00e9t\u00e9 d\u00e9sign\u00e9s <\/span><a href=\"https:\/\/www.facebook.com\/CourtiersPresseTaux\/posts\/1124514457718157\"><span style=\"font-weight: 400;\">sur Facebook<\/span><\/a><span style=\"font-weight: 400;\"> pour gagner chacun un ch\u00e8que de 200 euros.<\/span><\/li>\n<\/ul>\n<p>Sous la forme d\u2019un jeu gratuit sans obligation d\u2019achat, le concours \u00e9tait exclusivement ouvert aux personnes majeures \u00e0 la date du d\u00e9but du jeu et r\u00e9sidant en France m\u00e9tropolitaine, Corse comprise. Il n\u2019\u00e9tait autoris\u00e9 qu\u2019une seule participation par personne (m\u00eame nom, m\u00eame adresse). Pour participer, la r\u00e8gle \u00e9tait simple : il suffisait de remplir un formulaire d\u2019inscription sur le site de PresseTaux.<\/p>\n<p>&nbsp;<\/p>\n<p><b>Vous souhaitez venir \u00e0 la remise des prix, interviewer S\u00e9bastien Masure (fondateur et dirigeant de PresseTaux) et\/ou certains courtiers de l\u2019enseigne ?<\/b><\/p>\n<p style=\"padding-left: 30px;\"><b>\u2192 <\/b><b>Contact :<\/b> <b>Ma\u00ebl Nonet, attach\u00e9 de presse :<\/b> 06 62 33 20 32 \/ <a href=\"mailto:mael@pressetaux.fr\"><b>mael@pressetaux.fr<\/b><\/a><\/p>\n<p>&nbsp;<\/p>\n<p><b>&gt; En ligne, retrouvez l\u2019actualit\u00e9 nationale de PresseTaux :<\/b><\/p>\n<ul>\n<li style=\"font-weight: 400;\"><span style=\"font-weight: 400;\">sur son <\/span><a href=\"https:\/\/pressetaux.fr\/blog\/\" target=\"_blank\" rel=\"noopener noreferrer\"><b>blog<\/b><\/a><\/li>\n<li style=\"font-weight: 400;\"><span style=\"font-weight: 400;\">sur son <\/span><a href=\"https:\/\/pressetaux.fr\/presse-pressetaux\/\" target=\"_blank\" rel=\"noopener noreferrer\"><b>espace presse<\/b><\/a><\/li>\n<\/ul>\n<p>&nbsp;<\/p>\n<p><b><a href=\"https:\/\/pressetaux.fr\/wp-content\/uploads\/2016\/02\/Logo_PresseTaux.png\" rel=\"attachment wp-att-3444\"><img loading=\"lazy\" class=\"alignright wp-image-3444\" src=\"https:\/\/pressetaux.fr\/wp-content\/uploads\/2016\/02\/Logo_PresseTaux.png\" alt=\"Logo_PresseTaux\" width=\"198\" height=\"110\"><\/a>\u00c0 propos de PresseTaux : <\/b><\/p>\n<p><span style=\"font-weight: 400;\">Les courtiers du r\u00e9seau PresseTaux permettent aux particuliers et aux professionnels de tous \u00e2ges \u2013 seniors compris \u2013 de faciliter l\u2019acc\u00e8s \u00e0 l\u2019emprunt, en jouant le r\u00f4le d\u2019interm\u00e9diaire entre les besoins du client et le milieu bancaire. Cr\u00e9\u00e9 en 2004, PresseTaux s&rsquo;appuie sur une organisation structur\u00e9e et le savoir-faire de ses dirigeants, issus essentiellement des milieux bancaires. Afin de se diff\u00e9rencier de ses concurrents et apporter \u00e0 ses franchis\u00e9s une forte rentabilit\u00e9, PresseTaux a d\u00e9cid\u00e9 de miser sur un service de proximit\u00e9, sous la forme d&rsquo;un r\u00e9seau de courtiers sans agence. L&rsquo;enseigne est membre de l&rsquo;APIC (Association Professionnelle des Interm\u00e9diaires en Cr\u00e9dit) depuis sa cr\u00e9ation.<\/span><\/p>\n<p><b>Fondateur et dirigeant :<\/b><span style=\"font-weight: 400;\"> S\u00e9bastien Masure<\/span><\/p>\n<p><b>Si\u00e8ge social :<\/b><span style=\"font-weight: 400;\"> 35 avenue de Verdun, 59300 Valenciennes<\/span><\/p>\n<p><b>Site : <\/b><a href=\"http:\/\/www.pressetaux.fr\"><b>www.pressetaux.fr<\/b><\/a><b> \/ T\u00e9l. : 03 27 47 75 74<\/b><\/p>\n","protected":false},"excerpt":{"rendered":"<p>En bref : PresseTaux, enseigne de courtiers en cr\u00e9dit originaire de Valenciennes, a d\u00e9voil\u00e9 les laur\u00e9ats de son jeu concours \u201cLe meilleur ambassadeur, c\u2019est vous !\u201d. La remise du premier lot, un Nissan Juke, aura lieu \u00e0 Lille le 19 f\u00e9vrier 2019.<\/p>\n","protected":false},"author":7,"featured_media":0,"comment_status":"closed","ping_status":"open","sticky":false,"template":"","format":"standard","meta":{"_genesis_hide_title":false,"_genesis_hide_breadcrumbs":false,"_genesis_hide_singular_image":false,"_genesis_hide_footer_widgets":false,"_genesis_custom_body_class":"","_genesis_custom_post_class":"","_genesis_layout":""},"categories":[6],"tags":[],"yoast_head":"<!-- This site is optimized with the Yoast SEO plugin v17.8 - https:\/\/yoast.com\/wordpress\/plugins\/seo\/ -->\n<title>Communiqu\u00e9 de presse | PresseTaux : le grand gagnant du jeu concours recevra sa voiture \u00e0 Lille le 19 f\u00e9vrier 2019 ! - PresseTaux Arras<\/title>\n<meta name=\"robots\" content=\"index, follow, max-snippet:-1, max-image-preview:large, max-video-preview:-1\" \/>\n<link rel=\"canonical\" href=\"https:\/\/pressetaux.fr\/arras\/communique-de-presse-pressetaux-grand-gagnant-jeu-concours-recevra-voiture-a-lille-19-fevrier-2019\/\" \/>\n<meta property=\"og:locale\" content=\"fr_FR\" \/>\n<meta property=\"og:type\" content=\"article\" \/>\n<meta property=\"og:title\" content=\"Communiqu\u00e9 de presse | PresseTaux : le grand gagnant du jeu concours recevra sa voiture \u00e0 Lille le 19 f\u00e9vrier 2019 ! - PresseTaux Arras\" \/>\n<meta property=\"og:description\" content=\"En bref : PresseTaux, enseigne de courtiers en cr\u00e9dit originaire de Valenciennes, a d\u00e9voil\u00e9 les laur\u00e9ats de son jeu concours \u201cLe meilleur ambassadeur, c\u2019est vous !\u201d. La remise du premier lot, un Nissan Juke, aura lieu \u00e0 Lille le 19 f\u00e9vrier 2019.\" \/>\n<meta property=\"og:url\" content=\"https:\/\/pressetaux.fr\/arras\/communique-de-presse-pressetaux-grand-gagnant-jeu-concours-recevra-voiture-a-lille-19-fevrier-2019\/\" \/>\n<meta property=\"og:site_name\" content=\"PresseTaux Arras\" \/>\n<meta property=\"article:published_time\" content=\"2019-02-06T13:54:03+00:00\" \/>\n<meta property=\"article:modified_time\" content=\"2020-03-13T11:26:08+00:00\" \/>\n<meta property=\"og:image\" content=\"https:\/\/pressetaux.fr\/wp-content\/uploads\/2016\/02\/Logo_PresseTaux.png\" \/>\n<meta name=\"twitter:label1\" content=\"\u00c9crit par\" \/>\n\t<meta name=\"twitter:data1\" content=\"Ma\u00ebl PresseTaux\" \/>\n\t<meta name=\"twitter:label2\" content=\"Dur\u00e9e de lecture estim\u00e9e\" \/>\n\t<meta name=\"twitter:data2\" content=\"3 minutes\" \/>\n<script type=\"application\/ld+json\" class=\"yoast-schema-graph\">{\"@context\":\"https:\/\/schema.org\",\"@graph\":[{\"@type\":\"Organization\",\"@id\":\"https:\/\/pressetaux.fr\/arras\/#organization\",\"name\":\"PresseTaux Arras\",\"url\":\"https:\/\/pressetaux.fr\/arras\/\",\"sameAs\":[],\"logo\":{\"@type\":\"ImageObject\",\"@id\":\"https:\/\/pressetaux.fr\/arras\/#logo\",\"inLanguage\":\"fr-FR\",\"url\":\"https:\/\/pressetaux.fr\/arras\/wp-content\/uploads\/sites\/6\/2020\/11\/LogoPressetaux.png\",\"contentUrl\":\"https:\/\/pressetaux.fr\/arras\/wp-content\/uploads\/sites\/6\/2020\/11\/LogoPressetaux.png\",\"width\":488,\"height\":278,\"caption\":\"PresseTaux Arras\"},\"image\":{\"@id\":\"https:\/\/pressetaux.fr\/arras\/#logo\"}},{\"@type\":\"WebSite\",\"@id\":\"https:\/\/pressetaux.fr\/arras\/#website\",\"url\":\"https:\/\/pressetaux.fr\/arras\/\",\"name\":\"PresseTaux Arras\",\"description\":\"COURTIER EN CREDIT\",\"publisher\":{\"@id\":\"https:\/\/pressetaux.fr\/arras\/#organization\"},\"potentialAction\":[{\"@type\":\"SearchAction\",\"target\":{\"@type\":\"EntryPoint\",\"urlTemplate\":\"https:\/\/pressetaux.fr\/arras\/?s={search_term_string}\"},\"query-input\":\"required name=search_term_string\"}],\"inLanguage\":\"fr-FR\"},{\"@type\":\"ImageObject\",\"@id\":\"https:\/\/pressetaux.fr\/arras\/communique-de-presse-pressetaux-grand-gagnant-jeu-concours-recevra-voiture-a-lille-19-fevrier-2019\/#primaryimage\",\"inLanguage\":\"fr-FR\",\"url\":\"https:\/\/pressetaux.fr\/wp-content\/uploads\/2016\/02\/Logo_PresseTaux.png\",\"contentUrl\":\"https:\/\/pressetaux.fr\/wp-content\/uploads\/2016\/02\/Logo_PresseTaux.png\"},{\"@type\":\"WebPage\",\"@id\":\"https:\/\/pressetaux.fr\/arras\/communique-de-presse-pressetaux-grand-gagnant-jeu-concours-recevra-voiture-a-lille-19-fevrier-2019\/#webpage\",\"url\":\"https:\/\/pressetaux.fr\/arras\/communique-de-presse-pressetaux-grand-gagnant-jeu-concours-recevra-voiture-a-lille-19-fevrier-2019\/\",\"name\":\"Communiqu\\u00e9 de presse | PresseTaux : le grand gagnant du jeu concours recevra sa voiture \\u00e0 Lille le 19 f\\u00e9vrier 2019 ! - PresseTaux Arras\",\"isPartOf\":{\"@id\":\"https:\/\/pressetaux.fr\/arras\/#website\"},\"primaryImageOfPage\":{\"@id\":\"https:\/\/pressetaux.fr\/arras\/communique-de-presse-pressetaux-grand-gagnant-jeu-concours-recevra-voiture-a-lille-19-fevrier-2019\/#primaryimage\"},\"datePublished\":\"2019-02-06T13:54:03+00:00\",\"dateModified\":\"2020-03-13T11:26:08+00:00\",\"breadcrumb\":{\"@id\":\"https:\/\/pressetaux.fr\/arras\/communique-de-presse-pressetaux-grand-gagnant-jeu-concours-recevra-voiture-a-lille-19-fevrier-2019\/#breadcrumb\"},\"inLanguage\":\"fr-FR\",\"potentialAction\":[{\"@type\":\"ReadAction\",\"target\":[\"https:\/\/pressetaux.fr\/arras\/communique-de-presse-pressetaux-grand-gagnant-jeu-concours-recevra-voiture-a-lille-19-fevrier-2019\/\"]}]},{\"@type\":\"BreadcrumbList\",\"@id\":\"https:\/\/pressetaux.fr\/arras\/communique-de-presse-pressetaux-grand-gagnant-jeu-concours-recevra-voiture-a-lille-19-fevrier-2019\/#breadcrumb\",\"itemListElement\":[{\"@type\":\"ListItem\",\"position\":1,\"name\":\"Communiqu\\u00e9 de presse | PresseTaux : le grand gagnant du jeu concours recevra sa voiture \\u00e0 Lille le 19 f\\u00e9vrier 2019 !\"}]},{\"@type\":\"Article\",\"@id\":\"https:\/\/pressetaux.fr\/arras\/communique-de-presse-pressetaux-grand-gagnant-jeu-concours-recevra-voiture-a-lille-19-fevrier-2019\/#article\",\"isPartOf\":{\"@id\":\"https:\/\/pressetaux.fr\/arras\/communique-de-presse-pressetaux-grand-gagnant-jeu-concours-recevra-voiture-a-lille-19-fevrier-2019\/#webpage\"},\"author\":{\"@id\":\"https:\/\/pressetaux.fr\/arras\/#\/schema\/person\/e18ef05c180d813e5ce42087d0369f85\"},\"headline\":\"Communiqu\\u00e9 de presse | PresseTaux : le grand gagnant du jeu concours recevra sa voiture \\u00e0 Lille le 19 f\\u00e9vrier 2019 !\",\"datePublished\":\"2019-02-06T13:54:03+00:00\",\"dateModified\":\"2020-03-13T11:26:08+00:00\",\"mainEntityOfPage\":{\"@id\":\"https:\/\/pressetaux.fr\/arras\/communique-de-presse-pressetaux-grand-gagnant-jeu-concours-recevra-voiture-a-lille-19-fevrier-2019\/#webpage\"},\"wordCount\":692,\"publisher\":{\"@id\":\"https:\/\/pressetaux.fr\/arras\/#organization\"},\"image\":{\"@id\":\"https:\/\/pressetaux.fr\/arras\/communique-de-presse-pressetaux-grand-gagnant-jeu-concours-recevra-voiture-a-lille-19-fevrier-2019\/#primaryimage\"},\"thumbnailUrl\":\"https:\/\/pressetaux.fr\/wp-content\/uploads\/2016\/02\/Logo_PresseTaux.png\",\"articleSection\":[\"Communiqu\\u00e9s de presse\"],\"inLanguage\":\"fr-FR\"},{\"@type\":\"Person\",\"@id\":\"https:\/\/pressetaux.fr\/arras\/#\/schema\/person\/e18ef05c180d813e5ce42087d0369f85\",\"name\":\"Ma\\u00ebl PresseTaux\",\"image\":{\"@type\":\"ImageObject\",\"@id\":\"https:\/\/pressetaux.fr\/arras\/#personlogo\",\"inLanguage\":\"fr-FR\",\"url\":\"https:\/\/secure.gravatar.com\/avatar\/c2daa4ba12e6c26194c9f7b7936f6a98?s=96&d=mm&r=g\",\"contentUrl\":\"https:\/\/secure.gravatar.com\/avatar\/c2daa4ba12e6c26194c9f7b7936f6a98?s=96&d=mm&r=g\",\"caption\":\"Ma\\u00ebl PresseTaux\"},\"url\":\"https:\/\/pressetaux.fr\/arras\/author\/mael-nonet\/\"}]}<\/script>\n<!-- \/ Yoast SEO plugin. -->","yoast_head_json":{"title":"Communiqu\u00e9 de presse | PresseTaux : le grand gagnant du jeu concours recevra sa voiture \u00e0 Lille le 19 f\u00e9vrier 2019 ! - PresseTaux Arras","robots":{"index":"index","follow":"follow","max-snippet":"max-snippet:-1","max-image-preview":"max-image-preview:large","max-video-preview":"max-video-preview:-1"},"canonical":"https:\/\/pressetaux.fr\/arras\/communique-de-presse-pressetaux-grand-gagnant-jeu-concours-recevra-voiture-a-lille-19-fevrier-2019\/","og_locale":"fr_FR","og_type":"article","og_title":"Communiqu\u00e9 de presse | PresseTaux : le grand gagnant du jeu concours recevra sa voiture \u00e0 Lille le 19 f\u00e9vrier 2019 ! - PresseTaux Arras","og_description":"En bref : PresseTaux, enseigne de courtiers en cr\u00e9dit originaire de Valenciennes, a d\u00e9voil\u00e9 les laur\u00e9ats de son jeu concours \u201cLe meilleur ambassadeur, c\u2019est vous !\u201d. La remise du premier lot, un Nissan Juke, aura lieu \u00e0 Lille le 19 f\u00e9vrier 2019.","og_url":"https:\/\/pressetaux.fr\/arras\/communique-de-presse-pressetaux-grand-gagnant-jeu-concours-recevra-voiture-a-lille-19-fevrier-2019\/","og_site_name":"PresseTaux Arras","article_published_time":"2019-02-06T13:54:03+00:00","article_modified_time":"2020-03-13T11:26:08+00:00","og_image":[{"url":"https:\/\/pressetaux.fr\/wp-content\/uploads\/2016\/02\/Logo_PresseTaux.png"}],"twitter_misc":{"\u00c9crit par":"Ma\u00ebl PresseTaux","Dur\u00e9e de lecture estim\u00e9e":"3 minutes"},"schema":{"@context":"https:\/\/schema.org","@graph":[{"@type":"Organization","@id":"https:\/\/pressetaux.fr\/arras\/#organization","name":"PresseTaux Arras","url":"https:\/\/pressetaux.fr\/arras\/","sameAs":[],"logo":{"@type":"ImageObject","@id":"https:\/\/pressetaux.fr\/arras\/#logo","inLanguage":"fr-FR","url":"https:\/\/pressetaux.fr\/arras\/wp-content\/uploads\/sites\/6\/2020\/11\/LogoPressetaux.png","contentUrl":"https:\/\/pressetaux.fr\/arras\/wp-content\/uploads\/sites\/6\/2020\/11\/LogoPressetaux.png","width":488,"height":278,"caption":"PresseTaux Arras"},"image":{"@id":"https:\/\/pressetaux.fr\/arras\/#logo"}},{"@type":"WebSite","@id":"https:\/\/pressetaux.fr\/arras\/#website","url":"https:\/\/pressetaux.fr\/arras\/","name":"PresseTaux Arras","description":"COURTIER EN CREDIT","publisher":{"@id":"https:\/\/pressetaux.fr\/arras\/#organization"},"potentialAction":[{"@type":"SearchAction","target":{"@type":"EntryPoint","urlTemplate":"https:\/\/pressetaux.fr\/arras\/?s={search_term_string}"},"query-input":"required name=search_term_string"}],"inLanguage":"fr-FR"},{"@type":"ImageObject","@id":"https:\/\/pressetaux.fr\/arras\/communique-de-presse-pressetaux-grand-gagnant-jeu-concours-recevra-voiture-a-lille-19-fevrier-2019\/#primaryimage","inLanguage":"fr-FR","url":"https:\/\/pressetaux.fr\/wp-content\/uploads\/2016\/02\/Logo_PresseTaux.png","contentUrl":"https:\/\/pressetaux.fr\/wp-content\/uploads\/2016\/02\/Logo_PresseTaux.png"},{"@type":"WebPage","@id":"https:\/\/pressetaux.fr\/arras\/communique-de-presse-pressetaux-grand-gagnant-jeu-concours-recevra-voiture-a-lille-19-fevrier-2019\/#webpage","url":"https:\/\/pressetaux.fr\/arras\/communique-de-presse-pressetaux-grand-gagnant-jeu-concours-recevra-voiture-a-lille-19-fevrier-2019\/","name":"Communiqu\u00e9 de presse | PresseTaux : le grand gagnant du jeu concours recevra sa voiture \u00e0 Lille le 19 f\u00e9vrier 2019 ! - PresseTaux Arras","isPartOf":{"@id":"https:\/\/pressetaux.fr\/arras\/#website"},"primaryImageOfPage":{"@id":"https:\/\/pressetaux.fr\/arras\/communique-de-presse-pressetaux-grand-gagnant-jeu-concours-recevra-voiture-a-lille-19-fevrier-2019\/#primaryimage"},"datePublished":"2019-02-06T13:54:03+00:00","dateModified":"2020-03-13T11:26:08+00:00","breadcrumb":{"@id":"https:\/\/pressetaux.fr\/arras\/communique-de-presse-pressetaux-grand-gagnant-jeu-concours-recevra-voiture-a-lille-19-fevrier-2019\/#breadcrumb"},"inLanguage":"fr-FR","potentialAction":[{"@type":"ReadAction","target":["https:\/\/pressetaux.fr\/arras\/communique-de-presse-pressetaux-grand-gagnant-jeu-concours-recevra-voiture-a-lille-19-fevrier-2019\/"]}]},{"@type":"BreadcrumbList","@id":"https:\/\/pressetaux.fr\/arras\/communique-de-presse-pressetaux-grand-gagnant-jeu-concours-recevra-voiture-a-lille-19-fevrier-2019\/#breadcrumb","itemListElement":[{"@type":"ListItem","position":1,"name":"Communiqu\u00e9 de presse | PresseTaux : le grand gagnant du jeu concours recevra sa voiture \u00e0 Lille le 19 f\u00e9vrier 2019 !"}]},{"@type":"Article","@id":"https:\/\/pressetaux.fr\/arras\/communique-de-presse-pressetaux-grand-gagnant-jeu-concours-recevra-voiture-a-lille-19-fevrier-2019\/#article","isPartOf":{"@id":"https:\/\/pressetaux.fr\/arras\/communique-de-presse-pressetaux-grand-gagnant-jeu-concours-recevra-voiture-a-lille-19-fevrier-2019\/#webpage"},"author":{"@id":"https:\/\/pressetaux.fr\/arras\/#\/schema\/person\/e18ef05c180d813e5ce42087d0369f85"},"headline":"Communiqu\u00e9 de presse | PresseTaux : le grand gagnant du jeu concours recevra sa voiture \u00e0 Lille le 19 f\u00e9vrier 2019 !","datePublished":"2019-02-06T13:54:03+00:00","dateModified":"2020-03-13T11:26:08+00:00","mainEntityOfPage":{"@id":"https:\/\/pressetaux.fr\/arras\/communique-de-presse-pressetaux-grand-gagnant-jeu-concours-recevra-voiture-a-lille-19-fevrier-2019\/#webpage"},"wordCount":692,"publisher":{"@id":"https:\/\/pressetaux.fr\/arras\/#organization"},"image":{"@id":"https:\/\/pressetaux.fr\/arras\/communique-de-presse-pressetaux-grand-gagnant-jeu-concours-recevra-voiture-a-lille-19-fevrier-2019\/#primaryimage"},"thumbnailUrl":"https:\/\/pressetaux.fr\/wp-content\/uploads\/2016\/02\/Logo_PresseTaux.png","articleSection":["Communiqu\u00e9s de presse"],"inLanguage":"fr-FR"},{"@type":"Person","@id":"https:\/\/pressetaux.fr\/arras\/#\/schema\/person\/e18ef05c180d813e5ce42087d0369f85","name":"Ma\u00ebl PresseTaux","image":{"@type":"ImageObject","@id":"https:\/\/pressetaux.fr\/arras\/#personlogo","inLanguage":"fr-FR","url":"https:\/\/secure.gravatar.com\/avatar\/c2daa4ba12e6c26194c9f7b7936f6a98?s=96&d=mm&r=g","contentUrl":"https:\/\/secure.gravatar.com\/avatar\/c2daa4ba12e6c26194c9f7b7936f6a98?s=96&d=mm&r=g","caption":"Ma\u00ebl PresseTaux"},"url":"https:\/\/pressetaux.fr\/arras\/author\/mael-nonet\/"}]}},"_links":{"self":[{"href":"https:\/\/pressetaux.fr\/arras\/wp-json\/wp\/v2\/posts\/842"}],"collection":[{"href":"https:\/\/pressetaux.fr\/arras\/wp-json\/wp\/v2\/posts"}],"about":[{"href":"https:\/\/pressetaux.fr\/arras\/wp-json\/wp\/v2\/types\/post"}],"author":[{"embeddable":true,"href":"https:\/\/pressetaux.fr\/arras\/wp-json\/wp\/v2\/users\/7"}],"replies":[{"embeddable":true,"href":"https:\/\/pressetaux.fr\/arras\/wp-json\/wp\/v2\/comments?post=842"}],"version-history":[{"count":0,"href":"https:\/\/pressetaux.fr\/arras\/wp-json\/wp\/v2\/posts\/842\/revisions"}],"wp:attachment":[{"href":"https:\/\/pressetaux.fr\/arras\/wp-json\/wp\/v2\/media?parent=842"}],"wp:term":[{"taxonomy":"category","embeddable":true,"href":"https:\/\/pressetaux.fr\/arras\/wp-json\/wp\/v2\/categories?post=842"},{"taxonomy":"post_tag","embeddable":true,"href":"https:\/\/pressetaux.fr\/arras\/wp-json\/wp\/v2\/tags?post=842"}],"curies":[{"name":"wp","href":"https:\/\/api.w.org\/{rel}","templated":true}]}}