{"id":855,"date":"2019-02-15T10:00:26","date_gmt":"2019-02-15T09:00:26","guid":{"rendered":"https:\/\/pressetaux.fr\/arras\/?p=855"},"modified":"2019-09-26T14:38:59","modified_gmt":"2019-09-26T13:38:59","slug":"temoignage-saint-esteban-pressetaux-arras","status":"publish","type":"post","link":"https:\/\/pressetaux.fr\/arras\/temoignage-saint-esteban-pressetaux-arras\/","title":{"rendered":"\u201cGr\u00e2ce \u00e0 Manuel de Saint-Esteban, j\u2019ai pu b\u00e9n\u00e9ficier d\u2019un taux beaucoup plus avantageux\u201d"},"content":{"rendered":"<p><b><a href=\"https:\/\/pressetaux.fr\/wp-content\/uploads\/2016\/02\/PresseTaux_courtier_5.jpg\" rel=\"attachment wp-att-3411\"><img loading=\"lazy\" class=\"alignright wp-image-3411\" src=\"https:\/\/pressetaux.fr\/wp-content\/uploads\/2016\/02\/PresseTaux_courtier_5.jpg\" alt=\"PresseTaux_courtier_5\" width=\"264\" height=\"200\"><\/a><\/b><\/p>\n<p><b>Lo\u00efc G. a eu recours aux services de Manuel de Saint-Esteban, courtier PresseTaux \u00e0 Arras, dans le cadre d\u2019une ren\u00e9gociation de cr\u00e9dit. T\u00e9moignage d\u2019un particulier.<\/b><\/p>\n<p><b><span style=\"font-weight: 400;\">Lo\u00efc G. a sollicit\u00e9 les services d\u2019un courtier de PresseTaux dans le cadre de la ren\u00e9gociation d\u2019un emprunt immobilier. Il<\/span><span style=\"font-weight: 400;\"> a connu l\u2019enseigne via le bouche \u00e0 oreille et a <\/span><span style=\"font-weight: 400;\">pu b\u00e9n\u00e9ficier d\u2019un accompagnement propos\u00e9 par <\/span><a href=\"https:\/\/pressetaux.fr\/arras\/courtier-arras\/\"><span style=\"font-weight: 400;\">Manuel de Saint-Esteban, courtier PresseTaux \u00e0 Arras<\/span><\/a><span style=\"font-weight: 400;\"> (59).<\/span><br \/>\n<\/b><\/p>\n<p><!--more--><\/p>\n<p><b>En quelques mots, pouvez-vous nous r\u00e9sumer en quoi a consist\u00e9 votre projet et pourquoi avez-vous eu besoin d&rsquo;un financement ?<\/b><\/p>\n<p><span style=\"font-weight: 400;\">Mon projet portait sur le rachat d\u2019un cr\u00e9dit immobilier et d\u2019un cr\u00e9dit personnel.<\/span><\/p>\n<p><b>Pour quelles raisons avez-vous fait appel \u00e0 un courtier ? <\/b><\/p>\n<p><span style=\"font-weight: 400;\">J\u2019ai fait appel \u00e0 un courtier car je souhaitais faire des \u00e9conomies sur nos pr\u00eats en cours.<\/span><\/p>\n<p><b>Quelles solutions ont \u00e9t\u00e9 trouv\u00e9es par le courtier de PresseTaux pour r\u00e9pondre au mieux \u00e0 vos besoins ?<\/b><\/p>\n<p><span style=\"font-weight: 400;\">Gr\u00e2ce \u00e0 Manuel de Saint-Esteban, j\u2019ai pu <\/span><span style=\"font-weight: 400;\">b\u00e9n\u00e9ficier d\u2019un taux beaucoup plus avantageux puisque d&rsquo;un taux variable, nous sommes pass\u00e9s \u00e0 un taux fixe. On a fait une \u00e9conomie d\u2019environ 100 euros par mois.<\/span><\/p>\n<p><b>De mani\u00e8re g\u00e9n\u00e9rale, comment \u00e9valuez-vous l&rsquo;accompagnement offert par le courtier de l&rsquo;agence PresseTaux qui vous a accompagn\u00e9 ? <\/b><\/p>\n<p><span style=\"font-weight: 400;\">Tr\u00e8s bien !<\/span><\/p>\n<p><b>Recommanderiez-vous PresseTaux \u00e0 votre entourage ?<\/b><\/p>\n<p><span style=\"font-weight: 400;\">Oui, notre courtier a \u00e9t\u00e9 tr\u00e8s \u00e0 l&rsquo;\u00e9coute. C&rsquo;est une personne tr\u00e8s sympathique et tr\u00e8s professionnelle que je recommanderai sans h\u00e9siter.<\/span><\/p>\n","protected":false},"excerpt":{"rendered":"<p>Lo\u00efc G. a eu recours aux services de Manuel de Saint-Esteban, courtier PresseTaux \u00e0 Arras, dans le cadre d\u2019une ren\u00e9gociation de cr\u00e9dit. T\u00e9moignage d\u2019un particulier. Lo\u00efc G. a sollicit\u00e9 les services d\u2019un courtier de PresseTaux dans le cadre de la ren\u00e9gociation d\u2019un emprunt immobilier. Il a connu l\u2019enseigne via le bouche \u00e0 oreille et a pu b\u00e9n\u00e9ficier d\u2019un accompagnement propos\u00e9 par Manuel de Saint-Esteban, courtier PresseTaux \u00e0 Arras (59).<\/p>\n","protected":false},"author":7,"featured_media":0,"comment_status":"closed","ping_status":"open","sticky":false,"template":"","format":"standard","meta":{"_genesis_hide_title":false,"_genesis_hide_breadcrumbs":false,"_genesis_hide_singular_image":false,"_genesis_hide_footer_widgets":false,"_genesis_custom_body_class":"","_genesis_custom_post_class":"","_genesis_layout":""},"categories":[8],"tags":[],"yoast_head":"<!-- This site is optimized with the Yoast SEO plugin v17.8 - https:\/\/yoast.com\/wordpress\/plugins\/seo\/ -->\n<title>\u201cGr\u00e2ce \u00e0 Manuel de Saint-Esteban, j\u2019ai pu b\u00e9n\u00e9ficier d\u2019un taux beaucoup plus avantageux\u201d - PresseTaux Arras<\/title>\n<meta name=\"robots\" content=\"index, follow, max-snippet:-1, max-image-preview:large, max-video-preview:-1\" \/>\n<link rel=\"canonical\" href=\"https:\/\/pressetaux.fr\/arras\/temoignage-saint-esteban-pressetaux-arras\/\" \/>\n<meta property=\"og:locale\" content=\"fr_FR\" \/>\n<meta property=\"og:type\" content=\"article\" \/>\n<meta property=\"og:title\" content=\"\u201cGr\u00e2ce \u00e0 Manuel de Saint-Esteban, j\u2019ai pu b\u00e9n\u00e9ficier d\u2019un taux beaucoup plus avantageux\u201d - PresseTaux Arras\" \/>\n<meta property=\"og:description\" content=\"Lo\u00efc G. a eu recours aux services de Manuel de Saint-Esteban, courtier PresseTaux \u00e0 Arras, dans le cadre d\u2019une ren\u00e9gociation de cr\u00e9dit. T\u00e9moignage d\u2019un particulier. Lo\u00efc G. a sollicit\u00e9 les services d\u2019un courtier de PresseTaux dans le cadre de la ren\u00e9gociation d\u2019un emprunt immobilier. Il a connu l\u2019enseigne via le bouche \u00e0 oreille et a pu b\u00e9n\u00e9ficier d\u2019un accompagnement propos\u00e9 par Manuel de Saint-Esteban, courtier PresseTaux \u00e0 Arras (59).\" \/>\n<meta property=\"og:url\" content=\"https:\/\/pressetaux.fr\/arras\/temoignage-saint-esteban-pressetaux-arras\/\" \/>\n<meta property=\"og:site_name\" content=\"PresseTaux Arras\" \/>\n<meta property=\"article:published_time\" content=\"2019-02-15T09:00:26+00:00\" \/>\n<meta property=\"article:modified_time\" content=\"2019-09-26T13:38:59+00:00\" \/>\n<meta property=\"og:image\" content=\"https:\/\/pressetaux.fr\/wp-content\/uploads\/2016\/02\/PresseTaux_courtier_5.jpg\" \/>\n<meta name=\"twitter:label1\" content=\"\u00c9crit par\" \/>\n\t<meta name=\"twitter:data1\" content=\"Ma\u00ebl PresseTaux\" \/>\n\t<meta name=\"twitter:label2\" content=\"Dur\u00e9e de lecture estim\u00e9e\" \/>\n\t<meta name=\"twitter:data2\" content=\"1 minute\" \/>\n<script type=\"application\/ld+json\" class=\"yoast-schema-graph\">{\"@context\":\"https:\/\/schema.org\",\"@graph\":[{\"@type\":\"Organization\",\"@id\":\"https:\/\/pressetaux.fr\/arras\/#organization\",\"name\":\"PresseTaux Arras\",\"url\":\"https:\/\/pressetaux.fr\/arras\/\",\"sameAs\":[],\"logo\":{\"@type\":\"ImageObject\",\"@id\":\"https:\/\/pressetaux.fr\/arras\/#logo\",\"inLanguage\":\"fr-FR\",\"url\":\"https:\/\/pressetaux.fr\/arras\/wp-content\/uploads\/sites\/6\/2020\/11\/LogoPressetaux.png\",\"contentUrl\":\"https:\/\/pressetaux.fr\/arras\/wp-content\/uploads\/sites\/6\/2020\/11\/LogoPressetaux.png\",\"width\":488,\"height\":278,\"caption\":\"PresseTaux Arras\"},\"image\":{\"@id\":\"https:\/\/pressetaux.fr\/arras\/#logo\"}},{\"@type\":\"WebSite\",\"@id\":\"https:\/\/pressetaux.fr\/arras\/#website\",\"url\":\"https:\/\/pressetaux.fr\/arras\/\",\"name\":\"PresseTaux Arras\",\"description\":\"COURTIER EN CREDIT\",\"publisher\":{\"@id\":\"https:\/\/pressetaux.fr\/arras\/#organization\"},\"potentialAction\":[{\"@type\":\"SearchAction\",\"target\":{\"@type\":\"EntryPoint\",\"urlTemplate\":\"https:\/\/pressetaux.fr\/arras\/?s={search_term_string}\"},\"query-input\":\"required name=search_term_string\"}],\"inLanguage\":\"fr-FR\"},{\"@type\":\"ImageObject\",\"@id\":\"https:\/\/pressetaux.fr\/arras\/temoignage-saint-esteban-pressetaux-arras\/#primaryimage\",\"inLanguage\":\"fr-FR\",\"url\":\"https:\/\/pressetaux.fr\/wp-content\/uploads\/2016\/02\/PresseTaux_courtier_5.jpg\",\"contentUrl\":\"https:\/\/pressetaux.fr\/wp-content\/uploads\/2016\/02\/PresseTaux_courtier_5.jpg\"},{\"@type\":\"WebPage\",\"@id\":\"https:\/\/pressetaux.fr\/arras\/temoignage-saint-esteban-pressetaux-arras\/#webpage\",\"url\":\"https:\/\/pressetaux.fr\/arras\/temoignage-saint-esteban-pressetaux-arras\/\",\"name\":\"\\u201cGr\\u00e2ce \\u00e0 Manuel de Saint-Esteban, j\\u2019ai pu b\\u00e9n\\u00e9ficier d\\u2019un taux beaucoup plus avantageux\\u201d - PresseTaux Arras\",\"isPartOf\":{\"@id\":\"https:\/\/pressetaux.fr\/arras\/#website\"},\"primaryImageOfPage\":{\"@id\":\"https:\/\/pressetaux.fr\/arras\/temoignage-saint-esteban-pressetaux-arras\/#primaryimage\"},\"datePublished\":\"2019-02-15T09:00:26+00:00\",\"dateModified\":\"2019-09-26T13:38:59+00:00\",\"breadcrumb\":{\"@id\":\"https:\/\/pressetaux.fr\/arras\/temoignage-saint-esteban-pressetaux-arras\/#breadcrumb\"},\"inLanguage\":\"fr-FR\",\"potentialAction\":[{\"@type\":\"ReadAction\",\"target\":[\"https:\/\/pressetaux.fr\/arras\/temoignage-saint-esteban-pressetaux-arras\/\"]}]},{\"@type\":\"BreadcrumbList\",\"@id\":\"https:\/\/pressetaux.fr\/arras\/temoignage-saint-esteban-pressetaux-arras\/#breadcrumb\",\"itemListElement\":[{\"@type\":\"ListItem\",\"position\":1,\"name\":\"\\u201cGr\\u00e2ce \\u00e0 Manuel de Saint-Esteban, j\\u2019ai pu b\\u00e9n\\u00e9ficier d\\u2019un taux beaucoup plus avantageux\\u201d\"}]},{\"@type\":\"Article\",\"@id\":\"https:\/\/pressetaux.fr\/arras\/temoignage-saint-esteban-pressetaux-arras\/#article\",\"isPartOf\":{\"@id\":\"https:\/\/pressetaux.fr\/arras\/temoignage-saint-esteban-pressetaux-arras\/#webpage\"},\"author\":{\"@id\":\"https:\/\/pressetaux.fr\/arras\/#\/schema\/person\/e18ef05c180d813e5ce42087d0369f85\"},\"headline\":\"\\u201cGr\\u00e2ce \\u00e0 Manuel de Saint-Esteban, j\\u2019ai pu b\\u00e9n\\u00e9ficier d\\u2019un taux beaucoup plus avantageux\\u201d\",\"datePublished\":\"2019-02-15T09:00:26+00:00\",\"dateModified\":\"2019-09-26T13:38:59+00:00\",\"mainEntityOfPage\":{\"@id\":\"https:\/\/pressetaux.fr\/arras\/temoignage-saint-esteban-pressetaux-arras\/#webpage\"},\"wordCount\":267,\"publisher\":{\"@id\":\"https:\/\/pressetaux.fr\/arras\/#organization\"},\"image\":{\"@id\":\"https:\/\/pressetaux.fr\/arras\/temoignage-saint-esteban-pressetaux-arras\/#primaryimage\"},\"thumbnailUrl\":\"https:\/\/pressetaux.fr\/wp-content\/uploads\/2016\/02\/PresseTaux_courtier_5.jpg\",\"articleSection\":[\"temoignagesblog\"],\"inLanguage\":\"fr-FR\"},{\"@type\":\"Person\",\"@id\":\"https:\/\/pressetaux.fr\/arras\/#\/schema\/person\/e18ef05c180d813e5ce42087d0369f85\",\"name\":\"Ma\\u00ebl PresseTaux\",\"image\":{\"@type\":\"ImageObject\",\"@id\":\"https:\/\/pressetaux.fr\/arras\/#personlogo\",\"inLanguage\":\"fr-FR\",\"url\":\"https:\/\/secure.gravatar.com\/avatar\/c2daa4ba12e6c26194c9f7b7936f6a98?s=96&d=mm&r=g\",\"contentUrl\":\"https:\/\/secure.gravatar.com\/avatar\/c2daa4ba12e6c26194c9f7b7936f6a98?s=96&d=mm&r=g\",\"caption\":\"Ma\\u00ebl PresseTaux\"},\"url\":\"https:\/\/pressetaux.fr\/arras\/author\/mael-nonet\/\"}]}<\/script>\n<!-- \/ Yoast SEO plugin. -->","yoast_head_json":{"title":"\u201cGr\u00e2ce \u00e0 Manuel de Saint-Esteban, j\u2019ai pu b\u00e9n\u00e9ficier d\u2019un taux beaucoup plus avantageux\u201d - PresseTaux Arras","robots":{"index":"index","follow":"follow","max-snippet":"max-snippet:-1","max-image-preview":"max-image-preview:large","max-video-preview":"max-video-preview:-1"},"canonical":"https:\/\/pressetaux.fr\/arras\/temoignage-saint-esteban-pressetaux-arras\/","og_locale":"fr_FR","og_type":"article","og_title":"\u201cGr\u00e2ce \u00e0 Manuel de Saint-Esteban, j\u2019ai pu b\u00e9n\u00e9ficier d\u2019un taux beaucoup plus avantageux\u201d - PresseTaux Arras","og_description":"Lo\u00efc G. a eu recours aux services de Manuel de Saint-Esteban, courtier PresseTaux \u00e0 Arras, dans le cadre d\u2019une ren\u00e9gociation de cr\u00e9dit. T\u00e9moignage d\u2019un particulier. Lo\u00efc G. a sollicit\u00e9 les services d\u2019un courtier de PresseTaux dans le cadre de la ren\u00e9gociation d\u2019un emprunt immobilier. Il a connu l\u2019enseigne via le bouche \u00e0 oreille et a pu b\u00e9n\u00e9ficier d\u2019un accompagnement propos\u00e9 par Manuel de Saint-Esteban, courtier PresseTaux \u00e0 Arras (59).","og_url":"https:\/\/pressetaux.fr\/arras\/temoignage-saint-esteban-pressetaux-arras\/","og_site_name":"PresseTaux Arras","article_published_time":"2019-02-15T09:00:26+00:00","article_modified_time":"2019-09-26T13:38:59+00:00","og_image":[{"url":"https:\/\/pressetaux.fr\/wp-content\/uploads\/2016\/02\/PresseTaux_courtier_5.jpg"}],"twitter_misc":{"\u00c9crit par":"Ma\u00ebl PresseTaux","Dur\u00e9e de lecture estim\u00e9e":"1 minute"},"schema":{"@context":"https:\/\/schema.org","@graph":[{"@type":"Organization","@id":"https:\/\/pressetaux.fr\/arras\/#organization","name":"PresseTaux Arras","url":"https:\/\/pressetaux.fr\/arras\/","sameAs":[],"logo":{"@type":"ImageObject","@id":"https:\/\/pressetaux.fr\/arras\/#logo","inLanguage":"fr-FR","url":"https:\/\/pressetaux.fr\/arras\/wp-content\/uploads\/sites\/6\/2020\/11\/LogoPressetaux.png","contentUrl":"https:\/\/pressetaux.fr\/arras\/wp-content\/uploads\/sites\/6\/2020\/11\/LogoPressetaux.png","width":488,"height":278,"caption":"PresseTaux Arras"},"image":{"@id":"https:\/\/pressetaux.fr\/arras\/#logo"}},{"@type":"WebSite","@id":"https:\/\/pressetaux.fr\/arras\/#website","url":"https:\/\/pressetaux.fr\/arras\/","name":"PresseTaux Arras","description":"COURTIER EN CREDIT","publisher":{"@id":"https:\/\/pressetaux.fr\/arras\/#organization"},"potentialAction":[{"@type":"SearchAction","target":{"@type":"EntryPoint","urlTemplate":"https:\/\/pressetaux.fr\/arras\/?s={search_term_string}"},"query-input":"required name=search_term_string"}],"inLanguage":"fr-FR"},{"@type":"ImageObject","@id":"https:\/\/pressetaux.fr\/arras\/temoignage-saint-esteban-pressetaux-arras\/#primaryimage","inLanguage":"fr-FR","url":"https:\/\/pressetaux.fr\/wp-content\/uploads\/2016\/02\/PresseTaux_courtier_5.jpg","contentUrl":"https:\/\/pressetaux.fr\/wp-content\/uploads\/2016\/02\/PresseTaux_courtier_5.jpg"},{"@type":"WebPage","@id":"https:\/\/pressetaux.fr\/arras\/temoignage-saint-esteban-pressetaux-arras\/#webpage","url":"https:\/\/pressetaux.fr\/arras\/temoignage-saint-esteban-pressetaux-arras\/","name":"\u201cGr\u00e2ce \u00e0 Manuel de Saint-Esteban, j\u2019ai pu b\u00e9n\u00e9ficier d\u2019un taux beaucoup plus avantageux\u201d - PresseTaux Arras","isPartOf":{"@id":"https:\/\/pressetaux.fr\/arras\/#website"},"primaryImageOfPage":{"@id":"https:\/\/pressetaux.fr\/arras\/temoignage-saint-esteban-pressetaux-arras\/#primaryimage"},"datePublished":"2019-02-15T09:00:26+00:00","dateModified":"2019-09-26T13:38:59+00:00","breadcrumb":{"@id":"https:\/\/pressetaux.fr\/arras\/temoignage-saint-esteban-pressetaux-arras\/#breadcrumb"},"inLanguage":"fr-FR","potentialAction":[{"@type":"ReadAction","target":["https:\/\/pressetaux.fr\/arras\/temoignage-saint-esteban-pressetaux-arras\/"]}]},{"@type":"BreadcrumbList","@id":"https:\/\/pressetaux.fr\/arras\/temoignage-saint-esteban-pressetaux-arras\/#breadcrumb","itemListElement":[{"@type":"ListItem","position":1,"name":"\u201cGr\u00e2ce \u00e0 Manuel de Saint-Esteban, j\u2019ai pu b\u00e9n\u00e9ficier d\u2019un taux beaucoup plus avantageux\u201d"}]},{"@type":"Article","@id":"https:\/\/pressetaux.fr\/arras\/temoignage-saint-esteban-pressetaux-arras\/#article","isPartOf":{"@id":"https:\/\/pressetaux.fr\/arras\/temoignage-saint-esteban-pressetaux-arras\/#webpage"},"author":{"@id":"https:\/\/pressetaux.fr\/arras\/#\/schema\/person\/e18ef05c180d813e5ce42087d0369f85"},"headline":"\u201cGr\u00e2ce \u00e0 Manuel de Saint-Esteban, j\u2019ai pu b\u00e9n\u00e9ficier d\u2019un taux beaucoup plus avantageux\u201d","datePublished":"2019-02-15T09:00:26+00:00","dateModified":"2019-09-26T13:38:59+00:00","mainEntityOfPage":{"@id":"https:\/\/pressetaux.fr\/arras\/temoignage-saint-esteban-pressetaux-arras\/#webpage"},"wordCount":267,"publisher":{"@id":"https:\/\/pressetaux.fr\/arras\/#organization"},"image":{"@id":"https:\/\/pressetaux.fr\/arras\/temoignage-saint-esteban-pressetaux-arras\/#primaryimage"},"thumbnailUrl":"https:\/\/pressetaux.fr\/wp-content\/uploads\/2016\/02\/PresseTaux_courtier_5.jpg","articleSection":["temoignagesblog"],"inLanguage":"fr-FR"},{"@type":"Person","@id":"https:\/\/pressetaux.fr\/arras\/#\/schema\/person\/e18ef05c180d813e5ce42087d0369f85","name":"Ma\u00ebl PresseTaux","image":{"@type":"ImageObject","@id":"https:\/\/pressetaux.fr\/arras\/#personlogo","inLanguage":"fr-FR","url":"https:\/\/secure.gravatar.com\/avatar\/c2daa4ba12e6c26194c9f7b7936f6a98?s=96&d=mm&r=g","contentUrl":"https:\/\/secure.gravatar.com\/avatar\/c2daa4ba12e6c26194c9f7b7936f6a98?s=96&d=mm&r=g","caption":"Ma\u00ebl PresseTaux"},"url":"https:\/\/pressetaux.fr\/arras\/author\/mael-nonet\/"}]}},"_links":{"self":[{"href":"https:\/\/pressetaux.fr\/arras\/wp-json\/wp\/v2\/posts\/855"}],"collection":[{"href":"https:\/\/pressetaux.fr\/arras\/wp-json\/wp\/v2\/posts"}],"about":[{"href":"https:\/\/pressetaux.fr\/arras\/wp-json\/wp\/v2\/types\/post"}],"author":[{"embeddable":true,"href":"https:\/\/pressetaux.fr\/arras\/wp-json\/wp\/v2\/users\/7"}],"replies":[{"embeddable":true,"href":"https:\/\/pressetaux.fr\/arras\/wp-json\/wp\/v2\/comments?post=855"}],"version-history":[{"count":0,"href":"https:\/\/pressetaux.fr\/arras\/wp-json\/wp\/v2\/posts\/855\/revisions"}],"wp:attachment":[{"href":"https:\/\/pressetaux.fr\/arras\/wp-json\/wp\/v2\/media?parent=855"}],"wp:term":[{"taxonomy":"category","embeddable":true,"href":"https:\/\/pressetaux.fr\/arras\/wp-json\/wp\/v2\/categories?post=855"},{"taxonomy":"post_tag","embeddable":true,"href":"https:\/\/pressetaux.fr\/arras\/wp-json\/wp\/v2\/tags?post=855"}],"curies":[{"name":"wp","href":"https:\/\/api.w.org\/{rel}","templated":true}]}}