{"id":869,"date":"2019-05-14T10:00:20","date_gmt":"2019-05-14T09:00:20","guid":{"rendered":"https:\/\/pressetaux.fr\/arras\/?p=869"},"modified":"2019-09-26T14:36:32","modified_gmt":"2019-09-26T13:36:32","slug":"projet-portait-lachat-dune-residence-principale","status":"publish","type":"post","link":"https:\/\/pressetaux.fr\/arras\/projet-portait-lachat-dune-residence-principale\/","title":{"rendered":"\u201cMon projet portait sur l\u2019achat d\u2019une r\u00e9sidence principale\u201d"},"content":{"rendered":"<p><b><a href=\"https:\/\/pressetaux.fr\/wp-content\/uploads\/2016\/02\/PresseTaux_courtier_5.jpg\" rel=\"attachment wp-att-3411\"><img loading=\"lazy\" class=\"alignright wp-image-3411\" src=\"https:\/\/pressetaux.fr\/wp-content\/uploads\/2016\/02\/PresseTaux_courtier_5.jpg\" alt=\"PresseTaux_courtier_5\" width=\"264\" height=\"200\" \/><\/a>Alexis H. a eu recours aux services de Manuel de Saint-Esteban, courtier PresseTaux \u00e0 Arras, dans le cadre d\u2019un projet immobilier. T\u00e9moignage d\u2019un particulier.<\/b><\/p>\n<p><span style=\"font-weight: 400;\">Alexis H. a sollicit\u00e9 les services d\u2019un courtier de PresseTaux dans le cadre de l\u2019acquisition d\u2019un bien immobilier. Il<\/span><span style=\"font-weight: 400;\"> a connu l\u2019enseigne via le bouche \u00e0 oreille et a <\/span><span style=\"font-weight: 400;\">pu b\u00e9n\u00e9ficier d\u2019un accompagnement propos\u00e9 par <\/span><a href=\"https:\/\/pressetaux.fr\/arras\/courtier-arras\/\"><span style=\"font-weight: 400;\">Manuel de Saint-Esteban, courtier PresseTaux \u00e0 Arras<\/span><\/a><span style=\"font-weight: 400;\"> (59).<\/span><\/p>\n<p><!--more--><\/p>\n<p><b>En quelques mots, pouvez-vous nous r\u00e9sumer en quoi a consist\u00e9 votre projet et pourquoi avez-vous eu besoin d&rsquo;un financement ?<\/b><\/p>\n<p><span style=\"font-weight: 400;\">Mon projet portait sur l\u2019achat d\u2019une r\u00e9sidence principale.<\/span><\/p>\n<p><b>Pour quelles raisons avez-vous fait appel \u00e0 un courtier ? <\/b><\/p>\n<p><span style=\"font-weight: 400;\">J\u2019ai fait appel \u00e0 un courtier car je manquais de temps et je souhaitais faire des \u00e9conomies sur le plan de financement en ayant un taux plus bas que si nous allions nous-m\u00eames d\u00e9marcher une banque.<\/span><\/p>\n<p><b>Quelles solutions ont \u00e9t\u00e9 trouv\u00e9es par le courtier de PresseTaux pour r\u00e9pondre au mieux \u00e0 vos besoins ?<\/b><\/p>\n<p><span style=\"font-weight: 400;\">Gr\u00e2ce \u00e0 Manuel de Saint-Esteban, nous avons pu b\u00e9n\u00e9ficier d\u2019une belle enveloppe avec une mensualit\u00e9 plus faible que notre premier pr\u00eat. <\/span><\/p>\n<p><b>De mani\u00e8re g\u00e9n\u00e9rale, comment \u00e9valuez-vous l&rsquo;accompagnement offert par le courtier de l&rsquo;agence PresseTaux qui vous a accompagn\u00e9 ? <\/b><\/p>\n<p><span style=\"font-weight: 400;\">Tr\u00e8s bon !<\/span><\/p>\n<p><b>Recommanderiez-vous PresseTaux \u00e0 votre entourage ?<\/b><\/p>\n<p><span style=\"font-weight: 400;\">Oui, pour son professionnalisme.<\/span><\/p>\n","protected":false},"excerpt":{"rendered":"<p>Alexis H. a eu recours aux services de Manuel de Saint-Esteban, courtier PresseTaux \u00e0 Arras, dans le cadre d\u2019un projet immobilier. T\u00e9moignage d\u2019un particulier. Alexis H. a sollicit\u00e9 les services d\u2019un courtier de PresseTaux dans le cadre de l\u2019acquisition d\u2019un bien immobilier. Il a connu l\u2019enseigne via le bouche \u00e0 oreille et a pu b\u00e9n\u00e9ficier d\u2019un accompagnement propos\u00e9 par Manuel de Saint-Esteban, courtier PresseTaux \u00e0 Arras (59).<\/p>\n","protected":false},"author":7,"featured_media":0,"comment_status":"closed","ping_status":"open","sticky":false,"template":"","format":"standard","meta":{"_genesis_hide_title":false,"_genesis_hide_breadcrumbs":false,"_genesis_hide_singular_image":false,"_genesis_hide_footer_widgets":false,"_genesis_custom_body_class":"","_genesis_custom_post_class":"","_genesis_layout":""},"categories":[8],"tags":[],"yoast_head":"<!-- This site is optimized with the Yoast SEO plugin v17.8 - https:\/\/yoast.com\/wordpress\/plugins\/seo\/ -->\n<title>\u201cMon projet portait sur l\u2019achat d\u2019une r\u00e9sidence principale\u201d - PresseTaux Arras<\/title>\n<meta name=\"robots\" content=\"index, follow, max-snippet:-1, max-image-preview:large, max-video-preview:-1\" \/>\n<link rel=\"canonical\" href=\"https:\/\/pressetaux.fr\/arras\/projet-portait-lachat-dune-residence-principale\/\" \/>\n<meta property=\"og:locale\" content=\"fr_FR\" \/>\n<meta property=\"og:type\" content=\"article\" \/>\n<meta property=\"og:title\" content=\"\u201cMon projet portait sur l\u2019achat d\u2019une r\u00e9sidence principale\u201d - PresseTaux Arras\" \/>\n<meta property=\"og:description\" content=\"Alexis H. a eu recours aux services de Manuel de Saint-Esteban, courtier PresseTaux \u00e0 Arras, dans le cadre d\u2019un projet immobilier. T\u00e9moignage d\u2019un particulier. Alexis H. a sollicit\u00e9 les services d\u2019un courtier de PresseTaux dans le cadre de l\u2019acquisition d\u2019un bien immobilier. Il a connu l\u2019enseigne via le bouche \u00e0 oreille et a pu b\u00e9n\u00e9ficier d\u2019un accompagnement propos\u00e9 par Manuel de Saint-Esteban, courtier PresseTaux \u00e0 Arras (59).\" \/>\n<meta property=\"og:url\" content=\"https:\/\/pressetaux.fr\/arras\/projet-portait-lachat-dune-residence-principale\/\" \/>\n<meta property=\"og:site_name\" content=\"PresseTaux Arras\" \/>\n<meta property=\"article:published_time\" content=\"2019-05-14T09:00:20+00:00\" \/>\n<meta property=\"article:modified_time\" content=\"2019-09-26T13:36:32+00:00\" \/>\n<meta property=\"og:image\" content=\"https:\/\/pressetaux.fr\/wp-content\/uploads\/2016\/02\/PresseTaux_courtier_5.jpg\" \/>\n<meta name=\"twitter:label1\" content=\"\u00c9crit par\" \/>\n\t<meta name=\"twitter:data1\" content=\"Ma\u00ebl PresseTaux\" \/>\n\t<meta name=\"twitter:label2\" content=\"Dur\u00e9e de lecture estim\u00e9e\" \/>\n\t<meta name=\"twitter:data2\" content=\"1 minute\" \/>\n<script type=\"application\/ld+json\" class=\"yoast-schema-graph\">{\"@context\":\"https:\/\/schema.org\",\"@graph\":[{\"@type\":\"Organization\",\"@id\":\"https:\/\/pressetaux.fr\/arras\/#organization\",\"name\":\"PresseTaux Arras\",\"url\":\"https:\/\/pressetaux.fr\/arras\/\",\"sameAs\":[],\"logo\":{\"@type\":\"ImageObject\",\"@id\":\"https:\/\/pressetaux.fr\/arras\/#logo\",\"inLanguage\":\"fr-FR\",\"url\":\"https:\/\/pressetaux.fr\/arras\/wp-content\/uploads\/sites\/6\/2020\/11\/LogoPressetaux.png\",\"contentUrl\":\"https:\/\/pressetaux.fr\/arras\/wp-content\/uploads\/sites\/6\/2020\/11\/LogoPressetaux.png\",\"width\":488,\"height\":278,\"caption\":\"PresseTaux Arras\"},\"image\":{\"@id\":\"https:\/\/pressetaux.fr\/arras\/#logo\"}},{\"@type\":\"WebSite\",\"@id\":\"https:\/\/pressetaux.fr\/arras\/#website\",\"url\":\"https:\/\/pressetaux.fr\/arras\/\",\"name\":\"PresseTaux Arras\",\"description\":\"COURTIER EN CREDIT\",\"publisher\":{\"@id\":\"https:\/\/pressetaux.fr\/arras\/#organization\"},\"potentialAction\":[{\"@type\":\"SearchAction\",\"target\":{\"@type\":\"EntryPoint\",\"urlTemplate\":\"https:\/\/pressetaux.fr\/arras\/?s={search_term_string}\"},\"query-input\":\"required name=search_term_string\"}],\"inLanguage\":\"fr-FR\"},{\"@type\":\"ImageObject\",\"@id\":\"https:\/\/pressetaux.fr\/arras\/projet-portait-lachat-dune-residence-principale\/#primaryimage\",\"inLanguage\":\"fr-FR\",\"url\":\"https:\/\/pressetaux.fr\/wp-content\/uploads\/2016\/02\/PresseTaux_courtier_5.jpg\",\"contentUrl\":\"https:\/\/pressetaux.fr\/wp-content\/uploads\/2016\/02\/PresseTaux_courtier_5.jpg\"},{\"@type\":\"WebPage\",\"@id\":\"https:\/\/pressetaux.fr\/arras\/projet-portait-lachat-dune-residence-principale\/#webpage\",\"url\":\"https:\/\/pressetaux.fr\/arras\/projet-portait-lachat-dune-residence-principale\/\",\"name\":\"\\u201cMon projet portait sur l\\u2019achat d\\u2019une r\\u00e9sidence principale\\u201d - PresseTaux Arras\",\"isPartOf\":{\"@id\":\"https:\/\/pressetaux.fr\/arras\/#website\"},\"primaryImageOfPage\":{\"@id\":\"https:\/\/pressetaux.fr\/arras\/projet-portait-lachat-dune-residence-principale\/#primaryimage\"},\"datePublished\":\"2019-05-14T09:00:20+00:00\",\"dateModified\":\"2019-09-26T13:36:32+00:00\",\"breadcrumb\":{\"@id\":\"https:\/\/pressetaux.fr\/arras\/projet-portait-lachat-dune-residence-principale\/#breadcrumb\"},\"inLanguage\":\"fr-FR\",\"potentialAction\":[{\"@type\":\"ReadAction\",\"target\":[\"https:\/\/pressetaux.fr\/arras\/projet-portait-lachat-dune-residence-principale\/\"]}]},{\"@type\":\"BreadcrumbList\",\"@id\":\"https:\/\/pressetaux.fr\/arras\/projet-portait-lachat-dune-residence-principale\/#breadcrumb\",\"itemListElement\":[{\"@type\":\"ListItem\",\"position\":1,\"name\":\"\\u201cMon projet portait sur l\\u2019achat d\\u2019une r\\u00e9sidence principale\\u201d\"}]},{\"@type\":\"Article\",\"@id\":\"https:\/\/pressetaux.fr\/arras\/projet-portait-lachat-dune-residence-principale\/#article\",\"isPartOf\":{\"@id\":\"https:\/\/pressetaux.fr\/arras\/projet-portait-lachat-dune-residence-principale\/#webpage\"},\"author\":{\"@id\":\"https:\/\/pressetaux.fr\/arras\/#\/schema\/person\/e18ef05c180d813e5ce42087d0369f85\"},\"headline\":\"\\u201cMon projet portait sur l\\u2019achat d\\u2019une r\\u00e9sidence principale\\u201d\",\"datePublished\":\"2019-05-14T09:00:20+00:00\",\"dateModified\":\"2019-09-26T13:36:32+00:00\",\"mainEntityOfPage\":{\"@id\":\"https:\/\/pressetaux.fr\/arras\/projet-portait-lachat-dune-residence-principale\/#webpage\"},\"wordCount\":235,\"publisher\":{\"@id\":\"https:\/\/pressetaux.fr\/arras\/#organization\"},\"image\":{\"@id\":\"https:\/\/pressetaux.fr\/arras\/projet-portait-lachat-dune-residence-principale\/#primaryimage\"},\"thumbnailUrl\":\"https:\/\/pressetaux.fr\/wp-content\/uploads\/2016\/02\/PresseTaux_courtier_5.jpg\",\"articleSection\":[\"temoignagesblog\"],\"inLanguage\":\"fr-FR\"},{\"@type\":\"Person\",\"@id\":\"https:\/\/pressetaux.fr\/arras\/#\/schema\/person\/e18ef05c180d813e5ce42087d0369f85\",\"name\":\"Ma\\u00ebl PresseTaux\",\"image\":{\"@type\":\"ImageObject\",\"@id\":\"https:\/\/pressetaux.fr\/arras\/#personlogo\",\"inLanguage\":\"fr-FR\",\"url\":\"https:\/\/secure.gravatar.com\/avatar\/c2daa4ba12e6c26194c9f7b7936f6a98?s=96&d=mm&r=g\",\"contentUrl\":\"https:\/\/secure.gravatar.com\/avatar\/c2daa4ba12e6c26194c9f7b7936f6a98?s=96&d=mm&r=g\",\"caption\":\"Ma\\u00ebl PresseTaux\"},\"url\":\"https:\/\/pressetaux.fr\/arras\/author\/mael-nonet\/\"}]}<\/script>\n<!-- \/ Yoast SEO plugin. -->","yoast_head_json":{"title":"\u201cMon projet portait sur l\u2019achat d\u2019une r\u00e9sidence principale\u201d - PresseTaux Arras","robots":{"index":"index","follow":"follow","max-snippet":"max-snippet:-1","max-image-preview":"max-image-preview:large","max-video-preview":"max-video-preview:-1"},"canonical":"https:\/\/pressetaux.fr\/arras\/projet-portait-lachat-dune-residence-principale\/","og_locale":"fr_FR","og_type":"article","og_title":"\u201cMon projet portait sur l\u2019achat d\u2019une r\u00e9sidence principale\u201d - PresseTaux Arras","og_description":"Alexis H. a eu recours aux services de Manuel de Saint-Esteban, courtier PresseTaux \u00e0 Arras, dans le cadre d\u2019un projet immobilier. T\u00e9moignage d\u2019un particulier. Alexis H. a sollicit\u00e9 les services d\u2019un courtier de PresseTaux dans le cadre de l\u2019acquisition d\u2019un bien immobilier. Il a connu l\u2019enseigne via le bouche \u00e0 oreille et a pu b\u00e9n\u00e9ficier d\u2019un accompagnement propos\u00e9 par Manuel de Saint-Esteban, courtier PresseTaux \u00e0 Arras (59).","og_url":"https:\/\/pressetaux.fr\/arras\/projet-portait-lachat-dune-residence-principale\/","og_site_name":"PresseTaux Arras","article_published_time":"2019-05-14T09:00:20+00:00","article_modified_time":"2019-09-26T13:36:32+00:00","og_image":[{"url":"https:\/\/pressetaux.fr\/wp-content\/uploads\/2016\/02\/PresseTaux_courtier_5.jpg"}],"twitter_misc":{"\u00c9crit par":"Ma\u00ebl PresseTaux","Dur\u00e9e de lecture estim\u00e9e":"1 minute"},"schema":{"@context":"https:\/\/schema.org","@graph":[{"@type":"Organization","@id":"https:\/\/pressetaux.fr\/arras\/#organization","name":"PresseTaux Arras","url":"https:\/\/pressetaux.fr\/arras\/","sameAs":[],"logo":{"@type":"ImageObject","@id":"https:\/\/pressetaux.fr\/arras\/#logo","inLanguage":"fr-FR","url":"https:\/\/pressetaux.fr\/arras\/wp-content\/uploads\/sites\/6\/2020\/11\/LogoPressetaux.png","contentUrl":"https:\/\/pressetaux.fr\/arras\/wp-content\/uploads\/sites\/6\/2020\/11\/LogoPressetaux.png","width":488,"height":278,"caption":"PresseTaux Arras"},"image":{"@id":"https:\/\/pressetaux.fr\/arras\/#logo"}},{"@type":"WebSite","@id":"https:\/\/pressetaux.fr\/arras\/#website","url":"https:\/\/pressetaux.fr\/arras\/","name":"PresseTaux Arras","description":"COURTIER EN CREDIT","publisher":{"@id":"https:\/\/pressetaux.fr\/arras\/#organization"},"potentialAction":[{"@type":"SearchAction","target":{"@type":"EntryPoint","urlTemplate":"https:\/\/pressetaux.fr\/arras\/?s={search_term_string}"},"query-input":"required name=search_term_string"}],"inLanguage":"fr-FR"},{"@type":"ImageObject","@id":"https:\/\/pressetaux.fr\/arras\/projet-portait-lachat-dune-residence-principale\/#primaryimage","inLanguage":"fr-FR","url":"https:\/\/pressetaux.fr\/wp-content\/uploads\/2016\/02\/PresseTaux_courtier_5.jpg","contentUrl":"https:\/\/pressetaux.fr\/wp-content\/uploads\/2016\/02\/PresseTaux_courtier_5.jpg"},{"@type":"WebPage","@id":"https:\/\/pressetaux.fr\/arras\/projet-portait-lachat-dune-residence-principale\/#webpage","url":"https:\/\/pressetaux.fr\/arras\/projet-portait-lachat-dune-residence-principale\/","name":"\u201cMon projet portait sur l\u2019achat d\u2019une r\u00e9sidence principale\u201d - PresseTaux Arras","isPartOf":{"@id":"https:\/\/pressetaux.fr\/arras\/#website"},"primaryImageOfPage":{"@id":"https:\/\/pressetaux.fr\/arras\/projet-portait-lachat-dune-residence-principale\/#primaryimage"},"datePublished":"2019-05-14T09:00:20+00:00","dateModified":"2019-09-26T13:36:32+00:00","breadcrumb":{"@id":"https:\/\/pressetaux.fr\/arras\/projet-portait-lachat-dune-residence-principale\/#breadcrumb"},"inLanguage":"fr-FR","potentialAction":[{"@type":"ReadAction","target":["https:\/\/pressetaux.fr\/arras\/projet-portait-lachat-dune-residence-principale\/"]}]},{"@type":"BreadcrumbList","@id":"https:\/\/pressetaux.fr\/arras\/projet-portait-lachat-dune-residence-principale\/#breadcrumb","itemListElement":[{"@type":"ListItem","position":1,"name":"\u201cMon projet portait sur l\u2019achat d\u2019une r\u00e9sidence principale\u201d"}]},{"@type":"Article","@id":"https:\/\/pressetaux.fr\/arras\/projet-portait-lachat-dune-residence-principale\/#article","isPartOf":{"@id":"https:\/\/pressetaux.fr\/arras\/projet-portait-lachat-dune-residence-principale\/#webpage"},"author":{"@id":"https:\/\/pressetaux.fr\/arras\/#\/schema\/person\/e18ef05c180d813e5ce42087d0369f85"},"headline":"\u201cMon projet portait sur l\u2019achat d\u2019une r\u00e9sidence principale\u201d","datePublished":"2019-05-14T09:00:20+00:00","dateModified":"2019-09-26T13:36:32+00:00","mainEntityOfPage":{"@id":"https:\/\/pressetaux.fr\/arras\/projet-portait-lachat-dune-residence-principale\/#webpage"},"wordCount":235,"publisher":{"@id":"https:\/\/pressetaux.fr\/arras\/#organization"},"image":{"@id":"https:\/\/pressetaux.fr\/arras\/projet-portait-lachat-dune-residence-principale\/#primaryimage"},"thumbnailUrl":"https:\/\/pressetaux.fr\/wp-content\/uploads\/2016\/02\/PresseTaux_courtier_5.jpg","articleSection":["temoignagesblog"],"inLanguage":"fr-FR"},{"@type":"Person","@id":"https:\/\/pressetaux.fr\/arras\/#\/schema\/person\/e18ef05c180d813e5ce42087d0369f85","name":"Ma\u00ebl PresseTaux","image":{"@type":"ImageObject","@id":"https:\/\/pressetaux.fr\/arras\/#personlogo","inLanguage":"fr-FR","url":"https:\/\/secure.gravatar.com\/avatar\/c2daa4ba12e6c26194c9f7b7936f6a98?s=96&d=mm&r=g","contentUrl":"https:\/\/secure.gravatar.com\/avatar\/c2daa4ba12e6c26194c9f7b7936f6a98?s=96&d=mm&r=g","caption":"Ma\u00ebl PresseTaux"},"url":"https:\/\/pressetaux.fr\/arras\/author\/mael-nonet\/"}]}},"_links":{"self":[{"href":"https:\/\/pressetaux.fr\/arras\/wp-json\/wp\/v2\/posts\/869"}],"collection":[{"href":"https:\/\/pressetaux.fr\/arras\/wp-json\/wp\/v2\/posts"}],"about":[{"href":"https:\/\/pressetaux.fr\/arras\/wp-json\/wp\/v2\/types\/post"}],"author":[{"embeddable":true,"href":"https:\/\/pressetaux.fr\/arras\/wp-json\/wp\/v2\/users\/7"}],"replies":[{"embeddable":true,"href":"https:\/\/pressetaux.fr\/arras\/wp-json\/wp\/v2\/comments?post=869"}],"version-history":[{"count":0,"href":"https:\/\/pressetaux.fr\/arras\/wp-json\/wp\/v2\/posts\/869\/revisions"}],"wp:attachment":[{"href":"https:\/\/pressetaux.fr\/arras\/wp-json\/wp\/v2\/media?parent=869"}],"wp:term":[{"taxonomy":"category","embeddable":true,"href":"https:\/\/pressetaux.fr\/arras\/wp-json\/wp\/v2\/categories?post=869"},{"taxonomy":"post_tag","embeddable":true,"href":"https:\/\/pressetaux.fr\/arras\/wp-json\/wp\/v2\/tags?post=869"}],"curies":[{"name":"wp","href":"https:\/\/api.w.org\/{rel}","templated":true}]}}