{"id":889,"date":"2019-06-07T16:00:27","date_gmt":"2019-06-07T15:00:27","guid":{"rendered":"https:\/\/pressetaux.fr\/arras\/pressetaux-jt-12-13-france-3-national\/"},"modified":"2019-06-07T16:00:27","modified_gmt":"2019-06-07T15:00:27","slug":"pressetaux-jt-12-13-france-3-national","status":"publish","type":"post","link":"https:\/\/pressetaux.fr\/arras\/pressetaux-jt-12-13-france-3-national\/","title":{"rendered":"PresseTaux au JT 12\/13 sur France 3 national"},"content":{"rendered":"<p><strong><img loading=\"lazy\" class=\"alignright wp-image-890\" src=\"https:\/\/pressetaux.fr\/arras\/wp-content\/uploads\/sites\/6\/2019\/06\/France3_2019-06-07_apercu.jpg\" alt=\"\" width=\"250\" height=\"140\" srcset=\"https:\/\/pressetaux.fr\/arras\/wp-content\/uploads\/sites\/6\/2019\/06\/France3_2019-06-07_apercu.jpg 1642w, https:\/\/pressetaux.fr\/arras\/wp-content\/uploads\/sites\/6\/2019\/06\/France3_2019-06-07_apercu-300x168.jpg 300w, https:\/\/pressetaux.fr\/arras\/wp-content\/uploads\/sites\/6\/2019\/06\/France3_2019-06-07_apercu-768x429.jpg 768w, https:\/\/pressetaux.fr\/arras\/wp-content\/uploads\/sites\/6\/2019\/06\/France3_2019-06-07_apercu-1024x572.jpg 1024w, https:\/\/pressetaux.fr\/arras\/wp-content\/uploads\/sites\/6\/2019\/06\/France3_2019-06-07_apercu-24x13.jpg 24w, https:\/\/pressetaux.fr\/arras\/wp-content\/uploads\/sites\/6\/2019\/06\/France3_2019-06-07_apercu-36x20.jpg 36w, https:\/\/pressetaux.fr\/arras\/wp-content\/uploads\/sites\/6\/2019\/06\/France3_2019-06-07_apercu-48x27.jpg 48w\" sizes=\"(max-width: 250px) 100vw, 250px\" \/><a href=\"https:\/\/pressetaux.fr\/arras\/courtier-arras\/\" target=\"_blank\" rel=\"noopener\">Manuel de Saint Esteban<\/a>, courtier PresseTaux \u00e0 Arras, a \u00e9t\u00e9 interview\u00e9 dans le cadre d&rsquo;un <a href=\"https:\/\/youtu.be\/JG4l58Sjlv8\" target=\"_blank\" rel=\"noopener\">reportage<\/a> diffus\u00e9 le 7 juin 2019 au JT 12\/13 de France 3 national.<br \/>\n<\/strong><\/p>\n<p><!--more--><\/p>\n<p>&nbsp;<\/p>\n<p>[<a href=\"https:\/\/youtu.be\/JG4l58Sjlv8\" target=\"_blank\" rel=\"noopener\"><strong>Cliquez ici<\/strong><\/a> pour voir l&rsquo;extrait sur Youtube]<\/p>\n<p>&nbsp;<\/p>\n<p style=\"text-align: center;\"><iframe loading=\"lazy\" src=\"https:\/\/www.youtube.com\/embed\/JG4l58Sjlv8\" width=\"560\" height=\"315\" frameborder=\"0\" allowfullscreen=\"allowfullscreen\"><\/iframe><\/p>\n","protected":false},"excerpt":{"rendered":"<p>Manuel de Saint Esteban, courtier PresseTaux \u00e0 Arras, a \u00e9t\u00e9 interview\u00e9 dans le cadre d&rsquo;un reportage diffus\u00e9 le 7 juin 2019 au JT 12\/13 de France 3 national.<\/p>\n","protected":false},"author":7,"featured_media":0,"comment_status":"closed","ping_status":"open","sticky":false,"template":"","format":"standard","meta":{"_genesis_hide_title":false,"_genesis_hide_breadcrumbs":false,"_genesis_hide_singular_image":false,"_genesis_hide_footer_widgets":false,"_genesis_custom_body_class":"","_genesis_custom_post_class":"","_genesis_layout":""},"categories":[7,5],"tags":[],"yoast_head":"<!-- This site is optimized with the Yoast SEO plugin v17.8 - https:\/\/yoast.com\/wordpress\/plugins\/seo\/ -->\n<title>PresseTaux au JT 12\/13 sur France 3 national - PresseTaux Arras<\/title>\n<meta name=\"robots\" content=\"index, follow, max-snippet:-1, max-image-preview:large, max-video-preview:-1\" \/>\n<link rel=\"canonical\" href=\"https:\/\/pressetaux.fr\/arras\/pressetaux-jt-12-13-france-3-national\/\" \/>\n<meta property=\"og:locale\" content=\"fr_FR\" \/>\n<meta property=\"og:type\" content=\"article\" \/>\n<meta property=\"og:title\" content=\"PresseTaux au JT 12\/13 sur France 3 national - PresseTaux Arras\" \/>\n<meta property=\"og:description\" content=\"Manuel de Saint Esteban, courtier PresseTaux \u00e0 Arras, a \u00e9t\u00e9 interview\u00e9 dans le cadre d&rsquo;un reportage diffus\u00e9 le 7 juin 2019 au JT 12\/13 de France 3 national.\" \/>\n<meta property=\"og:url\" content=\"https:\/\/pressetaux.fr\/arras\/pressetaux-jt-12-13-france-3-national\/\" \/>\n<meta property=\"og:site_name\" content=\"PresseTaux Arras\" \/>\n<meta property=\"article:published_time\" content=\"2019-06-07T15:00:27+00:00\" \/>\n<meta property=\"og:image\" content=\"https:\/\/pressetaux.fr\/arras\/wp-content\/uploads\/sites\/6\/2019\/06\/France3_2019-06-07_apercu.jpg\" \/>\n<meta name=\"twitter:label1\" content=\"\u00c9crit par\" \/>\n\t<meta name=\"twitter:data1\" content=\"Ma\u00ebl PresseTaux\" \/>\n<script type=\"application\/ld+json\" class=\"yoast-schema-graph\">{\"@context\":\"https:\/\/schema.org\",\"@graph\":[{\"@type\":\"Organization\",\"@id\":\"https:\/\/pressetaux.fr\/arras\/#organization\",\"name\":\"PresseTaux Arras\",\"url\":\"https:\/\/pressetaux.fr\/arras\/\",\"sameAs\":[],\"logo\":{\"@type\":\"ImageObject\",\"@id\":\"https:\/\/pressetaux.fr\/arras\/#logo\",\"inLanguage\":\"fr-FR\",\"url\":\"https:\/\/pressetaux.fr\/arras\/wp-content\/uploads\/sites\/6\/2020\/11\/LogoPressetaux.png\",\"contentUrl\":\"https:\/\/pressetaux.fr\/arras\/wp-content\/uploads\/sites\/6\/2020\/11\/LogoPressetaux.png\",\"width\":488,\"height\":278,\"caption\":\"PresseTaux Arras\"},\"image\":{\"@id\":\"https:\/\/pressetaux.fr\/arras\/#logo\"}},{\"@type\":\"WebSite\",\"@id\":\"https:\/\/pressetaux.fr\/arras\/#website\",\"url\":\"https:\/\/pressetaux.fr\/arras\/\",\"name\":\"PresseTaux Arras\",\"description\":\"COURTIER EN CREDIT\",\"publisher\":{\"@id\":\"https:\/\/pressetaux.fr\/arras\/#organization\"},\"potentialAction\":[{\"@type\":\"SearchAction\",\"target\":{\"@type\":\"EntryPoint\",\"urlTemplate\":\"https:\/\/pressetaux.fr\/arras\/?s={search_term_string}\"},\"query-input\":\"required name=search_term_string\"}],\"inLanguage\":\"fr-FR\"},{\"@type\":\"ImageObject\",\"@id\":\"https:\/\/pressetaux.fr\/arras\/pressetaux-jt-12-13-france-3-national\/#primaryimage\",\"inLanguage\":\"fr-FR\",\"url\":\"https:\/\/pressetaux.fr\/arras\/wp-content\/uploads\/sites\/6\/2019\/06\/France3_2019-06-07_apercu.jpg\",\"contentUrl\":\"https:\/\/pressetaux.fr\/arras\/wp-content\/uploads\/sites\/6\/2019\/06\/France3_2019-06-07_apercu.jpg\",\"width\":1642,\"height\":917},{\"@type\":\"WebPage\",\"@id\":\"https:\/\/pressetaux.fr\/arras\/pressetaux-jt-12-13-france-3-national\/#webpage\",\"url\":\"https:\/\/pressetaux.fr\/arras\/pressetaux-jt-12-13-france-3-national\/\",\"name\":\"PresseTaux au JT 12\/13 sur France 3 national - PresseTaux Arras\",\"isPartOf\":{\"@id\":\"https:\/\/pressetaux.fr\/arras\/#website\"},\"primaryImageOfPage\":{\"@id\":\"https:\/\/pressetaux.fr\/arras\/pressetaux-jt-12-13-france-3-national\/#primaryimage\"},\"datePublished\":\"2019-06-07T15:00:27+00:00\",\"dateModified\":\"2019-06-07T15:00:27+00:00\",\"breadcrumb\":{\"@id\":\"https:\/\/pressetaux.fr\/arras\/pressetaux-jt-12-13-france-3-national\/#breadcrumb\"},\"inLanguage\":\"fr-FR\",\"potentialAction\":[{\"@type\":\"ReadAction\",\"target\":[\"https:\/\/pressetaux.fr\/arras\/pressetaux-jt-12-13-france-3-national\/\"]}]},{\"@type\":\"BreadcrumbList\",\"@id\":\"https:\/\/pressetaux.fr\/arras\/pressetaux-jt-12-13-france-3-national\/#breadcrumb\",\"itemListElement\":[{\"@type\":\"ListItem\",\"position\":1,\"name\":\"PresseTaux au JT 12\/13 sur France 3 national\"}]},{\"@type\":\"Article\",\"@id\":\"https:\/\/pressetaux.fr\/arras\/pressetaux-jt-12-13-france-3-national\/#article\",\"isPartOf\":{\"@id\":\"https:\/\/pressetaux.fr\/arras\/pressetaux-jt-12-13-france-3-national\/#webpage\"},\"author\":{\"@id\":\"https:\/\/pressetaux.fr\/arras\/#\/schema\/person\/e18ef05c180d813e5ce42087d0369f85\"},\"headline\":\"PresseTaux au JT 12\/13 sur France 3 national\",\"datePublished\":\"2019-06-07T15:00:27+00:00\",\"dateModified\":\"2019-06-07T15:00:27+00:00\",\"mainEntityOfPage\":{\"@id\":\"https:\/\/pressetaux.fr\/arras\/pressetaux-jt-12-13-france-3-national\/#webpage\"},\"wordCount\":38,\"publisher\":{\"@id\":\"https:\/\/pressetaux.fr\/arras\/#organization\"},\"image\":{\"@id\":\"https:\/\/pressetaux.fr\/arras\/pressetaux-jt-12-13-france-3-national\/#primaryimage\"},\"thumbnailUrl\":\"https:\/\/pressetaux.fr\/arras\/wp-content\/uploads\/sites\/6\/2019\/06\/France3_2019-06-07_apercu.jpg\",\"articleSection\":[\"L'actu des franchises\",\"PresseTaux\"],\"inLanguage\":\"fr-FR\"},{\"@type\":\"Person\",\"@id\":\"https:\/\/pressetaux.fr\/arras\/#\/schema\/person\/e18ef05c180d813e5ce42087d0369f85\",\"name\":\"Ma\\u00ebl PresseTaux\",\"image\":{\"@type\":\"ImageObject\",\"@id\":\"https:\/\/pressetaux.fr\/arras\/#personlogo\",\"inLanguage\":\"fr-FR\",\"url\":\"https:\/\/secure.gravatar.com\/avatar\/c2daa4ba12e6c26194c9f7b7936f6a98?s=96&d=mm&r=g\",\"contentUrl\":\"https:\/\/secure.gravatar.com\/avatar\/c2daa4ba12e6c26194c9f7b7936f6a98?s=96&d=mm&r=g\",\"caption\":\"Ma\\u00ebl PresseTaux\"},\"url\":\"https:\/\/pressetaux.fr\/arras\/author\/mael-nonet\/\"}]}<\/script>\n<!-- \/ Yoast SEO plugin. -->","yoast_head_json":{"title":"PresseTaux au JT 12\/13 sur France 3 national - PresseTaux Arras","robots":{"index":"index","follow":"follow","max-snippet":"max-snippet:-1","max-image-preview":"max-image-preview:large","max-video-preview":"max-video-preview:-1"},"canonical":"https:\/\/pressetaux.fr\/arras\/pressetaux-jt-12-13-france-3-national\/","og_locale":"fr_FR","og_type":"article","og_title":"PresseTaux au JT 12\/13 sur France 3 national - PresseTaux Arras","og_description":"Manuel de Saint Esteban, courtier PresseTaux \u00e0 Arras, a \u00e9t\u00e9 interview\u00e9 dans le cadre d&rsquo;un reportage diffus\u00e9 le 7 juin 2019 au JT 12\/13 de France 3 national.","og_url":"https:\/\/pressetaux.fr\/arras\/pressetaux-jt-12-13-france-3-national\/","og_site_name":"PresseTaux Arras","article_published_time":"2019-06-07T15:00:27+00:00","og_image":[{"url":"https:\/\/pressetaux.fr\/arras\/wp-content\/uploads\/sites\/6\/2019\/06\/France3_2019-06-07_apercu.jpg"}],"twitter_misc":{"\u00c9crit par":"Ma\u00ebl PresseTaux"},"schema":{"@context":"https:\/\/schema.org","@graph":[{"@type":"Organization","@id":"https:\/\/pressetaux.fr\/arras\/#organization","name":"PresseTaux Arras","url":"https:\/\/pressetaux.fr\/arras\/","sameAs":[],"logo":{"@type":"ImageObject","@id":"https:\/\/pressetaux.fr\/arras\/#logo","inLanguage":"fr-FR","url":"https:\/\/pressetaux.fr\/arras\/wp-content\/uploads\/sites\/6\/2020\/11\/LogoPressetaux.png","contentUrl":"https:\/\/pressetaux.fr\/arras\/wp-content\/uploads\/sites\/6\/2020\/11\/LogoPressetaux.png","width":488,"height":278,"caption":"PresseTaux Arras"},"image":{"@id":"https:\/\/pressetaux.fr\/arras\/#logo"}},{"@type":"WebSite","@id":"https:\/\/pressetaux.fr\/arras\/#website","url":"https:\/\/pressetaux.fr\/arras\/","name":"PresseTaux Arras","description":"COURTIER EN CREDIT","publisher":{"@id":"https:\/\/pressetaux.fr\/arras\/#organization"},"potentialAction":[{"@type":"SearchAction","target":{"@type":"EntryPoint","urlTemplate":"https:\/\/pressetaux.fr\/arras\/?s={search_term_string}"},"query-input":"required name=search_term_string"}],"inLanguage":"fr-FR"},{"@type":"ImageObject","@id":"https:\/\/pressetaux.fr\/arras\/pressetaux-jt-12-13-france-3-national\/#primaryimage","inLanguage":"fr-FR","url":"https:\/\/pressetaux.fr\/arras\/wp-content\/uploads\/sites\/6\/2019\/06\/France3_2019-06-07_apercu.jpg","contentUrl":"https:\/\/pressetaux.fr\/arras\/wp-content\/uploads\/sites\/6\/2019\/06\/France3_2019-06-07_apercu.jpg","width":1642,"height":917},{"@type":"WebPage","@id":"https:\/\/pressetaux.fr\/arras\/pressetaux-jt-12-13-france-3-national\/#webpage","url":"https:\/\/pressetaux.fr\/arras\/pressetaux-jt-12-13-france-3-national\/","name":"PresseTaux au JT 12\/13 sur France 3 national - PresseTaux Arras","isPartOf":{"@id":"https:\/\/pressetaux.fr\/arras\/#website"},"primaryImageOfPage":{"@id":"https:\/\/pressetaux.fr\/arras\/pressetaux-jt-12-13-france-3-national\/#primaryimage"},"datePublished":"2019-06-07T15:00:27+00:00","dateModified":"2019-06-07T15:00:27+00:00","breadcrumb":{"@id":"https:\/\/pressetaux.fr\/arras\/pressetaux-jt-12-13-france-3-national\/#breadcrumb"},"inLanguage":"fr-FR","potentialAction":[{"@type":"ReadAction","target":["https:\/\/pressetaux.fr\/arras\/pressetaux-jt-12-13-france-3-national\/"]}]},{"@type":"BreadcrumbList","@id":"https:\/\/pressetaux.fr\/arras\/pressetaux-jt-12-13-france-3-national\/#breadcrumb","itemListElement":[{"@type":"ListItem","position":1,"name":"PresseTaux au JT 12\/13 sur France 3 national"}]},{"@type":"Article","@id":"https:\/\/pressetaux.fr\/arras\/pressetaux-jt-12-13-france-3-national\/#article","isPartOf":{"@id":"https:\/\/pressetaux.fr\/arras\/pressetaux-jt-12-13-france-3-national\/#webpage"},"author":{"@id":"https:\/\/pressetaux.fr\/arras\/#\/schema\/person\/e18ef05c180d813e5ce42087d0369f85"},"headline":"PresseTaux au JT 12\/13 sur France 3 national","datePublished":"2019-06-07T15:00:27+00:00","dateModified":"2019-06-07T15:00:27+00:00","mainEntityOfPage":{"@id":"https:\/\/pressetaux.fr\/arras\/pressetaux-jt-12-13-france-3-national\/#webpage"},"wordCount":38,"publisher":{"@id":"https:\/\/pressetaux.fr\/arras\/#organization"},"image":{"@id":"https:\/\/pressetaux.fr\/arras\/pressetaux-jt-12-13-france-3-national\/#primaryimage"},"thumbnailUrl":"https:\/\/pressetaux.fr\/arras\/wp-content\/uploads\/sites\/6\/2019\/06\/France3_2019-06-07_apercu.jpg","articleSection":["L'actu des franchises","PresseTaux"],"inLanguage":"fr-FR"},{"@type":"Person","@id":"https:\/\/pressetaux.fr\/arras\/#\/schema\/person\/e18ef05c180d813e5ce42087d0369f85","name":"Ma\u00ebl PresseTaux","image":{"@type":"ImageObject","@id":"https:\/\/pressetaux.fr\/arras\/#personlogo","inLanguage":"fr-FR","url":"https:\/\/secure.gravatar.com\/avatar\/c2daa4ba12e6c26194c9f7b7936f6a98?s=96&d=mm&r=g","contentUrl":"https:\/\/secure.gravatar.com\/avatar\/c2daa4ba12e6c26194c9f7b7936f6a98?s=96&d=mm&r=g","caption":"Ma\u00ebl PresseTaux"},"url":"https:\/\/pressetaux.fr\/arras\/author\/mael-nonet\/"}]}},"_links":{"self":[{"href":"https:\/\/pressetaux.fr\/arras\/wp-json\/wp\/v2\/posts\/889"}],"collection":[{"href":"https:\/\/pressetaux.fr\/arras\/wp-json\/wp\/v2\/posts"}],"about":[{"href":"https:\/\/pressetaux.fr\/arras\/wp-json\/wp\/v2\/types\/post"}],"author":[{"embeddable":true,"href":"https:\/\/pressetaux.fr\/arras\/wp-json\/wp\/v2\/users\/7"}],"replies":[{"embeddable":true,"href":"https:\/\/pressetaux.fr\/arras\/wp-json\/wp\/v2\/comments?post=889"}],"version-history":[{"count":0,"href":"https:\/\/pressetaux.fr\/arras\/wp-json\/wp\/v2\/posts\/889\/revisions"}],"wp:attachment":[{"href":"https:\/\/pressetaux.fr\/arras\/wp-json\/wp\/v2\/media?parent=889"}],"wp:term":[{"taxonomy":"category","embeddable":true,"href":"https:\/\/pressetaux.fr\/arras\/wp-json\/wp\/v2\/categories?post=889"},{"taxonomy":"post_tag","embeddable":true,"href":"https:\/\/pressetaux.fr\/arras\/wp-json\/wp\/v2\/tags?post=889"}],"curies":[{"name":"wp","href":"https:\/\/api.w.org\/{rel}","templated":true}]}}