{"id":2031,"date":"2020-07-28T13:32:20","date_gmt":"2020-07-28T12:32:20","guid":{"rendered":"https:\/\/pressetaux.fr\/bethune\/?p=2031"},"modified":"2020-10-02T13:33:07","modified_gmt":"2020-10-02T12:33:07","slug":"m-romain-s-et-mme-sabrina-d-acquisition-residence-principale","status":"publish","type":"post","link":"https:\/\/pressetaux.fr\/bethune\/m-romain-s-et-mme-sabrina-d-acquisition-residence-principale\/","title":{"rendered":"M. Romain S. et Mme Sabrina D. : \u00ab Acquisition r\u00e9sidence principale \u00bb"},"content":{"rendered":"<p style=\"font-size: 16px;\">\u00ab Nous avions le projet d\u2019acheter une maison mais par manque de temps, nous avons d\u00e9cid\u00e9 de rechercher sur Internet une personne qui pouvait nous aider. Nous avons alors contact\u00e9 M. Damien Lagache de l\u2019agence de PresseTaux B\u00e9thune-Lens. Il nous a trouv\u00e9 un pr\u00eat immobilier avec un taux avantageux et cela rapidement. Son accompagnement a \u00e9t\u00e9 au\u00a0Top. Nous le recommandons sans h\u00e9siter. \u00bb<\/p>\n","protected":false},"excerpt":{"rendered":"<p>\u00ab Nous avions le projet d\u2019acheter une maison mais par manque de temps, nous avons d\u00e9cid\u00e9 de rechercher sur Internet une personne qui pouvait nous aider. Nous avons alors contact\u00e9 M. Damien Lagache de l\u2019agence de PresseTaux B\u00e9thune-Lens. Il nous a trouv\u00e9 un pr\u00eat immobilier avec un taux avantageux et cela rapidement. Son accompagnement a \u00e9t\u00e9 au\u00a0Top. Nous le recommandons sans h\u00e9siter. \u00bb<\/p>\n","protected":false},"author":8,"featured_media":0,"comment_status":"closed","ping_status":"open","sticky":false,"template":"","format":"standard","meta":{"_genesis_hide_title":false,"_genesis_hide_breadcrumbs":false,"_genesis_hide_singular_image":false,"_genesis_hide_footer_widgets":false,"_genesis_custom_body_class":"","_genesis_custom_post_class":"","_genesis_layout":""},"categories":[9],"tags":[],"yoast_head":"<!-- This site is optimized with the Yoast SEO plugin v17.8 - https:\/\/yoast.com\/wordpress\/plugins\/seo\/ -->\n<title>M. Romain S. et Mme Sabrina D. : \u00ab Acquisition r\u00e9sidence principale \u00bb - PresseTaux B\u00e9thune<\/title>\n<meta name=\"robots\" content=\"index, follow, max-snippet:-1, max-image-preview:large, max-video-preview:-1\" \/>\n<link rel=\"canonical\" href=\"https:\/\/pressetaux.fr\/bethune\/m-romain-s-et-mme-sabrina-d-acquisition-residence-principale\/\" \/>\n<meta name=\"twitter:label1\" content=\"\u00c9crit par\" \/>\n\t<meta name=\"twitter:data1\" content=\"Aur\u00e9lie PresseTaux\" \/>\n<script type=\"application\/ld+json\" class=\"yoast-schema-graph\">{\"@context\":\"https:\/\/schema.org\",\"@graph\":[{\"@type\":\"Organization\",\"@id\":\"https:\/\/pressetaux.fr\/bethune\/#organization\",\"name\":\"PresseTaux B\\u00e9thune - Lens\",\"url\":\"https:\/\/pressetaux.fr\/bethune\/\",\"sameAs\":[\"https:\/\/www.facebook.com\/presse.tauxbethune?locale=fr_FR\"],\"logo\":{\"@type\":\"ImageObject\",\"@id\":\"https:\/\/pressetaux.fr\/bethune\/#logo\",\"inLanguage\":\"fr-FR\",\"url\":\"https:\/\/pressetaux.fr\/bethune\/wp-content\/uploads\/sites\/4\/2022\/03\/LogoPressetaux.jpg\",\"contentUrl\":\"https:\/\/pressetaux.fr\/bethune\/wp-content\/uploads\/sites\/4\/2022\/03\/LogoPressetaux.jpg\",\"width\":1776,\"height\":997,\"caption\":\"PresseTaux B\\u00e9thune - Lens\"},\"image\":{\"@id\":\"https:\/\/pressetaux.fr\/bethune\/#logo\"}},{\"@type\":\"WebSite\",\"@id\":\"https:\/\/pressetaux.fr\/bethune\/#website\",\"url\":\"https:\/\/pressetaux.fr\/bethune\/\",\"name\":\"PresseTaux B\\u00e9thune\",\"description\":\"COURTIER EN CREDIT\",\"publisher\":{\"@id\":\"https:\/\/pressetaux.fr\/bethune\/#organization\"},\"potentialAction\":[{\"@type\":\"SearchAction\",\"target\":{\"@type\":\"EntryPoint\",\"urlTemplate\":\"https:\/\/pressetaux.fr\/bethune\/?s={search_term_string}\"},\"query-input\":\"required name=search_term_string\"}],\"inLanguage\":\"fr-FR\"},{\"@type\":\"WebPage\",\"@id\":\"https:\/\/pressetaux.fr\/bethune\/m-romain-s-et-mme-sabrina-d-acquisition-residence-principale\/#webpage\",\"url\":\"https:\/\/pressetaux.fr\/bethune\/m-romain-s-et-mme-sabrina-d-acquisition-residence-principale\/\",\"name\":\"M. Romain S. et Mme Sabrina D. : \\u00ab Acquisition r\\u00e9sidence principale \\u00bb - PresseTaux B\\u00e9thune\",\"isPartOf\":{\"@id\":\"https:\/\/pressetaux.fr\/bethune\/#website\"},\"datePublished\":\"2020-07-28T12:32:20+00:00\",\"dateModified\":\"2020-10-02T12:33:07+00:00\",\"breadcrumb\":{\"@id\":\"https:\/\/pressetaux.fr\/bethune\/m-romain-s-et-mme-sabrina-d-acquisition-residence-principale\/#breadcrumb\"},\"inLanguage\":\"fr-FR\",\"potentialAction\":[{\"@type\":\"ReadAction\",\"target\":[\"https:\/\/pressetaux.fr\/bethune\/m-romain-s-et-mme-sabrina-d-acquisition-residence-principale\/\"]}]},{\"@type\":\"BreadcrumbList\",\"@id\":\"https:\/\/pressetaux.fr\/bethune\/m-romain-s-et-mme-sabrina-d-acquisition-residence-principale\/#breadcrumb\",\"itemListElement\":[{\"@type\":\"ListItem\",\"position\":1,\"name\":\"M. Romain S. et Mme Sabrina D. : \\u00ab Acquisition r\\u00e9sidence principale \\u00bb\"}]},{\"@type\":\"Article\",\"@id\":\"https:\/\/pressetaux.fr\/bethune\/m-romain-s-et-mme-sabrina-d-acquisition-residence-principale\/#article\",\"isPartOf\":{\"@id\":\"https:\/\/pressetaux.fr\/bethune\/m-romain-s-et-mme-sabrina-d-acquisition-residence-principale\/#webpage\"},\"author\":{\"@id\":\"https:\/\/pressetaux.fr\/bethune\/#\/schema\/person\/4cd76b055d972c5d26a31a6868ce10e9\"},\"headline\":\"M. Romain S. et Mme Sabrina D. : \\u00ab Acquisition r\\u00e9sidence principale \\u00bb\",\"datePublished\":\"2020-07-28T12:32:20+00:00\",\"dateModified\":\"2020-10-02T12:33:07+00:00\",\"mainEntityOfPage\":{\"@id\":\"https:\/\/pressetaux.fr\/bethune\/m-romain-s-et-mme-sabrina-d-acquisition-residence-principale\/#webpage\"},\"wordCount\":79,\"publisher\":{\"@id\":\"https:\/\/pressetaux.fr\/bethune\/#organization\"},\"articleSection\":[\"temoignagesblog\"],\"inLanguage\":\"fr-FR\"},{\"@type\":\"Person\",\"@id\":\"https:\/\/pressetaux.fr\/bethune\/#\/schema\/person\/4cd76b055d972c5d26a31a6868ce10e9\",\"name\":\"Aur\\u00e9lie PresseTaux\",\"image\":{\"@type\":\"ImageObject\",\"@id\":\"https:\/\/pressetaux.fr\/bethune\/#personlogo\",\"inLanguage\":\"fr-FR\",\"url\":\"https:\/\/secure.gravatar.com\/avatar\/3c12b07ea1ddcb99edf500aed7c9791c?s=96&d=mm&r=g\",\"contentUrl\":\"https:\/\/secure.gravatar.com\/avatar\/3c12b07ea1ddcb99edf500aed7c9791c?s=96&d=mm&r=g\",\"caption\":\"Aur\\u00e9lie PresseTaux\"},\"url\":\"https:\/\/pressetaux.fr\/bethune\/author\/aurelie-merlin\/\"}]}<\/script>\n<!-- \/ Yoast SEO plugin. -->","yoast_head_json":{"title":"M. Romain S. et Mme Sabrina D. : \u00ab Acquisition r\u00e9sidence principale \u00bb - PresseTaux B\u00e9thune","robots":{"index":"index","follow":"follow","max-snippet":"max-snippet:-1","max-image-preview":"max-image-preview:large","max-video-preview":"max-video-preview:-1"},"canonical":"https:\/\/pressetaux.fr\/bethune\/m-romain-s-et-mme-sabrina-d-acquisition-residence-principale\/","twitter_misc":{"\u00c9crit par":"Aur\u00e9lie PresseTaux"},"schema":{"@context":"https:\/\/schema.org","@graph":[{"@type":"Organization","@id":"https:\/\/pressetaux.fr\/bethune\/#organization","name":"PresseTaux B\u00e9thune - Lens","url":"https:\/\/pressetaux.fr\/bethune\/","sameAs":["https:\/\/www.facebook.com\/presse.tauxbethune?locale=fr_FR"],"logo":{"@type":"ImageObject","@id":"https:\/\/pressetaux.fr\/bethune\/#logo","inLanguage":"fr-FR","url":"https:\/\/pressetaux.fr\/bethune\/wp-content\/uploads\/sites\/4\/2022\/03\/LogoPressetaux.jpg","contentUrl":"https:\/\/pressetaux.fr\/bethune\/wp-content\/uploads\/sites\/4\/2022\/03\/LogoPressetaux.jpg","width":1776,"height":997,"caption":"PresseTaux B\u00e9thune - Lens"},"image":{"@id":"https:\/\/pressetaux.fr\/bethune\/#logo"}},{"@type":"WebSite","@id":"https:\/\/pressetaux.fr\/bethune\/#website","url":"https:\/\/pressetaux.fr\/bethune\/","name":"PresseTaux B\u00e9thune","description":"COURTIER EN CREDIT","publisher":{"@id":"https:\/\/pressetaux.fr\/bethune\/#organization"},"potentialAction":[{"@type":"SearchAction","target":{"@type":"EntryPoint","urlTemplate":"https:\/\/pressetaux.fr\/bethune\/?s={search_term_string}"},"query-input":"required name=search_term_string"}],"inLanguage":"fr-FR"},{"@type":"WebPage","@id":"https:\/\/pressetaux.fr\/bethune\/m-romain-s-et-mme-sabrina-d-acquisition-residence-principale\/#webpage","url":"https:\/\/pressetaux.fr\/bethune\/m-romain-s-et-mme-sabrina-d-acquisition-residence-principale\/","name":"M. Romain S. et Mme Sabrina D. : \u00ab Acquisition r\u00e9sidence principale \u00bb - PresseTaux B\u00e9thune","isPartOf":{"@id":"https:\/\/pressetaux.fr\/bethune\/#website"},"datePublished":"2020-07-28T12:32:20+00:00","dateModified":"2020-10-02T12:33:07+00:00","breadcrumb":{"@id":"https:\/\/pressetaux.fr\/bethune\/m-romain-s-et-mme-sabrina-d-acquisition-residence-principale\/#breadcrumb"},"inLanguage":"fr-FR","potentialAction":[{"@type":"ReadAction","target":["https:\/\/pressetaux.fr\/bethune\/m-romain-s-et-mme-sabrina-d-acquisition-residence-principale\/"]}]},{"@type":"BreadcrumbList","@id":"https:\/\/pressetaux.fr\/bethune\/m-romain-s-et-mme-sabrina-d-acquisition-residence-principale\/#breadcrumb","itemListElement":[{"@type":"ListItem","position":1,"name":"M. Romain S. et Mme Sabrina D. : \u00ab Acquisition r\u00e9sidence principale \u00bb"}]},{"@type":"Article","@id":"https:\/\/pressetaux.fr\/bethune\/m-romain-s-et-mme-sabrina-d-acquisition-residence-principale\/#article","isPartOf":{"@id":"https:\/\/pressetaux.fr\/bethune\/m-romain-s-et-mme-sabrina-d-acquisition-residence-principale\/#webpage"},"author":{"@id":"https:\/\/pressetaux.fr\/bethune\/#\/schema\/person\/4cd76b055d972c5d26a31a6868ce10e9"},"headline":"M. Romain S. et Mme Sabrina D. : \u00ab Acquisition r\u00e9sidence principale \u00bb","datePublished":"2020-07-28T12:32:20+00:00","dateModified":"2020-10-02T12:33:07+00:00","mainEntityOfPage":{"@id":"https:\/\/pressetaux.fr\/bethune\/m-romain-s-et-mme-sabrina-d-acquisition-residence-principale\/#webpage"},"wordCount":79,"publisher":{"@id":"https:\/\/pressetaux.fr\/bethune\/#organization"},"articleSection":["temoignagesblog"],"inLanguage":"fr-FR"},{"@type":"Person","@id":"https:\/\/pressetaux.fr\/bethune\/#\/schema\/person\/4cd76b055d972c5d26a31a6868ce10e9","name":"Aur\u00e9lie PresseTaux","image":{"@type":"ImageObject","@id":"https:\/\/pressetaux.fr\/bethune\/#personlogo","inLanguage":"fr-FR","url":"https:\/\/secure.gravatar.com\/avatar\/3c12b07ea1ddcb99edf500aed7c9791c?s=96&d=mm&r=g","contentUrl":"https:\/\/secure.gravatar.com\/avatar\/3c12b07ea1ddcb99edf500aed7c9791c?s=96&d=mm&r=g","caption":"Aur\u00e9lie PresseTaux"},"url":"https:\/\/pressetaux.fr\/bethune\/author\/aurelie-merlin\/"}]}},"_links":{"self":[{"href":"https:\/\/pressetaux.fr\/bethune\/wp-json\/wp\/v2\/posts\/2031"}],"collection":[{"href":"https:\/\/pressetaux.fr\/bethune\/wp-json\/wp\/v2\/posts"}],"about":[{"href":"https:\/\/pressetaux.fr\/bethune\/wp-json\/wp\/v2\/types\/post"}],"author":[{"embeddable":true,"href":"https:\/\/pressetaux.fr\/bethune\/wp-json\/wp\/v2\/users\/8"}],"replies":[{"embeddable":true,"href":"https:\/\/pressetaux.fr\/bethune\/wp-json\/wp\/v2\/comments?post=2031"}],"version-history":[{"count":0,"href":"https:\/\/pressetaux.fr\/bethune\/wp-json\/wp\/v2\/posts\/2031\/revisions"}],"wp:attachment":[{"href":"https:\/\/pressetaux.fr\/bethune\/wp-json\/wp\/v2\/media?parent=2031"}],"wp:term":[{"taxonomy":"category","embeddable":true,"href":"https:\/\/pressetaux.fr\/bethune\/wp-json\/wp\/v2\/categories?post=2031"},{"taxonomy":"post_tag","embeddable":true,"href":"https:\/\/pressetaux.fr\/bethune\/wp-json\/wp\/v2\/tags?post=2031"}],"curies":[{"name":"wp","href":"https:\/\/api.w.org\/{rel}","templated":true}]}}