{"id":1001,"date":"2016-08-22T15:07:59","date_gmt":"2016-08-22T14:07:59","guid":{"rendered":"http:\/\/pressetaux.fr\/cambrai\/avons-appel-a-johan-carre-raison-de-manque-de-temps-de-age\/"},"modified":"2016-08-22T15:07:59","modified_gmt":"2016-08-22T14:07:59","slug":"avons-appel-a-johan-carre-raison-de-manque-de-temps-de-age","status":"publish","type":"post","link":"https:\/\/pressetaux.fr\/cambrai\/avons-appel-a-johan-carre-raison-de-manque-de-temps-de-age\/","title":{"rendered":"\u201cNous avons fait appel \u00e0 Johan Carr\u00e9 en raison de notre manque de temps et de notre \u00e2ge\u201d"},"content":{"rendered":"<p><b><a href=\"https:\/\/pressetaux.fr\/wp-content\/uploads\/2016\/02\/PresseTaux_courtier_5.jpg\" rel=\"attachment wp-att-3411\"><img loading=\"lazy\" class=\"alignright wp-image-3411\" src=\"https:\/\/pressetaux.fr\/wp-content\/uploads\/2016\/02\/PresseTaux_courtier_5.jpg\" alt=\"PresseTaux_courtier_5\" width=\"264\" height=\"200\" \/><\/a>\u00c9ric et Anne-Marie D. ont eu recours aux services de Johan Carr\u00e9, courtier PresseTaux \u00e0 Cambrai, dans le cadre d\u2019un <\/b><b>achat immobilier<\/b><b>. T\u00e9moignage d\u2019un couple de seniors.<\/b><\/p>\n<p><span style=\"font-weight: 400;\">\u00c9ric et Anne-Marie D. ont sollicit\u00e9 les services d\u2019un courtier de PresseTaux dans le cadre d\u2019un achat immobilier. <\/span><span style=\"font-weight: 400;\">Ils ont connu l\u2019enseigne via le <\/span><i><span style=\"font-weight: 400;\">\u201cbouche \u00e0 oreille\u201d<\/span><\/i><span style=\"font-weight: 400;\">, et ont <\/span><span style=\"font-weight: 400;\">pu b\u00e9n\u00e9ficier d\u2019un accompagnement propos\u00e9 par <\/span><a href=\"https:\/\/pressetaux.fr\/cambrai\/courtier-cambrai-nord\/\"><span style=\"font-weight: 400;\">Johan Carr\u00e9, courtier PresseTaux \u00e0 Cambrai<\/span><\/a><span style=\"font-weight: 400;\"> (59).<\/span><\/p>\n<p><!--more--><\/p>\n<p><b>En quelques mots, pouvez-vous nous r\u00e9sumer en quoi a consist\u00e9 votre projet et pourquoi avez-vous eu besoin d&rsquo;un financement ?<\/b><\/p>\n<p>Nous avons sollicit\u00e9 Johan Carr\u00e9 dans le cadre d\u2019un projet d\u2019achat immobilier.<\/p>\n<p><b>Pour quelles raisons avez-vous fait appel \u00e0 un courtier ? <\/b><\/p>\n<p>Nous avons fait appel \u00e0 Johan Carr\u00e9 essentiellement en raison de notre manque de temps et de notre \u00e2ge.<\/p>\n<p><b>Quelles solutions ont \u00e9t\u00e9 trouv\u00e9es par le courtier de PresseTaux pour r\u00e9pondre au mieux \u00e0 vos besoins ?<\/b><\/p>\n<p>Nous souhaitions garder notre banque d&rsquo;origine dans le cadre de notre besoin de financement.<\/p>\n<p><b>De mani\u00e8re g\u00e9n\u00e9rale, comment \u00e9valuez-vous l&rsquo;accompagnement offert par le courtier de l&rsquo;agence PresseTaux qui vous a accompagn\u00e9s? <\/b><\/p>\n<p>Nous sommes tr\u00e8s satisfaits de l\u2019accompagnement qui nous a \u00e9t\u00e9 donn\u00e9, et que nous qualifierons de tr\u00e8s bon.<\/p>\n<p><b>Recommanderiez-vous PresseTaux \u00e0 votre entourage ?<\/b><\/p>\n<p>Oui, nous recommanderons volontiers les services de Johan Carr\u00e9 \u00e0 notre entourage. C\u2019est un courtier qui est \u00e0 l\u2019\u00e9coute et disponible.<\/p>\n<p>&nbsp;<\/p>\n","protected":false},"excerpt":{"rendered":"<p>\u00c9ric et Anne-Marie D. ont eu recours aux services de Johan Carr\u00e9, courtier PresseTaux \u00e0 Cambrai, dans le cadre d\u2019un achat immobilier. T\u00e9moignage d\u2019un couple de seniors. \u00c9ric et Anne-Marie D. ont sollicit\u00e9 les services d\u2019un courtier de PresseTaux dans le cadre d\u2019un achat immobilier. Ils ont connu l\u2019enseigne via le \u201cbouche \u00e0 oreille\u201d, et ont pu b\u00e9n\u00e9ficier d\u2019un accompagnement propos\u00e9 par Johan Carr\u00e9, courtier PresseTaux \u00e0 Cambrai (59).<\/p>\n","protected":false},"author":7,"featured_media":0,"comment_status":"closed","ping_status":"open","sticky":false,"template":"","format":"standard","meta":{"_genesis_hide_title":false,"_genesis_hide_breadcrumbs":false,"_genesis_hide_singular_image":false,"_genesis_hide_footer_widgets":false,"_genesis_custom_body_class":"","_genesis_custom_post_class":"","_genesis_layout":""},"categories":[6],"tags":[],"yoast_head":"<!-- This site is optimized with the Yoast SEO plugin v17.8 - https:\/\/yoast.com\/wordpress\/plugins\/seo\/ -->\n<title>\u201cNous avons fait appel \u00e0 Johan Carr\u00e9 en raison de notre manque de temps et de notre \u00e2ge\u201d - PresseTaux Cambrai<\/title>\n<meta name=\"robots\" content=\"index, follow, max-snippet:-1, max-image-preview:large, max-video-preview:-1\" \/>\n<link rel=\"canonical\" href=\"https:\/\/pressetaux.fr\/cambrai\/avons-appel-a-johan-carre-raison-de-manque-de-temps-de-age\/\" \/>\n<meta property=\"og:locale\" content=\"fr_FR\" \/>\n<meta property=\"og:type\" content=\"article\" \/>\n<meta property=\"og:title\" content=\"\u201cNous avons fait appel \u00e0 Johan Carr\u00e9 en raison de notre manque de temps et de notre \u00e2ge\u201d - PresseTaux Cambrai\" \/>\n<meta property=\"og:description\" content=\"\u00c9ric et Anne-Marie D. ont eu recours aux services de Johan Carr\u00e9, courtier PresseTaux \u00e0 Cambrai, dans le cadre d\u2019un achat immobilier. T\u00e9moignage d\u2019un couple de seniors. \u00c9ric et Anne-Marie D. ont sollicit\u00e9 les services d\u2019un courtier de PresseTaux dans le cadre d\u2019un achat immobilier. Ils ont connu l\u2019enseigne via le \u201cbouche \u00e0 oreille\u201d, et ont pu b\u00e9n\u00e9ficier d\u2019un accompagnement propos\u00e9 par Johan Carr\u00e9, courtier PresseTaux \u00e0 Cambrai (59).\" \/>\n<meta property=\"og:url\" content=\"https:\/\/pressetaux.fr\/cambrai\/avons-appel-a-johan-carre-raison-de-manque-de-temps-de-age\/\" \/>\n<meta property=\"og:site_name\" content=\"PresseTaux Cambrai\" \/>\n<meta property=\"article:publisher\" content=\"https:\/\/www.facebook.com\/pressetauxcambrai?locale=fr_FR\" \/>\n<meta property=\"article:published_time\" content=\"2016-08-22T14:07:59+00:00\" \/>\n<meta property=\"og:image\" content=\"https:\/\/pressetaux.fr\/wp-content\/uploads\/2016\/02\/PresseTaux_courtier_5.jpg\" \/>\n<meta name=\"twitter:label1\" content=\"\u00c9crit par\" \/>\n\t<meta name=\"twitter:data1\" content=\"Ma\u00ebl PresseTaux\" \/>\n\t<meta name=\"twitter:label2\" content=\"Dur\u00e9e de lecture estim\u00e9e\" \/>\n\t<meta name=\"twitter:data2\" content=\"1 minute\" \/>\n<script type=\"application\/ld+json\" class=\"yoast-schema-graph\">{\"@context\":\"https:\/\/schema.org\",\"@graph\":[{\"@type\":\"Organization\",\"@id\":\"https:\/\/pressetaux.fr\/cambrai\/#organization\",\"name\":\"PresseTaux Cambrai\",\"url\":\"https:\/\/pressetaux.fr\/cambrai\/\",\"sameAs\":[\"https:\/\/www.facebook.com\/pressetauxcambrai?locale=fr_FR\"],\"logo\":{\"@type\":\"ImageObject\",\"@id\":\"https:\/\/pressetaux.fr\/cambrai\/#logo\",\"inLanguage\":\"fr-FR\",\"url\":\"https:\/\/pressetaux.fr\/cambrai\/wp-content\/uploads\/sites\/3\/2020\/11\/LogoPressetaux.png\",\"contentUrl\":\"https:\/\/pressetaux.fr\/cambrai\/wp-content\/uploads\/sites\/3\/2020\/11\/LogoPressetaux.png\",\"width\":488,\"height\":278,\"caption\":\"PresseTaux Cambrai\"},\"image\":{\"@id\":\"https:\/\/pressetaux.fr\/cambrai\/#logo\"}},{\"@type\":\"WebSite\",\"@id\":\"https:\/\/pressetaux.fr\/cambrai\/#website\",\"url\":\"https:\/\/pressetaux.fr\/cambrai\/\",\"name\":\"PresseTaux Cambrai\",\"description\":\"COURTIER EN CREDIT\",\"publisher\":{\"@id\":\"https:\/\/pressetaux.fr\/cambrai\/#organization\"},\"potentialAction\":[{\"@type\":\"SearchAction\",\"target\":{\"@type\":\"EntryPoint\",\"urlTemplate\":\"https:\/\/pressetaux.fr\/cambrai\/?s={search_term_string}\"},\"query-input\":\"required name=search_term_string\"}],\"inLanguage\":\"fr-FR\"},{\"@type\":\"ImageObject\",\"@id\":\"https:\/\/pressetaux.fr\/cambrai\/avons-appel-a-johan-carre-raison-de-manque-de-temps-de-age\/#primaryimage\",\"inLanguage\":\"fr-FR\",\"url\":\"https:\/\/pressetaux.fr\/wp-content\/uploads\/2016\/02\/PresseTaux_courtier_5.jpg\",\"contentUrl\":\"https:\/\/pressetaux.fr\/wp-content\/uploads\/2016\/02\/PresseTaux_courtier_5.jpg\"},{\"@type\":\"WebPage\",\"@id\":\"https:\/\/pressetaux.fr\/cambrai\/avons-appel-a-johan-carre-raison-de-manque-de-temps-de-age\/#webpage\",\"url\":\"https:\/\/pressetaux.fr\/cambrai\/avons-appel-a-johan-carre-raison-de-manque-de-temps-de-age\/\",\"name\":\"\\u201cNous avons fait appel \\u00e0 Johan Carr\\u00e9 en raison de notre manque de temps et de notre \\u00e2ge\\u201d - PresseTaux Cambrai\",\"isPartOf\":{\"@id\":\"https:\/\/pressetaux.fr\/cambrai\/#website\"},\"primaryImageOfPage\":{\"@id\":\"https:\/\/pressetaux.fr\/cambrai\/avons-appel-a-johan-carre-raison-de-manque-de-temps-de-age\/#primaryimage\"},\"datePublished\":\"2016-08-22T14:07:59+00:00\",\"dateModified\":\"2016-08-22T14:07:59+00:00\",\"breadcrumb\":{\"@id\":\"https:\/\/pressetaux.fr\/cambrai\/avons-appel-a-johan-carre-raison-de-manque-de-temps-de-age\/#breadcrumb\"},\"inLanguage\":\"fr-FR\",\"potentialAction\":[{\"@type\":\"ReadAction\",\"target\":[\"https:\/\/pressetaux.fr\/cambrai\/avons-appel-a-johan-carre-raison-de-manque-de-temps-de-age\/\"]}]},{\"@type\":\"BreadcrumbList\",\"@id\":\"https:\/\/pressetaux.fr\/cambrai\/avons-appel-a-johan-carre-raison-de-manque-de-temps-de-age\/#breadcrumb\",\"itemListElement\":[{\"@type\":\"ListItem\",\"position\":1,\"name\":\"\\u201cNous avons fait appel \\u00e0 Johan Carr\\u00e9 en raison de notre manque de temps et de notre \\u00e2ge\\u201d\"}]},{\"@type\":\"Article\",\"@id\":\"https:\/\/pressetaux.fr\/cambrai\/avons-appel-a-johan-carre-raison-de-manque-de-temps-de-age\/#article\",\"isPartOf\":{\"@id\":\"https:\/\/pressetaux.fr\/cambrai\/avons-appel-a-johan-carre-raison-de-manque-de-temps-de-age\/#webpage\"},\"author\":{\"@id\":\"https:\/\/pressetaux.fr\/cambrai\/#\/schema\/person\/e18ef05c180d813e5ce42087d0369f85\"},\"headline\":\"\\u201cNous avons fait appel \\u00e0 Johan Carr\\u00e9 en raison de notre manque de temps et de notre \\u00e2ge\\u201d\",\"datePublished\":\"2016-08-22T14:07:59+00:00\",\"dateModified\":\"2016-08-22T14:07:59+00:00\",\"mainEntityOfPage\":{\"@id\":\"https:\/\/pressetaux.fr\/cambrai\/avons-appel-a-johan-carre-raison-de-manque-de-temps-de-age\/#webpage\"},\"wordCount\":251,\"publisher\":{\"@id\":\"https:\/\/pressetaux.fr\/cambrai\/#organization\"},\"image\":{\"@id\":\"https:\/\/pressetaux.fr\/cambrai\/avons-appel-a-johan-carre-raison-de-manque-de-temps-de-age\/#primaryimage\"},\"thumbnailUrl\":\"https:\/\/pressetaux.fr\/wp-content\/uploads\/2016\/02\/PresseTaux_courtier_5.jpg\",\"articleSection\":[\"temoignagesblog\"],\"inLanguage\":\"fr-FR\"},{\"@type\":\"Person\",\"@id\":\"https:\/\/pressetaux.fr\/cambrai\/#\/schema\/person\/e18ef05c180d813e5ce42087d0369f85\",\"name\":\"Ma\\u00ebl PresseTaux\",\"image\":{\"@type\":\"ImageObject\",\"@id\":\"https:\/\/pressetaux.fr\/cambrai\/#personlogo\",\"inLanguage\":\"fr-FR\",\"url\":\"https:\/\/secure.gravatar.com\/avatar\/c2daa4ba12e6c26194c9f7b7936f6a98?s=96&d=mm&r=g\",\"contentUrl\":\"https:\/\/secure.gravatar.com\/avatar\/c2daa4ba12e6c26194c9f7b7936f6a98?s=96&d=mm&r=g\",\"caption\":\"Ma\\u00ebl PresseTaux\"},\"url\":\"https:\/\/pressetaux.fr\/cambrai\/author\/mael-nonet\/\"}]}<\/script>\n<!-- \/ Yoast SEO plugin. -->","yoast_head_json":{"title":"\u201cNous avons fait appel \u00e0 Johan Carr\u00e9 en raison de notre manque de temps et de notre \u00e2ge\u201d - PresseTaux Cambrai","robots":{"index":"index","follow":"follow","max-snippet":"max-snippet:-1","max-image-preview":"max-image-preview:large","max-video-preview":"max-video-preview:-1"},"canonical":"https:\/\/pressetaux.fr\/cambrai\/avons-appel-a-johan-carre-raison-de-manque-de-temps-de-age\/","og_locale":"fr_FR","og_type":"article","og_title":"\u201cNous avons fait appel \u00e0 Johan Carr\u00e9 en raison de notre manque de temps et de notre \u00e2ge\u201d - PresseTaux Cambrai","og_description":"\u00c9ric et Anne-Marie D. ont eu recours aux services de Johan Carr\u00e9, courtier PresseTaux \u00e0 Cambrai, dans le cadre d\u2019un achat immobilier. T\u00e9moignage d\u2019un couple de seniors. \u00c9ric et Anne-Marie D. ont sollicit\u00e9 les services d\u2019un courtier de PresseTaux dans le cadre d\u2019un achat immobilier. Ils ont connu l\u2019enseigne via le \u201cbouche \u00e0 oreille\u201d, et ont pu b\u00e9n\u00e9ficier d\u2019un accompagnement propos\u00e9 par Johan Carr\u00e9, courtier PresseTaux \u00e0 Cambrai (59).","og_url":"https:\/\/pressetaux.fr\/cambrai\/avons-appel-a-johan-carre-raison-de-manque-de-temps-de-age\/","og_site_name":"PresseTaux Cambrai","article_publisher":"https:\/\/www.facebook.com\/pressetauxcambrai?locale=fr_FR","article_published_time":"2016-08-22T14:07:59+00:00","og_image":[{"url":"https:\/\/pressetaux.fr\/wp-content\/uploads\/2016\/02\/PresseTaux_courtier_5.jpg"}],"twitter_misc":{"\u00c9crit par":"Ma\u00ebl PresseTaux","Dur\u00e9e de lecture estim\u00e9e":"1 minute"},"schema":{"@context":"https:\/\/schema.org","@graph":[{"@type":"Organization","@id":"https:\/\/pressetaux.fr\/cambrai\/#organization","name":"PresseTaux Cambrai","url":"https:\/\/pressetaux.fr\/cambrai\/","sameAs":["https:\/\/www.facebook.com\/pressetauxcambrai?locale=fr_FR"],"logo":{"@type":"ImageObject","@id":"https:\/\/pressetaux.fr\/cambrai\/#logo","inLanguage":"fr-FR","url":"https:\/\/pressetaux.fr\/cambrai\/wp-content\/uploads\/sites\/3\/2020\/11\/LogoPressetaux.png","contentUrl":"https:\/\/pressetaux.fr\/cambrai\/wp-content\/uploads\/sites\/3\/2020\/11\/LogoPressetaux.png","width":488,"height":278,"caption":"PresseTaux Cambrai"},"image":{"@id":"https:\/\/pressetaux.fr\/cambrai\/#logo"}},{"@type":"WebSite","@id":"https:\/\/pressetaux.fr\/cambrai\/#website","url":"https:\/\/pressetaux.fr\/cambrai\/","name":"PresseTaux Cambrai","description":"COURTIER EN CREDIT","publisher":{"@id":"https:\/\/pressetaux.fr\/cambrai\/#organization"},"potentialAction":[{"@type":"SearchAction","target":{"@type":"EntryPoint","urlTemplate":"https:\/\/pressetaux.fr\/cambrai\/?s={search_term_string}"},"query-input":"required name=search_term_string"}],"inLanguage":"fr-FR"},{"@type":"ImageObject","@id":"https:\/\/pressetaux.fr\/cambrai\/avons-appel-a-johan-carre-raison-de-manque-de-temps-de-age\/#primaryimage","inLanguage":"fr-FR","url":"https:\/\/pressetaux.fr\/wp-content\/uploads\/2016\/02\/PresseTaux_courtier_5.jpg","contentUrl":"https:\/\/pressetaux.fr\/wp-content\/uploads\/2016\/02\/PresseTaux_courtier_5.jpg"},{"@type":"WebPage","@id":"https:\/\/pressetaux.fr\/cambrai\/avons-appel-a-johan-carre-raison-de-manque-de-temps-de-age\/#webpage","url":"https:\/\/pressetaux.fr\/cambrai\/avons-appel-a-johan-carre-raison-de-manque-de-temps-de-age\/","name":"\u201cNous avons fait appel \u00e0 Johan Carr\u00e9 en raison de notre manque de temps et de notre \u00e2ge\u201d - PresseTaux Cambrai","isPartOf":{"@id":"https:\/\/pressetaux.fr\/cambrai\/#website"},"primaryImageOfPage":{"@id":"https:\/\/pressetaux.fr\/cambrai\/avons-appel-a-johan-carre-raison-de-manque-de-temps-de-age\/#primaryimage"},"datePublished":"2016-08-22T14:07:59+00:00","dateModified":"2016-08-22T14:07:59+00:00","breadcrumb":{"@id":"https:\/\/pressetaux.fr\/cambrai\/avons-appel-a-johan-carre-raison-de-manque-de-temps-de-age\/#breadcrumb"},"inLanguage":"fr-FR","potentialAction":[{"@type":"ReadAction","target":["https:\/\/pressetaux.fr\/cambrai\/avons-appel-a-johan-carre-raison-de-manque-de-temps-de-age\/"]}]},{"@type":"BreadcrumbList","@id":"https:\/\/pressetaux.fr\/cambrai\/avons-appel-a-johan-carre-raison-de-manque-de-temps-de-age\/#breadcrumb","itemListElement":[{"@type":"ListItem","position":1,"name":"\u201cNous avons fait appel \u00e0 Johan Carr\u00e9 en raison de notre manque de temps et de notre \u00e2ge\u201d"}]},{"@type":"Article","@id":"https:\/\/pressetaux.fr\/cambrai\/avons-appel-a-johan-carre-raison-de-manque-de-temps-de-age\/#article","isPartOf":{"@id":"https:\/\/pressetaux.fr\/cambrai\/avons-appel-a-johan-carre-raison-de-manque-de-temps-de-age\/#webpage"},"author":{"@id":"https:\/\/pressetaux.fr\/cambrai\/#\/schema\/person\/e18ef05c180d813e5ce42087d0369f85"},"headline":"\u201cNous avons fait appel \u00e0 Johan Carr\u00e9 en raison de notre manque de temps et de notre \u00e2ge\u201d","datePublished":"2016-08-22T14:07:59+00:00","dateModified":"2016-08-22T14:07:59+00:00","mainEntityOfPage":{"@id":"https:\/\/pressetaux.fr\/cambrai\/avons-appel-a-johan-carre-raison-de-manque-de-temps-de-age\/#webpage"},"wordCount":251,"publisher":{"@id":"https:\/\/pressetaux.fr\/cambrai\/#organization"},"image":{"@id":"https:\/\/pressetaux.fr\/cambrai\/avons-appel-a-johan-carre-raison-de-manque-de-temps-de-age\/#primaryimage"},"thumbnailUrl":"https:\/\/pressetaux.fr\/wp-content\/uploads\/2016\/02\/PresseTaux_courtier_5.jpg","articleSection":["temoignagesblog"],"inLanguage":"fr-FR"},{"@type":"Person","@id":"https:\/\/pressetaux.fr\/cambrai\/#\/schema\/person\/e18ef05c180d813e5ce42087d0369f85","name":"Ma\u00ebl PresseTaux","image":{"@type":"ImageObject","@id":"https:\/\/pressetaux.fr\/cambrai\/#personlogo","inLanguage":"fr-FR","url":"https:\/\/secure.gravatar.com\/avatar\/c2daa4ba12e6c26194c9f7b7936f6a98?s=96&d=mm&r=g","contentUrl":"https:\/\/secure.gravatar.com\/avatar\/c2daa4ba12e6c26194c9f7b7936f6a98?s=96&d=mm&r=g","caption":"Ma\u00ebl PresseTaux"},"url":"https:\/\/pressetaux.fr\/cambrai\/author\/mael-nonet\/"}]}},"_links":{"self":[{"href":"https:\/\/pressetaux.fr\/cambrai\/wp-json\/wp\/v2\/posts\/1001"}],"collection":[{"href":"https:\/\/pressetaux.fr\/cambrai\/wp-json\/wp\/v2\/posts"}],"about":[{"href":"https:\/\/pressetaux.fr\/cambrai\/wp-json\/wp\/v2\/types\/post"}],"author":[{"embeddable":true,"href":"https:\/\/pressetaux.fr\/cambrai\/wp-json\/wp\/v2\/users\/7"}],"replies":[{"embeddable":true,"href":"https:\/\/pressetaux.fr\/cambrai\/wp-json\/wp\/v2\/comments?post=1001"}],"version-history":[{"count":0,"href":"https:\/\/pressetaux.fr\/cambrai\/wp-json\/wp\/v2\/posts\/1001\/revisions"}],"wp:attachment":[{"href":"https:\/\/pressetaux.fr\/cambrai\/wp-json\/wp\/v2\/media?parent=1001"}],"wp:term":[{"taxonomy":"category","embeddable":true,"href":"https:\/\/pressetaux.fr\/cambrai\/wp-json\/wp\/v2\/categories?post=1001"},{"taxonomy":"post_tag","embeddable":true,"href":"https:\/\/pressetaux.fr\/cambrai\/wp-json\/wp\/v2\/tags?post=1001"}],"curies":[{"name":"wp","href":"https:\/\/api.w.org\/{rel}","templated":true}]}}