{"id":1062,"date":"2016-10-06T15:03:38","date_gmt":"2016-10-06T14:03:38","guid":{"rendered":"http:\/\/pressetaux.fr\/cambrai\/laccompagnement-qua-assure-johan-carre-a-ete-tres-professionnel-efficace-reactif\/"},"modified":"2016-10-06T15:03:38","modified_gmt":"2016-10-06T14:03:38","slug":"laccompagnement-qua-assure-johan-carre-a-ete-tres-professionnel-efficace-reactif","status":"publish","type":"post","link":"https:\/\/pressetaux.fr\/cambrai\/laccompagnement-qua-assure-johan-carre-a-ete-tres-professionnel-efficace-reactif\/","title":{"rendered":"\u201cL\u2019accompagnement qu\u2019a assur\u00e9 Johan Carr\u00e9 a \u00e9t\u00e9 tr\u00e8s professionnel, efficace et r\u00e9actif\u201d"},"content":{"rendered":"<p><b><a href=\"https:\/\/pressetaux.fr\/wp-content\/uploads\/2016\/02\/PresseTaux_courtier_5.jpg\" rel=\"attachment wp-att-3411\"><img loading=\"lazy\" class=\"alignright wp-image-3411\" src=\"https:\/\/pressetaux.fr\/wp-content\/uploads\/2016\/02\/PresseTaux_courtier_5.jpg\" alt=\"PresseTaux_courtier_5\" width=\"264\" height=\"200\" \/><\/a>Christophe V. a eu recours aux services de Johan Carr\u00e9, courtier PresseTaux \u00e0 Cambrai, dans le cadre d\u2019une ren\u00e9gociation de pr\u00eat. T\u00e9moignage d\u2019un particulier.<\/b><\/p>\n<p><span style=\"font-weight: 400;\">Christophe V. a sollicit\u00e9 les services d\u2019un courtier de PresseTaux dans le cadre d\u2019une ren\u00e9gociation de cr\u00e9dit. <\/span><span style=\"font-weight: 400;\">Il a connu l\u2019enseigne via le <\/span><i><span style=\"font-weight: 400;\">\u201cbouche \u00e0 oreille\u201d<\/span><\/i><span style=\"font-weight: 400;\">, et a <\/span><span style=\"font-weight: 400;\">pu b\u00e9n\u00e9ficier d\u2019un accompagnement propos\u00e9 par <\/span><a href=\"https:\/\/pressetaux.fr\/cambrai\/courtier-cambrai-nord\/\" target=\"_blank\"><span style=\"font-weight: 400;\">Johan Carr\u00e9, courtier PresseTaux \u00e0 Cambrai<\/span><\/a><span style=\"font-weight: 400;\"> (59).<\/span><\/p>\n<p><!--more--><\/p>\n<p><b>En quelques mots, pouvez-vous nous r\u00e9sumer en quoi a consist\u00e9 votre projet et pourquoi avez-vous eu besoin d&rsquo;un financement ?<\/b><\/p>\n<p>J\u2019ai sollicit\u00e9 Johan Carr\u00e9 dans le but de ren\u00e9gocier mon pr\u00eat.<\/p>\n<p><b>Pour quelles raisons avez-vous fait appel \u00e0 un courtier ? <\/b><\/p>\n<p>J\u2019ai fait appel \u00e0 un courtier afin de gagner en rapidit\u00e9 au niveau du montage du dossier et pour b\u00e9n\u00e9ficier de conseils professionnels et optimis\u00e9s.<\/p>\n<p><b>Quelles solutions ont \u00e9t\u00e9 trouv\u00e9es par le courtier de PresseTaux pour r\u00e9pondre au mieux \u00e0 vos besoins ?<\/b><\/p>\n<p>En sa qualit\u00e9 de courtier, Johan Carr\u00e9 m\u2019a permis de b\u00e9n\u00e9ficier d\u2019un nouveau taux plus avantageux, engendrant une r\u00e9duction de la dur\u00e9e de mon pr\u00eat de 13 mois. Cette ren\u00e9gociation s\u2019est traduite par une \u00e9conomie d\u2019environ 15 000 \u20ac sur le co\u00fbt total de mon pr\u00eat.<\/p>\n<p><b>De mani\u00e8re g\u00e9n\u00e9rale, comment \u00e9valuez-vous l&rsquo;accompagnement offert par le courtier de l&rsquo;agence PresseTaux qui vous a accompagn\u00e9? <\/b><\/p>\n<p>L\u2019accompagnement qu\u2019a assur\u00e9 Johan Carr\u00e9 a \u00e9t\u00e9 tr\u00e8s professionnel, efficace et r\u00e9actif.<\/p>\n<p><b>Recommanderiez-vous PresseTaux \u00e0 votre entourage ?<\/b><\/p>\n<p><span style=\"font-weight: 400;\">Oui, sans probl\u00e8me. Johan Carr\u00e9 a tenu ses engagements et a montr\u00e9 qu\u2019il \u00e9tait un professionnel en qui l\u2019on peut avoir confiance. Avec lui, pas de mauvaises surprises !<\/span><\/p>\n<p>&nbsp;<\/p>\n","protected":false},"excerpt":{"rendered":"<p>Christophe V. a eu recours aux services de Johan Carr\u00e9, courtier PresseTaux \u00e0 Cambrai, dans le cadre d\u2019une ren\u00e9gociation de pr\u00eat. T\u00e9moignage d\u2019un particulier. Christophe V. a sollicit\u00e9 les services d\u2019un courtier de PresseTaux dans le cadre d\u2019une ren\u00e9gociation de cr\u00e9dit. Il a connu l\u2019enseigne via le \u201cbouche \u00e0 oreille\u201d, et a pu b\u00e9n\u00e9ficier d\u2019un accompagnement propos\u00e9 par Johan Carr\u00e9, courtier PresseTaux \u00e0 Cambrai (59).<\/p>\n","protected":false},"author":7,"featured_media":0,"comment_status":"closed","ping_status":"open","sticky":false,"template":"","format":"standard","meta":{"_genesis_hide_title":false,"_genesis_hide_breadcrumbs":false,"_genesis_hide_singular_image":false,"_genesis_hide_footer_widgets":false,"_genesis_custom_body_class":"","_genesis_custom_post_class":"","_genesis_layout":""},"categories":[6],"tags":[],"yoast_head":"<!-- This site is optimized with the Yoast SEO plugin v17.8 - https:\/\/yoast.com\/wordpress\/plugins\/seo\/ -->\n<title>\u201cL\u2019accompagnement qu\u2019a assur\u00e9 Johan Carr\u00e9 a \u00e9t\u00e9 tr\u00e8s professionnel, efficace et r\u00e9actif\u201d - PresseTaux Cambrai<\/title>\n<meta name=\"robots\" content=\"index, follow, max-snippet:-1, max-image-preview:large, max-video-preview:-1\" \/>\n<link rel=\"canonical\" href=\"https:\/\/pressetaux.fr\/cambrai\/laccompagnement-qua-assure-johan-carre-a-ete-tres-professionnel-efficace-reactif\/\" \/>\n<meta property=\"og:locale\" content=\"fr_FR\" \/>\n<meta property=\"og:type\" content=\"article\" \/>\n<meta property=\"og:title\" content=\"\u201cL\u2019accompagnement qu\u2019a assur\u00e9 Johan Carr\u00e9 a \u00e9t\u00e9 tr\u00e8s professionnel, efficace et r\u00e9actif\u201d - PresseTaux Cambrai\" \/>\n<meta property=\"og:description\" content=\"Christophe V. a eu recours aux services de Johan Carr\u00e9, courtier PresseTaux \u00e0 Cambrai, dans le cadre d\u2019une ren\u00e9gociation de pr\u00eat. T\u00e9moignage d\u2019un particulier. Christophe V. a sollicit\u00e9 les services d\u2019un courtier de PresseTaux dans le cadre d\u2019une ren\u00e9gociation de cr\u00e9dit. Il a connu l\u2019enseigne via le \u201cbouche \u00e0 oreille\u201d, et a pu b\u00e9n\u00e9ficier d\u2019un accompagnement propos\u00e9 par Johan Carr\u00e9, courtier PresseTaux \u00e0 Cambrai (59).\" \/>\n<meta property=\"og:url\" content=\"https:\/\/pressetaux.fr\/cambrai\/laccompagnement-qua-assure-johan-carre-a-ete-tres-professionnel-efficace-reactif\/\" \/>\n<meta property=\"og:site_name\" content=\"PresseTaux Cambrai\" \/>\n<meta property=\"article:publisher\" content=\"https:\/\/www.facebook.com\/pressetauxcambrai?locale=fr_FR\" \/>\n<meta property=\"article:published_time\" content=\"2016-10-06T14:03:38+00:00\" \/>\n<meta property=\"og:image\" content=\"https:\/\/pressetaux.fr\/wp-content\/uploads\/2016\/02\/PresseTaux_courtier_5.jpg\" \/>\n<meta name=\"twitter:label1\" content=\"\u00c9crit par\" \/>\n\t<meta name=\"twitter:data1\" content=\"Ma\u00ebl PresseTaux\" \/>\n\t<meta name=\"twitter:label2\" content=\"Dur\u00e9e de lecture estim\u00e9e\" \/>\n\t<meta name=\"twitter:data2\" content=\"1 minute\" \/>\n<script type=\"application\/ld+json\" class=\"yoast-schema-graph\">{\"@context\":\"https:\/\/schema.org\",\"@graph\":[{\"@type\":\"Organization\",\"@id\":\"https:\/\/pressetaux.fr\/cambrai\/#organization\",\"name\":\"PresseTaux Cambrai\",\"url\":\"https:\/\/pressetaux.fr\/cambrai\/\",\"sameAs\":[\"https:\/\/www.facebook.com\/pressetauxcambrai?locale=fr_FR\"],\"logo\":{\"@type\":\"ImageObject\",\"@id\":\"https:\/\/pressetaux.fr\/cambrai\/#logo\",\"inLanguage\":\"fr-FR\",\"url\":\"https:\/\/pressetaux.fr\/cambrai\/wp-content\/uploads\/sites\/3\/2020\/11\/LogoPressetaux.png\",\"contentUrl\":\"https:\/\/pressetaux.fr\/cambrai\/wp-content\/uploads\/sites\/3\/2020\/11\/LogoPressetaux.png\",\"width\":488,\"height\":278,\"caption\":\"PresseTaux Cambrai\"},\"image\":{\"@id\":\"https:\/\/pressetaux.fr\/cambrai\/#logo\"}},{\"@type\":\"WebSite\",\"@id\":\"https:\/\/pressetaux.fr\/cambrai\/#website\",\"url\":\"https:\/\/pressetaux.fr\/cambrai\/\",\"name\":\"PresseTaux Cambrai\",\"description\":\"COURTIER EN CREDIT\",\"publisher\":{\"@id\":\"https:\/\/pressetaux.fr\/cambrai\/#organization\"},\"potentialAction\":[{\"@type\":\"SearchAction\",\"target\":{\"@type\":\"EntryPoint\",\"urlTemplate\":\"https:\/\/pressetaux.fr\/cambrai\/?s={search_term_string}\"},\"query-input\":\"required name=search_term_string\"}],\"inLanguage\":\"fr-FR\"},{\"@type\":\"ImageObject\",\"@id\":\"https:\/\/pressetaux.fr\/cambrai\/laccompagnement-qua-assure-johan-carre-a-ete-tres-professionnel-efficace-reactif\/#primaryimage\",\"inLanguage\":\"fr-FR\",\"url\":\"https:\/\/pressetaux.fr\/wp-content\/uploads\/2016\/02\/PresseTaux_courtier_5.jpg\",\"contentUrl\":\"https:\/\/pressetaux.fr\/wp-content\/uploads\/2016\/02\/PresseTaux_courtier_5.jpg\"},{\"@type\":\"WebPage\",\"@id\":\"https:\/\/pressetaux.fr\/cambrai\/laccompagnement-qua-assure-johan-carre-a-ete-tres-professionnel-efficace-reactif\/#webpage\",\"url\":\"https:\/\/pressetaux.fr\/cambrai\/laccompagnement-qua-assure-johan-carre-a-ete-tres-professionnel-efficace-reactif\/\",\"name\":\"\\u201cL\\u2019accompagnement qu\\u2019a assur\\u00e9 Johan Carr\\u00e9 a \\u00e9t\\u00e9 tr\\u00e8s professionnel, efficace et r\\u00e9actif\\u201d - PresseTaux Cambrai\",\"isPartOf\":{\"@id\":\"https:\/\/pressetaux.fr\/cambrai\/#website\"},\"primaryImageOfPage\":{\"@id\":\"https:\/\/pressetaux.fr\/cambrai\/laccompagnement-qua-assure-johan-carre-a-ete-tres-professionnel-efficace-reactif\/#primaryimage\"},\"datePublished\":\"2016-10-06T14:03:38+00:00\",\"dateModified\":\"2016-10-06T14:03:38+00:00\",\"breadcrumb\":{\"@id\":\"https:\/\/pressetaux.fr\/cambrai\/laccompagnement-qua-assure-johan-carre-a-ete-tres-professionnel-efficace-reactif\/#breadcrumb\"},\"inLanguage\":\"fr-FR\",\"potentialAction\":[{\"@type\":\"ReadAction\",\"target\":[\"https:\/\/pressetaux.fr\/cambrai\/laccompagnement-qua-assure-johan-carre-a-ete-tres-professionnel-efficace-reactif\/\"]}]},{\"@type\":\"BreadcrumbList\",\"@id\":\"https:\/\/pressetaux.fr\/cambrai\/laccompagnement-qua-assure-johan-carre-a-ete-tres-professionnel-efficace-reactif\/#breadcrumb\",\"itemListElement\":[{\"@type\":\"ListItem\",\"position\":1,\"name\":\"\\u201cL\\u2019accompagnement qu\\u2019a assur\\u00e9 Johan Carr\\u00e9 a \\u00e9t\\u00e9 tr\\u00e8s professionnel, efficace et r\\u00e9actif\\u201d\"}]},{\"@type\":\"Article\",\"@id\":\"https:\/\/pressetaux.fr\/cambrai\/laccompagnement-qua-assure-johan-carre-a-ete-tres-professionnel-efficace-reactif\/#article\",\"isPartOf\":{\"@id\":\"https:\/\/pressetaux.fr\/cambrai\/laccompagnement-qua-assure-johan-carre-a-ete-tres-professionnel-efficace-reactif\/#webpage\"},\"author\":{\"@id\":\"https:\/\/pressetaux.fr\/cambrai\/#\/schema\/person\/e18ef05c180d813e5ce42087d0369f85\"},\"headline\":\"\\u201cL\\u2019accompagnement qu\\u2019a assur\\u00e9 Johan Carr\\u00e9 a \\u00e9t\\u00e9 tr\\u00e8s professionnel, efficace et r\\u00e9actif\\u201d\",\"datePublished\":\"2016-10-06T14:03:38+00:00\",\"dateModified\":\"2016-10-06T14:03:38+00:00\",\"mainEntityOfPage\":{\"@id\":\"https:\/\/pressetaux.fr\/cambrai\/laccompagnement-qua-assure-johan-carre-a-ete-tres-professionnel-efficace-reactif\/#webpage\"},\"wordCount\":304,\"publisher\":{\"@id\":\"https:\/\/pressetaux.fr\/cambrai\/#organization\"},\"image\":{\"@id\":\"https:\/\/pressetaux.fr\/cambrai\/laccompagnement-qua-assure-johan-carre-a-ete-tres-professionnel-efficace-reactif\/#primaryimage\"},\"thumbnailUrl\":\"https:\/\/pressetaux.fr\/wp-content\/uploads\/2016\/02\/PresseTaux_courtier_5.jpg\",\"articleSection\":[\"temoignagesblog\"],\"inLanguage\":\"fr-FR\"},{\"@type\":\"Person\",\"@id\":\"https:\/\/pressetaux.fr\/cambrai\/#\/schema\/person\/e18ef05c180d813e5ce42087d0369f85\",\"name\":\"Ma\\u00ebl PresseTaux\",\"image\":{\"@type\":\"ImageObject\",\"@id\":\"https:\/\/pressetaux.fr\/cambrai\/#personlogo\",\"inLanguage\":\"fr-FR\",\"url\":\"https:\/\/secure.gravatar.com\/avatar\/c2daa4ba12e6c26194c9f7b7936f6a98?s=96&d=mm&r=g\",\"contentUrl\":\"https:\/\/secure.gravatar.com\/avatar\/c2daa4ba12e6c26194c9f7b7936f6a98?s=96&d=mm&r=g\",\"caption\":\"Ma\\u00ebl PresseTaux\"},\"url\":\"https:\/\/pressetaux.fr\/cambrai\/author\/mael-nonet\/\"}]}<\/script>\n<!-- \/ Yoast SEO plugin. -->","yoast_head_json":{"title":"\u201cL\u2019accompagnement qu\u2019a assur\u00e9 Johan Carr\u00e9 a \u00e9t\u00e9 tr\u00e8s professionnel, efficace et r\u00e9actif\u201d - PresseTaux Cambrai","robots":{"index":"index","follow":"follow","max-snippet":"max-snippet:-1","max-image-preview":"max-image-preview:large","max-video-preview":"max-video-preview:-1"},"canonical":"https:\/\/pressetaux.fr\/cambrai\/laccompagnement-qua-assure-johan-carre-a-ete-tres-professionnel-efficace-reactif\/","og_locale":"fr_FR","og_type":"article","og_title":"\u201cL\u2019accompagnement qu\u2019a assur\u00e9 Johan Carr\u00e9 a \u00e9t\u00e9 tr\u00e8s professionnel, efficace et r\u00e9actif\u201d - PresseTaux Cambrai","og_description":"Christophe V. a eu recours aux services de Johan Carr\u00e9, courtier PresseTaux \u00e0 Cambrai, dans le cadre d\u2019une ren\u00e9gociation de pr\u00eat. T\u00e9moignage d\u2019un particulier. Christophe V. a sollicit\u00e9 les services d\u2019un courtier de PresseTaux dans le cadre d\u2019une ren\u00e9gociation de cr\u00e9dit. Il a connu l\u2019enseigne via le \u201cbouche \u00e0 oreille\u201d, et a pu b\u00e9n\u00e9ficier d\u2019un accompagnement propos\u00e9 par Johan Carr\u00e9, courtier PresseTaux \u00e0 Cambrai (59).","og_url":"https:\/\/pressetaux.fr\/cambrai\/laccompagnement-qua-assure-johan-carre-a-ete-tres-professionnel-efficace-reactif\/","og_site_name":"PresseTaux Cambrai","article_publisher":"https:\/\/www.facebook.com\/pressetauxcambrai?locale=fr_FR","article_published_time":"2016-10-06T14:03:38+00:00","og_image":[{"url":"https:\/\/pressetaux.fr\/wp-content\/uploads\/2016\/02\/PresseTaux_courtier_5.jpg"}],"twitter_misc":{"\u00c9crit par":"Ma\u00ebl PresseTaux","Dur\u00e9e de lecture estim\u00e9e":"1 minute"},"schema":{"@context":"https:\/\/schema.org","@graph":[{"@type":"Organization","@id":"https:\/\/pressetaux.fr\/cambrai\/#organization","name":"PresseTaux Cambrai","url":"https:\/\/pressetaux.fr\/cambrai\/","sameAs":["https:\/\/www.facebook.com\/pressetauxcambrai?locale=fr_FR"],"logo":{"@type":"ImageObject","@id":"https:\/\/pressetaux.fr\/cambrai\/#logo","inLanguage":"fr-FR","url":"https:\/\/pressetaux.fr\/cambrai\/wp-content\/uploads\/sites\/3\/2020\/11\/LogoPressetaux.png","contentUrl":"https:\/\/pressetaux.fr\/cambrai\/wp-content\/uploads\/sites\/3\/2020\/11\/LogoPressetaux.png","width":488,"height":278,"caption":"PresseTaux Cambrai"},"image":{"@id":"https:\/\/pressetaux.fr\/cambrai\/#logo"}},{"@type":"WebSite","@id":"https:\/\/pressetaux.fr\/cambrai\/#website","url":"https:\/\/pressetaux.fr\/cambrai\/","name":"PresseTaux Cambrai","description":"COURTIER EN CREDIT","publisher":{"@id":"https:\/\/pressetaux.fr\/cambrai\/#organization"},"potentialAction":[{"@type":"SearchAction","target":{"@type":"EntryPoint","urlTemplate":"https:\/\/pressetaux.fr\/cambrai\/?s={search_term_string}"},"query-input":"required name=search_term_string"}],"inLanguage":"fr-FR"},{"@type":"ImageObject","@id":"https:\/\/pressetaux.fr\/cambrai\/laccompagnement-qua-assure-johan-carre-a-ete-tres-professionnel-efficace-reactif\/#primaryimage","inLanguage":"fr-FR","url":"https:\/\/pressetaux.fr\/wp-content\/uploads\/2016\/02\/PresseTaux_courtier_5.jpg","contentUrl":"https:\/\/pressetaux.fr\/wp-content\/uploads\/2016\/02\/PresseTaux_courtier_5.jpg"},{"@type":"WebPage","@id":"https:\/\/pressetaux.fr\/cambrai\/laccompagnement-qua-assure-johan-carre-a-ete-tres-professionnel-efficace-reactif\/#webpage","url":"https:\/\/pressetaux.fr\/cambrai\/laccompagnement-qua-assure-johan-carre-a-ete-tres-professionnel-efficace-reactif\/","name":"\u201cL\u2019accompagnement qu\u2019a assur\u00e9 Johan Carr\u00e9 a \u00e9t\u00e9 tr\u00e8s professionnel, efficace et r\u00e9actif\u201d - PresseTaux Cambrai","isPartOf":{"@id":"https:\/\/pressetaux.fr\/cambrai\/#website"},"primaryImageOfPage":{"@id":"https:\/\/pressetaux.fr\/cambrai\/laccompagnement-qua-assure-johan-carre-a-ete-tres-professionnel-efficace-reactif\/#primaryimage"},"datePublished":"2016-10-06T14:03:38+00:00","dateModified":"2016-10-06T14:03:38+00:00","breadcrumb":{"@id":"https:\/\/pressetaux.fr\/cambrai\/laccompagnement-qua-assure-johan-carre-a-ete-tres-professionnel-efficace-reactif\/#breadcrumb"},"inLanguage":"fr-FR","potentialAction":[{"@type":"ReadAction","target":["https:\/\/pressetaux.fr\/cambrai\/laccompagnement-qua-assure-johan-carre-a-ete-tres-professionnel-efficace-reactif\/"]}]},{"@type":"BreadcrumbList","@id":"https:\/\/pressetaux.fr\/cambrai\/laccompagnement-qua-assure-johan-carre-a-ete-tres-professionnel-efficace-reactif\/#breadcrumb","itemListElement":[{"@type":"ListItem","position":1,"name":"\u201cL\u2019accompagnement qu\u2019a assur\u00e9 Johan Carr\u00e9 a \u00e9t\u00e9 tr\u00e8s professionnel, efficace et r\u00e9actif\u201d"}]},{"@type":"Article","@id":"https:\/\/pressetaux.fr\/cambrai\/laccompagnement-qua-assure-johan-carre-a-ete-tres-professionnel-efficace-reactif\/#article","isPartOf":{"@id":"https:\/\/pressetaux.fr\/cambrai\/laccompagnement-qua-assure-johan-carre-a-ete-tres-professionnel-efficace-reactif\/#webpage"},"author":{"@id":"https:\/\/pressetaux.fr\/cambrai\/#\/schema\/person\/e18ef05c180d813e5ce42087d0369f85"},"headline":"\u201cL\u2019accompagnement qu\u2019a assur\u00e9 Johan Carr\u00e9 a \u00e9t\u00e9 tr\u00e8s professionnel, efficace et r\u00e9actif\u201d","datePublished":"2016-10-06T14:03:38+00:00","dateModified":"2016-10-06T14:03:38+00:00","mainEntityOfPage":{"@id":"https:\/\/pressetaux.fr\/cambrai\/laccompagnement-qua-assure-johan-carre-a-ete-tres-professionnel-efficace-reactif\/#webpage"},"wordCount":304,"publisher":{"@id":"https:\/\/pressetaux.fr\/cambrai\/#organization"},"image":{"@id":"https:\/\/pressetaux.fr\/cambrai\/laccompagnement-qua-assure-johan-carre-a-ete-tres-professionnel-efficace-reactif\/#primaryimage"},"thumbnailUrl":"https:\/\/pressetaux.fr\/wp-content\/uploads\/2016\/02\/PresseTaux_courtier_5.jpg","articleSection":["temoignagesblog"],"inLanguage":"fr-FR"},{"@type":"Person","@id":"https:\/\/pressetaux.fr\/cambrai\/#\/schema\/person\/e18ef05c180d813e5ce42087d0369f85","name":"Ma\u00ebl PresseTaux","image":{"@type":"ImageObject","@id":"https:\/\/pressetaux.fr\/cambrai\/#personlogo","inLanguage":"fr-FR","url":"https:\/\/secure.gravatar.com\/avatar\/c2daa4ba12e6c26194c9f7b7936f6a98?s=96&d=mm&r=g","contentUrl":"https:\/\/secure.gravatar.com\/avatar\/c2daa4ba12e6c26194c9f7b7936f6a98?s=96&d=mm&r=g","caption":"Ma\u00ebl PresseTaux"},"url":"https:\/\/pressetaux.fr\/cambrai\/author\/mael-nonet\/"}]}},"_links":{"self":[{"href":"https:\/\/pressetaux.fr\/cambrai\/wp-json\/wp\/v2\/posts\/1062"}],"collection":[{"href":"https:\/\/pressetaux.fr\/cambrai\/wp-json\/wp\/v2\/posts"}],"about":[{"href":"https:\/\/pressetaux.fr\/cambrai\/wp-json\/wp\/v2\/types\/post"}],"author":[{"embeddable":true,"href":"https:\/\/pressetaux.fr\/cambrai\/wp-json\/wp\/v2\/users\/7"}],"replies":[{"embeddable":true,"href":"https:\/\/pressetaux.fr\/cambrai\/wp-json\/wp\/v2\/comments?post=1062"}],"version-history":[{"count":0,"href":"https:\/\/pressetaux.fr\/cambrai\/wp-json\/wp\/v2\/posts\/1062\/revisions"}],"wp:attachment":[{"href":"https:\/\/pressetaux.fr\/cambrai\/wp-json\/wp\/v2\/media?parent=1062"}],"wp:term":[{"taxonomy":"category","embeddable":true,"href":"https:\/\/pressetaux.fr\/cambrai\/wp-json\/wp\/v2\/categories?post=1062"},{"taxonomy":"post_tag","embeddable":true,"href":"https:\/\/pressetaux.fr\/cambrai\/wp-json\/wp\/v2\/tags?post=1062"}],"curies":[{"name":"wp","href":"https:\/\/api.w.org\/{rel}","templated":true}]}}