{"id":1119,"date":"2016-11-21T16:25:16","date_gmt":"2016-11-21T15:25:16","guid":{"rendered":"http:\/\/pressetaux.fr\/cambrai\/tendance-a-hausse-taux-bancaires-selon-courtiers-pressetaux\/"},"modified":"2019-10-10T09:42:18","modified_gmt":"2019-10-10T08:42:18","slug":"tendance-a-hausse-taux-bancaires-selon-courtiers-pressetaux","status":"publish","type":"post","link":"https:\/\/pressetaux.fr\/cambrai\/tendance-a-hausse-taux-bancaires-selon-courtiers-pressetaux\/","title":{"rendered":"Tendance \u00e0 la hausse pour les taux bancaires, selon les courtiers PresseTaux"},"content":{"rendered":"<p><b><a href=\"https:\/\/pressetaux.fr\/wp-content\/uploads\/2016\/03\/PresseTaux_courtier_9.jpg\"><img loading=\"lazy\" class=\"alignright wp-image-3558\" src=\"https:\/\/pressetaux.fr\/wp-content\/uploads\/2016\/03\/PresseTaux_courtier_9.jpg\" alt=\"PresseTaux_courtier_9\" width=\"350\" height=\"233\"><\/a>Parmi les courtiers du r\u00e9seau PresseTaux, beaucoup s\u2019accordent \u00e0 dire que les taux ne vont pas rester si bas tr\u00e8s longtemps. Selon eux, la tendance devrait s\u2019inverser \u00e0 partir du d\u00e9but de l\u2019ann\u00e9e 2017. Et d\u2019ailleurs, certaines banques ont d\u00e9j\u00e0 relev\u00e9 leurs taux de quelques dixi\u00e8mes.<\/b><\/p>\n<p><i><span style=\"font-weight: 400;\">\u201cNous devrions conna\u00eetre une hausse des taux \u00e0 partir de d\u00e9but 2017\u201d<\/span><\/i><span style=\"font-weight: 400;\">, avance <\/span><a href=\"https:\/\/pressetaux.fr\/valenciennes\/courtier-valenciennes\/\" target=\"_blank\" rel=\"noopener noreferrer\"><span style=\"font-weight: 400;\">Gregory Willay, courtier PresseTaux \u00e0 Valenciennes<\/span><\/a><span style=\"font-weight: 400;\"> (59). <\/span><i><span style=\"font-weight: 400;\">\u201cLes facteurs \u00e9conomiques, comme les obligations assimilables du Tr\u00e9sor (OAT) ou la Banque centrale europ\u00e9enne (BCE), vont dans cette perspective.\u201d<\/span><\/i> <a href=\"https:\/\/pressetaux.fr\/cambrai\/courtier-cambrai-nord\/\" target=\"_blank\" rel=\"noopener noreferrer\"><span style=\"font-weight: 400;\">Johan Carr\u00e9, courtier PresseTaux \u00e0 Cambrai<\/span><\/a><span style=\"font-weight: 400;\"> (59), abonde : <\/span><i><span style=\"font-weight: 400;\">\u201cJe pense que les taux remonteront particuli\u00e8rement \u00e0 partir du second semestre 2017 car le march\u00e9 de l&rsquo;immobilier repart assez bien. Maintenant, ce n&rsquo;est pas une certitude et beaucoup ont annonc\u00e9 la fin des taux bas pour l\u2019ann\u00e9e derni\u00e8re d\u00e9j\u00e0&#8230; Cela d\u00e9pendra du march\u00e9 de l\u2019immobilier, \u00e0 savoir s\u2019il suit cette tendance ou pas.\u201d<\/span><\/i><\/p>\n<p><!--more--><\/p>\n<p><span style=\"font-weight: 400;\">Comme le sugg\u00e8re Johan Carr\u00e9, les pr\u00e9visions ne sont pas infaillibles. Les sondages politiques en sont un bel exemple, \u00e0 l\u2019image des r\u00e9centes \u00e9lections pr\u00e9sidentielles aux \u00c9tats-Unis. Comme le rappelle <\/span><a href=\"https:\/\/pressetaux.fr\/cambrai\/courtier-douai\/\" target=\"_blank\" rel=\"noopener noreferrer\"><span style=\"font-weight: 400;\">Christophe Lamand, courtier PresseTaux \u00e0 Douai<\/span><\/a><span style=\"font-weight: 400;\"> (59), il est <\/span><i><span style=\"font-weight: 400;\">\u201cdifficile de pr\u00e9dire\u201d<\/span><\/i><span style=\"font-weight: 400;\">&#8230; Et concernant les taux bas, il entrevoit plut\u00f4t <\/span><i><span style=\"font-weight: 400;\">\u201cune stagnation\u201d<\/span><\/i><span style=\"font-weight: 400;\">, car <\/span><i><span style=\"font-weight: 400;\">\u201cles taux bas b\u00e9n\u00e9ficient \u00e0 la reprise \u00e9conomique de nos pays europ\u00e9ens en crise. Et les banques y tirent \u00e9galement leur \u00e9pingle du jeu car les taux bas multiplient leurs affaires\u201d<\/span><\/i><span style=\"font-weight: 400;\">, pr\u00e9cise-t-il. <\/span><\/p>\n<p><span style=\"font-weight: 400;\">Pour <\/span><a href=\"https:\/\/pressetaux.fr\/sannois\/courtier-en-credit-a-sannois\/\" target=\"_blank\" rel=\"noopener noreferrer\"><span style=\"font-weight: 400;\">C\u00e9dric Leroy, courtier PresseTaux \u00e0 Sannois<\/span><\/a><span style=\"font-weight: 400;\"> (95) : <\/span><i><span style=\"font-weight: 400;\">\u201cLes taux ont atteint leur niveau le plus bas, mais ces conditions ne devraient pas perdurer.\u201d<\/span><\/i> <a href=\"https:\/\/pressetaux.fr\/cambrai\/courtier-en-credit-caudry\/\" target=\"_blank\" rel=\"noopener noreferrer\"><span style=\"font-weight: 400;\">Jean-Philippe Journet, courtier PresseTaux \u00e0 Caudry<\/span><\/a><span style=\"font-weight: 400;\"> (59), pr\u00e9voit lui-aussi <\/span><i><span style=\"font-weight: 400;\">\u201cune tendance \u00e0 la hausse \u00e0 partir de janvier 2017\u201d<\/span><\/i><span style=\"font-weight: 400;\">.<\/span><\/p>\n<p><a href=\"https:\/\/pressetaux.fr\/montpellier\/courtier-montpellier\/\" target=\"_blank\" rel=\"noopener noreferrer\"><span style=\"font-weight: 400;\">Carine Pradelles, courtier PresseTaux \u00e0 Montpellier<\/span><\/a><span style=\"font-weight: 400;\"> (34), apporte une nuance : <\/span><i><span style=\"font-weight: 400;\">\u201cJe pense que les taux vont rester bas. Certaines banques vont ajuster leur taux court terme (qui concernent les pr\u00eats inf\u00e9rieurs \u00e0 10 ans) ou leur long terme, mais de fa\u00e7on marginale. Car elles doivent maintenir une activit\u00e9 de cr\u00e9dit soutenue pour ne pas d\u00e9structurer leur bilan.\u201d<\/span><\/i><span style=\"font-weight: 400;\"> Et l\u2019actualit\u00e9 peut contrecarrer \u00e0 tout moment n\u2019importe quelle tendance, comme le sous-entend Carine Pradelles : <\/span><i><span style=\"font-weight: 400;\">\u201cToutefois, l\u2019\u00e9lection du nouveau pr\u00e9sident des \u00c9tats-Unis peut avoir des impacts cons\u00e9quents sur le plan de la finance&#8230; \u00c0 suivre !\u201d<\/span><\/i><\/p>\n<p><span style=\"font-weight: 400;\"><a href=\"http:\/\/www.capital.fr\/immobilier\/actualites\/merci-donald-trump-les-taux-de-nos-credits-immobiliers-vont-remonter-cet-hiver-1185167#\" target=\"_blank\" rel=\"noopener noreferrer\"><img loading=\"lazy\" class=\"alignleft wp-image-1143\" src=\"https:\/\/pressetaux.fr\/wp-content\/uploads\/2016\/11\/Capital-fr_2016-11-14_zoom.jpg\" alt=\"capital-fr_2016-11-14_zoom\" width=\"350\" height=\"372\"><\/a>Gregory Willay a d\u2019ailleurs \u00e9t\u00e9 interview\u00e9 \u00e0 ce sujet par le magazine <\/span><i><span style=\"font-weight: 400;\">Capital<\/span><\/i> <a href=\"http:\/\/www.capital.fr\/immobilier\/actualites\/merci-donald-trump-les-taux-de-nos-credits-immobiliers-vont-remonter-cet-hiver-1185167#\" target=\"_blank\" rel=\"noopener noreferrer\"><span style=\"font-weight: 400;\">dans un article publi\u00e9 sur son site<\/span><\/a><span style=\"font-weight: 400;\">. Intitul\u00e9 \u201cTaux de cr\u00e9dits immobiliers : ils vont remonter cet hiver, merci Trump !\u201d, le journaliste Nicolas Gallant \u00e9crivait ceci : <\/span><i><span style=\"font-weight: 400;\">\u201cEn France, comme ailleurs en Europe, les m\u00e9nages devraient bient\u00f4t \u00eatre frapp\u00e9s de plein fouet au porte-monnaie, notamment via un durcissement des conditions de taux d\u2019int\u00e9r\u00eat sur les cr\u00e9dits immobiliers. <\/span><\/i><span style=\"font-weight: 400;\">\u00ab En g\u00e9n\u00e9ral, il y a en moyenne un d\u00e9lai de deux mois, avant que la remont\u00e9e des taux d\u2019int\u00e9r\u00eat des emprunts d\u2019\u00c9tat se r\u00e9percute sur ceux des cr\u00e9dits immobiliers \u00bb<\/span><i><span style=\"font-weight: 400;\">, rappelle Gregory Willay, qui a toutefois d\u00e9j\u00e0 not\u00e9 une remont\u00e9e de 0,20&nbsp;% pour deux \u00e9tablissements bancaires (Caisse d\u2019\u00e9pargne et CIC) dans le Nord de la France, pour ce mois de novembre.\u201d<\/span><\/i><\/p>\n<p><span style=\"font-weight: 400;\">Nicolas Gallant conclut son article ainsi : <\/span><i><span style=\"font-weight: 400;\">\u201cGregory Willay juge toutefois que la perspective des \u00e9lections fran\u00e7aises au printemps prochain pourrait favoriser un mouvement d\u2019attentisme des investisseurs dans l\u2019immobilier, \u00e0 l\u2019aff\u00fbt de nouvelles mesures fiscales. Un ph\u00e9nom\u00e8ne qui pourrait freiner quelque peu le durcissement des conditions de cr\u00e9dit des banques d\u2019ici-l\u00e0\u2026\u201d<\/span><\/i><\/p>\n<p><span style=\"font-weight: 400;\">Tout compte fait, au vu d\u2019une telle actualit\u00e9 politique en ces mois d\u2019\u00e9lections pr\u00e9sidentielles o\u00f9 d\u00e9cid\u00e9ment rien n\u2019est jou\u00e9 d\u2019avance, \u00e0 l\u2019image de la Primaire \u00e9cologiste et de la Primaire de la droite et du centre dont les r\u00e9sultats ont d\u00e9jou\u00e9 tous les pronostics, il peut \u00eatre judicieux de ne pas prendre les sondages et les pr\u00e9visions comme argent comptant&#8230; Et cela peut valoir aussi pour les taux bancaires, puisque nombreux \u00e9taient ceux qui pr\u00e9voyaient la fin de leur chute avant le d\u00e9but de l\u2019ann\u00e9e 2016 !<\/span><\/p>\n","protected":false},"excerpt":{"rendered":"<p>Parmi les courtiers du r\u00e9seau PresseTaux, beaucoup s\u2019accordent \u00e0 dire que les taux ne vont pas rester si bas tr\u00e8s longtemps. Selon eux, la tendance devrait s\u2019inverser \u00e0 partir du d\u00e9but de l\u2019ann\u00e9e 2017. Et d\u2019ailleurs, certaines banques ont d\u00e9j\u00e0 relev\u00e9 leurs taux de quelques dixi\u00e8mes. \u201cNous devrions conna\u00eetre une hausse des taux \u00e0 partir de d\u00e9but 2017\u201d, avance Gregory Willay, courtier PresseTaux \u00e0 Valenciennes (59). \u201cLes facteurs \u00e9conomiques, comme les obligations assimilables du Tr\u00e9sor (OAT) ou la Banque centrale europ\u00e9enne (BCE), vont dans cette perspective.\u201d Johan Carr\u00e9, courtier PresseTaux \u00e0 Cambrai (59), abonde : \u201cJe pense que les taux remonteront particuli\u00e8rement \u00e0 partir du second semestre 2017 car le march\u00e9 de l&rsquo;immobilier repart assez bien. Maintenant, ce n&rsquo;est pas une certitude et beaucoup ont annonc\u00e9 la fin des taux bas pour l\u2019ann\u00e9e derni\u00e8re d\u00e9j\u00e0&#8230; Cela d\u00e9pendra du march\u00e9 de l\u2019immobilier, \u00e0 savoir s\u2019il suit cette tendance ou pas.\u201d<\/p>\n","protected":false},"author":7,"featured_media":0,"comment_status":"closed","ping_status":"open","sticky":false,"template":"","format":"standard","meta":{"_genesis_hide_title":false,"_genesis_hide_breadcrumbs":false,"_genesis_hide_singular_image":false,"_genesis_hide_footer_widgets":false,"_genesis_custom_body_class":"","_genesis_custom_post_class":"","_genesis_layout":""},"categories":[8],"tags":[],"yoast_head":"<!-- This site is optimized with the Yoast SEO plugin v17.8 - https:\/\/yoast.com\/wordpress\/plugins\/seo\/ -->\n<title>Tendance \u00e0 la hausse pour les taux bancaires, selon les courtiers PresseTaux - PresseTaux Cambrai<\/title>\n<meta name=\"robots\" content=\"index, follow, max-snippet:-1, max-image-preview:large, max-video-preview:-1\" \/>\n<link rel=\"canonical\" href=\"https:\/\/pressetaux.fr\/cambrai\/tendance-a-hausse-taux-bancaires-selon-courtiers-pressetaux\/\" \/>\n<meta property=\"og:locale\" content=\"fr_FR\" \/>\n<meta property=\"og:type\" content=\"article\" \/>\n<meta property=\"og:title\" content=\"Tendance \u00e0 la hausse pour les taux bancaires, selon les courtiers PresseTaux - PresseTaux Cambrai\" \/>\n<meta property=\"og:description\" content=\"Parmi les courtiers du r\u00e9seau PresseTaux, beaucoup s\u2019accordent \u00e0 dire que les taux ne vont pas rester si bas tr\u00e8s longtemps. Selon eux, la tendance devrait s\u2019inverser \u00e0 partir du d\u00e9but de l\u2019ann\u00e9e 2017. Et d\u2019ailleurs, certaines banques ont d\u00e9j\u00e0 relev\u00e9 leurs taux de quelques dixi\u00e8mes. \u201cNous devrions conna\u00eetre une hausse des taux \u00e0 partir de d\u00e9but 2017\u201d, avance Gregory Willay, courtier PresseTaux \u00e0 Valenciennes (59). \u201cLes facteurs \u00e9conomiques, comme les obligations assimilables du Tr\u00e9sor (OAT) ou la Banque centrale europ\u00e9enne (BCE), vont dans cette perspective.\u201d Johan Carr\u00e9, courtier PresseTaux \u00e0 Cambrai (59), abonde : \u201cJe pense que les taux remonteront particuli\u00e8rement \u00e0 partir du second semestre 2017 car le march\u00e9 de l&rsquo;immobilier repart assez bien. Maintenant, ce n&rsquo;est pas une certitude et beaucoup ont annonc\u00e9 la fin des taux bas pour l\u2019ann\u00e9e derni\u00e8re d\u00e9j\u00e0&#8230; Cela d\u00e9pendra du march\u00e9 de l\u2019immobilier, \u00e0 savoir s\u2019il suit cette tendance ou pas.\u201d\" \/>\n<meta property=\"og:url\" content=\"https:\/\/pressetaux.fr\/cambrai\/tendance-a-hausse-taux-bancaires-selon-courtiers-pressetaux\/\" \/>\n<meta property=\"og:site_name\" content=\"PresseTaux Cambrai\" \/>\n<meta property=\"article:publisher\" content=\"https:\/\/www.facebook.com\/pressetauxcambrai?locale=fr_FR\" \/>\n<meta property=\"article:published_time\" content=\"2016-11-21T15:25:16+00:00\" \/>\n<meta property=\"article:modified_time\" content=\"2019-10-10T08:42:18+00:00\" \/>\n<meta property=\"og:image\" content=\"https:\/\/pressetaux.fr\/wp-content\/uploads\/2016\/03\/PresseTaux_courtier_9.jpg\" \/>\n<meta name=\"twitter:label1\" content=\"\u00c9crit par\" \/>\n\t<meta name=\"twitter:data1\" content=\"Ma\u00ebl PresseTaux\" \/>\n\t<meta name=\"twitter:label2\" content=\"Dur\u00e9e de lecture estim\u00e9e\" \/>\n\t<meta name=\"twitter:data2\" content=\"3 minutes\" \/>\n<script type=\"application\/ld+json\" class=\"yoast-schema-graph\">{\"@context\":\"https:\/\/schema.org\",\"@graph\":[{\"@type\":\"Organization\",\"@id\":\"https:\/\/pressetaux.fr\/cambrai\/#organization\",\"name\":\"PresseTaux Cambrai\",\"url\":\"https:\/\/pressetaux.fr\/cambrai\/\",\"sameAs\":[\"https:\/\/www.facebook.com\/pressetauxcambrai?locale=fr_FR\"],\"logo\":{\"@type\":\"ImageObject\",\"@id\":\"https:\/\/pressetaux.fr\/cambrai\/#logo\",\"inLanguage\":\"fr-FR\",\"url\":\"https:\/\/pressetaux.fr\/cambrai\/wp-content\/uploads\/sites\/3\/2020\/11\/LogoPressetaux.png\",\"contentUrl\":\"https:\/\/pressetaux.fr\/cambrai\/wp-content\/uploads\/sites\/3\/2020\/11\/LogoPressetaux.png\",\"width\":488,\"height\":278,\"caption\":\"PresseTaux Cambrai\"},\"image\":{\"@id\":\"https:\/\/pressetaux.fr\/cambrai\/#logo\"}},{\"@type\":\"WebSite\",\"@id\":\"https:\/\/pressetaux.fr\/cambrai\/#website\",\"url\":\"https:\/\/pressetaux.fr\/cambrai\/\",\"name\":\"PresseTaux Cambrai\",\"description\":\"COURTIER EN CREDIT\",\"publisher\":{\"@id\":\"https:\/\/pressetaux.fr\/cambrai\/#organization\"},\"potentialAction\":[{\"@type\":\"SearchAction\",\"target\":{\"@type\":\"EntryPoint\",\"urlTemplate\":\"https:\/\/pressetaux.fr\/cambrai\/?s={search_term_string}\"},\"query-input\":\"required name=search_term_string\"}],\"inLanguage\":\"fr-FR\"},{\"@type\":\"ImageObject\",\"@id\":\"https:\/\/pressetaux.fr\/cambrai\/tendance-a-hausse-taux-bancaires-selon-courtiers-pressetaux\/#primaryimage\",\"inLanguage\":\"fr-FR\",\"url\":\"https:\/\/pressetaux.fr\/wp-content\/uploads\/2016\/03\/PresseTaux_courtier_9.jpg\",\"contentUrl\":\"https:\/\/pressetaux.fr\/wp-content\/uploads\/2016\/03\/PresseTaux_courtier_9.jpg\"},{\"@type\":\"WebPage\",\"@id\":\"https:\/\/pressetaux.fr\/cambrai\/tendance-a-hausse-taux-bancaires-selon-courtiers-pressetaux\/#webpage\",\"url\":\"https:\/\/pressetaux.fr\/cambrai\/tendance-a-hausse-taux-bancaires-selon-courtiers-pressetaux\/\",\"name\":\"Tendance \\u00e0 la hausse pour les taux bancaires, selon les courtiers PresseTaux - PresseTaux Cambrai\",\"isPartOf\":{\"@id\":\"https:\/\/pressetaux.fr\/cambrai\/#website\"},\"primaryImageOfPage\":{\"@id\":\"https:\/\/pressetaux.fr\/cambrai\/tendance-a-hausse-taux-bancaires-selon-courtiers-pressetaux\/#primaryimage\"},\"datePublished\":\"2016-11-21T15:25:16+00:00\",\"dateModified\":\"2019-10-10T08:42:18+00:00\",\"breadcrumb\":{\"@id\":\"https:\/\/pressetaux.fr\/cambrai\/tendance-a-hausse-taux-bancaires-selon-courtiers-pressetaux\/#breadcrumb\"},\"inLanguage\":\"fr-FR\",\"potentialAction\":[{\"@type\":\"ReadAction\",\"target\":[\"https:\/\/pressetaux.fr\/cambrai\/tendance-a-hausse-taux-bancaires-selon-courtiers-pressetaux\/\"]}]},{\"@type\":\"BreadcrumbList\",\"@id\":\"https:\/\/pressetaux.fr\/cambrai\/tendance-a-hausse-taux-bancaires-selon-courtiers-pressetaux\/#breadcrumb\",\"itemListElement\":[{\"@type\":\"ListItem\",\"position\":1,\"name\":\"Tendance \\u00e0 la hausse pour les taux bancaires, selon les courtiers PresseTaux\"}]},{\"@type\":\"Article\",\"@id\":\"https:\/\/pressetaux.fr\/cambrai\/tendance-a-hausse-taux-bancaires-selon-courtiers-pressetaux\/#article\",\"isPartOf\":{\"@id\":\"https:\/\/pressetaux.fr\/cambrai\/tendance-a-hausse-taux-bancaires-selon-courtiers-pressetaux\/#webpage\"},\"author\":{\"@id\":\"https:\/\/pressetaux.fr\/cambrai\/#\/schema\/person\/e18ef05c180d813e5ce42087d0369f85\"},\"headline\":\"Tendance \\u00e0 la hausse pour les taux bancaires, selon les courtiers PresseTaux\",\"datePublished\":\"2016-11-21T15:25:16+00:00\",\"dateModified\":\"2019-10-10T08:42:18+00:00\",\"mainEntityOfPage\":{\"@id\":\"https:\/\/pressetaux.fr\/cambrai\/tendance-a-hausse-taux-bancaires-selon-courtiers-pressetaux\/#webpage\"},\"wordCount\":701,\"publisher\":{\"@id\":\"https:\/\/pressetaux.fr\/cambrai\/#organization\"},\"image\":{\"@id\":\"https:\/\/pressetaux.fr\/cambrai\/tendance-a-hausse-taux-bancaires-selon-courtiers-pressetaux\/#primaryimage\"},\"thumbnailUrl\":\"https:\/\/pressetaux.fr\/wp-content\/uploads\/2016\/03\/PresseTaux_courtier_9.jpg\",\"articleSection\":[\"L'actu des franchises\"],\"inLanguage\":\"fr-FR\"},{\"@type\":\"Person\",\"@id\":\"https:\/\/pressetaux.fr\/cambrai\/#\/schema\/person\/e18ef05c180d813e5ce42087d0369f85\",\"name\":\"Ma\\u00ebl PresseTaux\",\"image\":{\"@type\":\"ImageObject\",\"@id\":\"https:\/\/pressetaux.fr\/cambrai\/#personlogo\",\"inLanguage\":\"fr-FR\",\"url\":\"https:\/\/secure.gravatar.com\/avatar\/c2daa4ba12e6c26194c9f7b7936f6a98?s=96&d=mm&r=g\",\"contentUrl\":\"https:\/\/secure.gravatar.com\/avatar\/c2daa4ba12e6c26194c9f7b7936f6a98?s=96&d=mm&r=g\",\"caption\":\"Ma\\u00ebl PresseTaux\"},\"url\":\"https:\/\/pressetaux.fr\/cambrai\/author\/mael-nonet\/\"}]}<\/script>\n<!-- \/ Yoast SEO plugin. -->","yoast_head_json":{"title":"Tendance \u00e0 la hausse pour les taux bancaires, selon les courtiers PresseTaux - PresseTaux Cambrai","robots":{"index":"index","follow":"follow","max-snippet":"max-snippet:-1","max-image-preview":"max-image-preview:large","max-video-preview":"max-video-preview:-1"},"canonical":"https:\/\/pressetaux.fr\/cambrai\/tendance-a-hausse-taux-bancaires-selon-courtiers-pressetaux\/","og_locale":"fr_FR","og_type":"article","og_title":"Tendance \u00e0 la hausse pour les taux bancaires, selon les courtiers PresseTaux - PresseTaux Cambrai","og_description":"Parmi les courtiers du r\u00e9seau PresseTaux, beaucoup s\u2019accordent \u00e0 dire que les taux ne vont pas rester si bas tr\u00e8s longtemps. Selon eux, la tendance devrait s\u2019inverser \u00e0 partir du d\u00e9but de l\u2019ann\u00e9e 2017. Et d\u2019ailleurs, certaines banques ont d\u00e9j\u00e0 relev\u00e9 leurs taux de quelques dixi\u00e8mes. \u201cNous devrions conna\u00eetre une hausse des taux \u00e0 partir de d\u00e9but 2017\u201d, avance Gregory Willay, courtier PresseTaux \u00e0 Valenciennes (59). \u201cLes facteurs \u00e9conomiques, comme les obligations assimilables du Tr\u00e9sor (OAT) ou la Banque centrale europ\u00e9enne (BCE), vont dans cette perspective.\u201d Johan Carr\u00e9, courtier PresseTaux \u00e0 Cambrai (59), abonde : \u201cJe pense que les taux remonteront particuli\u00e8rement \u00e0 partir du second semestre 2017 car le march\u00e9 de l&rsquo;immobilier repart assez bien. Maintenant, ce n&rsquo;est pas une certitude et beaucoup ont annonc\u00e9 la fin des taux bas pour l\u2019ann\u00e9e derni\u00e8re d\u00e9j\u00e0&#8230; Cela d\u00e9pendra du march\u00e9 de l\u2019immobilier, \u00e0 savoir s\u2019il suit cette tendance ou pas.\u201d","og_url":"https:\/\/pressetaux.fr\/cambrai\/tendance-a-hausse-taux-bancaires-selon-courtiers-pressetaux\/","og_site_name":"PresseTaux Cambrai","article_publisher":"https:\/\/www.facebook.com\/pressetauxcambrai?locale=fr_FR","article_published_time":"2016-11-21T15:25:16+00:00","article_modified_time":"2019-10-10T08:42:18+00:00","og_image":[{"url":"https:\/\/pressetaux.fr\/wp-content\/uploads\/2016\/03\/PresseTaux_courtier_9.jpg"}],"twitter_misc":{"\u00c9crit par":"Ma\u00ebl PresseTaux","Dur\u00e9e de lecture estim\u00e9e":"3 minutes"},"schema":{"@context":"https:\/\/schema.org","@graph":[{"@type":"Organization","@id":"https:\/\/pressetaux.fr\/cambrai\/#organization","name":"PresseTaux Cambrai","url":"https:\/\/pressetaux.fr\/cambrai\/","sameAs":["https:\/\/www.facebook.com\/pressetauxcambrai?locale=fr_FR"],"logo":{"@type":"ImageObject","@id":"https:\/\/pressetaux.fr\/cambrai\/#logo","inLanguage":"fr-FR","url":"https:\/\/pressetaux.fr\/cambrai\/wp-content\/uploads\/sites\/3\/2020\/11\/LogoPressetaux.png","contentUrl":"https:\/\/pressetaux.fr\/cambrai\/wp-content\/uploads\/sites\/3\/2020\/11\/LogoPressetaux.png","width":488,"height":278,"caption":"PresseTaux Cambrai"},"image":{"@id":"https:\/\/pressetaux.fr\/cambrai\/#logo"}},{"@type":"WebSite","@id":"https:\/\/pressetaux.fr\/cambrai\/#website","url":"https:\/\/pressetaux.fr\/cambrai\/","name":"PresseTaux Cambrai","description":"COURTIER EN CREDIT","publisher":{"@id":"https:\/\/pressetaux.fr\/cambrai\/#organization"},"potentialAction":[{"@type":"SearchAction","target":{"@type":"EntryPoint","urlTemplate":"https:\/\/pressetaux.fr\/cambrai\/?s={search_term_string}"},"query-input":"required name=search_term_string"}],"inLanguage":"fr-FR"},{"@type":"ImageObject","@id":"https:\/\/pressetaux.fr\/cambrai\/tendance-a-hausse-taux-bancaires-selon-courtiers-pressetaux\/#primaryimage","inLanguage":"fr-FR","url":"https:\/\/pressetaux.fr\/wp-content\/uploads\/2016\/03\/PresseTaux_courtier_9.jpg","contentUrl":"https:\/\/pressetaux.fr\/wp-content\/uploads\/2016\/03\/PresseTaux_courtier_9.jpg"},{"@type":"WebPage","@id":"https:\/\/pressetaux.fr\/cambrai\/tendance-a-hausse-taux-bancaires-selon-courtiers-pressetaux\/#webpage","url":"https:\/\/pressetaux.fr\/cambrai\/tendance-a-hausse-taux-bancaires-selon-courtiers-pressetaux\/","name":"Tendance \u00e0 la hausse pour les taux bancaires, selon les courtiers PresseTaux - PresseTaux Cambrai","isPartOf":{"@id":"https:\/\/pressetaux.fr\/cambrai\/#website"},"primaryImageOfPage":{"@id":"https:\/\/pressetaux.fr\/cambrai\/tendance-a-hausse-taux-bancaires-selon-courtiers-pressetaux\/#primaryimage"},"datePublished":"2016-11-21T15:25:16+00:00","dateModified":"2019-10-10T08:42:18+00:00","breadcrumb":{"@id":"https:\/\/pressetaux.fr\/cambrai\/tendance-a-hausse-taux-bancaires-selon-courtiers-pressetaux\/#breadcrumb"},"inLanguage":"fr-FR","potentialAction":[{"@type":"ReadAction","target":["https:\/\/pressetaux.fr\/cambrai\/tendance-a-hausse-taux-bancaires-selon-courtiers-pressetaux\/"]}]},{"@type":"BreadcrumbList","@id":"https:\/\/pressetaux.fr\/cambrai\/tendance-a-hausse-taux-bancaires-selon-courtiers-pressetaux\/#breadcrumb","itemListElement":[{"@type":"ListItem","position":1,"name":"Tendance \u00e0 la hausse pour les taux bancaires, selon les courtiers PresseTaux"}]},{"@type":"Article","@id":"https:\/\/pressetaux.fr\/cambrai\/tendance-a-hausse-taux-bancaires-selon-courtiers-pressetaux\/#article","isPartOf":{"@id":"https:\/\/pressetaux.fr\/cambrai\/tendance-a-hausse-taux-bancaires-selon-courtiers-pressetaux\/#webpage"},"author":{"@id":"https:\/\/pressetaux.fr\/cambrai\/#\/schema\/person\/e18ef05c180d813e5ce42087d0369f85"},"headline":"Tendance \u00e0 la hausse pour les taux bancaires, selon les courtiers PresseTaux","datePublished":"2016-11-21T15:25:16+00:00","dateModified":"2019-10-10T08:42:18+00:00","mainEntityOfPage":{"@id":"https:\/\/pressetaux.fr\/cambrai\/tendance-a-hausse-taux-bancaires-selon-courtiers-pressetaux\/#webpage"},"wordCount":701,"publisher":{"@id":"https:\/\/pressetaux.fr\/cambrai\/#organization"},"image":{"@id":"https:\/\/pressetaux.fr\/cambrai\/tendance-a-hausse-taux-bancaires-selon-courtiers-pressetaux\/#primaryimage"},"thumbnailUrl":"https:\/\/pressetaux.fr\/wp-content\/uploads\/2016\/03\/PresseTaux_courtier_9.jpg","articleSection":["L'actu des franchises"],"inLanguage":"fr-FR"},{"@type":"Person","@id":"https:\/\/pressetaux.fr\/cambrai\/#\/schema\/person\/e18ef05c180d813e5ce42087d0369f85","name":"Ma\u00ebl PresseTaux","image":{"@type":"ImageObject","@id":"https:\/\/pressetaux.fr\/cambrai\/#personlogo","inLanguage":"fr-FR","url":"https:\/\/secure.gravatar.com\/avatar\/c2daa4ba12e6c26194c9f7b7936f6a98?s=96&d=mm&r=g","contentUrl":"https:\/\/secure.gravatar.com\/avatar\/c2daa4ba12e6c26194c9f7b7936f6a98?s=96&d=mm&r=g","caption":"Ma\u00ebl PresseTaux"},"url":"https:\/\/pressetaux.fr\/cambrai\/author\/mael-nonet\/"}]}},"_links":{"self":[{"href":"https:\/\/pressetaux.fr\/cambrai\/wp-json\/wp\/v2\/posts\/1119"}],"collection":[{"href":"https:\/\/pressetaux.fr\/cambrai\/wp-json\/wp\/v2\/posts"}],"about":[{"href":"https:\/\/pressetaux.fr\/cambrai\/wp-json\/wp\/v2\/types\/post"}],"author":[{"embeddable":true,"href":"https:\/\/pressetaux.fr\/cambrai\/wp-json\/wp\/v2\/users\/7"}],"replies":[{"embeddable":true,"href":"https:\/\/pressetaux.fr\/cambrai\/wp-json\/wp\/v2\/comments?post=1119"}],"version-history":[{"count":0,"href":"https:\/\/pressetaux.fr\/cambrai\/wp-json\/wp\/v2\/posts\/1119\/revisions"}],"wp:attachment":[{"href":"https:\/\/pressetaux.fr\/cambrai\/wp-json\/wp\/v2\/media?parent=1119"}],"wp:term":[{"taxonomy":"category","embeddable":true,"href":"https:\/\/pressetaux.fr\/cambrai\/wp-json\/wp\/v2\/categories?post=1119"},{"taxonomy":"post_tag","embeddable":true,"href":"https:\/\/pressetaux.fr\/cambrai\/wp-json\/wp\/v2\/tags?post=1119"}],"curies":[{"name":"wp","href":"https:\/\/api.w.org\/{rel}","templated":true}]}}