{"id":1128,"date":"2016-11-30T17:56:52","date_gmt":"2016-11-30T16:56:52","guid":{"rendered":"http:\/\/pressetaux.fr\/cambrai\/taux-bas-dont-beneficient-particuliers-professionnels-impactent-lactivite-courtiers-pressetaux\/"},"modified":"2019-10-10T09:43:14","modified_gmt":"2019-10-10T08:43:14","slug":"taux-bas-dont-beneficient-particuliers-professionnels-impactent-lactivite-courtiers-pressetaux","status":"publish","type":"post","link":"https:\/\/pressetaux.fr\/cambrai\/taux-bas-dont-beneficient-particuliers-professionnels-impactent-lactivite-courtiers-pressetaux\/","title":{"rendered":"Les taux bas dont b\u00e9n\u00e9ficient particuliers et professionnels impactent l\u2019activit\u00e9 des courtiers PresseTaux"},"content":{"rendered":"<p><b><a href=\"https:\/\/pressetaux.fr\/wp-content\/uploads\/2016\/02\/PresseTaux_courtier_1.jpg\"><img loading=\"lazy\" class=\"alignright wp-image-3240\" src=\"https:\/\/pressetaux.fr\/wp-content\/uploads\/2016\/02\/PresseTaux_courtier_1.jpg\" alt=\"PresseTaux_courtier_1\" width=\"400\" height=\"266\"><\/a>Les taux bas incitent les particuliers et les professionnels \u00e0 g\u00e9n\u00e9rer des \u00e9conomies via le regroupement de cr\u00e9dits, le rachat de pr\u00eat ou encore les investissements immobiliers et mat\u00e9riels. Les \u00e9conomies r\u00e9alis\u00e9es lors des acquisitions sont telles qu\u2019elles financent m\u00eame parfois des projets de r\u00e9novation.<\/b><\/p>\n<p><span style=\"font-weight: 400;\">Les taux bas actuels impactent directement l\u2019activit\u00e9 des courtiers en cr\u00e9dit n\u00e9goci\u00e9 de PresseTaux. Par exemple, <\/span><i><span style=\"font-weight: 400;\">\u201cles demandes de rachat de cr\u00e9dits ont repris de la vigueur ces deux derniers mois, alors que l&rsquo;on pensait que cette activit\u00e9 allait s\u2019essouffler l\u2019ann\u00e9e derni\u00e8re\u201d<\/span><\/i><span style=\"font-weight: 400;\">, compare ainsi <\/span><a href=\"https:\/\/pressetaux.fr\/douai\/courtier-douaisis\/\" target=\"_blank\" rel=\"noopener noreferrer\"><span style=\"font-weight: 400;\">Christophe Lamand, courtier PresseTaux \u00e0 Douai<\/span><\/a><span style=\"font-weight: 400;\"> (59). <\/span><i><span style=\"font-weight: 400;\">\u201cLes derniers ind\u00e9cis se sont m\u00eame manifest\u00e9s ! J&rsquo;entends par l\u00e0 ceux qui n&rsquo;avaient pas os\u00e9 franchir le pas jusqu\u2019\u00e0 pr\u00e9sent, pensant qu\u2019un rachat de pr\u00eat pouvait \u00eatre risqu\u00e9 ou trop complexe \u00e0 effectuer. Finalement, pouss\u00e9s par les retours positifs et les recommandations de leurs entourages, ils sont quand m\u00eame venus nous voir.\u201d<\/span><\/i><\/p>\n<p><!--more--><\/p>\n<p><a href=\"https:\/\/pressetaux.fr\/cambrai\/courtier-cambrai-nord\/\" target=\"_blank\" rel=\"noopener noreferrer\"><span style=\"font-weight: 400;\">Johan Carr\u00e9, courtier PresseTaux \u00e0 Cambrai<\/span><\/a><span style=\"font-weight: 400;\"> (59), explique : <\/span><i><span style=\"font-weight: 400;\">\u201cPour notre activit\u00e9, les taux tr\u00e8s bas, comme ceux que nous connaissons actuellement, nous permettent d&rsquo;avoir \u00e0 nouveau des demandes de rachat de pr\u00eat, ainsi que quelques demandes de financement pour des investissement locatifs.\u201d<\/span><\/i><span style=\"font-weight: 400;\"> Et cela se traduit par un surcro\u00eet d\u2019activit\u00e9 li\u00e9e \u00e0 ce type de demande : <\/span><i><span style=\"font-weight: 400;\">\u201cde 30 \u00e0 40 % de plus que la normale\u201d<\/span><\/i><span style=\"font-weight: 400;\">. <\/span><a href=\"https:\/\/pressetaux.fr\/cambrai\/courtier-cambrai\/\" target=\"_blank\" rel=\"noopener noreferrer\"><span style=\"font-weight: 400;\">Eric Bossaert, \u00e9galement courtier PresseTaux \u00e0 Cambrai<\/span><\/a><span style=\"font-weight: 400;\"> (59), l\u2019affirme : il observe <\/span><i><span style=\"font-weight: 400;\">\u201cune augmentation du nombre de rachats de cr\u00e9dits\u201d<\/span><\/i><span style=\"font-weight: 400;\">.<\/span><\/p>\n<p><a href=\"https:\/\/pressetaux.fr\/sannois\/courtier-en-credit-a-sannois\/\" target=\"_blank\" rel=\"noopener noreferrer\"><span style=\"font-weight: 400;\">C\u00e9dric Leroy, courtier PresseTaux \u00e0 Sannois<\/span><\/a><span style=\"font-weight: 400;\"> (95) rappelle qu\u2019en 2015, <\/span><i><span style=\"font-weight: 400;\">\u201cles rachats de pr\u00eat repr\u00e9sentaient une part importante de notre activit\u00e9 du fait des taux historiquement bas.\u201d<\/span><\/i><span style=\"font-weight: 400;\"> \u00c0 la diff\u00e9rence que cette ann\u00e9e, <\/span><i><span style=\"font-weight: 400;\">\u201cm\u00eame des cr\u00e9dits contract\u00e9s l&rsquo;ann\u00e9e derni\u00e8re peuvent \u00eatre rachet\u00e9s et g\u00e9n\u00e9rer un gain non n\u00e9gligeable\u201d<\/span><\/i><span style=\"font-weight: 400;\">, pr\u00e9cise-t-il. <\/span><i><span style=\"font-weight: 400;\">\u201cLes taux bas et la reconduction du dispositif Pinel pour 2017 encouragent \u00e9galement les investisseurs \u00e0 se lancer dans des op\u00e9rations immobili\u00e8res.\u201d<\/span><\/i><span style=\"font-weight: 400;\"> Au final, ce sont davantage de <\/span><i><span style=\"font-weight: 400;\">\u201cdossiers de rachats de cr\u00e9dits et d&rsquo;investissements locatifs\u201d<\/span><\/i><span style=\"font-weight: 400;\"> qui s\u2019ajoutent aux habituels dossiers d\u2019acquisition, <\/span><i><span style=\"font-weight: 400;\">\u201cce qui confirme le dynamisme du march\u00e9 de l\u2019immobilier et du secteur du courtage en cr\u00e9dit\u201d<\/span><\/i><span style=\"font-weight: 400;\">.<\/span><\/p>\n<p><a href=\"https:\/\/pressetaux.fr\/cambrai\/courtier-en-credit-caudry\/\" target=\"_blank\" rel=\"noopener noreferrer\"><span style=\"font-weight: 400;\">Jean-Philippe Journet, courtier PresseTaux \u00e0 Caudry<\/span><\/a><span style=\"font-weight: 400;\"> (59), \u00e9voque quant \u00e0 lui un <\/span><i><span style=\"font-weight: 400;\">\u201cgros impact\u201d<\/span><\/i><span style=\"font-weight: 400;\"> des taux bas sur son activit\u00e9. <\/span><i><span style=\"font-weight: 400;\">\u201cLes clients se manifestent davantage, les m\u00e9dias y sont pour quelque chose\u201d<\/span><\/i><span style=\"font-weight: 400;\">, poursuit-il. De son c\u00f4t\u00e9, <\/span><a href=\"https:\/\/pressetaux.fr\/montpellier\/courtier-montpellier\/\" target=\"_blank\" rel=\"noopener noreferrer\"><span style=\"font-weight: 400;\">Carine Pradelles, courtier PresseTaux \u00e0 Montpellier<\/span><\/a><span style=\"font-weight: 400;\"> (34), constate aussi que les taux bas entra\u00eenent <\/span><i><span style=\"font-weight: 400;\">\u201cun regain des projets d\u2019investissement et des rachats de pr\u00eat de la part des particuliers et des professionnels\u201d<\/span><\/i><span style=\"font-weight: 400;\">.<\/span><\/p>\n<p><span style=\"font-weight: 400;\">Car en effet, les professionnels b\u00e9n\u00e9ficient aussi des taux bas actuels. <\/span><i><span style=\"font-weight: 400;\">\u201cL&rsquo;acc\u00e8s \u00e0 l&rsquo;investissement immobilier ou mat\u00e9riel est facilit\u00e9. Certains pr\u00eats professionnels deviennent int\u00e9ressants \u00e0 racheter malgr\u00e9 des p\u00e9nalit\u00e9s plus importantes que pour les rachats de pr\u00eat des particuliers. Ce qui n&rsquo;\u00e9tait pas le cas auparavant\u201d<\/span><\/i><span style=\"font-weight: 400;\">, analyse ainsi Carine Pradelles.<\/span><\/p>\n<p><a href=\"https:\/\/pressetaux.fr\/valenciennes\/courtier-valenciennes\/\" target=\"_blank\" rel=\"noopener noreferrer\"><span style=\"font-weight: 400;\">Gregory Willay, courtier PresseTaux \u00e0 Valenciennes<\/span><\/a><span style=\"font-weight: 400;\"> (59) avance un autre argument : <\/span><i><span style=\"font-weight: 400;\">\u201cLe pr\u00eat \u00e0 taux z\u00e9ro dans l&rsquo;ancien n\u00e9cessite des travaux qui repr\u00e9sentent au minimum 25 % du prix de l&rsquo;op\u00e9ration, ce qui entra\u00eene des demandes de r\u00e9novation par les professionnels du b\u00e2timent.\u201d<\/span><\/i><span style=\"font-weight: 400;\"> Enfin, il ajoute que <\/span><i><span style=\"font-weight: 400;\">\u201cles personnes ren\u00e9gociant leur pr\u00eat peuvent d\u00e9clencher des projets (v\u00e9randa, extension, r\u00e9novation, etc.) gr\u00e2ce \u00e0 l&rsquo;\u00e9conomie g\u00e9n\u00e9r\u00e9e par le rachat de leur pr\u00eat\u201d<\/span><\/i><span style=\"font-weight: 400;\">.<\/span><\/p>\n","protected":false},"excerpt":{"rendered":"<p>Les taux bas incitent les particuliers et les professionnels \u00e0 g\u00e9n\u00e9rer des \u00e9conomies via le regroupement de cr\u00e9dits, le rachat de pr\u00eat ou encore les investissements immobiliers et mat\u00e9riels. Les \u00e9conomies r\u00e9alis\u00e9es lors des acquisitions sont telles qu\u2019elles financent m\u00eame parfois des projets de r\u00e9novation. Les taux bas actuels impactent directement l\u2019activit\u00e9 des courtiers en cr\u00e9dit n\u00e9goci\u00e9 de PresseTaux. Par exemple, \u201cles demandes de rachat de cr\u00e9dits ont repris de la vigueur ces deux derniers mois, alors que l&rsquo;on pensait que cette activit\u00e9 allait s\u2019essouffler l\u2019ann\u00e9e derni\u00e8re\u201d, compare ainsi Christophe Lamand, courtier PresseTaux \u00e0 Douai (59). \u201cLes derniers ind\u00e9cis se sont m\u00eame manifest\u00e9s ! J&rsquo;entends par l\u00e0 ceux qui n&rsquo;avaient pas os\u00e9 franchir le pas jusqu\u2019\u00e0 pr\u00e9sent, pensant qu\u2019un rachat de pr\u00eat pouvait \u00eatre risqu\u00e9 ou trop complexe \u00e0 effectuer. Finalement, pouss\u00e9s par les retours positifs et les recommandations de leurs entourages, ils sont quand m\u00eame venus nous voir.\u201d<\/p>\n","protected":false},"author":7,"featured_media":0,"comment_status":"closed","ping_status":"open","sticky":false,"template":"","format":"standard","meta":{"_genesis_hide_title":false,"_genesis_hide_breadcrumbs":false,"_genesis_hide_singular_image":false,"_genesis_hide_footer_widgets":false,"_genesis_custom_body_class":"","_genesis_custom_post_class":"","_genesis_layout":""},"categories":[5],"tags":[],"yoast_head":"<!-- This site is optimized with the Yoast SEO plugin v17.8 - https:\/\/yoast.com\/wordpress\/plugins\/seo\/ -->\n<title>Les taux bas dont b\u00e9n\u00e9ficient particuliers et professionnels impactent l\u2019activit\u00e9 des courtiers PresseTaux - PresseTaux Cambrai<\/title>\n<meta name=\"robots\" content=\"index, follow, max-snippet:-1, max-image-preview:large, max-video-preview:-1\" \/>\n<link rel=\"canonical\" href=\"https:\/\/pressetaux.fr\/cambrai\/taux-bas-dont-beneficient-particuliers-professionnels-impactent-lactivite-courtiers-pressetaux\/\" \/>\n<meta property=\"og:locale\" content=\"fr_FR\" \/>\n<meta property=\"og:type\" content=\"article\" \/>\n<meta property=\"og:title\" content=\"Les taux bas dont b\u00e9n\u00e9ficient particuliers et professionnels impactent l\u2019activit\u00e9 des courtiers PresseTaux - PresseTaux Cambrai\" \/>\n<meta property=\"og:description\" content=\"Les taux bas incitent les particuliers et les professionnels \u00e0 g\u00e9n\u00e9rer des \u00e9conomies via le regroupement de cr\u00e9dits, le rachat de pr\u00eat ou encore les investissements immobiliers et mat\u00e9riels. Les \u00e9conomies r\u00e9alis\u00e9es lors des acquisitions sont telles qu\u2019elles financent m\u00eame parfois des projets de r\u00e9novation. Les taux bas actuels impactent directement l\u2019activit\u00e9 des courtiers en cr\u00e9dit n\u00e9goci\u00e9 de PresseTaux. Par exemple, \u201cles demandes de rachat de cr\u00e9dits ont repris de la vigueur ces deux derniers mois, alors que l&rsquo;on pensait que cette activit\u00e9 allait s\u2019essouffler l\u2019ann\u00e9e derni\u00e8re\u201d, compare ainsi Christophe Lamand, courtier PresseTaux \u00e0 Douai (59). \u201cLes derniers ind\u00e9cis se sont m\u00eame manifest\u00e9s ! J&rsquo;entends par l\u00e0 ceux qui n&rsquo;avaient pas os\u00e9 franchir le pas jusqu\u2019\u00e0 pr\u00e9sent, pensant qu\u2019un rachat de pr\u00eat pouvait \u00eatre risqu\u00e9 ou trop complexe \u00e0 effectuer. Finalement, pouss\u00e9s par les retours positifs et les recommandations de leurs entourages, ils sont quand m\u00eame venus nous voir.\u201d\" \/>\n<meta property=\"og:url\" content=\"https:\/\/pressetaux.fr\/cambrai\/taux-bas-dont-beneficient-particuliers-professionnels-impactent-lactivite-courtiers-pressetaux\/\" \/>\n<meta property=\"og:site_name\" content=\"PresseTaux Cambrai\" \/>\n<meta property=\"article:publisher\" content=\"https:\/\/www.facebook.com\/pressetauxcambrai?locale=fr_FR\" \/>\n<meta property=\"article:published_time\" content=\"2016-11-30T16:56:52+00:00\" \/>\n<meta property=\"article:modified_time\" content=\"2019-10-10T08:43:14+00:00\" \/>\n<meta property=\"og:image\" content=\"https:\/\/pressetaux.fr\/wp-content\/uploads\/2016\/02\/PresseTaux_courtier_1.jpg\" \/>\n<meta name=\"twitter:label1\" content=\"\u00c9crit par\" \/>\n\t<meta name=\"twitter:data1\" content=\"Ma\u00ebl PresseTaux\" \/>\n\t<meta name=\"twitter:label2\" content=\"Dur\u00e9e de lecture estim\u00e9e\" \/>\n\t<meta name=\"twitter:data2\" content=\"3 minutes\" \/>\n<script type=\"application\/ld+json\" class=\"yoast-schema-graph\">{\"@context\":\"https:\/\/schema.org\",\"@graph\":[{\"@type\":\"Organization\",\"@id\":\"https:\/\/pressetaux.fr\/cambrai\/#organization\",\"name\":\"PresseTaux Cambrai\",\"url\":\"https:\/\/pressetaux.fr\/cambrai\/\",\"sameAs\":[\"https:\/\/www.facebook.com\/pressetauxcambrai?locale=fr_FR\"],\"logo\":{\"@type\":\"ImageObject\",\"@id\":\"https:\/\/pressetaux.fr\/cambrai\/#logo\",\"inLanguage\":\"fr-FR\",\"url\":\"https:\/\/pressetaux.fr\/cambrai\/wp-content\/uploads\/sites\/3\/2020\/11\/LogoPressetaux.png\",\"contentUrl\":\"https:\/\/pressetaux.fr\/cambrai\/wp-content\/uploads\/sites\/3\/2020\/11\/LogoPressetaux.png\",\"width\":488,\"height\":278,\"caption\":\"PresseTaux Cambrai\"},\"image\":{\"@id\":\"https:\/\/pressetaux.fr\/cambrai\/#logo\"}},{\"@type\":\"WebSite\",\"@id\":\"https:\/\/pressetaux.fr\/cambrai\/#website\",\"url\":\"https:\/\/pressetaux.fr\/cambrai\/\",\"name\":\"PresseTaux Cambrai\",\"description\":\"COURTIER EN CREDIT\",\"publisher\":{\"@id\":\"https:\/\/pressetaux.fr\/cambrai\/#organization\"},\"potentialAction\":[{\"@type\":\"SearchAction\",\"target\":{\"@type\":\"EntryPoint\",\"urlTemplate\":\"https:\/\/pressetaux.fr\/cambrai\/?s={search_term_string}\"},\"query-input\":\"required name=search_term_string\"}],\"inLanguage\":\"fr-FR\"},{\"@type\":\"ImageObject\",\"@id\":\"https:\/\/pressetaux.fr\/cambrai\/taux-bas-dont-beneficient-particuliers-professionnels-impactent-lactivite-courtiers-pressetaux\/#primaryimage\",\"inLanguage\":\"fr-FR\",\"url\":\"https:\/\/pressetaux.fr\/wp-content\/uploads\/2016\/02\/PresseTaux_courtier_1.jpg\",\"contentUrl\":\"https:\/\/pressetaux.fr\/wp-content\/uploads\/2016\/02\/PresseTaux_courtier_1.jpg\"},{\"@type\":\"WebPage\",\"@id\":\"https:\/\/pressetaux.fr\/cambrai\/taux-bas-dont-beneficient-particuliers-professionnels-impactent-lactivite-courtiers-pressetaux\/#webpage\",\"url\":\"https:\/\/pressetaux.fr\/cambrai\/taux-bas-dont-beneficient-particuliers-professionnels-impactent-lactivite-courtiers-pressetaux\/\",\"name\":\"Les taux bas dont b\\u00e9n\\u00e9ficient particuliers et professionnels impactent l\\u2019activit\\u00e9 des courtiers PresseTaux - PresseTaux Cambrai\",\"isPartOf\":{\"@id\":\"https:\/\/pressetaux.fr\/cambrai\/#website\"},\"primaryImageOfPage\":{\"@id\":\"https:\/\/pressetaux.fr\/cambrai\/taux-bas-dont-beneficient-particuliers-professionnels-impactent-lactivite-courtiers-pressetaux\/#primaryimage\"},\"datePublished\":\"2016-11-30T16:56:52+00:00\",\"dateModified\":\"2019-10-10T08:43:14+00:00\",\"breadcrumb\":{\"@id\":\"https:\/\/pressetaux.fr\/cambrai\/taux-bas-dont-beneficient-particuliers-professionnels-impactent-lactivite-courtiers-pressetaux\/#breadcrumb\"},\"inLanguage\":\"fr-FR\",\"potentialAction\":[{\"@type\":\"ReadAction\",\"target\":[\"https:\/\/pressetaux.fr\/cambrai\/taux-bas-dont-beneficient-particuliers-professionnels-impactent-lactivite-courtiers-pressetaux\/\"]}]},{\"@type\":\"BreadcrumbList\",\"@id\":\"https:\/\/pressetaux.fr\/cambrai\/taux-bas-dont-beneficient-particuliers-professionnels-impactent-lactivite-courtiers-pressetaux\/#breadcrumb\",\"itemListElement\":[{\"@type\":\"ListItem\",\"position\":1,\"name\":\"Les taux bas dont b\\u00e9n\\u00e9ficient particuliers et professionnels impactent l\\u2019activit\\u00e9 des courtiers PresseTaux\"}]},{\"@type\":\"Article\",\"@id\":\"https:\/\/pressetaux.fr\/cambrai\/taux-bas-dont-beneficient-particuliers-professionnels-impactent-lactivite-courtiers-pressetaux\/#article\",\"isPartOf\":{\"@id\":\"https:\/\/pressetaux.fr\/cambrai\/taux-bas-dont-beneficient-particuliers-professionnels-impactent-lactivite-courtiers-pressetaux\/#webpage\"},\"author\":{\"@id\":\"https:\/\/pressetaux.fr\/cambrai\/#\/schema\/person\/e18ef05c180d813e5ce42087d0369f85\"},\"headline\":\"Les taux bas dont b\\u00e9n\\u00e9ficient particuliers et professionnels impactent l\\u2019activit\\u00e9 des courtiers PresseTaux\",\"datePublished\":\"2016-11-30T16:56:52+00:00\",\"dateModified\":\"2019-10-10T08:43:14+00:00\",\"mainEntityOfPage\":{\"@id\":\"https:\/\/pressetaux.fr\/cambrai\/taux-bas-dont-beneficient-particuliers-professionnels-impactent-lactivite-courtiers-pressetaux\/#webpage\"},\"wordCount\":601,\"publisher\":{\"@id\":\"https:\/\/pressetaux.fr\/cambrai\/#organization\"},\"image\":{\"@id\":\"https:\/\/pressetaux.fr\/cambrai\/taux-bas-dont-beneficient-particuliers-professionnels-impactent-lactivite-courtiers-pressetaux\/#primaryimage\"},\"thumbnailUrl\":\"https:\/\/pressetaux.fr\/wp-content\/uploads\/2016\/02\/PresseTaux_courtier_1.jpg\",\"articleSection\":[\"PresseTaux\"],\"inLanguage\":\"fr-FR\"},{\"@type\":\"Person\",\"@id\":\"https:\/\/pressetaux.fr\/cambrai\/#\/schema\/person\/e18ef05c180d813e5ce42087d0369f85\",\"name\":\"Ma\\u00ebl PresseTaux\",\"image\":{\"@type\":\"ImageObject\",\"@id\":\"https:\/\/pressetaux.fr\/cambrai\/#personlogo\",\"inLanguage\":\"fr-FR\",\"url\":\"https:\/\/secure.gravatar.com\/avatar\/c2daa4ba12e6c26194c9f7b7936f6a98?s=96&d=mm&r=g\",\"contentUrl\":\"https:\/\/secure.gravatar.com\/avatar\/c2daa4ba12e6c26194c9f7b7936f6a98?s=96&d=mm&r=g\",\"caption\":\"Ma\\u00ebl PresseTaux\"},\"url\":\"https:\/\/pressetaux.fr\/cambrai\/author\/mael-nonet\/\"}]}<\/script>\n<!-- \/ Yoast SEO plugin. -->","yoast_head_json":{"title":"Les taux bas dont b\u00e9n\u00e9ficient particuliers et professionnels impactent l\u2019activit\u00e9 des courtiers PresseTaux - PresseTaux Cambrai","robots":{"index":"index","follow":"follow","max-snippet":"max-snippet:-1","max-image-preview":"max-image-preview:large","max-video-preview":"max-video-preview:-1"},"canonical":"https:\/\/pressetaux.fr\/cambrai\/taux-bas-dont-beneficient-particuliers-professionnels-impactent-lactivite-courtiers-pressetaux\/","og_locale":"fr_FR","og_type":"article","og_title":"Les taux bas dont b\u00e9n\u00e9ficient particuliers et professionnels impactent l\u2019activit\u00e9 des courtiers PresseTaux - PresseTaux Cambrai","og_description":"Les taux bas incitent les particuliers et les professionnels \u00e0 g\u00e9n\u00e9rer des \u00e9conomies via le regroupement de cr\u00e9dits, le rachat de pr\u00eat ou encore les investissements immobiliers et mat\u00e9riels. Les \u00e9conomies r\u00e9alis\u00e9es lors des acquisitions sont telles qu\u2019elles financent m\u00eame parfois des projets de r\u00e9novation. Les taux bas actuels impactent directement l\u2019activit\u00e9 des courtiers en cr\u00e9dit n\u00e9goci\u00e9 de PresseTaux. Par exemple, \u201cles demandes de rachat de cr\u00e9dits ont repris de la vigueur ces deux derniers mois, alors que l&rsquo;on pensait que cette activit\u00e9 allait s\u2019essouffler l\u2019ann\u00e9e derni\u00e8re\u201d, compare ainsi Christophe Lamand, courtier PresseTaux \u00e0 Douai (59). \u201cLes derniers ind\u00e9cis se sont m\u00eame manifest\u00e9s ! J&rsquo;entends par l\u00e0 ceux qui n&rsquo;avaient pas os\u00e9 franchir le pas jusqu\u2019\u00e0 pr\u00e9sent, pensant qu\u2019un rachat de pr\u00eat pouvait \u00eatre risqu\u00e9 ou trop complexe \u00e0 effectuer. Finalement, pouss\u00e9s par les retours positifs et les recommandations de leurs entourages, ils sont quand m\u00eame venus nous voir.\u201d","og_url":"https:\/\/pressetaux.fr\/cambrai\/taux-bas-dont-beneficient-particuliers-professionnels-impactent-lactivite-courtiers-pressetaux\/","og_site_name":"PresseTaux Cambrai","article_publisher":"https:\/\/www.facebook.com\/pressetauxcambrai?locale=fr_FR","article_published_time":"2016-11-30T16:56:52+00:00","article_modified_time":"2019-10-10T08:43:14+00:00","og_image":[{"url":"https:\/\/pressetaux.fr\/wp-content\/uploads\/2016\/02\/PresseTaux_courtier_1.jpg"}],"twitter_misc":{"\u00c9crit par":"Ma\u00ebl PresseTaux","Dur\u00e9e de lecture estim\u00e9e":"3 minutes"},"schema":{"@context":"https:\/\/schema.org","@graph":[{"@type":"Organization","@id":"https:\/\/pressetaux.fr\/cambrai\/#organization","name":"PresseTaux Cambrai","url":"https:\/\/pressetaux.fr\/cambrai\/","sameAs":["https:\/\/www.facebook.com\/pressetauxcambrai?locale=fr_FR"],"logo":{"@type":"ImageObject","@id":"https:\/\/pressetaux.fr\/cambrai\/#logo","inLanguage":"fr-FR","url":"https:\/\/pressetaux.fr\/cambrai\/wp-content\/uploads\/sites\/3\/2020\/11\/LogoPressetaux.png","contentUrl":"https:\/\/pressetaux.fr\/cambrai\/wp-content\/uploads\/sites\/3\/2020\/11\/LogoPressetaux.png","width":488,"height":278,"caption":"PresseTaux Cambrai"},"image":{"@id":"https:\/\/pressetaux.fr\/cambrai\/#logo"}},{"@type":"WebSite","@id":"https:\/\/pressetaux.fr\/cambrai\/#website","url":"https:\/\/pressetaux.fr\/cambrai\/","name":"PresseTaux Cambrai","description":"COURTIER EN CREDIT","publisher":{"@id":"https:\/\/pressetaux.fr\/cambrai\/#organization"},"potentialAction":[{"@type":"SearchAction","target":{"@type":"EntryPoint","urlTemplate":"https:\/\/pressetaux.fr\/cambrai\/?s={search_term_string}"},"query-input":"required name=search_term_string"}],"inLanguage":"fr-FR"},{"@type":"ImageObject","@id":"https:\/\/pressetaux.fr\/cambrai\/taux-bas-dont-beneficient-particuliers-professionnels-impactent-lactivite-courtiers-pressetaux\/#primaryimage","inLanguage":"fr-FR","url":"https:\/\/pressetaux.fr\/wp-content\/uploads\/2016\/02\/PresseTaux_courtier_1.jpg","contentUrl":"https:\/\/pressetaux.fr\/wp-content\/uploads\/2016\/02\/PresseTaux_courtier_1.jpg"},{"@type":"WebPage","@id":"https:\/\/pressetaux.fr\/cambrai\/taux-bas-dont-beneficient-particuliers-professionnels-impactent-lactivite-courtiers-pressetaux\/#webpage","url":"https:\/\/pressetaux.fr\/cambrai\/taux-bas-dont-beneficient-particuliers-professionnels-impactent-lactivite-courtiers-pressetaux\/","name":"Les taux bas dont b\u00e9n\u00e9ficient particuliers et professionnels impactent l\u2019activit\u00e9 des courtiers PresseTaux - PresseTaux Cambrai","isPartOf":{"@id":"https:\/\/pressetaux.fr\/cambrai\/#website"},"primaryImageOfPage":{"@id":"https:\/\/pressetaux.fr\/cambrai\/taux-bas-dont-beneficient-particuliers-professionnels-impactent-lactivite-courtiers-pressetaux\/#primaryimage"},"datePublished":"2016-11-30T16:56:52+00:00","dateModified":"2019-10-10T08:43:14+00:00","breadcrumb":{"@id":"https:\/\/pressetaux.fr\/cambrai\/taux-bas-dont-beneficient-particuliers-professionnels-impactent-lactivite-courtiers-pressetaux\/#breadcrumb"},"inLanguage":"fr-FR","potentialAction":[{"@type":"ReadAction","target":["https:\/\/pressetaux.fr\/cambrai\/taux-bas-dont-beneficient-particuliers-professionnels-impactent-lactivite-courtiers-pressetaux\/"]}]},{"@type":"BreadcrumbList","@id":"https:\/\/pressetaux.fr\/cambrai\/taux-bas-dont-beneficient-particuliers-professionnels-impactent-lactivite-courtiers-pressetaux\/#breadcrumb","itemListElement":[{"@type":"ListItem","position":1,"name":"Les taux bas dont b\u00e9n\u00e9ficient particuliers et professionnels impactent l\u2019activit\u00e9 des courtiers PresseTaux"}]},{"@type":"Article","@id":"https:\/\/pressetaux.fr\/cambrai\/taux-bas-dont-beneficient-particuliers-professionnels-impactent-lactivite-courtiers-pressetaux\/#article","isPartOf":{"@id":"https:\/\/pressetaux.fr\/cambrai\/taux-bas-dont-beneficient-particuliers-professionnels-impactent-lactivite-courtiers-pressetaux\/#webpage"},"author":{"@id":"https:\/\/pressetaux.fr\/cambrai\/#\/schema\/person\/e18ef05c180d813e5ce42087d0369f85"},"headline":"Les taux bas dont b\u00e9n\u00e9ficient particuliers et professionnels impactent l\u2019activit\u00e9 des courtiers PresseTaux","datePublished":"2016-11-30T16:56:52+00:00","dateModified":"2019-10-10T08:43:14+00:00","mainEntityOfPage":{"@id":"https:\/\/pressetaux.fr\/cambrai\/taux-bas-dont-beneficient-particuliers-professionnels-impactent-lactivite-courtiers-pressetaux\/#webpage"},"wordCount":601,"publisher":{"@id":"https:\/\/pressetaux.fr\/cambrai\/#organization"},"image":{"@id":"https:\/\/pressetaux.fr\/cambrai\/taux-bas-dont-beneficient-particuliers-professionnels-impactent-lactivite-courtiers-pressetaux\/#primaryimage"},"thumbnailUrl":"https:\/\/pressetaux.fr\/wp-content\/uploads\/2016\/02\/PresseTaux_courtier_1.jpg","articleSection":["PresseTaux"],"inLanguage":"fr-FR"},{"@type":"Person","@id":"https:\/\/pressetaux.fr\/cambrai\/#\/schema\/person\/e18ef05c180d813e5ce42087d0369f85","name":"Ma\u00ebl PresseTaux","image":{"@type":"ImageObject","@id":"https:\/\/pressetaux.fr\/cambrai\/#personlogo","inLanguage":"fr-FR","url":"https:\/\/secure.gravatar.com\/avatar\/c2daa4ba12e6c26194c9f7b7936f6a98?s=96&d=mm&r=g","contentUrl":"https:\/\/secure.gravatar.com\/avatar\/c2daa4ba12e6c26194c9f7b7936f6a98?s=96&d=mm&r=g","caption":"Ma\u00ebl PresseTaux"},"url":"https:\/\/pressetaux.fr\/cambrai\/author\/mael-nonet\/"}]}},"_links":{"self":[{"href":"https:\/\/pressetaux.fr\/cambrai\/wp-json\/wp\/v2\/posts\/1128"}],"collection":[{"href":"https:\/\/pressetaux.fr\/cambrai\/wp-json\/wp\/v2\/posts"}],"about":[{"href":"https:\/\/pressetaux.fr\/cambrai\/wp-json\/wp\/v2\/types\/post"}],"author":[{"embeddable":true,"href":"https:\/\/pressetaux.fr\/cambrai\/wp-json\/wp\/v2\/users\/7"}],"replies":[{"embeddable":true,"href":"https:\/\/pressetaux.fr\/cambrai\/wp-json\/wp\/v2\/comments?post=1128"}],"version-history":[{"count":0,"href":"https:\/\/pressetaux.fr\/cambrai\/wp-json\/wp\/v2\/posts\/1128\/revisions"}],"wp:attachment":[{"href":"https:\/\/pressetaux.fr\/cambrai\/wp-json\/wp\/v2\/media?parent=1128"}],"wp:term":[{"taxonomy":"category","embeddable":true,"href":"https:\/\/pressetaux.fr\/cambrai\/wp-json\/wp\/v2\/categories?post=1128"},{"taxonomy":"post_tag","embeddable":true,"href":"https:\/\/pressetaux.fr\/cambrai\/wp-json\/wp\/v2\/tags?post=1128"}],"curies":[{"name":"wp","href":"https:\/\/api.w.org\/{rel}","templated":true}]}}