{"id":1137,"date":"2016-12-13T12:41:57","date_gmt":"2016-12-13T11:41:57","guid":{"rendered":"http:\/\/pressetaux.fr\/cambrai\/taux-bas-baisse-prix-reprise-marche-de-limmobilier\/"},"modified":"2019-10-10T09:44:33","modified_gmt":"2019-10-10T08:44:33","slug":"taux-bas-baisse-prix-reprise-marche-de-limmobilier","status":"publish","type":"post","link":"https:\/\/pressetaux.fr\/cambrai\/taux-bas-baisse-prix-reprise-marche-de-limmobilier\/","title":{"rendered":"Taux bas + baisse des prix = reprise du march\u00e9 de l\u2019immobilier !"},"content":{"rendered":"<p><b><a href=\"https:\/\/pressetaux.fr\/wp-content\/uploads\/2016\/03\/PresseTaux_courtier_10.jpg\"><img loading=\"lazy\" class=\"alignright wp-image-3577\" src=\"https:\/\/pressetaux.fr\/wp-content\/uploads\/2016\/03\/PresseTaux_courtier_10.jpg\" alt=\"PresseTaux_courtier_10\" width=\"350\" height=\"233\"><\/a>Il ne suffit pas que les taux baissent pour relancer le march\u00e9 de l\u2019immobilier, il faut aussi que le prix de l\u2019immobilier suive la m\u00eame tendance ! Ce qui est le cas depuis peu. Dans un premier temps, la baisse des taux a surtout b\u00e9n\u00e9fici\u00e9 \u00e0 ceux qui en ont profit\u00e9 pour ren\u00e9gocier leur pr\u00eat. Aujourd\u2019hui, la tendance va plut\u00f4t dans le sens de la reprise pour le secteur de l\u2019immobilier.<\/b><\/p>\n<p><span style=\"font-weight: 400;\">Les taux bancaires se sont maintenus \u00e0 un niveau tr\u00e8s bas plus longtemps que pr\u00e9vu. <\/span><a href=\"https:\/\/pressetaux.fr\/cambrai\/courtier-cambrai-nord\/\" target=\"_blank\" rel=\"noopener noreferrer\"><span style=\"font-weight: 400;\">Johan Carr\u00e9, courtier PresseTaux \u00e0 Cambrai<\/span><\/a><span style=\"font-weight: 400;\"> (59), explique : <\/span><i><span style=\"font-weight: 400;\">\u201cLes taux des pr\u00eats immobiliers connaissent une baisse constante depuis deux ans car le march\u00e9 de l&rsquo;immobilier \u00e9tait en grande partie bloqu\u00e9 suite \u00e0 la crise financi\u00e8re. Malgr\u00e9 une premi\u00e8re baisse significative des taux, le march\u00e9 ne s&rsquo;est pas relanc\u00e9 car le prix de l\u2019immobilier ne baissait pas non plus de son c\u00f4t\u00e9. De ce fait, cette premi\u00e8re baisse des taux a surtout \u00e9t\u00e9 b\u00e9n\u00e9fique aux personnes d\u00e9j\u00e0 en accession \u00e0 la propri\u00e9t\u00e9, qui ont donc pu ren\u00e9gocier leur taux de pr\u00eat immobilier.\u201d<\/span><\/i><\/p>\n<p><!--more--><\/p>\n<p><i><span style=\"font-weight: 400;\">\u201cAujourd&rsquo;hui, les politiques financi\u00e8res europ\u00e9ennes font que les banques peuvent continuer d&rsquo;acheter tr\u00e8s bas l&rsquo;argent qu&rsquo;elles pr\u00eatent\u201d<\/span><\/i><span style=\"font-weight: 400;\">, avance <\/span><a href=\"https:\/\/pressetaux.fr\/cambrai\/courtier-douai\/\" target=\"_blank\" rel=\"noopener noreferrer\"><span style=\"font-weight: 400;\">Christophe Lamand, courtier PresseTaux \u00e0 Douai<\/span><\/a><span style=\"font-weight: 400;\"> (59). <\/span><i><span style=\"font-weight: 400;\">\u201cCela permet de soutenir l&rsquo;\u00e9conomie, via le financement non seulement des achats immobiliers, mais aussi des travaux de r\u00e9novation.\u201d<\/span><\/i><\/p>\n<p><a href=\"https:\/\/pressetaux.fr\/cambrai\/courtier-cambrai\/\" target=\"_blank\" rel=\"noopener noreferrer\"><span style=\"font-weight: 400;\">Eric Bossaert, courtier PresseTaux \u00e0 Cambrai<\/span><\/a><span style=\"font-weight: 400;\"> (59), indique que le march\u00e9 est actuellement marqu\u00e9 par une <\/span><i><span style=\"font-weight: 400;\">\u201cbaisse de la valeur des biens immobiliers\u201d<\/span><\/i><span style=\"font-weight: 400;\">. Ce qui est confirm\u00e9 par Johan Carr\u00e9 : <\/span><i><span style=\"font-weight: 400;\">\u201cUne nouvelle baisse significative des taux est apparue, en parall\u00e8le d\u2019une baisse du prix de l\u2019immobilier. Par cons\u00e9quent, le march\u00e9 repart.\u201d<\/span><\/i><\/p>\n<p><span style=\"font-weight: 400;\">Selon <\/span><a href=\"https:\/\/pressetaux.fr\/valenciennes\/courtier-valenciennes\/\" target=\"_blank\" rel=\"noopener noreferrer\"><span style=\"font-weight: 400;\">Gregory Willay, courtier PresseTaux \u00e0 Valenciennes<\/span><\/a><span style=\"font-weight: 400;\"> (59), <\/span><i><span style=\"font-weight: 400;\">\u201cles taux restent \u00e0 un niveau bas mais ils ne devraient plus baisser\u201d<\/span><\/i><span style=\"font-weight: 400;\">. Il explique : <\/span><i><span style=\"font-weight: 400;\">\u201cLa plupart des banques ont atteint leur objectif en mati\u00e8re de cr\u00e9dit immobilier. Nous pouvons m\u00eame constater une l\u00e9g\u00e8re hausse dans certaines d&rsquo;entre elles.\u201d<\/span><\/i><\/p>\n<p><i><span style=\"font-weight: 400;\">\u201cD&rsquo;un point de vue international, le march\u00e9 des liquidit\u00e9s reste tr\u00e8s bas, voire n\u00e9gatif, donc tr\u00e8s accessible\u201d<\/span><\/i><span style=\"font-weight: 400;\">, analyse <\/span><a href=\"https:\/\/pressetaux.fr\/montpellier\/courtier-montpellier\/\" target=\"_blank\" rel=\"noopener noreferrer\"><span style=\"font-weight: 400;\">Carine Pradelles, courtier PresseTaux \u00e0 Montpellier<\/span><\/a><span style=\"font-weight: 400;\"> (34). <\/span><i><span style=\"font-weight: 400;\">\u201cAux niveaux national et europ\u00e9en, les banques doivent inciter leurs clients \u00e0 emprunter car leurs exc\u00e9dents de d\u00e9p\u00f4ts sur les comptes sont trop importants par rapport \u00e0 l&rsquo;encours de cr\u00e9dits. Elles risquent donc des p\u00e9nalit\u00e9s. Mais au niveau local, le march\u00e9 de l&rsquo;immobilier reste pr\u00e9caire : il y a encore beaucoup trop d&rsquo;offres au vu des capacit\u00e9s des habitants \u00e0 emprunter\u201d<\/span><\/i><span style=\"font-weight: 400;\">, nuance-t-elle.<\/span><\/p>\n<p><span style=\"font-weight: 400;\">Pour <\/span><a href=\"https:\/\/pressetaux.fr\/sannois\/courtier-en-credit-a-sannois\/\" target=\"_blank\" rel=\"noopener noreferrer\"><span style=\"font-weight: 400;\">C\u00e9dric Leroy, courtier PresseTaux \u00e0 Sannois<\/span><\/a><span style=\"font-weight: 400;\"> (95), si <\/span><i><span style=\"font-weight: 400;\">\u201cles taux ont atteint leur plus bas niveau historique, ces conditions ne devraient pas perdurer\u201d<\/span><\/i><span style=\"font-weight: 400;\">. Avant de conclure : <\/span><i><span style=\"font-weight: 400;\">\u201cBeaucoup s&rsquo;accordent \u00e0 dire que les taux ne pourront pas rester \u00e0 un niveau si bas tr\u00e8s longtemps, la tendance devrait s\u2019inverser d\u00e8s le d\u00e9but de l\u2019ann\u00e9e 2017.\u201d<\/span><\/i><\/p>\n","protected":false},"excerpt":{"rendered":"<p>Il ne suffit pas que les taux baissent pour relancer le march\u00e9 de l\u2019immobilier, il faut aussi que le prix de l\u2019immobilier suive la m\u00eame tendance ! Ce qui est le cas depuis peu. Dans un premier temps, la baisse des taux a surtout b\u00e9n\u00e9fici\u00e9 \u00e0 ceux qui en ont profit\u00e9 pour ren\u00e9gocier leur pr\u00eat. Aujourd\u2019hui, la tendance va plut\u00f4t dans le sens de la reprise pour le secteur de l\u2019immobilier. Les taux bancaires se sont maintenus \u00e0 un niveau tr\u00e8s bas plus longtemps que pr\u00e9vu. Johan Carr\u00e9, courtier PresseTaux \u00e0 Cambrai (59), explique : \u201cLes taux des pr\u00eats immobiliers connaissent une baisse constante depuis deux ans car le march\u00e9 de l&rsquo;immobilier \u00e9tait en grande partie bloqu\u00e9 suite \u00e0 la crise financi\u00e8re. Malgr\u00e9 une premi\u00e8re baisse significative des taux, le march\u00e9 ne s&rsquo;est pas relanc\u00e9 car le prix de l\u2019immobilier ne baissait pas non plus de son c\u00f4t\u00e9. De ce fait, cette premi\u00e8re baisse des taux a surtout \u00e9t\u00e9 b\u00e9n\u00e9fique aux personnes d\u00e9j\u00e0 en accession \u00e0 la propri\u00e9t\u00e9, qui ont donc pu ren\u00e9gocier leur taux de pr\u00eat immobilier.\u201d<\/p>\n","protected":false},"author":7,"featured_media":0,"comment_status":"closed","ping_status":"open","sticky":false,"template":"","format":"standard","meta":{"_genesis_hide_title":false,"_genesis_hide_breadcrumbs":false,"_genesis_hide_singular_image":false,"_genesis_hide_footer_widgets":false,"_genesis_custom_body_class":"","_genesis_custom_post_class":"","_genesis_layout":""},"categories":[8],"tags":[],"yoast_head":"<!-- This site is optimized with the Yoast SEO plugin v17.8 - https:\/\/yoast.com\/wordpress\/plugins\/seo\/ -->\n<title>Taux bas + baisse des prix = reprise du march\u00e9 de l\u2019immobilier ! - PresseTaux Cambrai<\/title>\n<meta name=\"robots\" content=\"index, follow, max-snippet:-1, max-image-preview:large, max-video-preview:-1\" \/>\n<link rel=\"canonical\" href=\"https:\/\/pressetaux.fr\/cambrai\/taux-bas-baisse-prix-reprise-marche-de-limmobilier\/\" \/>\n<meta property=\"og:locale\" content=\"fr_FR\" \/>\n<meta property=\"og:type\" content=\"article\" \/>\n<meta property=\"og:title\" content=\"Taux bas + baisse des prix = reprise du march\u00e9 de l\u2019immobilier ! - PresseTaux Cambrai\" \/>\n<meta property=\"og:description\" content=\"Il ne suffit pas que les taux baissent pour relancer le march\u00e9 de l\u2019immobilier, il faut aussi que le prix de l\u2019immobilier suive la m\u00eame tendance ! Ce qui est le cas depuis peu. Dans un premier temps, la baisse des taux a surtout b\u00e9n\u00e9fici\u00e9 \u00e0 ceux qui en ont profit\u00e9 pour ren\u00e9gocier leur pr\u00eat. Aujourd\u2019hui, la tendance va plut\u00f4t dans le sens de la reprise pour le secteur de l\u2019immobilier. Les taux bancaires se sont maintenus \u00e0 un niveau tr\u00e8s bas plus longtemps que pr\u00e9vu. Johan Carr\u00e9, courtier PresseTaux \u00e0 Cambrai (59), explique : \u201cLes taux des pr\u00eats immobiliers connaissent une baisse constante depuis deux ans car le march\u00e9 de l&rsquo;immobilier \u00e9tait en grande partie bloqu\u00e9 suite \u00e0 la crise financi\u00e8re. Malgr\u00e9 une premi\u00e8re baisse significative des taux, le march\u00e9 ne s&rsquo;est pas relanc\u00e9 car le prix de l\u2019immobilier ne baissait pas non plus de son c\u00f4t\u00e9. De ce fait, cette premi\u00e8re baisse des taux a surtout \u00e9t\u00e9 b\u00e9n\u00e9fique aux personnes d\u00e9j\u00e0 en accession \u00e0 la propri\u00e9t\u00e9, qui ont donc pu ren\u00e9gocier leur taux de pr\u00eat immobilier.\u201d\" \/>\n<meta property=\"og:url\" content=\"https:\/\/pressetaux.fr\/cambrai\/taux-bas-baisse-prix-reprise-marche-de-limmobilier\/\" \/>\n<meta property=\"og:site_name\" content=\"PresseTaux Cambrai\" \/>\n<meta property=\"article:publisher\" content=\"https:\/\/www.facebook.com\/pressetauxcambrai?locale=fr_FR\" \/>\n<meta property=\"article:published_time\" content=\"2016-12-13T11:41:57+00:00\" \/>\n<meta property=\"article:modified_time\" content=\"2019-10-10T08:44:33+00:00\" \/>\n<meta property=\"og:image\" content=\"https:\/\/pressetaux.fr\/wp-content\/uploads\/2016\/03\/PresseTaux_courtier_10.jpg\" \/>\n<meta name=\"twitter:label1\" content=\"\u00c9crit par\" \/>\n\t<meta name=\"twitter:data1\" content=\"Ma\u00ebl PresseTaux\" \/>\n\t<meta name=\"twitter:label2\" content=\"Dur\u00e9e de lecture estim\u00e9e\" \/>\n\t<meta name=\"twitter:data2\" content=\"2 minutes\" \/>\n<script type=\"application\/ld+json\" class=\"yoast-schema-graph\">{\"@context\":\"https:\/\/schema.org\",\"@graph\":[{\"@type\":\"Organization\",\"@id\":\"https:\/\/pressetaux.fr\/cambrai\/#organization\",\"name\":\"PresseTaux Cambrai\",\"url\":\"https:\/\/pressetaux.fr\/cambrai\/\",\"sameAs\":[\"https:\/\/www.facebook.com\/pressetauxcambrai?locale=fr_FR\"],\"logo\":{\"@type\":\"ImageObject\",\"@id\":\"https:\/\/pressetaux.fr\/cambrai\/#logo\",\"inLanguage\":\"fr-FR\",\"url\":\"https:\/\/pressetaux.fr\/cambrai\/wp-content\/uploads\/sites\/3\/2020\/11\/LogoPressetaux.png\",\"contentUrl\":\"https:\/\/pressetaux.fr\/cambrai\/wp-content\/uploads\/sites\/3\/2020\/11\/LogoPressetaux.png\",\"width\":488,\"height\":278,\"caption\":\"PresseTaux Cambrai\"},\"image\":{\"@id\":\"https:\/\/pressetaux.fr\/cambrai\/#logo\"}},{\"@type\":\"WebSite\",\"@id\":\"https:\/\/pressetaux.fr\/cambrai\/#website\",\"url\":\"https:\/\/pressetaux.fr\/cambrai\/\",\"name\":\"PresseTaux Cambrai\",\"description\":\"COURTIER EN CREDIT\",\"publisher\":{\"@id\":\"https:\/\/pressetaux.fr\/cambrai\/#organization\"},\"potentialAction\":[{\"@type\":\"SearchAction\",\"target\":{\"@type\":\"EntryPoint\",\"urlTemplate\":\"https:\/\/pressetaux.fr\/cambrai\/?s={search_term_string}\"},\"query-input\":\"required name=search_term_string\"}],\"inLanguage\":\"fr-FR\"},{\"@type\":\"ImageObject\",\"@id\":\"https:\/\/pressetaux.fr\/cambrai\/taux-bas-baisse-prix-reprise-marche-de-limmobilier\/#primaryimage\",\"inLanguage\":\"fr-FR\",\"url\":\"https:\/\/pressetaux.fr\/wp-content\/uploads\/2016\/03\/PresseTaux_courtier_10.jpg\",\"contentUrl\":\"https:\/\/pressetaux.fr\/wp-content\/uploads\/2016\/03\/PresseTaux_courtier_10.jpg\"},{\"@type\":\"WebPage\",\"@id\":\"https:\/\/pressetaux.fr\/cambrai\/taux-bas-baisse-prix-reprise-marche-de-limmobilier\/#webpage\",\"url\":\"https:\/\/pressetaux.fr\/cambrai\/taux-bas-baisse-prix-reprise-marche-de-limmobilier\/\",\"name\":\"Taux bas + baisse des prix = reprise du march\\u00e9 de l\\u2019immobilier ! - PresseTaux Cambrai\",\"isPartOf\":{\"@id\":\"https:\/\/pressetaux.fr\/cambrai\/#website\"},\"primaryImageOfPage\":{\"@id\":\"https:\/\/pressetaux.fr\/cambrai\/taux-bas-baisse-prix-reprise-marche-de-limmobilier\/#primaryimage\"},\"datePublished\":\"2016-12-13T11:41:57+00:00\",\"dateModified\":\"2019-10-10T08:44:33+00:00\",\"breadcrumb\":{\"@id\":\"https:\/\/pressetaux.fr\/cambrai\/taux-bas-baisse-prix-reprise-marche-de-limmobilier\/#breadcrumb\"},\"inLanguage\":\"fr-FR\",\"potentialAction\":[{\"@type\":\"ReadAction\",\"target\":[\"https:\/\/pressetaux.fr\/cambrai\/taux-bas-baisse-prix-reprise-marche-de-limmobilier\/\"]}]},{\"@type\":\"BreadcrumbList\",\"@id\":\"https:\/\/pressetaux.fr\/cambrai\/taux-bas-baisse-prix-reprise-marche-de-limmobilier\/#breadcrumb\",\"itemListElement\":[{\"@type\":\"ListItem\",\"position\":1,\"name\":\"Taux bas + baisse des prix = reprise du march\\u00e9 de l\\u2019immobilier !\"}]},{\"@type\":\"Article\",\"@id\":\"https:\/\/pressetaux.fr\/cambrai\/taux-bas-baisse-prix-reprise-marche-de-limmobilier\/#article\",\"isPartOf\":{\"@id\":\"https:\/\/pressetaux.fr\/cambrai\/taux-bas-baisse-prix-reprise-marche-de-limmobilier\/#webpage\"},\"author\":{\"@id\":\"https:\/\/pressetaux.fr\/cambrai\/#\/schema\/person\/e18ef05c180d813e5ce42087d0369f85\"},\"headline\":\"Taux bas + baisse des prix = reprise du march\\u00e9 de l\\u2019immobilier !\",\"datePublished\":\"2016-12-13T11:41:57+00:00\",\"dateModified\":\"2019-10-10T08:44:33+00:00\",\"mainEntityOfPage\":{\"@id\":\"https:\/\/pressetaux.fr\/cambrai\/taux-bas-baisse-prix-reprise-marche-de-limmobilier\/#webpage\"},\"wordCount\":506,\"publisher\":{\"@id\":\"https:\/\/pressetaux.fr\/cambrai\/#organization\"},\"image\":{\"@id\":\"https:\/\/pressetaux.fr\/cambrai\/taux-bas-baisse-prix-reprise-marche-de-limmobilier\/#primaryimage\"},\"thumbnailUrl\":\"https:\/\/pressetaux.fr\/wp-content\/uploads\/2016\/03\/PresseTaux_courtier_10.jpg\",\"articleSection\":[\"L'actu des franchises\"],\"inLanguage\":\"fr-FR\"},{\"@type\":\"Person\",\"@id\":\"https:\/\/pressetaux.fr\/cambrai\/#\/schema\/person\/e18ef05c180d813e5ce42087d0369f85\",\"name\":\"Ma\\u00ebl PresseTaux\",\"image\":{\"@type\":\"ImageObject\",\"@id\":\"https:\/\/pressetaux.fr\/cambrai\/#personlogo\",\"inLanguage\":\"fr-FR\",\"url\":\"https:\/\/secure.gravatar.com\/avatar\/c2daa4ba12e6c26194c9f7b7936f6a98?s=96&d=mm&r=g\",\"contentUrl\":\"https:\/\/secure.gravatar.com\/avatar\/c2daa4ba12e6c26194c9f7b7936f6a98?s=96&d=mm&r=g\",\"caption\":\"Ma\\u00ebl PresseTaux\"},\"url\":\"https:\/\/pressetaux.fr\/cambrai\/author\/mael-nonet\/\"}]}<\/script>\n<!-- \/ Yoast SEO plugin. -->","yoast_head_json":{"title":"Taux bas + baisse des prix = reprise du march\u00e9 de l\u2019immobilier ! - PresseTaux Cambrai","robots":{"index":"index","follow":"follow","max-snippet":"max-snippet:-1","max-image-preview":"max-image-preview:large","max-video-preview":"max-video-preview:-1"},"canonical":"https:\/\/pressetaux.fr\/cambrai\/taux-bas-baisse-prix-reprise-marche-de-limmobilier\/","og_locale":"fr_FR","og_type":"article","og_title":"Taux bas + baisse des prix = reprise du march\u00e9 de l\u2019immobilier ! - PresseTaux Cambrai","og_description":"Il ne suffit pas que les taux baissent pour relancer le march\u00e9 de l\u2019immobilier, il faut aussi que le prix de l\u2019immobilier suive la m\u00eame tendance ! Ce qui est le cas depuis peu. Dans un premier temps, la baisse des taux a surtout b\u00e9n\u00e9fici\u00e9 \u00e0 ceux qui en ont profit\u00e9 pour ren\u00e9gocier leur pr\u00eat. Aujourd\u2019hui, la tendance va plut\u00f4t dans le sens de la reprise pour le secteur de l\u2019immobilier. Les taux bancaires se sont maintenus \u00e0 un niveau tr\u00e8s bas plus longtemps que pr\u00e9vu. Johan Carr\u00e9, courtier PresseTaux \u00e0 Cambrai (59), explique : \u201cLes taux des pr\u00eats immobiliers connaissent une baisse constante depuis deux ans car le march\u00e9 de l&rsquo;immobilier \u00e9tait en grande partie bloqu\u00e9 suite \u00e0 la crise financi\u00e8re. Malgr\u00e9 une premi\u00e8re baisse significative des taux, le march\u00e9 ne s&rsquo;est pas relanc\u00e9 car le prix de l\u2019immobilier ne baissait pas non plus de son c\u00f4t\u00e9. De ce fait, cette premi\u00e8re baisse des taux a surtout \u00e9t\u00e9 b\u00e9n\u00e9fique aux personnes d\u00e9j\u00e0 en accession \u00e0 la propri\u00e9t\u00e9, qui ont donc pu ren\u00e9gocier leur taux de pr\u00eat immobilier.\u201d","og_url":"https:\/\/pressetaux.fr\/cambrai\/taux-bas-baisse-prix-reprise-marche-de-limmobilier\/","og_site_name":"PresseTaux Cambrai","article_publisher":"https:\/\/www.facebook.com\/pressetauxcambrai?locale=fr_FR","article_published_time":"2016-12-13T11:41:57+00:00","article_modified_time":"2019-10-10T08:44:33+00:00","og_image":[{"url":"https:\/\/pressetaux.fr\/wp-content\/uploads\/2016\/03\/PresseTaux_courtier_10.jpg"}],"twitter_misc":{"\u00c9crit par":"Ma\u00ebl PresseTaux","Dur\u00e9e de lecture estim\u00e9e":"2 minutes"},"schema":{"@context":"https:\/\/schema.org","@graph":[{"@type":"Organization","@id":"https:\/\/pressetaux.fr\/cambrai\/#organization","name":"PresseTaux Cambrai","url":"https:\/\/pressetaux.fr\/cambrai\/","sameAs":["https:\/\/www.facebook.com\/pressetauxcambrai?locale=fr_FR"],"logo":{"@type":"ImageObject","@id":"https:\/\/pressetaux.fr\/cambrai\/#logo","inLanguage":"fr-FR","url":"https:\/\/pressetaux.fr\/cambrai\/wp-content\/uploads\/sites\/3\/2020\/11\/LogoPressetaux.png","contentUrl":"https:\/\/pressetaux.fr\/cambrai\/wp-content\/uploads\/sites\/3\/2020\/11\/LogoPressetaux.png","width":488,"height":278,"caption":"PresseTaux Cambrai"},"image":{"@id":"https:\/\/pressetaux.fr\/cambrai\/#logo"}},{"@type":"WebSite","@id":"https:\/\/pressetaux.fr\/cambrai\/#website","url":"https:\/\/pressetaux.fr\/cambrai\/","name":"PresseTaux Cambrai","description":"COURTIER EN CREDIT","publisher":{"@id":"https:\/\/pressetaux.fr\/cambrai\/#organization"},"potentialAction":[{"@type":"SearchAction","target":{"@type":"EntryPoint","urlTemplate":"https:\/\/pressetaux.fr\/cambrai\/?s={search_term_string}"},"query-input":"required name=search_term_string"}],"inLanguage":"fr-FR"},{"@type":"ImageObject","@id":"https:\/\/pressetaux.fr\/cambrai\/taux-bas-baisse-prix-reprise-marche-de-limmobilier\/#primaryimage","inLanguage":"fr-FR","url":"https:\/\/pressetaux.fr\/wp-content\/uploads\/2016\/03\/PresseTaux_courtier_10.jpg","contentUrl":"https:\/\/pressetaux.fr\/wp-content\/uploads\/2016\/03\/PresseTaux_courtier_10.jpg"},{"@type":"WebPage","@id":"https:\/\/pressetaux.fr\/cambrai\/taux-bas-baisse-prix-reprise-marche-de-limmobilier\/#webpage","url":"https:\/\/pressetaux.fr\/cambrai\/taux-bas-baisse-prix-reprise-marche-de-limmobilier\/","name":"Taux bas + baisse des prix = reprise du march\u00e9 de l\u2019immobilier ! - PresseTaux Cambrai","isPartOf":{"@id":"https:\/\/pressetaux.fr\/cambrai\/#website"},"primaryImageOfPage":{"@id":"https:\/\/pressetaux.fr\/cambrai\/taux-bas-baisse-prix-reprise-marche-de-limmobilier\/#primaryimage"},"datePublished":"2016-12-13T11:41:57+00:00","dateModified":"2019-10-10T08:44:33+00:00","breadcrumb":{"@id":"https:\/\/pressetaux.fr\/cambrai\/taux-bas-baisse-prix-reprise-marche-de-limmobilier\/#breadcrumb"},"inLanguage":"fr-FR","potentialAction":[{"@type":"ReadAction","target":["https:\/\/pressetaux.fr\/cambrai\/taux-bas-baisse-prix-reprise-marche-de-limmobilier\/"]}]},{"@type":"BreadcrumbList","@id":"https:\/\/pressetaux.fr\/cambrai\/taux-bas-baisse-prix-reprise-marche-de-limmobilier\/#breadcrumb","itemListElement":[{"@type":"ListItem","position":1,"name":"Taux bas + baisse des prix = reprise du march\u00e9 de l\u2019immobilier !"}]},{"@type":"Article","@id":"https:\/\/pressetaux.fr\/cambrai\/taux-bas-baisse-prix-reprise-marche-de-limmobilier\/#article","isPartOf":{"@id":"https:\/\/pressetaux.fr\/cambrai\/taux-bas-baisse-prix-reprise-marche-de-limmobilier\/#webpage"},"author":{"@id":"https:\/\/pressetaux.fr\/cambrai\/#\/schema\/person\/e18ef05c180d813e5ce42087d0369f85"},"headline":"Taux bas + baisse des prix = reprise du march\u00e9 de l\u2019immobilier !","datePublished":"2016-12-13T11:41:57+00:00","dateModified":"2019-10-10T08:44:33+00:00","mainEntityOfPage":{"@id":"https:\/\/pressetaux.fr\/cambrai\/taux-bas-baisse-prix-reprise-marche-de-limmobilier\/#webpage"},"wordCount":506,"publisher":{"@id":"https:\/\/pressetaux.fr\/cambrai\/#organization"},"image":{"@id":"https:\/\/pressetaux.fr\/cambrai\/taux-bas-baisse-prix-reprise-marche-de-limmobilier\/#primaryimage"},"thumbnailUrl":"https:\/\/pressetaux.fr\/wp-content\/uploads\/2016\/03\/PresseTaux_courtier_10.jpg","articleSection":["L'actu des franchises"],"inLanguage":"fr-FR"},{"@type":"Person","@id":"https:\/\/pressetaux.fr\/cambrai\/#\/schema\/person\/e18ef05c180d813e5ce42087d0369f85","name":"Ma\u00ebl PresseTaux","image":{"@type":"ImageObject","@id":"https:\/\/pressetaux.fr\/cambrai\/#personlogo","inLanguage":"fr-FR","url":"https:\/\/secure.gravatar.com\/avatar\/c2daa4ba12e6c26194c9f7b7936f6a98?s=96&d=mm&r=g","contentUrl":"https:\/\/secure.gravatar.com\/avatar\/c2daa4ba12e6c26194c9f7b7936f6a98?s=96&d=mm&r=g","caption":"Ma\u00ebl PresseTaux"},"url":"https:\/\/pressetaux.fr\/cambrai\/author\/mael-nonet\/"}]}},"_links":{"self":[{"href":"https:\/\/pressetaux.fr\/cambrai\/wp-json\/wp\/v2\/posts\/1137"}],"collection":[{"href":"https:\/\/pressetaux.fr\/cambrai\/wp-json\/wp\/v2\/posts"}],"about":[{"href":"https:\/\/pressetaux.fr\/cambrai\/wp-json\/wp\/v2\/types\/post"}],"author":[{"embeddable":true,"href":"https:\/\/pressetaux.fr\/cambrai\/wp-json\/wp\/v2\/users\/7"}],"replies":[{"embeddable":true,"href":"https:\/\/pressetaux.fr\/cambrai\/wp-json\/wp\/v2\/comments?post=1137"}],"version-history":[{"count":0,"href":"https:\/\/pressetaux.fr\/cambrai\/wp-json\/wp\/v2\/posts\/1137\/revisions"}],"wp:attachment":[{"href":"https:\/\/pressetaux.fr\/cambrai\/wp-json\/wp\/v2\/media?parent=1137"}],"wp:term":[{"taxonomy":"category","embeddable":true,"href":"https:\/\/pressetaux.fr\/cambrai\/wp-json\/wp\/v2\/categories?post=1137"},{"taxonomy":"post_tag","embeddable":true,"href":"https:\/\/pressetaux.fr\/cambrai\/wp-json\/wp\/v2\/tags?post=1137"}],"curies":[{"name":"wp","href":"https:\/\/api.w.org\/{rel}","templated":true}]}}