{"id":1150,"date":"2016-12-20T16:13:43","date_gmt":"2016-12-20T15:13:43","guid":{"rendered":"http:\/\/pressetaux.fr\/cambrai\/sommes-tres-satisfaits-de-laccompagnement-qua-effectue-jean-philippe-journet\/"},"modified":"2016-12-20T16:13:43","modified_gmt":"2016-12-20T15:13:43","slug":"sommes-tres-satisfaits-de-laccompagnement-qua-effectue-jean-philippe-journet","status":"publish","type":"post","link":"https:\/\/pressetaux.fr\/cambrai\/sommes-tres-satisfaits-de-laccompagnement-qua-effectue-jean-philippe-journet\/","title":{"rendered":"\u201cNous sommes tr\u00e8s satisfaits de l\u2019accompagnement qu\u2019a effectu\u00e9 Jean-Philippe Journet\u201d"},"content":{"rendered":"<p><b><a href=\"https:\/\/pressetaux.fr\/wp-content\/uploads\/2016\/02\/PresseTaux_courtier_5.jpg\" rel=\"attachment wp-att-3411\"><img loading=\"lazy\" class=\"alignright wp-image-3411\" src=\"https:\/\/pressetaux.fr\/wp-content\/uploads\/2016\/02\/PresseTaux_courtier_5.jpg\" alt=\"PresseTaux_courtier_5\" width=\"264\" height=\"200\" \/><\/a>Joachim D. a eu recours aux services de Jean-Philippe Journet, courtier PresseTaux \u00e0 Caudry, dans le cadre d\u2019un projet de construction immobili\u00e8re. T\u00e9moignage d\u2019un particulier.<\/b><\/p>\n<p><span style=\"font-weight: 400;\">Joachim D. a sollicit\u00e9 les services d\u2019un courtier de PresseTaux dans le cadre d\u2019un projet immobilier. <\/span><span style=\"font-weight: 400;\">Il a connu l\u2019enseigne via le <\/span><i><span style=\"font-weight: 400;\">\u201cbouche \u00e0 oreille\u201d<\/span><\/i><span style=\"font-weight: 400;\">, et a <\/span><span style=\"font-weight: 400;\">pu b\u00e9n\u00e9ficier d\u2019un accompagnement propos\u00e9 par <\/span><a href=\"https:\/\/pressetaux.fr\/cambrai\/courtier-en-credit-caudry\/\" target=\"_blank\"><span style=\"font-weight: 400;\">Jean-Philippe Journet, courtier PresseTaux \u00e0 Caudry<\/span><\/a><span style=\"font-weight: 400;\"> (59).<\/span><\/p>\n<p><!--more--><\/p>\n<p><b>En quelques mots, pouvez-vous nous r\u00e9sumer en quoi a consist\u00e9 votre projet et pourquoi avez-vous eu besoin d&rsquo;un financement ?<\/b><\/p>\n<p>Nous avons eu besoin d\u2019un financement car nous avions pour projet l\u2019achat d\u2019un terrain en vue d\u2019y faire construire une maison.<\/p>\n<p><b>Pour quelles raisons avez-vous fait appel \u00e0 un courtier ?<\/b><\/p>\n<p>Nous avons fait appel \u00e0 un courtier afin de faire des \u00e9conomies sur le co\u00fbt total du pr\u00eat, et parce que nous faisions face \u00e0 des obstacles au niveau du montage du dossier de financement.<\/p>\n<p><b>Quelles solutions ont \u00e9t\u00e9 trouv\u00e9es par le courtier de PresseTaux pour r\u00e9pondre au mieux \u00e0 vos besoins ?<\/b><\/p>\n<p>Jean-Philippe Journet a pu obtenir un pr\u00eat \u00e0 un taux de 1,25 % aupr\u00e8s d\u2019une agence Cr\u00e9dit Agricole proche de chez nous, compl\u00e9t\u00e9 par un pr\u00eat \u00e0 taux z\u00e9ro.<\/p>\n<p><b>De mani\u00e8re g\u00e9n\u00e9rale, comment \u00e9valuez-vous l&rsquo;accompagnement offert par le courtier de l&rsquo;agence PresseTaux qui vous a accompagn\u00e9s ?<\/b><\/p>\n<p>Nous sommes tr\u00e8s satisfaits de l\u2019accompagnement qu\u2019a effectu\u00e9 Jean-Philippe Journet sur notre dossier.<\/p>\n<p><b>Recommanderiez-vous PresseTaux \u00e0 votre entourage ?<\/b><\/p>\n<p>Oui, et d\u2019ailleurs, nous avons d\u00e9j\u00e0 recommand\u00e9 Jean-Philippe Journet \u00e0 notre entourage, pour son dynamisme et les r\u00e9sultats constat\u00e9s !<\/p>\n","protected":false},"excerpt":{"rendered":"<p>Joachim D. a eu recours aux services de Jean-Philippe Journet, courtier PresseTaux \u00e0 Caudry, dans le cadre d\u2019un projet de construction immobili\u00e8re. T\u00e9moignage d\u2019un particulier. Joachim D. a sollicit\u00e9 les services d\u2019un courtier de PresseTaux dans le cadre d\u2019un projet immobilier. Il a connu l\u2019enseigne via le \u201cbouche \u00e0 oreille\u201d, et a pu b\u00e9n\u00e9ficier d\u2019un accompagnement propos\u00e9 par Jean-Philippe Journet, courtier PresseTaux \u00e0 Caudry (59).<\/p>\n","protected":false},"author":7,"featured_media":0,"comment_status":"closed","ping_status":"open","sticky":false,"template":"","format":"standard","meta":{"_genesis_hide_title":false,"_genesis_hide_breadcrumbs":false,"_genesis_hide_singular_image":false,"_genesis_hide_footer_widgets":false,"_genesis_custom_body_class":"","_genesis_custom_post_class":"","_genesis_layout":""},"categories":[6],"tags":[],"yoast_head":"<!-- This site is optimized with the Yoast SEO plugin v17.8 - https:\/\/yoast.com\/wordpress\/plugins\/seo\/ -->\n<title>\u201cNous sommes tr\u00e8s satisfaits de l\u2019accompagnement qu\u2019a effectu\u00e9 Jean-Philippe Journet\u201d - PresseTaux Cambrai<\/title>\n<meta name=\"robots\" content=\"index, follow, max-snippet:-1, max-image-preview:large, max-video-preview:-1\" \/>\n<link rel=\"canonical\" href=\"https:\/\/pressetaux.fr\/cambrai\/sommes-tres-satisfaits-de-laccompagnement-qua-effectue-jean-philippe-journet\/\" \/>\n<meta property=\"og:locale\" content=\"fr_FR\" \/>\n<meta property=\"og:type\" content=\"article\" \/>\n<meta property=\"og:title\" content=\"\u201cNous sommes tr\u00e8s satisfaits de l\u2019accompagnement qu\u2019a effectu\u00e9 Jean-Philippe Journet\u201d - PresseTaux Cambrai\" \/>\n<meta property=\"og:description\" content=\"Joachim D. a eu recours aux services de Jean-Philippe Journet, courtier PresseTaux \u00e0 Caudry, dans le cadre d\u2019un projet de construction immobili\u00e8re. T\u00e9moignage d\u2019un particulier. Joachim D. a sollicit\u00e9 les services d\u2019un courtier de PresseTaux dans le cadre d\u2019un projet immobilier. Il a connu l\u2019enseigne via le \u201cbouche \u00e0 oreille\u201d, et a pu b\u00e9n\u00e9ficier d\u2019un accompagnement propos\u00e9 par Jean-Philippe Journet, courtier PresseTaux \u00e0 Caudry (59).\" \/>\n<meta property=\"og:url\" content=\"https:\/\/pressetaux.fr\/cambrai\/sommes-tres-satisfaits-de-laccompagnement-qua-effectue-jean-philippe-journet\/\" \/>\n<meta property=\"og:site_name\" content=\"PresseTaux Cambrai\" \/>\n<meta property=\"article:publisher\" content=\"https:\/\/www.facebook.com\/pressetauxcambrai?locale=fr_FR\" \/>\n<meta property=\"article:published_time\" content=\"2016-12-20T15:13:43+00:00\" \/>\n<meta property=\"og:image\" content=\"https:\/\/pressetaux.fr\/wp-content\/uploads\/2016\/02\/PresseTaux_courtier_5.jpg\" \/>\n<meta name=\"twitter:label1\" content=\"\u00c9crit par\" \/>\n\t<meta name=\"twitter:data1\" content=\"Ma\u00ebl PresseTaux\" \/>\n\t<meta name=\"twitter:label2\" content=\"Dur\u00e9e de lecture estim\u00e9e\" \/>\n\t<meta name=\"twitter:data2\" content=\"1 minute\" \/>\n<script type=\"application\/ld+json\" class=\"yoast-schema-graph\">{\"@context\":\"https:\/\/schema.org\",\"@graph\":[{\"@type\":\"Organization\",\"@id\":\"https:\/\/pressetaux.fr\/cambrai\/#organization\",\"name\":\"PresseTaux Cambrai\",\"url\":\"https:\/\/pressetaux.fr\/cambrai\/\",\"sameAs\":[\"https:\/\/www.facebook.com\/pressetauxcambrai?locale=fr_FR\"],\"logo\":{\"@type\":\"ImageObject\",\"@id\":\"https:\/\/pressetaux.fr\/cambrai\/#logo\",\"inLanguage\":\"fr-FR\",\"url\":\"https:\/\/pressetaux.fr\/cambrai\/wp-content\/uploads\/sites\/3\/2020\/11\/LogoPressetaux.png\",\"contentUrl\":\"https:\/\/pressetaux.fr\/cambrai\/wp-content\/uploads\/sites\/3\/2020\/11\/LogoPressetaux.png\",\"width\":488,\"height\":278,\"caption\":\"PresseTaux Cambrai\"},\"image\":{\"@id\":\"https:\/\/pressetaux.fr\/cambrai\/#logo\"}},{\"@type\":\"WebSite\",\"@id\":\"https:\/\/pressetaux.fr\/cambrai\/#website\",\"url\":\"https:\/\/pressetaux.fr\/cambrai\/\",\"name\":\"PresseTaux Cambrai\",\"description\":\"COURTIER EN CREDIT\",\"publisher\":{\"@id\":\"https:\/\/pressetaux.fr\/cambrai\/#organization\"},\"potentialAction\":[{\"@type\":\"SearchAction\",\"target\":{\"@type\":\"EntryPoint\",\"urlTemplate\":\"https:\/\/pressetaux.fr\/cambrai\/?s={search_term_string}\"},\"query-input\":\"required name=search_term_string\"}],\"inLanguage\":\"fr-FR\"},{\"@type\":\"ImageObject\",\"@id\":\"https:\/\/pressetaux.fr\/cambrai\/sommes-tres-satisfaits-de-laccompagnement-qua-effectue-jean-philippe-journet\/#primaryimage\",\"inLanguage\":\"fr-FR\",\"url\":\"https:\/\/pressetaux.fr\/wp-content\/uploads\/2016\/02\/PresseTaux_courtier_5.jpg\",\"contentUrl\":\"https:\/\/pressetaux.fr\/wp-content\/uploads\/2016\/02\/PresseTaux_courtier_5.jpg\"},{\"@type\":\"WebPage\",\"@id\":\"https:\/\/pressetaux.fr\/cambrai\/sommes-tres-satisfaits-de-laccompagnement-qua-effectue-jean-philippe-journet\/#webpage\",\"url\":\"https:\/\/pressetaux.fr\/cambrai\/sommes-tres-satisfaits-de-laccompagnement-qua-effectue-jean-philippe-journet\/\",\"name\":\"\\u201cNous sommes tr\\u00e8s satisfaits de l\\u2019accompagnement qu\\u2019a effectu\\u00e9 Jean-Philippe Journet\\u201d - PresseTaux Cambrai\",\"isPartOf\":{\"@id\":\"https:\/\/pressetaux.fr\/cambrai\/#website\"},\"primaryImageOfPage\":{\"@id\":\"https:\/\/pressetaux.fr\/cambrai\/sommes-tres-satisfaits-de-laccompagnement-qua-effectue-jean-philippe-journet\/#primaryimage\"},\"datePublished\":\"2016-12-20T15:13:43+00:00\",\"dateModified\":\"2016-12-20T15:13:43+00:00\",\"breadcrumb\":{\"@id\":\"https:\/\/pressetaux.fr\/cambrai\/sommes-tres-satisfaits-de-laccompagnement-qua-effectue-jean-philippe-journet\/#breadcrumb\"},\"inLanguage\":\"fr-FR\",\"potentialAction\":[{\"@type\":\"ReadAction\",\"target\":[\"https:\/\/pressetaux.fr\/cambrai\/sommes-tres-satisfaits-de-laccompagnement-qua-effectue-jean-philippe-journet\/\"]}]},{\"@type\":\"BreadcrumbList\",\"@id\":\"https:\/\/pressetaux.fr\/cambrai\/sommes-tres-satisfaits-de-laccompagnement-qua-effectue-jean-philippe-journet\/#breadcrumb\",\"itemListElement\":[{\"@type\":\"ListItem\",\"position\":1,\"name\":\"\\u201cNous sommes tr\\u00e8s satisfaits de l\\u2019accompagnement qu\\u2019a effectu\\u00e9 Jean-Philippe Journet\\u201d\"}]},{\"@type\":\"Article\",\"@id\":\"https:\/\/pressetaux.fr\/cambrai\/sommes-tres-satisfaits-de-laccompagnement-qua-effectue-jean-philippe-journet\/#article\",\"isPartOf\":{\"@id\":\"https:\/\/pressetaux.fr\/cambrai\/sommes-tres-satisfaits-de-laccompagnement-qua-effectue-jean-philippe-journet\/#webpage\"},\"author\":{\"@id\":\"https:\/\/pressetaux.fr\/cambrai\/#\/schema\/person\/e18ef05c180d813e5ce42087d0369f85\"},\"headline\":\"\\u201cNous sommes tr\\u00e8s satisfaits de l\\u2019accompagnement qu\\u2019a effectu\\u00e9 Jean-Philippe Journet\\u201d\",\"datePublished\":\"2016-12-20T15:13:43+00:00\",\"dateModified\":\"2016-12-20T15:13:43+00:00\",\"mainEntityOfPage\":{\"@id\":\"https:\/\/pressetaux.fr\/cambrai\/sommes-tres-satisfaits-de-laccompagnement-qua-effectue-jean-philippe-journet\/#webpage\"},\"wordCount\":285,\"publisher\":{\"@id\":\"https:\/\/pressetaux.fr\/cambrai\/#organization\"},\"image\":{\"@id\":\"https:\/\/pressetaux.fr\/cambrai\/sommes-tres-satisfaits-de-laccompagnement-qua-effectue-jean-philippe-journet\/#primaryimage\"},\"thumbnailUrl\":\"https:\/\/pressetaux.fr\/wp-content\/uploads\/2016\/02\/PresseTaux_courtier_5.jpg\",\"articleSection\":[\"temoignagesblog\"],\"inLanguage\":\"fr-FR\"},{\"@type\":\"Person\",\"@id\":\"https:\/\/pressetaux.fr\/cambrai\/#\/schema\/person\/e18ef05c180d813e5ce42087d0369f85\",\"name\":\"Ma\\u00ebl PresseTaux\",\"image\":{\"@type\":\"ImageObject\",\"@id\":\"https:\/\/pressetaux.fr\/cambrai\/#personlogo\",\"inLanguage\":\"fr-FR\",\"url\":\"https:\/\/secure.gravatar.com\/avatar\/c2daa4ba12e6c26194c9f7b7936f6a98?s=96&d=mm&r=g\",\"contentUrl\":\"https:\/\/secure.gravatar.com\/avatar\/c2daa4ba12e6c26194c9f7b7936f6a98?s=96&d=mm&r=g\",\"caption\":\"Ma\\u00ebl PresseTaux\"},\"url\":\"https:\/\/pressetaux.fr\/cambrai\/author\/mael-nonet\/\"}]}<\/script>\n<!-- \/ Yoast SEO plugin. -->","yoast_head_json":{"title":"\u201cNous sommes tr\u00e8s satisfaits de l\u2019accompagnement qu\u2019a effectu\u00e9 Jean-Philippe Journet\u201d - PresseTaux Cambrai","robots":{"index":"index","follow":"follow","max-snippet":"max-snippet:-1","max-image-preview":"max-image-preview:large","max-video-preview":"max-video-preview:-1"},"canonical":"https:\/\/pressetaux.fr\/cambrai\/sommes-tres-satisfaits-de-laccompagnement-qua-effectue-jean-philippe-journet\/","og_locale":"fr_FR","og_type":"article","og_title":"\u201cNous sommes tr\u00e8s satisfaits de l\u2019accompagnement qu\u2019a effectu\u00e9 Jean-Philippe Journet\u201d - PresseTaux Cambrai","og_description":"Joachim D. a eu recours aux services de Jean-Philippe Journet, courtier PresseTaux \u00e0 Caudry, dans le cadre d\u2019un projet de construction immobili\u00e8re. T\u00e9moignage d\u2019un particulier. Joachim D. a sollicit\u00e9 les services d\u2019un courtier de PresseTaux dans le cadre d\u2019un projet immobilier. Il a connu l\u2019enseigne via le \u201cbouche \u00e0 oreille\u201d, et a pu b\u00e9n\u00e9ficier d\u2019un accompagnement propos\u00e9 par Jean-Philippe Journet, courtier PresseTaux \u00e0 Caudry (59).","og_url":"https:\/\/pressetaux.fr\/cambrai\/sommes-tres-satisfaits-de-laccompagnement-qua-effectue-jean-philippe-journet\/","og_site_name":"PresseTaux Cambrai","article_publisher":"https:\/\/www.facebook.com\/pressetauxcambrai?locale=fr_FR","article_published_time":"2016-12-20T15:13:43+00:00","og_image":[{"url":"https:\/\/pressetaux.fr\/wp-content\/uploads\/2016\/02\/PresseTaux_courtier_5.jpg"}],"twitter_misc":{"\u00c9crit par":"Ma\u00ebl PresseTaux","Dur\u00e9e de lecture estim\u00e9e":"1 minute"},"schema":{"@context":"https:\/\/schema.org","@graph":[{"@type":"Organization","@id":"https:\/\/pressetaux.fr\/cambrai\/#organization","name":"PresseTaux Cambrai","url":"https:\/\/pressetaux.fr\/cambrai\/","sameAs":["https:\/\/www.facebook.com\/pressetauxcambrai?locale=fr_FR"],"logo":{"@type":"ImageObject","@id":"https:\/\/pressetaux.fr\/cambrai\/#logo","inLanguage":"fr-FR","url":"https:\/\/pressetaux.fr\/cambrai\/wp-content\/uploads\/sites\/3\/2020\/11\/LogoPressetaux.png","contentUrl":"https:\/\/pressetaux.fr\/cambrai\/wp-content\/uploads\/sites\/3\/2020\/11\/LogoPressetaux.png","width":488,"height":278,"caption":"PresseTaux Cambrai"},"image":{"@id":"https:\/\/pressetaux.fr\/cambrai\/#logo"}},{"@type":"WebSite","@id":"https:\/\/pressetaux.fr\/cambrai\/#website","url":"https:\/\/pressetaux.fr\/cambrai\/","name":"PresseTaux Cambrai","description":"COURTIER EN CREDIT","publisher":{"@id":"https:\/\/pressetaux.fr\/cambrai\/#organization"},"potentialAction":[{"@type":"SearchAction","target":{"@type":"EntryPoint","urlTemplate":"https:\/\/pressetaux.fr\/cambrai\/?s={search_term_string}"},"query-input":"required name=search_term_string"}],"inLanguage":"fr-FR"},{"@type":"ImageObject","@id":"https:\/\/pressetaux.fr\/cambrai\/sommes-tres-satisfaits-de-laccompagnement-qua-effectue-jean-philippe-journet\/#primaryimage","inLanguage":"fr-FR","url":"https:\/\/pressetaux.fr\/wp-content\/uploads\/2016\/02\/PresseTaux_courtier_5.jpg","contentUrl":"https:\/\/pressetaux.fr\/wp-content\/uploads\/2016\/02\/PresseTaux_courtier_5.jpg"},{"@type":"WebPage","@id":"https:\/\/pressetaux.fr\/cambrai\/sommes-tres-satisfaits-de-laccompagnement-qua-effectue-jean-philippe-journet\/#webpage","url":"https:\/\/pressetaux.fr\/cambrai\/sommes-tres-satisfaits-de-laccompagnement-qua-effectue-jean-philippe-journet\/","name":"\u201cNous sommes tr\u00e8s satisfaits de l\u2019accompagnement qu\u2019a effectu\u00e9 Jean-Philippe Journet\u201d - PresseTaux Cambrai","isPartOf":{"@id":"https:\/\/pressetaux.fr\/cambrai\/#website"},"primaryImageOfPage":{"@id":"https:\/\/pressetaux.fr\/cambrai\/sommes-tres-satisfaits-de-laccompagnement-qua-effectue-jean-philippe-journet\/#primaryimage"},"datePublished":"2016-12-20T15:13:43+00:00","dateModified":"2016-12-20T15:13:43+00:00","breadcrumb":{"@id":"https:\/\/pressetaux.fr\/cambrai\/sommes-tres-satisfaits-de-laccompagnement-qua-effectue-jean-philippe-journet\/#breadcrumb"},"inLanguage":"fr-FR","potentialAction":[{"@type":"ReadAction","target":["https:\/\/pressetaux.fr\/cambrai\/sommes-tres-satisfaits-de-laccompagnement-qua-effectue-jean-philippe-journet\/"]}]},{"@type":"BreadcrumbList","@id":"https:\/\/pressetaux.fr\/cambrai\/sommes-tres-satisfaits-de-laccompagnement-qua-effectue-jean-philippe-journet\/#breadcrumb","itemListElement":[{"@type":"ListItem","position":1,"name":"\u201cNous sommes tr\u00e8s satisfaits de l\u2019accompagnement qu\u2019a effectu\u00e9 Jean-Philippe Journet\u201d"}]},{"@type":"Article","@id":"https:\/\/pressetaux.fr\/cambrai\/sommes-tres-satisfaits-de-laccompagnement-qua-effectue-jean-philippe-journet\/#article","isPartOf":{"@id":"https:\/\/pressetaux.fr\/cambrai\/sommes-tres-satisfaits-de-laccompagnement-qua-effectue-jean-philippe-journet\/#webpage"},"author":{"@id":"https:\/\/pressetaux.fr\/cambrai\/#\/schema\/person\/e18ef05c180d813e5ce42087d0369f85"},"headline":"\u201cNous sommes tr\u00e8s satisfaits de l\u2019accompagnement qu\u2019a effectu\u00e9 Jean-Philippe Journet\u201d","datePublished":"2016-12-20T15:13:43+00:00","dateModified":"2016-12-20T15:13:43+00:00","mainEntityOfPage":{"@id":"https:\/\/pressetaux.fr\/cambrai\/sommes-tres-satisfaits-de-laccompagnement-qua-effectue-jean-philippe-journet\/#webpage"},"wordCount":285,"publisher":{"@id":"https:\/\/pressetaux.fr\/cambrai\/#organization"},"image":{"@id":"https:\/\/pressetaux.fr\/cambrai\/sommes-tres-satisfaits-de-laccompagnement-qua-effectue-jean-philippe-journet\/#primaryimage"},"thumbnailUrl":"https:\/\/pressetaux.fr\/wp-content\/uploads\/2016\/02\/PresseTaux_courtier_5.jpg","articleSection":["temoignagesblog"],"inLanguage":"fr-FR"},{"@type":"Person","@id":"https:\/\/pressetaux.fr\/cambrai\/#\/schema\/person\/e18ef05c180d813e5ce42087d0369f85","name":"Ma\u00ebl PresseTaux","image":{"@type":"ImageObject","@id":"https:\/\/pressetaux.fr\/cambrai\/#personlogo","inLanguage":"fr-FR","url":"https:\/\/secure.gravatar.com\/avatar\/c2daa4ba12e6c26194c9f7b7936f6a98?s=96&d=mm&r=g","contentUrl":"https:\/\/secure.gravatar.com\/avatar\/c2daa4ba12e6c26194c9f7b7936f6a98?s=96&d=mm&r=g","caption":"Ma\u00ebl PresseTaux"},"url":"https:\/\/pressetaux.fr\/cambrai\/author\/mael-nonet\/"}]}},"_links":{"self":[{"href":"https:\/\/pressetaux.fr\/cambrai\/wp-json\/wp\/v2\/posts\/1150"}],"collection":[{"href":"https:\/\/pressetaux.fr\/cambrai\/wp-json\/wp\/v2\/posts"}],"about":[{"href":"https:\/\/pressetaux.fr\/cambrai\/wp-json\/wp\/v2\/types\/post"}],"author":[{"embeddable":true,"href":"https:\/\/pressetaux.fr\/cambrai\/wp-json\/wp\/v2\/users\/7"}],"replies":[{"embeddable":true,"href":"https:\/\/pressetaux.fr\/cambrai\/wp-json\/wp\/v2\/comments?post=1150"}],"version-history":[{"count":0,"href":"https:\/\/pressetaux.fr\/cambrai\/wp-json\/wp\/v2\/posts\/1150\/revisions"}],"wp:attachment":[{"href":"https:\/\/pressetaux.fr\/cambrai\/wp-json\/wp\/v2\/media?parent=1150"}],"wp:term":[{"taxonomy":"category","embeddable":true,"href":"https:\/\/pressetaux.fr\/cambrai\/wp-json\/wp\/v2\/categories?post=1150"},{"taxonomy":"post_tag","embeddable":true,"href":"https:\/\/pressetaux.fr\/cambrai\/wp-json\/wp\/v2\/tags?post=1150"}],"curies":[{"name":"wp","href":"https:\/\/api.w.org\/{rel}","templated":true}]}}