{"id":1670,"date":"2018-01-25T15:53:59","date_gmt":"2018-01-25T14:53:59","guid":{"rendered":"http:\/\/pressetaux.fr\/cambrai\/?p=1670"},"modified":"2018-01-25T15:53:59","modified_gmt":"2018-01-25T14:53:59","slug":"m-mme-odelin-s-acquisition-residence-principale","status":"publish","type":"post","link":"https:\/\/pressetaux.fr\/cambrai\/m-mme-odelin-s-acquisition-residence-principale\/","title":{"rendered":"M. et Mme Odelin S. \u00ab Acquisition r\u00e9sidence principale \u00bb"},"content":{"rendered":"<p style=\"font-size: 16px;\">\u00ab Nous sommes tr\u00e8s contents du cabinet PresseTaux surtout de M. Lamand Christophe qui a \u00e9t\u00e9 tr\u00e8s efficace et professionnel dans les d\u00e9marches de notre projet qui nous tenait \u00e0 coeur depuis plus d\u2019un an. Aujourd\u2019hui gr\u00e2ce \u00e0 M. Christophe Lamand, nous avons pu concr\u00e9tiser notre projet d\u2019acquisition malgr\u00e9 les \u00e9tapes difficiles que nous avons pass\u00e9es. Nous tenons aussi \u00e0 souligner la rapidit\u00e9 de M. Lamand Christophe pour nous d\u00e9goter un pr\u00eat immobilier ainsi que son \u00e9coute. Merci pour tout. \u00bb<\/p>\n","protected":false},"excerpt":{"rendered":"<p>\u00ab Nous sommes tr\u00e8s contents du cabinet PresseTaux surtout de M. Lamand Christophe qui a \u00e9t\u00e9 tr\u00e8s efficace et professionnel dans les d\u00e9marches de notre projet qui nous tenait \u00e0 coeur depuis plus d\u2019un an. Aujourd\u2019hui gr\u00e2ce \u00e0 M. Christophe Lamand, nous avons pu concr\u00e9tiser notre projet d\u2019acquisition malgr\u00e9 les \u00e9tapes difficiles que nous avons pass\u00e9es. Nous tenons aussi \u00e0 souligner la rapidit\u00e9 de M. Lamand Christophe pour nous d\u00e9goter un pr\u00eat immobilier ainsi que son \u00e9coute. Merci pour tout. \u00bb<\/p>\n","protected":false},"author":8,"featured_media":0,"comment_status":"closed","ping_status":"open","sticky":false,"template":"","format":"standard","meta":{"_genesis_hide_title":false,"_genesis_hide_breadcrumbs":false,"_genesis_hide_singular_image":false,"_genesis_hide_footer_widgets":false,"_genesis_custom_body_class":"","_genesis_custom_post_class":"","_genesis_layout":""},"categories":[2],"tags":[],"yoast_head":"<!-- This site is optimized with the Yoast SEO plugin v17.8 - https:\/\/yoast.com\/wordpress\/plugins\/seo\/ -->\n<title>M. et Mme Odelin S. \u00ab Acquisition r\u00e9sidence principale \u00bb - PresseTaux Cambrai<\/title>\n<meta name=\"robots\" content=\"index, follow, max-snippet:-1, max-image-preview:large, max-video-preview:-1\" \/>\n<link rel=\"canonical\" href=\"https:\/\/pressetaux.fr\/cambrai\/m-mme-odelin-s-acquisition-residence-principale\/\" \/>\n<meta property=\"og:locale\" content=\"fr_FR\" \/>\n<meta property=\"og:type\" content=\"article\" \/>\n<meta property=\"og:title\" content=\"M. et Mme Odelin S. \u00ab Acquisition r\u00e9sidence principale \u00bb - PresseTaux Cambrai\" \/>\n<meta property=\"og:description\" content=\"\u00ab Nous sommes tr\u00e8s contents du cabinet PresseTaux surtout de M. Lamand Christophe qui a \u00e9t\u00e9 tr\u00e8s efficace et professionnel dans les d\u00e9marches de notre projet qui nous tenait \u00e0 coeur depuis plus d\u2019un an. Aujourd\u2019hui gr\u00e2ce \u00e0 M. Christophe Lamand, nous avons pu concr\u00e9tiser notre projet d\u2019acquisition malgr\u00e9 les \u00e9tapes difficiles que nous avons pass\u00e9es. Nous tenons aussi \u00e0 souligner la rapidit\u00e9 de M. Lamand Christophe pour nous d\u00e9goter un pr\u00eat immobilier ainsi que son \u00e9coute. Merci pour tout. \u00bb\" \/>\n<meta property=\"og:url\" content=\"https:\/\/pressetaux.fr\/cambrai\/m-mme-odelin-s-acquisition-residence-principale\/\" \/>\n<meta property=\"og:site_name\" content=\"PresseTaux Cambrai\" \/>\n<meta property=\"article:publisher\" content=\"https:\/\/www.facebook.com\/pressetauxcambrai?locale=fr_FR\" \/>\n<meta property=\"article:published_time\" content=\"2018-01-25T14:53:59+00:00\" \/>\n<meta property=\"og:image\" content=\"https:\/\/pressetaux.fr\/cambrai\/wp-content\/uploads\/sites\/3\/2020\/11\/LogoPressetaux.png\" \/>\n\t<meta property=\"og:image:width\" content=\"488\" \/>\n\t<meta property=\"og:image:height\" content=\"278\" \/>\n<meta name=\"twitter:label1\" content=\"\u00c9crit par\" \/>\n\t<meta name=\"twitter:data1\" content=\"Aur\u00e9lie PresseTaux\" \/>\n<script type=\"application\/ld+json\" class=\"yoast-schema-graph\">{\"@context\":\"https:\/\/schema.org\",\"@graph\":[{\"@type\":\"Organization\",\"@id\":\"https:\/\/pressetaux.fr\/cambrai\/#organization\",\"name\":\"PresseTaux Cambrai\",\"url\":\"https:\/\/pressetaux.fr\/cambrai\/\",\"sameAs\":[\"https:\/\/www.facebook.com\/pressetauxcambrai?locale=fr_FR\"],\"logo\":{\"@type\":\"ImageObject\",\"@id\":\"https:\/\/pressetaux.fr\/cambrai\/#logo\",\"inLanguage\":\"fr-FR\",\"url\":\"https:\/\/pressetaux.fr\/cambrai\/wp-content\/uploads\/sites\/3\/2020\/11\/LogoPressetaux.png\",\"contentUrl\":\"https:\/\/pressetaux.fr\/cambrai\/wp-content\/uploads\/sites\/3\/2020\/11\/LogoPressetaux.png\",\"width\":488,\"height\":278,\"caption\":\"PresseTaux Cambrai\"},\"image\":{\"@id\":\"https:\/\/pressetaux.fr\/cambrai\/#logo\"}},{\"@type\":\"WebSite\",\"@id\":\"https:\/\/pressetaux.fr\/cambrai\/#website\",\"url\":\"https:\/\/pressetaux.fr\/cambrai\/\",\"name\":\"PresseTaux Cambrai\",\"description\":\"COURTIER EN CREDIT\",\"publisher\":{\"@id\":\"https:\/\/pressetaux.fr\/cambrai\/#organization\"},\"potentialAction\":[{\"@type\":\"SearchAction\",\"target\":{\"@type\":\"EntryPoint\",\"urlTemplate\":\"https:\/\/pressetaux.fr\/cambrai\/?s={search_term_string}\"},\"query-input\":\"required name=search_term_string\"}],\"inLanguage\":\"fr-FR\"},{\"@type\":\"WebPage\",\"@id\":\"https:\/\/pressetaux.fr\/cambrai\/m-mme-odelin-s-acquisition-residence-principale\/#webpage\",\"url\":\"https:\/\/pressetaux.fr\/cambrai\/m-mme-odelin-s-acquisition-residence-principale\/\",\"name\":\"M. et Mme Odelin S. \\u00ab Acquisition r\\u00e9sidence principale \\u00bb - PresseTaux Cambrai\",\"isPartOf\":{\"@id\":\"https:\/\/pressetaux.fr\/cambrai\/#website\"},\"datePublished\":\"2018-01-25T14:53:59+00:00\",\"dateModified\":\"2018-01-25T14:53:59+00:00\",\"breadcrumb\":{\"@id\":\"https:\/\/pressetaux.fr\/cambrai\/m-mme-odelin-s-acquisition-residence-principale\/#breadcrumb\"},\"inLanguage\":\"fr-FR\",\"potentialAction\":[{\"@type\":\"ReadAction\",\"target\":[\"https:\/\/pressetaux.fr\/cambrai\/m-mme-odelin-s-acquisition-residence-principale\/\"]}]},{\"@type\":\"BreadcrumbList\",\"@id\":\"https:\/\/pressetaux.fr\/cambrai\/m-mme-odelin-s-acquisition-residence-principale\/#breadcrumb\",\"itemListElement\":[{\"@type\":\"ListItem\",\"position\":1,\"name\":\"M. et Mme Odelin S. \\u00ab Acquisition r\\u00e9sidence principale \\u00bb\"}]},{\"@type\":\"Article\",\"@id\":\"https:\/\/pressetaux.fr\/cambrai\/m-mme-odelin-s-acquisition-residence-principale\/#article\",\"isPartOf\":{\"@id\":\"https:\/\/pressetaux.fr\/cambrai\/m-mme-odelin-s-acquisition-residence-principale\/#webpage\"},\"author\":{\"@id\":\"https:\/\/pressetaux.fr\/cambrai\/#\/schema\/person\/4cd76b055d972c5d26a31a6868ce10e9\"},\"headline\":\"M. et Mme Odelin S. \\u00ab Acquisition r\\u00e9sidence principale \\u00bb\",\"datePublished\":\"2018-01-25T14:53:59+00:00\",\"dateModified\":\"2018-01-25T14:53:59+00:00\",\"mainEntityOfPage\":{\"@id\":\"https:\/\/pressetaux.fr\/cambrai\/m-mme-odelin-s-acquisition-residence-principale\/#webpage\"},\"wordCount\":96,\"publisher\":{\"@id\":\"https:\/\/pressetaux.fr\/cambrai\/#organization\"},\"articleSection\":[\"Actualit\\u00e9\"],\"inLanguage\":\"fr-FR\"},{\"@type\":\"Person\",\"@id\":\"https:\/\/pressetaux.fr\/cambrai\/#\/schema\/person\/4cd76b055d972c5d26a31a6868ce10e9\",\"name\":\"Aur\\u00e9lie PresseTaux\",\"image\":{\"@type\":\"ImageObject\",\"@id\":\"https:\/\/pressetaux.fr\/cambrai\/#personlogo\",\"inLanguage\":\"fr-FR\",\"url\":\"https:\/\/secure.gravatar.com\/avatar\/3c12b07ea1ddcb99edf500aed7c9791c?s=96&d=mm&r=g\",\"contentUrl\":\"https:\/\/secure.gravatar.com\/avatar\/3c12b07ea1ddcb99edf500aed7c9791c?s=96&d=mm&r=g\",\"caption\":\"Aur\\u00e9lie PresseTaux\"},\"url\":\"https:\/\/pressetaux.fr\/cambrai\/author\/aurelie-merlin\/\"}]}<\/script>\n<!-- \/ Yoast SEO plugin. -->","yoast_head_json":{"title":"M. et Mme Odelin S. \u00ab Acquisition r\u00e9sidence principale \u00bb - PresseTaux Cambrai","robots":{"index":"index","follow":"follow","max-snippet":"max-snippet:-1","max-image-preview":"max-image-preview:large","max-video-preview":"max-video-preview:-1"},"canonical":"https:\/\/pressetaux.fr\/cambrai\/m-mme-odelin-s-acquisition-residence-principale\/","og_locale":"fr_FR","og_type":"article","og_title":"M. et Mme Odelin S. \u00ab Acquisition r\u00e9sidence principale \u00bb - PresseTaux Cambrai","og_description":"\u00ab Nous sommes tr\u00e8s contents du cabinet PresseTaux surtout de M. Lamand Christophe qui a \u00e9t\u00e9 tr\u00e8s efficace et professionnel dans les d\u00e9marches de notre projet qui nous tenait \u00e0 coeur depuis plus d\u2019un an. Aujourd\u2019hui gr\u00e2ce \u00e0 M. Christophe Lamand, nous avons pu concr\u00e9tiser notre projet d\u2019acquisition malgr\u00e9 les \u00e9tapes difficiles que nous avons pass\u00e9es. Nous tenons aussi \u00e0 souligner la rapidit\u00e9 de M. Lamand Christophe pour nous d\u00e9goter un pr\u00eat immobilier ainsi que son \u00e9coute. Merci pour tout. \u00bb","og_url":"https:\/\/pressetaux.fr\/cambrai\/m-mme-odelin-s-acquisition-residence-principale\/","og_site_name":"PresseTaux Cambrai","article_publisher":"https:\/\/www.facebook.com\/pressetauxcambrai?locale=fr_FR","article_published_time":"2018-01-25T14:53:59+00:00","og_image":[{"width":488,"height":278,"url":"https:\/\/pressetaux.fr\/cambrai\/wp-content\/uploads\/sites\/3\/2020\/11\/LogoPressetaux.png","type":"image\/png"}],"twitter_misc":{"\u00c9crit par":"Aur\u00e9lie PresseTaux"},"schema":{"@context":"https:\/\/schema.org","@graph":[{"@type":"Organization","@id":"https:\/\/pressetaux.fr\/cambrai\/#organization","name":"PresseTaux Cambrai","url":"https:\/\/pressetaux.fr\/cambrai\/","sameAs":["https:\/\/www.facebook.com\/pressetauxcambrai?locale=fr_FR"],"logo":{"@type":"ImageObject","@id":"https:\/\/pressetaux.fr\/cambrai\/#logo","inLanguage":"fr-FR","url":"https:\/\/pressetaux.fr\/cambrai\/wp-content\/uploads\/sites\/3\/2020\/11\/LogoPressetaux.png","contentUrl":"https:\/\/pressetaux.fr\/cambrai\/wp-content\/uploads\/sites\/3\/2020\/11\/LogoPressetaux.png","width":488,"height":278,"caption":"PresseTaux Cambrai"},"image":{"@id":"https:\/\/pressetaux.fr\/cambrai\/#logo"}},{"@type":"WebSite","@id":"https:\/\/pressetaux.fr\/cambrai\/#website","url":"https:\/\/pressetaux.fr\/cambrai\/","name":"PresseTaux Cambrai","description":"COURTIER EN CREDIT","publisher":{"@id":"https:\/\/pressetaux.fr\/cambrai\/#organization"},"potentialAction":[{"@type":"SearchAction","target":{"@type":"EntryPoint","urlTemplate":"https:\/\/pressetaux.fr\/cambrai\/?s={search_term_string}"},"query-input":"required name=search_term_string"}],"inLanguage":"fr-FR"},{"@type":"WebPage","@id":"https:\/\/pressetaux.fr\/cambrai\/m-mme-odelin-s-acquisition-residence-principale\/#webpage","url":"https:\/\/pressetaux.fr\/cambrai\/m-mme-odelin-s-acquisition-residence-principale\/","name":"M. et Mme Odelin S. \u00ab Acquisition r\u00e9sidence principale \u00bb - PresseTaux Cambrai","isPartOf":{"@id":"https:\/\/pressetaux.fr\/cambrai\/#website"},"datePublished":"2018-01-25T14:53:59+00:00","dateModified":"2018-01-25T14:53:59+00:00","breadcrumb":{"@id":"https:\/\/pressetaux.fr\/cambrai\/m-mme-odelin-s-acquisition-residence-principale\/#breadcrumb"},"inLanguage":"fr-FR","potentialAction":[{"@type":"ReadAction","target":["https:\/\/pressetaux.fr\/cambrai\/m-mme-odelin-s-acquisition-residence-principale\/"]}]},{"@type":"BreadcrumbList","@id":"https:\/\/pressetaux.fr\/cambrai\/m-mme-odelin-s-acquisition-residence-principale\/#breadcrumb","itemListElement":[{"@type":"ListItem","position":1,"name":"M. et Mme Odelin S. \u00ab Acquisition r\u00e9sidence principale \u00bb"}]},{"@type":"Article","@id":"https:\/\/pressetaux.fr\/cambrai\/m-mme-odelin-s-acquisition-residence-principale\/#article","isPartOf":{"@id":"https:\/\/pressetaux.fr\/cambrai\/m-mme-odelin-s-acquisition-residence-principale\/#webpage"},"author":{"@id":"https:\/\/pressetaux.fr\/cambrai\/#\/schema\/person\/4cd76b055d972c5d26a31a6868ce10e9"},"headline":"M. et Mme Odelin S. \u00ab Acquisition r\u00e9sidence principale \u00bb","datePublished":"2018-01-25T14:53:59+00:00","dateModified":"2018-01-25T14:53:59+00:00","mainEntityOfPage":{"@id":"https:\/\/pressetaux.fr\/cambrai\/m-mme-odelin-s-acquisition-residence-principale\/#webpage"},"wordCount":96,"publisher":{"@id":"https:\/\/pressetaux.fr\/cambrai\/#organization"},"articleSection":["Actualit\u00e9"],"inLanguage":"fr-FR"},{"@type":"Person","@id":"https:\/\/pressetaux.fr\/cambrai\/#\/schema\/person\/4cd76b055d972c5d26a31a6868ce10e9","name":"Aur\u00e9lie PresseTaux","image":{"@type":"ImageObject","@id":"https:\/\/pressetaux.fr\/cambrai\/#personlogo","inLanguage":"fr-FR","url":"https:\/\/secure.gravatar.com\/avatar\/3c12b07ea1ddcb99edf500aed7c9791c?s=96&d=mm&r=g","contentUrl":"https:\/\/secure.gravatar.com\/avatar\/3c12b07ea1ddcb99edf500aed7c9791c?s=96&d=mm&r=g","caption":"Aur\u00e9lie PresseTaux"},"url":"https:\/\/pressetaux.fr\/cambrai\/author\/aurelie-merlin\/"}]}},"_links":{"self":[{"href":"https:\/\/pressetaux.fr\/cambrai\/wp-json\/wp\/v2\/posts\/1670"}],"collection":[{"href":"https:\/\/pressetaux.fr\/cambrai\/wp-json\/wp\/v2\/posts"}],"about":[{"href":"https:\/\/pressetaux.fr\/cambrai\/wp-json\/wp\/v2\/types\/post"}],"author":[{"embeddable":true,"href":"https:\/\/pressetaux.fr\/cambrai\/wp-json\/wp\/v2\/users\/8"}],"replies":[{"embeddable":true,"href":"https:\/\/pressetaux.fr\/cambrai\/wp-json\/wp\/v2\/comments?post=1670"}],"version-history":[{"count":0,"href":"https:\/\/pressetaux.fr\/cambrai\/wp-json\/wp\/v2\/posts\/1670\/revisions"}],"wp:attachment":[{"href":"https:\/\/pressetaux.fr\/cambrai\/wp-json\/wp\/v2\/media?parent=1670"}],"wp:term":[{"taxonomy":"category","embeddable":true,"href":"https:\/\/pressetaux.fr\/cambrai\/wp-json\/wp\/v2\/categories?post=1670"},{"taxonomy":"post_tag","embeddable":true,"href":"https:\/\/pressetaux.fr\/cambrai\/wp-json\/wp\/v2\/tags?post=1670"}],"curies":[{"name":"wp","href":"https:\/\/api.w.org\/{rel}","templated":true}]}}