{"id":1853,"date":"2019-01-10T16:42:33","date_gmt":"2019-01-10T15:42:33","guid":{"rendered":"https:\/\/pressetaux.fr\/cambrai\/communique-de-presse-financement-immobilier-baisse-deffectif-banques-entraine-allongement-delais-bancaires\/"},"modified":"2019-01-10T16:46:21","modified_gmt":"2019-01-10T15:46:21","slug":"communique-presse-financement-immobilier-banques-allongement-delais-bancaires","status":"publish","type":"post","link":"https:\/\/pressetaux.fr\/cambrai\/communique-presse-financement-immobilier-banques-allongement-delais-bancaires\/","title":{"rendered":"Communiqu\u00e9 de presse | Financement immobilier : la baisse d\u2019effectif dans les banques entra\u00eene un allongement des d\u00e9lais bancaires"},"content":{"rendered":"<p><b><u><a href=\"https:\/\/pressetaux.fr\/wp-content\/uploads\/2016\/02\/Logo_PresseTaux.png\" rel=\"attachment wp-att-3444\"><img loading=\"lazy\" class=\"alignright wp-image-3444\" src=\"https:\/\/pressetaux.fr\/wp-content\/uploads\/2016\/02\/Logo_PresseTaux.png\" alt=\"Logo_PresseTaux\" width=\"162\" height=\"90\" \/><\/a>En bref :<\/u> Comme il y a de moins en moins de personnel dans les banques, les d\u00e9lais bancaires se sont rallong\u00e9s. Les relations entre les courtiers et les banques ont donc connu de fortes \u00e9volutions ces derniers temps. En cons\u00e9quence, les professionnels du courtage en cr\u00e9dit se sont adapt\u00e9s afin de satisfaire les demandes de leurs clients.<\/b><b><\/b><\/p>\n<p><!--more--><\/p>\n<p><em>[<a href=\"https:\/\/pressetaux.fr\/wp-content\/uploads\/2019\/01\/CP_PresseTaux_National_Allongement-delais-bancaires_2019-01-10.pdf\" target=\"_blank\" rel=\"noopener\">Version PDF du communiqu\u00e9 de presse<\/a>]<\/em><\/p>\n<p><span style=\"font-weight: 400;\">C\u2019est un constat, il y a de moins en moins de personnel dans les banques et cela impacte directement le travail quotidien des courtiers. Par exemple, <\/span><i><span style=\"font-weight: 400;\">\u201cle d\u00e9lai de r\u00e9ponse s&rsquo;est allong\u00e9 d&rsquo;environ un mois\u201d<\/span><\/i><span style=\"font-weight: 400;\">, estime <\/span><a href=\"https:\/\/pressetaux.fr\/montpellier\/courtier-montpellier\/\" target=\"_blank\" rel=\"noopener\"><b>Carine Pradelles<\/b><\/a><span style=\"font-weight: 400;\"> du c\u00f4t\u00e9 de PresseTaux Montpellier.<\/span><\/p>\n<p><i><span style=\"font-weight: 400;\">\u201cLa plupart des banques travaillent avec une plateforme qui g\u00e8re les dossiers envoy\u00e9s par les courtiers et qui, apr\u00e8s validation, redescendent en agence. Comme il y a plus d&rsquo;interm\u00e9diaires, forc\u00e9ment cela prend un peu plus de temps\u201d<\/span><\/i><span style=\"font-weight: 400;\">, compl\u00e8te <\/span><a href=\"https:\/\/pressetaux.fr\/nancy\/courtier-nancy\/\" target=\"_blank\" rel=\"noopener\"><b>Marion Nicolas<\/b><\/a><span style=\"font-weight: 400;\"> \u00e0 PresseTaux Nancy.<br \/>\n<\/span><\/p>\n<p><i><span style=\"font-weight: 400;\"><img loading=\"lazy\" class=\"aligncenter wp-image-1863\" src=\"https:\/\/pressetaux.fr\/cambrai\/wp-content\/uploads\/sites\/3\/2019\/01\/Portraits_CP2019-01_1.jpg\" alt=\"\" width=\"585\" height=\"250\" srcset=\"https:\/\/pressetaux.fr\/cambrai\/wp-content\/uploads\/sites\/3\/2019\/01\/Portraits_CP2019-01_1.jpg 1000w, https:\/\/pressetaux.fr\/cambrai\/wp-content\/uploads\/sites\/3\/2019\/01\/Portraits_CP2019-01_1-300x128.jpg 300w, https:\/\/pressetaux.fr\/cambrai\/wp-content\/uploads\/sites\/3\/2019\/01\/Portraits_CP2019-01_1-768x328.jpg 768w, https:\/\/pressetaux.fr\/cambrai\/wp-content\/uploads\/sites\/3\/2019\/01\/Portraits_CP2019-01_1-24x10.jpg 24w, https:\/\/pressetaux.fr\/cambrai\/wp-content\/uploads\/sites\/3\/2019\/01\/Portraits_CP2019-01_1-36x15.jpg 36w, https:\/\/pressetaux.fr\/cambrai\/wp-content\/uploads\/sites\/3\/2019\/01\/Portraits_CP2019-01_1-48x20.jpg 48w\" sizes=\"(max-width: 585px) 100vw, 585px\" \/><\/span><\/i><\/p>\n<p><i><span style=\"font-weight: 400;\">\u201cAvec des outils informatiques de plus en plus performants et des clients ne se d\u00e9pla\u00e7ant plus que rarement dans leur banque, on constate que le personnel en agence diminue progressivement d\u2019ann\u00e9es en ann\u00e9es\u201d<\/span><\/i><span style=\"font-weight: 400;\">, observe <\/span><a href=\"https:\/\/pressetaux.fr\/dijon\/courtier-dijon\/\" target=\"_blank\" rel=\"noopener\"><b>Magali Zeller<\/b><\/a><span style=\"font-weight: 400;\"> (PresseTaux Dijon). <\/span><i><span style=\"font-weight: 400;\">\u201cC&rsquo;est \u00e9galement valable pour les services de back-office : maintenant, c&rsquo;est souvent les conseillers de client\u00e8le eux-m\u00eames qui ont \u00e0 leur charge l&rsquo;\u00e9dition des contrats de financement et qui doivent proc\u00e9der au contr\u00f4le du respect de la r\u00e9glementation.\u201d<\/span><\/i><\/p>\n<p><i><span style=\"font-weight: 400;\">\u201cLes relations entre banques et courtiers \u00e9voluent et changent. Par exemple, de plus en plus de banques se mettent \u00e0 cr\u00e9er des cellules sp\u00e9cialis\u00e9es en pr\u00eat immobilier afin d&rsquo;avoir un seul point d&rsquo;entr\u00e9e pour les apporteurs d&rsquo;affaires comme nous, les courtiers\u201d<\/span><\/i><span style=\"font-weight: 400;\">, pr\u00e9cise ainsi <\/span><a href=\"https:\/\/pressetaux.fr\/cambrai\/courtier-cambrai-nord\/\" target=\"_blank\" rel=\"noopener\"><b>Johan Carr\u00e9<\/b><\/a><span style=\"font-weight: 400;\"> \u00e0 PresseTaux Cambrai.<\/span><\/p>\n<p>&nbsp;<\/p>\n<p><i><span style=\"font-weight: 400;\"><img loading=\"lazy\" class=\"aligncenter wp-image-1862\" src=\"https:\/\/pressetaux.fr\/cambrai\/wp-content\/uploads\/sites\/3\/2019\/01\/Portraits_CP2019-01_2.jpg\" alt=\"\" width=\"387\" height=\"250\" srcset=\"https:\/\/pressetaux.fr\/cambrai\/wp-content\/uploads\/sites\/3\/2019\/01\/Portraits_CP2019-01_2.jpg 1000w, https:\/\/pressetaux.fr\/cambrai\/wp-content\/uploads\/sites\/3\/2019\/01\/Portraits_CP2019-01_2-300x194.jpg 300w, https:\/\/pressetaux.fr\/cambrai\/wp-content\/uploads\/sites\/3\/2019\/01\/Portraits_CP2019-01_2-768x496.jpg 768w, https:\/\/pressetaux.fr\/cambrai\/wp-content\/uploads\/sites\/3\/2019\/01\/Portraits_CP2019-01_2-24x16.jpg 24w, https:\/\/pressetaux.fr\/cambrai\/wp-content\/uploads\/sites\/3\/2019\/01\/Portraits_CP2019-01_2-36x23.jpg 36w, https:\/\/pressetaux.fr\/cambrai\/wp-content\/uploads\/sites\/3\/2019\/01\/Portraits_CP2019-01_2-48x31.jpg 48w\" sizes=\"(max-width: 387px) 100vw, 387px\" \/><\/span><\/i><\/p>\n<p><i><span style=\"font-weight: 400;\">\u201cAvec le client, je m\u2019adapte en communiquant en amont pour ne pas subir le d\u00e9lai bancaire\u201d<\/span><\/i><span style=\"font-weight: 400;\">, explique Carine Pradelles. <\/span><i><span style=\"font-weight: 400;\">\u201cAvec les partenaires, au vu de la qualit\u00e9 de notre relation, j\u2019essaie de prioriser le dossier et je multiplie les contacts de relance afin de r\u00e9duire le d\u00e9lai au maximum.\u201d<\/span><\/i><\/p>\n<p><i><span style=\"font-weight: 400;\">\u201cLes d\u00e9lais bancaires qui se rallongent impliquent que nous devons faire le tampon entre les d\u00e9lais longs des banques et les clients et\/ou apporteurs d&rsquo;affaires qui s&rsquo;interrogent sur la longueur de traitement\u201d<\/span><\/i><span style=\"font-weight: 400;\">, introduit <\/span><a href=\"https:\/\/pressetaux.fr\/montpellier\/courtier-montpellier-ouest\/\" target=\"_blank\" rel=\"noopener\"><b>Carine Reymond<\/b><\/a><span style=\"font-weight: 400;\">, courtier PresseTaux \u00e0 Montpellier. <\/span><i><span style=\"font-weight: 400;\">\u201cCes d\u00e9lais rallong\u00e9s sont anxiog\u00e8nes pour les clients.\u201d<\/span><\/i><\/p>\n<p>&nbsp;<\/p>\n<p><b>Vous souhaitez r\u00e9aliser un article sur le courtage en cr\u00e9dit, interviewer S\u00e9bastien Masure (fondateur et dirigeant de PresseTaux) et\/ou certains courtiers de l\u2019enseigne ?<\/b><\/p>\n<p style=\"padding-left: 30px;\"><b>\u2192 <\/b><b>Contact :<\/b> <b>Ma\u00ebl Nonet, attach\u00e9 de presse :<\/b> 06 62 33 20 32 \/ <a href=\"mailto:mael@pressetaux.fr\"><b>mael@pressetaux.fr<\/b><\/a><\/p>\n<p>&nbsp;<\/p>\n<p><b>&gt; En ligne, retrouvez l\u2019actualit\u00e9 nationale de PresseTaux :<\/b><\/p>\n<ul>\n<li style=\"font-weight: 400;\"><span style=\"font-weight: 400;\">sur son <\/span><a href=\"https:\/\/pressetaux.fr\/blog\/\" target=\"_blank\" rel=\"noopener\"><b>blog<\/b><\/a><\/li>\n<li style=\"font-weight: 400;\"><span style=\"font-weight: 400;\">sur son <\/span><a href=\"https:\/\/pressetaux.fr\/presse-pressetaux\/\" target=\"_blank\" rel=\"noopener\"><b>espace presse<\/b><\/a><\/li>\n<\/ul>\n<p>&nbsp;<\/p>\n<p><b><a href=\"https:\/\/pressetaux.fr\/wp-content\/uploads\/2016\/02\/Logo_PresseTaux.png\" rel=\"attachment wp-att-3444\"><img loading=\"lazy\" class=\"alignright wp-image-3444\" src=\"https:\/\/pressetaux.fr\/wp-content\/uploads\/2016\/02\/Logo_PresseTaux.png\" alt=\"Logo_PresseTaux\" width=\"198\" height=\"110\" \/><\/a>\u00c0 propos de PresseTaux : <\/b><\/p>\n<p><span style=\"font-weight: 400;\">Les courtiers du r\u00e9seau PresseTaux permettent aux particuliers et aux professionnels de tous \u00e2ges \u2013 seniors compris \u2013 de faciliter l\u2019acc\u00e8s \u00e0 l\u2019emprunt, en jouant le r\u00f4le d\u2019interm\u00e9diaire entre les besoins du client et le milieu bancaire. Cr\u00e9\u00e9 en 2004, PresseTaux s&rsquo;appuie sur une organisation structur\u00e9e et le savoir-faire de ses dirigeants, issus essentiellement des milieux bancaires. Afin de se diff\u00e9rencier de ses concurrents et apporter \u00e0 ses franchis\u00e9s une forte rentabilit\u00e9, PresseTaux a d\u00e9cid\u00e9 de miser sur un service de proximit\u00e9, sous la forme d&rsquo;un r\u00e9seau de courtiers sans agence. L&rsquo;enseigne est membre de l&rsquo;APIC (Association Professionnelle des Interm\u00e9diaires en Cr\u00e9dit) depuis sa cr\u00e9ation.<\/span><\/p>\n<p><b>Fondateur et dirigeant :<\/b><span style=\"font-weight: 400;\"> S\u00e9bastien Masure<\/span><\/p>\n<p><b>Si\u00e8ge social :<\/b><span style=\"font-weight: 400;\"> 35 avenue de Verdun, 59300 Valenciennes<\/span><\/p>\n<p><b>Site : <\/b><a href=\"http:\/\/www.pressetaux.fr\"><b>www.pressetaux.fr<\/b><\/a><b> \/ T\u00e9l. : 03 27 47 75 74<\/b><\/p>\n","protected":false},"excerpt":{"rendered":"<p>En bref : Comme il y a de moins en moins de personnel dans les banques, les d\u00e9lais bancaires se sont rallong\u00e9s. Les relations entre les courtiers et les banques ont donc connu de fortes \u00e9volutions ces derniers temps. En cons\u00e9quence, les professionnels du courtage en cr\u00e9dit se sont adapt\u00e9s afin de satisfaire les demandes de leurs clients.<\/p>\n","protected":false},"author":7,"featured_media":0,"comment_status":"closed","ping_status":"open","sticky":false,"template":"","format":"standard","meta":{"_genesis_hide_title":false,"_genesis_hide_breadcrumbs":false,"_genesis_hide_singular_image":false,"_genesis_hide_footer_widgets":false,"_genesis_custom_body_class":"","_genesis_custom_post_class":"","_genesis_layout":""},"categories":[7],"tags":[],"yoast_head":"<!-- This site is optimized with the Yoast SEO plugin v17.8 - https:\/\/yoast.com\/wordpress\/plugins\/seo\/ -->\n<title>Communiqu\u00e9 de presse | Financement immobilier : la baisse d\u2019effectif dans les banques entra\u00eene un allongement des d\u00e9lais bancaires - PresseTaux Cambrai<\/title>\n<meta name=\"robots\" content=\"index, follow, max-snippet:-1, max-image-preview:large, max-video-preview:-1\" \/>\n<link rel=\"canonical\" href=\"https:\/\/pressetaux.fr\/cambrai\/communique-presse-financement-immobilier-banques-allongement-delais-bancaires\/\" \/>\n<meta property=\"og:locale\" content=\"fr_FR\" \/>\n<meta property=\"og:type\" content=\"article\" \/>\n<meta property=\"og:title\" content=\"Communiqu\u00e9 de presse | Financement immobilier : la baisse d\u2019effectif dans les banques entra\u00eene un allongement des d\u00e9lais bancaires - PresseTaux Cambrai\" \/>\n<meta property=\"og:description\" content=\"En bref : Comme il y a de moins en moins de personnel dans les banques, les d\u00e9lais bancaires se sont rallong\u00e9s. Les relations entre les courtiers et les banques ont donc connu de fortes \u00e9volutions ces derniers temps. En cons\u00e9quence, les professionnels du courtage en cr\u00e9dit se sont adapt\u00e9s afin de satisfaire les demandes de leurs clients.\" \/>\n<meta property=\"og:url\" content=\"https:\/\/pressetaux.fr\/cambrai\/communique-presse-financement-immobilier-banques-allongement-delais-bancaires\/\" \/>\n<meta property=\"og:site_name\" content=\"PresseTaux Cambrai\" \/>\n<meta property=\"article:publisher\" content=\"https:\/\/www.facebook.com\/pressetauxcambrai?locale=fr_FR\" \/>\n<meta property=\"article:published_time\" content=\"2019-01-10T15:42:33+00:00\" \/>\n<meta property=\"article:modified_time\" content=\"2019-01-10T15:46:21+00:00\" \/>\n<meta property=\"og:image\" content=\"https:\/\/pressetaux.fr\/wp-content\/uploads\/2016\/02\/Logo_PresseTaux.png\" \/>\n<meta name=\"twitter:label1\" content=\"\u00c9crit par\" \/>\n\t<meta name=\"twitter:data1\" content=\"Ma\u00ebl PresseTaux\" \/>\n\t<meta name=\"twitter:label2\" content=\"Dur\u00e9e de lecture estim\u00e9e\" \/>\n\t<meta name=\"twitter:data2\" content=\"3 minutes\" \/>\n<script type=\"application\/ld+json\" class=\"yoast-schema-graph\">{\"@context\":\"https:\/\/schema.org\",\"@graph\":[{\"@type\":\"Organization\",\"@id\":\"https:\/\/pressetaux.fr\/cambrai\/#organization\",\"name\":\"PresseTaux Cambrai\",\"url\":\"https:\/\/pressetaux.fr\/cambrai\/\",\"sameAs\":[\"https:\/\/www.facebook.com\/pressetauxcambrai?locale=fr_FR\"],\"logo\":{\"@type\":\"ImageObject\",\"@id\":\"https:\/\/pressetaux.fr\/cambrai\/#logo\",\"inLanguage\":\"fr-FR\",\"url\":\"https:\/\/pressetaux.fr\/cambrai\/wp-content\/uploads\/sites\/3\/2020\/11\/LogoPressetaux.png\",\"contentUrl\":\"https:\/\/pressetaux.fr\/cambrai\/wp-content\/uploads\/sites\/3\/2020\/11\/LogoPressetaux.png\",\"width\":488,\"height\":278,\"caption\":\"PresseTaux Cambrai\"},\"image\":{\"@id\":\"https:\/\/pressetaux.fr\/cambrai\/#logo\"}},{\"@type\":\"WebSite\",\"@id\":\"https:\/\/pressetaux.fr\/cambrai\/#website\",\"url\":\"https:\/\/pressetaux.fr\/cambrai\/\",\"name\":\"PresseTaux Cambrai\",\"description\":\"COURTIER EN CREDIT\",\"publisher\":{\"@id\":\"https:\/\/pressetaux.fr\/cambrai\/#organization\"},\"potentialAction\":[{\"@type\":\"SearchAction\",\"target\":{\"@type\":\"EntryPoint\",\"urlTemplate\":\"https:\/\/pressetaux.fr\/cambrai\/?s={search_term_string}\"},\"query-input\":\"required name=search_term_string\"}],\"inLanguage\":\"fr-FR\"},{\"@type\":\"ImageObject\",\"@id\":\"https:\/\/pressetaux.fr\/cambrai\/communique-presse-financement-immobilier-banques-allongement-delais-bancaires\/#primaryimage\",\"inLanguage\":\"fr-FR\",\"url\":\"https:\/\/pressetaux.fr\/wp-content\/uploads\/2016\/02\/Logo_PresseTaux.png\",\"contentUrl\":\"https:\/\/pressetaux.fr\/wp-content\/uploads\/2016\/02\/Logo_PresseTaux.png\"},{\"@type\":\"WebPage\",\"@id\":\"https:\/\/pressetaux.fr\/cambrai\/communique-presse-financement-immobilier-banques-allongement-delais-bancaires\/#webpage\",\"url\":\"https:\/\/pressetaux.fr\/cambrai\/communique-presse-financement-immobilier-banques-allongement-delais-bancaires\/\",\"name\":\"Communiqu\\u00e9 de presse | Financement immobilier : la baisse d\\u2019effectif dans les banques entra\\u00eene un allongement des d\\u00e9lais bancaires - PresseTaux Cambrai\",\"isPartOf\":{\"@id\":\"https:\/\/pressetaux.fr\/cambrai\/#website\"},\"primaryImageOfPage\":{\"@id\":\"https:\/\/pressetaux.fr\/cambrai\/communique-presse-financement-immobilier-banques-allongement-delais-bancaires\/#primaryimage\"},\"datePublished\":\"2019-01-10T15:42:33+00:00\",\"dateModified\":\"2019-01-10T15:46:21+00:00\",\"breadcrumb\":{\"@id\":\"https:\/\/pressetaux.fr\/cambrai\/communique-presse-financement-immobilier-banques-allongement-delais-bancaires\/#breadcrumb\"},\"inLanguage\":\"fr-FR\",\"potentialAction\":[{\"@type\":\"ReadAction\",\"target\":[\"https:\/\/pressetaux.fr\/cambrai\/communique-presse-financement-immobilier-banques-allongement-delais-bancaires\/\"]}]},{\"@type\":\"BreadcrumbList\",\"@id\":\"https:\/\/pressetaux.fr\/cambrai\/communique-presse-financement-immobilier-banques-allongement-delais-bancaires\/#breadcrumb\",\"itemListElement\":[{\"@type\":\"ListItem\",\"position\":1,\"name\":\"Communiqu\\u00e9 de presse | Financement immobilier : la baisse d\\u2019effectif dans les banques entra\\u00eene un allongement des d\\u00e9lais bancaires\"}]},{\"@type\":\"Article\",\"@id\":\"https:\/\/pressetaux.fr\/cambrai\/communique-presse-financement-immobilier-banques-allongement-delais-bancaires\/#article\",\"isPartOf\":{\"@id\":\"https:\/\/pressetaux.fr\/cambrai\/communique-presse-financement-immobilier-banques-allongement-delais-bancaires\/#webpage\"},\"author\":{\"@id\":\"https:\/\/pressetaux.fr\/cambrai\/#\/schema\/person\/e18ef05c180d813e5ce42087d0369f85\"},\"headline\":\"Communiqu\\u00e9 de presse | Financement immobilier : la baisse d\\u2019effectif dans les banques entra\\u00eene un allongement des d\\u00e9lais bancaires\",\"datePublished\":\"2019-01-10T15:42:33+00:00\",\"dateModified\":\"2019-01-10T15:46:21+00:00\",\"mainEntityOfPage\":{\"@id\":\"https:\/\/pressetaux.fr\/cambrai\/communique-presse-financement-immobilier-banques-allongement-delais-bancaires\/#webpage\"},\"wordCount\":621,\"publisher\":{\"@id\":\"https:\/\/pressetaux.fr\/cambrai\/#organization\"},\"image\":{\"@id\":\"https:\/\/pressetaux.fr\/cambrai\/communique-presse-financement-immobilier-banques-allongement-delais-bancaires\/#primaryimage\"},\"thumbnailUrl\":\"https:\/\/pressetaux.fr\/wp-content\/uploads\/2016\/02\/Logo_PresseTaux.png\",\"articleSection\":[\"Communiqu\\u00e9s de presse\"],\"inLanguage\":\"fr-FR\"},{\"@type\":\"Person\",\"@id\":\"https:\/\/pressetaux.fr\/cambrai\/#\/schema\/person\/e18ef05c180d813e5ce42087d0369f85\",\"name\":\"Ma\\u00ebl PresseTaux\",\"image\":{\"@type\":\"ImageObject\",\"@id\":\"https:\/\/pressetaux.fr\/cambrai\/#personlogo\",\"inLanguage\":\"fr-FR\",\"url\":\"https:\/\/secure.gravatar.com\/avatar\/c2daa4ba12e6c26194c9f7b7936f6a98?s=96&d=mm&r=g\",\"contentUrl\":\"https:\/\/secure.gravatar.com\/avatar\/c2daa4ba12e6c26194c9f7b7936f6a98?s=96&d=mm&r=g\",\"caption\":\"Ma\\u00ebl PresseTaux\"},\"url\":\"https:\/\/pressetaux.fr\/cambrai\/author\/mael-nonet\/\"}]}<\/script>\n<!-- \/ Yoast SEO plugin. -->","yoast_head_json":{"title":"Communiqu\u00e9 de presse | Financement immobilier : la baisse d\u2019effectif dans les banques entra\u00eene un allongement des d\u00e9lais bancaires - PresseTaux Cambrai","robots":{"index":"index","follow":"follow","max-snippet":"max-snippet:-1","max-image-preview":"max-image-preview:large","max-video-preview":"max-video-preview:-1"},"canonical":"https:\/\/pressetaux.fr\/cambrai\/communique-presse-financement-immobilier-banques-allongement-delais-bancaires\/","og_locale":"fr_FR","og_type":"article","og_title":"Communiqu\u00e9 de presse | Financement immobilier : la baisse d\u2019effectif dans les banques entra\u00eene un allongement des d\u00e9lais bancaires - PresseTaux Cambrai","og_description":"En bref : Comme il y a de moins en moins de personnel dans les banques, les d\u00e9lais bancaires se sont rallong\u00e9s. Les relations entre les courtiers et les banques ont donc connu de fortes \u00e9volutions ces derniers temps. En cons\u00e9quence, les professionnels du courtage en cr\u00e9dit se sont adapt\u00e9s afin de satisfaire les demandes de leurs clients.","og_url":"https:\/\/pressetaux.fr\/cambrai\/communique-presse-financement-immobilier-banques-allongement-delais-bancaires\/","og_site_name":"PresseTaux Cambrai","article_publisher":"https:\/\/www.facebook.com\/pressetauxcambrai?locale=fr_FR","article_published_time":"2019-01-10T15:42:33+00:00","article_modified_time":"2019-01-10T15:46:21+00:00","og_image":[{"url":"https:\/\/pressetaux.fr\/wp-content\/uploads\/2016\/02\/Logo_PresseTaux.png"}],"twitter_misc":{"\u00c9crit par":"Ma\u00ebl PresseTaux","Dur\u00e9e de lecture estim\u00e9e":"3 minutes"},"schema":{"@context":"https:\/\/schema.org","@graph":[{"@type":"Organization","@id":"https:\/\/pressetaux.fr\/cambrai\/#organization","name":"PresseTaux Cambrai","url":"https:\/\/pressetaux.fr\/cambrai\/","sameAs":["https:\/\/www.facebook.com\/pressetauxcambrai?locale=fr_FR"],"logo":{"@type":"ImageObject","@id":"https:\/\/pressetaux.fr\/cambrai\/#logo","inLanguage":"fr-FR","url":"https:\/\/pressetaux.fr\/cambrai\/wp-content\/uploads\/sites\/3\/2020\/11\/LogoPressetaux.png","contentUrl":"https:\/\/pressetaux.fr\/cambrai\/wp-content\/uploads\/sites\/3\/2020\/11\/LogoPressetaux.png","width":488,"height":278,"caption":"PresseTaux Cambrai"},"image":{"@id":"https:\/\/pressetaux.fr\/cambrai\/#logo"}},{"@type":"WebSite","@id":"https:\/\/pressetaux.fr\/cambrai\/#website","url":"https:\/\/pressetaux.fr\/cambrai\/","name":"PresseTaux Cambrai","description":"COURTIER EN CREDIT","publisher":{"@id":"https:\/\/pressetaux.fr\/cambrai\/#organization"},"potentialAction":[{"@type":"SearchAction","target":{"@type":"EntryPoint","urlTemplate":"https:\/\/pressetaux.fr\/cambrai\/?s={search_term_string}"},"query-input":"required name=search_term_string"}],"inLanguage":"fr-FR"},{"@type":"ImageObject","@id":"https:\/\/pressetaux.fr\/cambrai\/communique-presse-financement-immobilier-banques-allongement-delais-bancaires\/#primaryimage","inLanguage":"fr-FR","url":"https:\/\/pressetaux.fr\/wp-content\/uploads\/2016\/02\/Logo_PresseTaux.png","contentUrl":"https:\/\/pressetaux.fr\/wp-content\/uploads\/2016\/02\/Logo_PresseTaux.png"},{"@type":"WebPage","@id":"https:\/\/pressetaux.fr\/cambrai\/communique-presse-financement-immobilier-banques-allongement-delais-bancaires\/#webpage","url":"https:\/\/pressetaux.fr\/cambrai\/communique-presse-financement-immobilier-banques-allongement-delais-bancaires\/","name":"Communiqu\u00e9 de presse | Financement immobilier : la baisse d\u2019effectif dans les banques entra\u00eene un allongement des d\u00e9lais bancaires - PresseTaux Cambrai","isPartOf":{"@id":"https:\/\/pressetaux.fr\/cambrai\/#website"},"primaryImageOfPage":{"@id":"https:\/\/pressetaux.fr\/cambrai\/communique-presse-financement-immobilier-banques-allongement-delais-bancaires\/#primaryimage"},"datePublished":"2019-01-10T15:42:33+00:00","dateModified":"2019-01-10T15:46:21+00:00","breadcrumb":{"@id":"https:\/\/pressetaux.fr\/cambrai\/communique-presse-financement-immobilier-banques-allongement-delais-bancaires\/#breadcrumb"},"inLanguage":"fr-FR","potentialAction":[{"@type":"ReadAction","target":["https:\/\/pressetaux.fr\/cambrai\/communique-presse-financement-immobilier-banques-allongement-delais-bancaires\/"]}]},{"@type":"BreadcrumbList","@id":"https:\/\/pressetaux.fr\/cambrai\/communique-presse-financement-immobilier-banques-allongement-delais-bancaires\/#breadcrumb","itemListElement":[{"@type":"ListItem","position":1,"name":"Communiqu\u00e9 de presse | Financement immobilier : la baisse d\u2019effectif dans les banques entra\u00eene un allongement des d\u00e9lais bancaires"}]},{"@type":"Article","@id":"https:\/\/pressetaux.fr\/cambrai\/communique-presse-financement-immobilier-banques-allongement-delais-bancaires\/#article","isPartOf":{"@id":"https:\/\/pressetaux.fr\/cambrai\/communique-presse-financement-immobilier-banques-allongement-delais-bancaires\/#webpage"},"author":{"@id":"https:\/\/pressetaux.fr\/cambrai\/#\/schema\/person\/e18ef05c180d813e5ce42087d0369f85"},"headline":"Communiqu\u00e9 de presse | Financement immobilier : la baisse d\u2019effectif dans les banques entra\u00eene un allongement des d\u00e9lais bancaires","datePublished":"2019-01-10T15:42:33+00:00","dateModified":"2019-01-10T15:46:21+00:00","mainEntityOfPage":{"@id":"https:\/\/pressetaux.fr\/cambrai\/communique-presse-financement-immobilier-banques-allongement-delais-bancaires\/#webpage"},"wordCount":621,"publisher":{"@id":"https:\/\/pressetaux.fr\/cambrai\/#organization"},"image":{"@id":"https:\/\/pressetaux.fr\/cambrai\/communique-presse-financement-immobilier-banques-allongement-delais-bancaires\/#primaryimage"},"thumbnailUrl":"https:\/\/pressetaux.fr\/wp-content\/uploads\/2016\/02\/Logo_PresseTaux.png","articleSection":["Communiqu\u00e9s de presse"],"inLanguage":"fr-FR"},{"@type":"Person","@id":"https:\/\/pressetaux.fr\/cambrai\/#\/schema\/person\/e18ef05c180d813e5ce42087d0369f85","name":"Ma\u00ebl PresseTaux","image":{"@type":"ImageObject","@id":"https:\/\/pressetaux.fr\/cambrai\/#personlogo","inLanguage":"fr-FR","url":"https:\/\/secure.gravatar.com\/avatar\/c2daa4ba12e6c26194c9f7b7936f6a98?s=96&d=mm&r=g","contentUrl":"https:\/\/secure.gravatar.com\/avatar\/c2daa4ba12e6c26194c9f7b7936f6a98?s=96&d=mm&r=g","caption":"Ma\u00ebl PresseTaux"},"url":"https:\/\/pressetaux.fr\/cambrai\/author\/mael-nonet\/"}]}},"_links":{"self":[{"href":"https:\/\/pressetaux.fr\/cambrai\/wp-json\/wp\/v2\/posts\/1853"}],"collection":[{"href":"https:\/\/pressetaux.fr\/cambrai\/wp-json\/wp\/v2\/posts"}],"about":[{"href":"https:\/\/pressetaux.fr\/cambrai\/wp-json\/wp\/v2\/types\/post"}],"author":[{"embeddable":true,"href":"https:\/\/pressetaux.fr\/cambrai\/wp-json\/wp\/v2\/users\/7"}],"replies":[{"embeddable":true,"href":"https:\/\/pressetaux.fr\/cambrai\/wp-json\/wp\/v2\/comments?post=1853"}],"version-history":[{"count":0,"href":"https:\/\/pressetaux.fr\/cambrai\/wp-json\/wp\/v2\/posts\/1853\/revisions"}],"wp:attachment":[{"href":"https:\/\/pressetaux.fr\/cambrai\/wp-json\/wp\/v2\/media?parent=1853"}],"wp:term":[{"taxonomy":"category","embeddable":true,"href":"https:\/\/pressetaux.fr\/cambrai\/wp-json\/wp\/v2\/categories?post=1853"},{"taxonomy":"post_tag","embeddable":true,"href":"https:\/\/pressetaux.fr\/cambrai\/wp-json\/wp\/v2\/tags?post=1853"}],"curies":[{"name":"wp","href":"https:\/\/api.w.org\/{rel}","templated":true}]}}