{"id":1890,"date":"2019-03-12T09:00:30","date_gmt":"2019-03-12T08:00:30","guid":{"rendered":"https:\/\/pressetaux.fr\/cambrai\/?p=1890"},"modified":"2019-03-12T09:59:43","modified_gmt":"2019-03-12T08:59:43","slug":"communique-de-presse-mutation-secteur-bancaire-impacts-consequents-travail-quotidien-courtiers-credit","status":"publish","type":"post","link":"https:\/\/pressetaux.fr\/cambrai\/communique-de-presse-mutation-secteur-bancaire-impacts-consequents-travail-quotidien-courtiers-credit\/","title":{"rendered":"Communiqu\u00e9 de presse | Mutation du secteur bancaire : des impacts cons\u00e9quents sur le travail quotidien des courtiers en cr\u00e9dit"},"content":{"rendered":"<p><b><u><a href=\"https:\/\/pressetaux.fr\/wp-content\/uploads\/2016\/02\/Logo_PresseTaux.png\" rel=\"attachment wp-att-3444\"><img loading=\"lazy\" class=\"alignright wp-image-3444\" src=\"https:\/\/pressetaux.fr\/wp-content\/uploads\/2016\/02\/Logo_PresseTaux.png\" alt=\"Logo_PresseTaux\" width=\"162\" height=\"90\" \/><\/a>En bref :<\/u> Allongement des d\u00e9lais bancaires, manque de personnel, d\u00e9mat\u00e9rialisation des dossiers, interlocuteurs diff\u00e9rents, relances multiples\u2026 Le travail quotidien des courtiers a d\u00fb s\u2019adapter aux r\u00e9centes \u00e9volutions qui ont impact\u00e9 le secteur bancaire, notamment au niveau du suivi des dossiers de financement de leurs clients. Quelles en sont les cons\u00e9quences ? Les courtiers en cr\u00e9dit n\u00e9goci\u00e9 du r\u00e9seau PresseTaux t\u00e9moignent.<\/b><b><\/b><\/p>\n<p><!--more--><\/p>\n<p><em>[<a href=\"https:\/\/pressetaux.fr\/wp-content\/uploads\/2019\/03\/CP_PresseTaux_National_Delais-bancaires-consequences_2019-03-12.pdf\" target=\"_blank\" rel=\"noopener\">Version PDF du communiqu\u00e9 de presse<\/a>]<\/em><\/p>\n<p><i><span style=\"font-weight: 400;\">\u201cDe mani\u00e8re g\u00e9n\u00e9rale, les d\u00e9lais de traitement se sont allong\u00e9s\u201d<\/span><\/i><span style=\"font-weight: 400;\">, constate <\/span><a href=\"https:\/\/pressetaux.fr\/nancy\/courtier-nancy\/\"><b>Marion Nicolas<\/b><\/a><span style=\"font-weight: 400;\"> \u00e0 PresseTaux Nancy. <\/span><i><span style=\"font-weight: 400;\">\u201cDepuis l\u2019\u00e9t\u00e9 2018, on note une augmentation du nombre de jours de traitement pouvant se compter parfois m\u00eame en plusieurs semaines\u201d<\/span><\/i><span style=\"font-weight: 400;\">, d\u00e9crit ainsi <\/span><a href=\"https:\/\/pressetaux.fr\/montpellier\/courtier-montpellier-ouest\/\"><b>Carine Reymond<\/b><\/a><span style=\"font-weight: 400;\"> \u00e0 PresseTaux Montpellier. <\/span><i><span style=\"font-weight: 400;\">\u201cDans certains cas, les clients sont contraints de demander la prorogation de la condition suspensive li\u00e9e \u00e0 l&rsquo;octroi du financement\u201d<\/span><\/i><span style=\"font-weight: 400;\">, rapporte par exemple <\/span><a href=\"https:\/\/pressetaux.fr\/antony\/courtier-antony\/\"><b>Herv\u00e9 Grain<\/b><\/a><span style=\"font-weight: 400;\">, courtier PresseTaux \u00e0 Antony.<\/span><\/p>\n<p>&nbsp;<\/p>\n<p><i><span style=\"font-weight: 400;\"><img loading=\"lazy\" class=\"aligncenter wp-image-1904\" src=\"https:\/\/pressetaux.fr\/cambrai\/wp-content\/uploads\/sites\/3\/2019\/03\/Portraits_1_2019-03-12.jpg\" alt=\"\" width=\"600\" height=\"256\" srcset=\"https:\/\/pressetaux.fr\/cambrai\/wp-content\/uploads\/sites\/3\/2019\/03\/Portraits_1_2019-03-12.jpg 1000w, https:\/\/pressetaux.fr\/cambrai\/wp-content\/uploads\/sites\/3\/2019\/03\/Portraits_1_2019-03-12-300x128.jpg 300w, https:\/\/pressetaux.fr\/cambrai\/wp-content\/uploads\/sites\/3\/2019\/03\/Portraits_1_2019-03-12-768x328.jpg 768w, https:\/\/pressetaux.fr\/cambrai\/wp-content\/uploads\/sites\/3\/2019\/03\/Portraits_1_2019-03-12-24x10.jpg 24w, https:\/\/pressetaux.fr\/cambrai\/wp-content\/uploads\/sites\/3\/2019\/03\/Portraits_1_2019-03-12-36x15.jpg 36w, https:\/\/pressetaux.fr\/cambrai\/wp-content\/uploads\/sites\/3\/2019\/03\/Portraits_1_2019-03-12-48x20.jpg 48w\" sizes=\"(max-width: 600px) 100vw, 600px\" \/><\/span><\/i><\/p>\n<p><i><span style=\"font-weight: 400;\">\u201cLes clients ont perdu la confiance et la fid\u00e9lit\u00e9 qu&rsquo;ils avaient autrefois envers leur conseiller bancaire. C&rsquo;est d\u00e9sormais le courtier qui am\u00e8ne le conseil objectif sur les choix \u00e0 faire. Nos comp\u00e9tences techniques sont primordiales pour optimiser les dossiers\u201d<\/span><\/i><span style=\"font-weight: 400;\">, poursuit <\/span><a href=\"https:\/\/pressetaux.fr\/dijon\/courtier-dijon\/\"><b>Magali Zeller<\/b><\/a><span style=\"font-weight: 400;\"> \u00e0 PresseTaux Dijon. <\/span><i><span style=\"font-weight: 400;\">\u201cCes \u00e9volutions nous obligent \u00e0 une grande organisation dans le suivi des dossiers : nous veillons \u00e0 ce que les d\u00e9lais soient r\u00e9duits \u00e0 leur minimum pour le confort et la tranquillit\u00e9 de nos clients.\u201d<\/span><\/i><\/p>\n<p><span style=\"font-weight: 400;\">Ces \u00e9volutions r\u00e9centes engendrent une surcharge de travail pour les courtiers, notamment au niveau du suivi des dossiers. <\/span><i><span style=\"font-weight: 400;\">\u201cIl faut que l&rsquo;on s&rsquo;adapte \u00e0 leurs nouvelles proc\u00e9dures, un interlocuteur diff\u00e9rent et un envoi du dossier par email\u201d<\/span><\/i><span style=\"font-weight: 400;\">, pr\u00e9cise <\/span><a href=\"https:\/\/pressetaux.fr\/cambrai\/courtier-cambrai-nord\/\"><b>Johan Carr\u00e9<\/b><\/a><span style=\"font-weight: 400;\">, courtier PresseTaux \u00e0 Cambrai. <\/span><i><span style=\"font-weight: 400;\">\u201cM\u00eame si l\u2019on sait qu&rsquo;il est plus simple de pouvoir expliquer le dossier de vive voix aux conseillers.\u201d<\/span><\/i><\/p>\n<p>&nbsp;<\/p>\n<p><i><span style=\"font-weight: 400;\"><img loading=\"lazy\" class=\"aligncenter wp-image-1903\" src=\"https:\/\/pressetaux.fr\/cambrai\/wp-content\/uploads\/sites\/3\/2019\/03\/Portraits_2_2019-03-12.jpg\" alt=\"\" width=\"700\" height=\"299\" srcset=\"https:\/\/pressetaux.fr\/cambrai\/wp-content\/uploads\/sites\/3\/2019\/03\/Portraits_2_2019-03-12.jpg 1000w, https:\/\/pressetaux.fr\/cambrai\/wp-content\/uploads\/sites\/3\/2019\/03\/Portraits_2_2019-03-12-300x128.jpg 300w, https:\/\/pressetaux.fr\/cambrai\/wp-content\/uploads\/sites\/3\/2019\/03\/Portraits_2_2019-03-12-768x328.jpg 768w, https:\/\/pressetaux.fr\/cambrai\/wp-content\/uploads\/sites\/3\/2019\/03\/Portraits_2_2019-03-12-24x10.jpg 24w, https:\/\/pressetaux.fr\/cambrai\/wp-content\/uploads\/sites\/3\/2019\/03\/Portraits_2_2019-03-12-36x15.jpg 36w, https:\/\/pressetaux.fr\/cambrai\/wp-content\/uploads\/sites\/3\/2019\/03\/Portraits_2_2019-03-12-48x20.jpg 48w\" sizes=\"(max-width: 700px) 100vw, 700px\" \/><\/span><\/i><\/p>\n<p><i><span style=\"font-weight: 400;\">\u201cL&rsquo;allongement des d\u00e9lais m&rsquo;oblige \u00e0 relancer plusieurs fois mes partenaires bancaires avant d&rsquo;obtenir un accord\u201d<\/span><\/i><span style=\"font-weight: 400;\">, relate Herv\u00e9 Grain. <\/span><i><span style=\"font-weight: 400;\">\u201cIl faut rassurer les clients qui s&rsquo;inqui\u00e8tent et qui ne comprennent pas pourquoi leur dossier prend tellement de temps \u00e0 aboutir.\u201d<\/span><\/i><\/p>\n<p><i><span style=\"font-weight: 400;\">\u201cNous pr\u00e9venons d\u00e8s la constitution du dossier des d\u00e9lais que nous rencontrons aujourd&rsquo;hui\u201d<\/span><\/i><span style=\"font-weight: 400;\">, d\u00e9taille Carine Reymond. <\/span><i><span style=\"font-weight: 400;\">\u201cAinsi, apporteurs d&rsquo;affaires et clients ne sont ni surpris, ni inquiets. Le ph\u00e9nom\u00e8ne anxiog\u00e8ne s&rsquo;est fait ressentir lorsque les dossiers d\u00e9j\u00e0 d\u00e9pos\u00e9s en banques n&rsquo;avaient pas initialement de longs d\u00e9lais pr\u00e9vus. Il a donc fallu g\u00e9rer en douceur ce changement.\u201d<\/span><\/i><\/p>\n<p><i><span style=\"font-weight: 400;\">\u201cLes dossiers urgents sont bien souvent p\u00e9nalis\u00e9s\u201d<\/span><\/i><span style=\"font-weight: 400;\">, remarque <\/span><a href=\"https:\/\/pressetaux.fr\/montpellier\/courtier-montpellier\/\"><b>Carine Pradelles<\/b><\/a><span style=\"font-weight: 400;\">, courtier PresseTaux \u00e0 Montpellier. <\/span><i><span style=\"font-weight: 400;\">\u201cEn plus du ph\u00e9nom\u00e8ne anxiog\u00e8ne pour le client, certains d\u00e9lais de compromis de vente se sont vus non respect\u00e9s. Les conditions suspensives d&rsquo;obtention de pr\u00eat et les dates maximum de signatures d&rsquo;acte d&rsquo;achat ont souvent \u00e9t\u00e9 d\u00e9pass\u00e9es\u201d<\/span><\/i><span style=\"font-weight: 400;\">, conclut Carine Reymond.<\/span><\/p>\n<p>&nbsp;<\/p>\n<p><b>Vous souhaitez r\u00e9aliser un article sur le courtage en cr\u00e9dit, interviewer S\u00e9bastien Masure (fondateur et dirigeant de PresseTaux) et\/ou certains courtiers de l\u2019enseigne ?<\/b><\/p>\n<p style=\"padding-left: 30px;\"><b>\u2192 <\/b><b>Contact :<\/b> <b>Ma\u00ebl Nonet, attach\u00e9 de presse :<\/b> 06 62 33 20 32 \/ <a href=\"mailto:mael@pressetaux.fr\"><b>mael@pressetaux.fr<\/b><\/a><\/p>\n<p>&nbsp;<\/p>\n<p><b>&gt; En ligne, retrouvez l\u2019actualit\u00e9 nationale de PresseTaux :<\/b><\/p>\n<ul>\n<li style=\"font-weight: 400;\"><span style=\"font-weight: 400;\">sur son <\/span><a href=\"https:\/\/pressetaux.fr\/blog\/\" target=\"_blank\" rel=\"noopener\"><b>blog<\/b><\/a><\/li>\n<li style=\"font-weight: 400;\"><span style=\"font-weight: 400;\">sur son <\/span><a href=\"https:\/\/pressetaux.fr\/presse-pressetaux\/\" target=\"_blank\" rel=\"noopener\"><b>espace presse<\/b><\/a><\/li>\n<\/ul>\n<p>&nbsp;<\/p>\n<p><b><a href=\"https:\/\/pressetaux.fr\/wp-content\/uploads\/2016\/02\/Logo_PresseTaux.png\" rel=\"attachment wp-att-3444\"><img loading=\"lazy\" class=\"alignright wp-image-3444\" src=\"https:\/\/pressetaux.fr\/wp-content\/uploads\/2016\/02\/Logo_PresseTaux.png\" alt=\"Logo_PresseTaux\" width=\"198\" height=\"110\" \/><\/a>\u00c0 propos de PresseTaux : <\/b><\/p>\n<p><span style=\"font-weight: 400;\">Les courtiers du r\u00e9seau PresseTaux permettent aux particuliers et aux professionnels de tous \u00e2ges \u2013 seniors compris \u2013 de faciliter l\u2019acc\u00e8s \u00e0 l\u2019emprunt, en jouant le r\u00f4le d\u2019interm\u00e9diaire entre les besoins du client et le milieu bancaire. Cr\u00e9\u00e9 en 2004, PresseTaux s&rsquo;appuie sur une organisation structur\u00e9e et le savoir-faire de ses dirigeants, issus essentiellement des milieux bancaires. Afin de se diff\u00e9rencier de ses concurrents et apporter \u00e0 ses franchis\u00e9s une forte rentabilit\u00e9, PresseTaux a d\u00e9cid\u00e9 de miser sur un service de proximit\u00e9, sous la forme d&rsquo;un r\u00e9seau de courtiers sans agence. L&rsquo;enseigne est membre de l&rsquo;APIC (Association Professionnelle des Interm\u00e9diaires en Cr\u00e9dit) depuis sa cr\u00e9ation.<\/span><\/p>\n<p><b>Fondateur et dirigeant :<\/b><span style=\"font-weight: 400;\"> S\u00e9bastien Masure<\/span><\/p>\n<p><b>Si\u00e8ge social :<\/b><span style=\"font-weight: 400;\"> 35 avenue de Verdun, 59300 Valenciennes<\/span><\/p>\n<p><b>Site : <\/b><a href=\"http:\/\/www.pressetaux.fr\"><b>www.pressetaux.fr<\/b><\/a><b> \/ T\u00e9l. : 03 27 47 75 74<\/b><\/p>\n","protected":false},"excerpt":{"rendered":"<p>En bref : Allongement des d\u00e9lais bancaires, manque de personnel, d\u00e9mat\u00e9rialisation des dossiers, interlocuteurs diff\u00e9rents, relances multiples\u2026 Le travail quotidien des courtiers a d\u00fb s\u2019adapter aux r\u00e9centes \u00e9volutions qui ont impact\u00e9 le secteur bancaire, notamment au niveau du suivi des dossiers de financement de leurs clients. Quelles en sont les cons\u00e9quences ? Les courtiers en cr\u00e9dit n\u00e9goci\u00e9 du r\u00e9seau PresseTaux t\u00e9moignent.<\/p>\n","protected":false},"author":7,"featured_media":0,"comment_status":"closed","ping_status":"open","sticky":false,"template":"","format":"standard","meta":{"_genesis_hide_title":false,"_genesis_hide_breadcrumbs":false,"_genesis_hide_singular_image":false,"_genesis_hide_footer_widgets":false,"_genesis_custom_body_class":"","_genesis_custom_post_class":"","_genesis_layout":""},"categories":[7],"tags":[],"yoast_head":"<!-- This site is optimized with the Yoast SEO plugin v17.8 - https:\/\/yoast.com\/wordpress\/plugins\/seo\/ -->\n<title>Communiqu\u00e9 de presse | Mutation du secteur bancaire : des impacts cons\u00e9quents sur le travail quotidien des courtiers en cr\u00e9dit - PresseTaux Cambrai<\/title>\n<meta name=\"robots\" content=\"index, follow, max-snippet:-1, max-image-preview:large, max-video-preview:-1\" \/>\n<link rel=\"canonical\" href=\"https:\/\/pressetaux.fr\/cambrai\/communique-de-presse-mutation-secteur-bancaire-impacts-consequents-travail-quotidien-courtiers-credit\/\" \/>\n<meta property=\"og:locale\" content=\"fr_FR\" \/>\n<meta property=\"og:type\" content=\"article\" \/>\n<meta property=\"og:title\" content=\"Communiqu\u00e9 de presse | Mutation du secteur bancaire : des impacts cons\u00e9quents sur le travail quotidien des courtiers en cr\u00e9dit - PresseTaux Cambrai\" \/>\n<meta property=\"og:description\" content=\"En bref : Allongement des d\u00e9lais bancaires, manque de personnel, d\u00e9mat\u00e9rialisation des dossiers, interlocuteurs diff\u00e9rents, relances multiples\u2026 Le travail quotidien des courtiers a d\u00fb s\u2019adapter aux r\u00e9centes \u00e9volutions qui ont impact\u00e9 le secteur bancaire, notamment au niveau du suivi des dossiers de financement de leurs clients. Quelles en sont les cons\u00e9quences ? Les courtiers en cr\u00e9dit n\u00e9goci\u00e9 du r\u00e9seau PresseTaux t\u00e9moignent.\" \/>\n<meta property=\"og:url\" content=\"https:\/\/pressetaux.fr\/cambrai\/communique-de-presse-mutation-secteur-bancaire-impacts-consequents-travail-quotidien-courtiers-credit\/\" \/>\n<meta property=\"og:site_name\" content=\"PresseTaux Cambrai\" \/>\n<meta property=\"article:publisher\" content=\"https:\/\/www.facebook.com\/pressetauxcambrai?locale=fr_FR\" \/>\n<meta property=\"article:published_time\" content=\"2019-03-12T08:00:30+00:00\" \/>\n<meta property=\"article:modified_time\" content=\"2019-03-12T08:59:43+00:00\" \/>\n<meta property=\"og:image\" content=\"https:\/\/pressetaux.fr\/wp-content\/uploads\/2016\/02\/Logo_PresseTaux.png\" \/>\n<meta name=\"twitter:label1\" content=\"\u00c9crit par\" \/>\n\t<meta name=\"twitter:data1\" content=\"Ma\u00ebl PresseTaux\" \/>\n\t<meta name=\"twitter:label2\" content=\"Dur\u00e9e de lecture estim\u00e9e\" \/>\n\t<meta name=\"twitter:data2\" content=\"3 minutes\" \/>\n<script type=\"application\/ld+json\" class=\"yoast-schema-graph\">{\"@context\":\"https:\/\/schema.org\",\"@graph\":[{\"@type\":\"Organization\",\"@id\":\"https:\/\/pressetaux.fr\/cambrai\/#organization\",\"name\":\"PresseTaux Cambrai\",\"url\":\"https:\/\/pressetaux.fr\/cambrai\/\",\"sameAs\":[\"https:\/\/www.facebook.com\/pressetauxcambrai?locale=fr_FR\"],\"logo\":{\"@type\":\"ImageObject\",\"@id\":\"https:\/\/pressetaux.fr\/cambrai\/#logo\",\"inLanguage\":\"fr-FR\",\"url\":\"https:\/\/pressetaux.fr\/cambrai\/wp-content\/uploads\/sites\/3\/2020\/11\/LogoPressetaux.png\",\"contentUrl\":\"https:\/\/pressetaux.fr\/cambrai\/wp-content\/uploads\/sites\/3\/2020\/11\/LogoPressetaux.png\",\"width\":488,\"height\":278,\"caption\":\"PresseTaux Cambrai\"},\"image\":{\"@id\":\"https:\/\/pressetaux.fr\/cambrai\/#logo\"}},{\"@type\":\"WebSite\",\"@id\":\"https:\/\/pressetaux.fr\/cambrai\/#website\",\"url\":\"https:\/\/pressetaux.fr\/cambrai\/\",\"name\":\"PresseTaux Cambrai\",\"description\":\"COURTIER EN CREDIT\",\"publisher\":{\"@id\":\"https:\/\/pressetaux.fr\/cambrai\/#organization\"},\"potentialAction\":[{\"@type\":\"SearchAction\",\"target\":{\"@type\":\"EntryPoint\",\"urlTemplate\":\"https:\/\/pressetaux.fr\/cambrai\/?s={search_term_string}\"},\"query-input\":\"required name=search_term_string\"}],\"inLanguage\":\"fr-FR\"},{\"@type\":\"ImageObject\",\"@id\":\"https:\/\/pressetaux.fr\/cambrai\/communique-de-presse-mutation-secteur-bancaire-impacts-consequents-travail-quotidien-courtiers-credit\/#primaryimage\",\"inLanguage\":\"fr-FR\",\"url\":\"https:\/\/pressetaux.fr\/wp-content\/uploads\/2016\/02\/Logo_PresseTaux.png\",\"contentUrl\":\"https:\/\/pressetaux.fr\/wp-content\/uploads\/2016\/02\/Logo_PresseTaux.png\"},{\"@type\":\"WebPage\",\"@id\":\"https:\/\/pressetaux.fr\/cambrai\/communique-de-presse-mutation-secteur-bancaire-impacts-consequents-travail-quotidien-courtiers-credit\/#webpage\",\"url\":\"https:\/\/pressetaux.fr\/cambrai\/communique-de-presse-mutation-secteur-bancaire-impacts-consequents-travail-quotidien-courtiers-credit\/\",\"name\":\"Communiqu\\u00e9 de presse | Mutation du secteur bancaire : des impacts cons\\u00e9quents sur le travail quotidien des courtiers en cr\\u00e9dit - PresseTaux Cambrai\",\"isPartOf\":{\"@id\":\"https:\/\/pressetaux.fr\/cambrai\/#website\"},\"primaryImageOfPage\":{\"@id\":\"https:\/\/pressetaux.fr\/cambrai\/communique-de-presse-mutation-secteur-bancaire-impacts-consequents-travail-quotidien-courtiers-credit\/#primaryimage\"},\"datePublished\":\"2019-03-12T08:00:30+00:00\",\"dateModified\":\"2019-03-12T08:59:43+00:00\",\"breadcrumb\":{\"@id\":\"https:\/\/pressetaux.fr\/cambrai\/communique-de-presse-mutation-secteur-bancaire-impacts-consequents-travail-quotidien-courtiers-credit\/#breadcrumb\"},\"inLanguage\":\"fr-FR\",\"potentialAction\":[{\"@type\":\"ReadAction\",\"target\":[\"https:\/\/pressetaux.fr\/cambrai\/communique-de-presse-mutation-secteur-bancaire-impacts-consequents-travail-quotidien-courtiers-credit\/\"]}]},{\"@type\":\"BreadcrumbList\",\"@id\":\"https:\/\/pressetaux.fr\/cambrai\/communique-de-presse-mutation-secteur-bancaire-impacts-consequents-travail-quotidien-courtiers-credit\/#breadcrumb\",\"itemListElement\":[{\"@type\":\"ListItem\",\"position\":1,\"name\":\"Communiqu\\u00e9 de presse | Mutation du secteur bancaire : des impacts cons\\u00e9quents sur le travail quotidien des courtiers en cr\\u00e9dit\"}]},{\"@type\":\"Article\",\"@id\":\"https:\/\/pressetaux.fr\/cambrai\/communique-de-presse-mutation-secteur-bancaire-impacts-consequents-travail-quotidien-courtiers-credit\/#article\",\"isPartOf\":{\"@id\":\"https:\/\/pressetaux.fr\/cambrai\/communique-de-presse-mutation-secteur-bancaire-impacts-consequents-travail-quotidien-courtiers-credit\/#webpage\"},\"author\":{\"@id\":\"https:\/\/pressetaux.fr\/cambrai\/#\/schema\/person\/e18ef05c180d813e5ce42087d0369f85\"},\"headline\":\"Communiqu\\u00e9 de presse | Mutation du secteur bancaire : des impacts cons\\u00e9quents sur le travail quotidien des courtiers en cr\\u00e9dit\",\"datePublished\":\"2019-03-12T08:00:30+00:00\",\"dateModified\":\"2019-03-12T08:59:43+00:00\",\"mainEntityOfPage\":{\"@id\":\"https:\/\/pressetaux.fr\/cambrai\/communique-de-presse-mutation-secteur-bancaire-impacts-consequents-travail-quotidien-courtiers-credit\/#webpage\"},\"wordCount\":686,\"publisher\":{\"@id\":\"https:\/\/pressetaux.fr\/cambrai\/#organization\"},\"image\":{\"@id\":\"https:\/\/pressetaux.fr\/cambrai\/communique-de-presse-mutation-secteur-bancaire-impacts-consequents-travail-quotidien-courtiers-credit\/#primaryimage\"},\"thumbnailUrl\":\"https:\/\/pressetaux.fr\/wp-content\/uploads\/2016\/02\/Logo_PresseTaux.png\",\"articleSection\":[\"Communiqu\\u00e9s de presse\"],\"inLanguage\":\"fr-FR\"},{\"@type\":\"Person\",\"@id\":\"https:\/\/pressetaux.fr\/cambrai\/#\/schema\/person\/e18ef05c180d813e5ce42087d0369f85\",\"name\":\"Ma\\u00ebl PresseTaux\",\"image\":{\"@type\":\"ImageObject\",\"@id\":\"https:\/\/pressetaux.fr\/cambrai\/#personlogo\",\"inLanguage\":\"fr-FR\",\"url\":\"https:\/\/secure.gravatar.com\/avatar\/c2daa4ba12e6c26194c9f7b7936f6a98?s=96&d=mm&r=g\",\"contentUrl\":\"https:\/\/secure.gravatar.com\/avatar\/c2daa4ba12e6c26194c9f7b7936f6a98?s=96&d=mm&r=g\",\"caption\":\"Ma\\u00ebl PresseTaux\"},\"url\":\"https:\/\/pressetaux.fr\/cambrai\/author\/mael-nonet\/\"}]}<\/script>\n<!-- \/ Yoast SEO plugin. -->","yoast_head_json":{"title":"Communiqu\u00e9 de presse | Mutation du secteur bancaire : des impacts cons\u00e9quents sur le travail quotidien des courtiers en cr\u00e9dit - PresseTaux Cambrai","robots":{"index":"index","follow":"follow","max-snippet":"max-snippet:-1","max-image-preview":"max-image-preview:large","max-video-preview":"max-video-preview:-1"},"canonical":"https:\/\/pressetaux.fr\/cambrai\/communique-de-presse-mutation-secteur-bancaire-impacts-consequents-travail-quotidien-courtiers-credit\/","og_locale":"fr_FR","og_type":"article","og_title":"Communiqu\u00e9 de presse | Mutation du secteur bancaire : des impacts cons\u00e9quents sur le travail quotidien des courtiers en cr\u00e9dit - PresseTaux Cambrai","og_description":"En bref : Allongement des d\u00e9lais bancaires, manque de personnel, d\u00e9mat\u00e9rialisation des dossiers, interlocuteurs diff\u00e9rents, relances multiples\u2026 Le travail quotidien des courtiers a d\u00fb s\u2019adapter aux r\u00e9centes \u00e9volutions qui ont impact\u00e9 le secteur bancaire, notamment au niveau du suivi des dossiers de financement de leurs clients. Quelles en sont les cons\u00e9quences ? Les courtiers en cr\u00e9dit n\u00e9goci\u00e9 du r\u00e9seau PresseTaux t\u00e9moignent.","og_url":"https:\/\/pressetaux.fr\/cambrai\/communique-de-presse-mutation-secteur-bancaire-impacts-consequents-travail-quotidien-courtiers-credit\/","og_site_name":"PresseTaux Cambrai","article_publisher":"https:\/\/www.facebook.com\/pressetauxcambrai?locale=fr_FR","article_published_time":"2019-03-12T08:00:30+00:00","article_modified_time":"2019-03-12T08:59:43+00:00","og_image":[{"url":"https:\/\/pressetaux.fr\/wp-content\/uploads\/2016\/02\/Logo_PresseTaux.png"}],"twitter_misc":{"\u00c9crit par":"Ma\u00ebl PresseTaux","Dur\u00e9e de lecture estim\u00e9e":"3 minutes"},"schema":{"@context":"https:\/\/schema.org","@graph":[{"@type":"Organization","@id":"https:\/\/pressetaux.fr\/cambrai\/#organization","name":"PresseTaux Cambrai","url":"https:\/\/pressetaux.fr\/cambrai\/","sameAs":["https:\/\/www.facebook.com\/pressetauxcambrai?locale=fr_FR"],"logo":{"@type":"ImageObject","@id":"https:\/\/pressetaux.fr\/cambrai\/#logo","inLanguage":"fr-FR","url":"https:\/\/pressetaux.fr\/cambrai\/wp-content\/uploads\/sites\/3\/2020\/11\/LogoPressetaux.png","contentUrl":"https:\/\/pressetaux.fr\/cambrai\/wp-content\/uploads\/sites\/3\/2020\/11\/LogoPressetaux.png","width":488,"height":278,"caption":"PresseTaux Cambrai"},"image":{"@id":"https:\/\/pressetaux.fr\/cambrai\/#logo"}},{"@type":"WebSite","@id":"https:\/\/pressetaux.fr\/cambrai\/#website","url":"https:\/\/pressetaux.fr\/cambrai\/","name":"PresseTaux Cambrai","description":"COURTIER EN CREDIT","publisher":{"@id":"https:\/\/pressetaux.fr\/cambrai\/#organization"},"potentialAction":[{"@type":"SearchAction","target":{"@type":"EntryPoint","urlTemplate":"https:\/\/pressetaux.fr\/cambrai\/?s={search_term_string}"},"query-input":"required name=search_term_string"}],"inLanguage":"fr-FR"},{"@type":"ImageObject","@id":"https:\/\/pressetaux.fr\/cambrai\/communique-de-presse-mutation-secteur-bancaire-impacts-consequents-travail-quotidien-courtiers-credit\/#primaryimage","inLanguage":"fr-FR","url":"https:\/\/pressetaux.fr\/wp-content\/uploads\/2016\/02\/Logo_PresseTaux.png","contentUrl":"https:\/\/pressetaux.fr\/wp-content\/uploads\/2016\/02\/Logo_PresseTaux.png"},{"@type":"WebPage","@id":"https:\/\/pressetaux.fr\/cambrai\/communique-de-presse-mutation-secteur-bancaire-impacts-consequents-travail-quotidien-courtiers-credit\/#webpage","url":"https:\/\/pressetaux.fr\/cambrai\/communique-de-presse-mutation-secteur-bancaire-impacts-consequents-travail-quotidien-courtiers-credit\/","name":"Communiqu\u00e9 de presse | Mutation du secteur bancaire : des impacts cons\u00e9quents sur le travail quotidien des courtiers en cr\u00e9dit - PresseTaux Cambrai","isPartOf":{"@id":"https:\/\/pressetaux.fr\/cambrai\/#website"},"primaryImageOfPage":{"@id":"https:\/\/pressetaux.fr\/cambrai\/communique-de-presse-mutation-secteur-bancaire-impacts-consequents-travail-quotidien-courtiers-credit\/#primaryimage"},"datePublished":"2019-03-12T08:00:30+00:00","dateModified":"2019-03-12T08:59:43+00:00","breadcrumb":{"@id":"https:\/\/pressetaux.fr\/cambrai\/communique-de-presse-mutation-secteur-bancaire-impacts-consequents-travail-quotidien-courtiers-credit\/#breadcrumb"},"inLanguage":"fr-FR","potentialAction":[{"@type":"ReadAction","target":["https:\/\/pressetaux.fr\/cambrai\/communique-de-presse-mutation-secteur-bancaire-impacts-consequents-travail-quotidien-courtiers-credit\/"]}]},{"@type":"BreadcrumbList","@id":"https:\/\/pressetaux.fr\/cambrai\/communique-de-presse-mutation-secteur-bancaire-impacts-consequents-travail-quotidien-courtiers-credit\/#breadcrumb","itemListElement":[{"@type":"ListItem","position":1,"name":"Communiqu\u00e9 de presse | Mutation du secteur bancaire : des impacts cons\u00e9quents sur le travail quotidien des courtiers en cr\u00e9dit"}]},{"@type":"Article","@id":"https:\/\/pressetaux.fr\/cambrai\/communique-de-presse-mutation-secteur-bancaire-impacts-consequents-travail-quotidien-courtiers-credit\/#article","isPartOf":{"@id":"https:\/\/pressetaux.fr\/cambrai\/communique-de-presse-mutation-secteur-bancaire-impacts-consequents-travail-quotidien-courtiers-credit\/#webpage"},"author":{"@id":"https:\/\/pressetaux.fr\/cambrai\/#\/schema\/person\/e18ef05c180d813e5ce42087d0369f85"},"headline":"Communiqu\u00e9 de presse | Mutation du secteur bancaire : des impacts cons\u00e9quents sur le travail quotidien des courtiers en cr\u00e9dit","datePublished":"2019-03-12T08:00:30+00:00","dateModified":"2019-03-12T08:59:43+00:00","mainEntityOfPage":{"@id":"https:\/\/pressetaux.fr\/cambrai\/communique-de-presse-mutation-secteur-bancaire-impacts-consequents-travail-quotidien-courtiers-credit\/#webpage"},"wordCount":686,"publisher":{"@id":"https:\/\/pressetaux.fr\/cambrai\/#organization"},"image":{"@id":"https:\/\/pressetaux.fr\/cambrai\/communique-de-presse-mutation-secteur-bancaire-impacts-consequents-travail-quotidien-courtiers-credit\/#primaryimage"},"thumbnailUrl":"https:\/\/pressetaux.fr\/wp-content\/uploads\/2016\/02\/Logo_PresseTaux.png","articleSection":["Communiqu\u00e9s de presse"],"inLanguage":"fr-FR"},{"@type":"Person","@id":"https:\/\/pressetaux.fr\/cambrai\/#\/schema\/person\/e18ef05c180d813e5ce42087d0369f85","name":"Ma\u00ebl PresseTaux","image":{"@type":"ImageObject","@id":"https:\/\/pressetaux.fr\/cambrai\/#personlogo","inLanguage":"fr-FR","url":"https:\/\/secure.gravatar.com\/avatar\/c2daa4ba12e6c26194c9f7b7936f6a98?s=96&d=mm&r=g","contentUrl":"https:\/\/secure.gravatar.com\/avatar\/c2daa4ba12e6c26194c9f7b7936f6a98?s=96&d=mm&r=g","caption":"Ma\u00ebl PresseTaux"},"url":"https:\/\/pressetaux.fr\/cambrai\/author\/mael-nonet\/"}]}},"_links":{"self":[{"href":"https:\/\/pressetaux.fr\/cambrai\/wp-json\/wp\/v2\/posts\/1890"}],"collection":[{"href":"https:\/\/pressetaux.fr\/cambrai\/wp-json\/wp\/v2\/posts"}],"about":[{"href":"https:\/\/pressetaux.fr\/cambrai\/wp-json\/wp\/v2\/types\/post"}],"author":[{"embeddable":true,"href":"https:\/\/pressetaux.fr\/cambrai\/wp-json\/wp\/v2\/users\/7"}],"replies":[{"embeddable":true,"href":"https:\/\/pressetaux.fr\/cambrai\/wp-json\/wp\/v2\/comments?post=1890"}],"version-history":[{"count":0,"href":"https:\/\/pressetaux.fr\/cambrai\/wp-json\/wp\/v2\/posts\/1890\/revisions"}],"wp:attachment":[{"href":"https:\/\/pressetaux.fr\/cambrai\/wp-json\/wp\/v2\/media?parent=1890"}],"wp:term":[{"taxonomy":"category","embeddable":true,"href":"https:\/\/pressetaux.fr\/cambrai\/wp-json\/wp\/v2\/categories?post=1890"},{"taxonomy":"post_tag","embeddable":true,"href":"https:\/\/pressetaux.fr\/cambrai\/wp-json\/wp\/v2\/tags?post=1890"}],"curies":[{"name":"wp","href":"https:\/\/api.w.org\/{rel}","templated":true}]}}