{"id":1926,"date":"2019-05-20T14:00:10","date_gmt":"2019-05-20T13:00:10","guid":{"rendered":"https:\/\/pressetaux.fr\/cambrai\/?p=1926"},"modified":"2019-05-20T14:00:10","modified_gmt":"2019-05-20T13:00:10","slug":"jean-philippe-journet-courtier-tres-professionnel-sympathique-disponible","status":"publish","type":"post","link":"https:\/\/pressetaux.fr\/cambrai\/jean-philippe-journet-courtier-tres-professionnel-sympathique-disponible\/","title":{"rendered":"\u201cJean-Philippe Journet est un courtier tr\u00e8s professionnel, sympathique et disponible\u201d"},"content":{"rendered":"<p><b><a href=\"https:\/\/pressetaux.fr\/wp-content\/uploads\/2016\/02\/PresseTaux_courtier_5.jpg\" rel=\"attachment wp-att-3411\"><img loading=\"lazy\" class=\"alignright wp-image-3411\" src=\"https:\/\/pressetaux.fr\/wp-content\/uploads\/2016\/02\/PresseTaux_courtier_5.jpg\" alt=\"PresseTaux_courtier_5\" width=\"264\" height=\"200\" \/><\/a>Ava et Maxime L. ont eu recours aux services de Jean-Philippe Journet, courtier PresseTaux \u00e0 Caudry, dans le cadre d\u2019un projet immobilier. T\u00e9moignage d\u2019un particulier.<\/b><\/p>\n<p><span style=\"font-weight: 400;\">Ava et Maxime L. ont sollicit\u00e9 les services d\u2019un courtier de PresseTaux dans le cadre de l\u2019acquisition d\u2019un bien immobilier. Ils ont<\/span><span style=\"font-weight: 400;\"> connu l\u2019enseigne via le bouche \u00e0 oreille et ont <\/span><span style=\"font-weight: 400;\">pu b\u00e9n\u00e9ficier d\u2019un accompagnement propos\u00e9 par <\/span><a href=\"https:\/\/pressetaux.fr\/cambrai\/courtier-en-credit-caudry\/\"><span style=\"font-weight: 400;\">Jean-Philippe Journet, courtier PresseTaux \u00e0 Caudry<\/span><\/a><span style=\"font-weight: 400;\"> (59).<\/span><\/p>\n<p><!--more--><\/p>\n<p><b>En quelques mots, pouvez-vous nous r\u00e9sumer en quoi a consist\u00e9 votre projet et pourquoi avez-vous eu besoin d&rsquo;un financement ?<\/b><\/p>\n<p><span style=\"font-weight: 400;\">Nous avons eu besoin d\u2019un financement dans le cadre d\u2019un projet immobilier.<\/span><\/p>\n<p><b>Pour quelles raisons avez-vous fait appel \u00e0 un courtier ? <\/b><\/p>\n<p><span style=\"font-weight: 400;\">Nous avons fait appel \u00e0 un courtier car nous souhaitions faire des \u00e9conomies sur le plan financement de notre projet.<\/span><\/p>\n<p><b>Quelles solutions ont \u00e9t\u00e9 trouv\u00e9es par le courtier de PresseTaux pour r\u00e9pondre au mieux \u00e0 vos besoins ?<\/b><\/p>\n<p><span style=\"font-weight: 400;\">Nous devions emprunter environ 215 000 \u20ac et le taux indiqu\u00e9 par notre banque \u00e9tait de presque 2,5 %. Gr\u00e2ce \u00e0 Jean-Philippe Journet, nous avons pu obtenir un taux bien en-dessous de la barre des 2 % et nous avons b\u00e9n\u00e9fici\u00e9 de 50 % de r\u00e9duction sur l\u2019assurance. <\/span><\/p>\n<p><b>De mani\u00e8re g\u00e9n\u00e9rale, comment \u00e9valuez-vous l&rsquo;accompagnement offert par le courtier de l&rsquo;agence PresseTaux qui vous a accompagn\u00e9s ? <\/b><\/p>\n<p><span style=\"font-weight: 400;\">Nous avons b\u00e9n\u00e9fici\u00e9 d\u2019un excellent accompagnement. Jean-Philippe Journet est un courtier tr\u00e8s professionnel, sympathique et disponible pour ses clients.<\/span><\/p>\n<p><b>Recommanderiez-vous PresseTaux \u00e0 votre entourage ?<\/b><\/p>\n<p><span style=\"font-weight: 400;\">Oui, pour son professionnalisme et sa proximit\u00e9 avec ses clients.<\/span><\/p>\n","protected":false},"excerpt":{"rendered":"<p>Ava et Maxime L. ont eu recours aux services de Jean-Philippe Journet, courtier PresseTaux \u00e0 Caudry, dans le cadre d\u2019un projet immobilier. T\u00e9moignage d\u2019un particulier. Ava et Maxime L. ont sollicit\u00e9 les services d\u2019un courtier de PresseTaux dans le cadre de l\u2019acquisition d\u2019un bien immobilier. Ils ont connu l\u2019enseigne via le bouche \u00e0 oreille et ont pu b\u00e9n\u00e9ficier d\u2019un accompagnement propos\u00e9 par Jean-Philippe Journet, courtier PresseTaux \u00e0 Caudry (59).<\/p>\n","protected":false},"author":7,"featured_media":0,"comment_status":"closed","ping_status":"open","sticky":false,"template":"","format":"standard","meta":{"_genesis_hide_title":false,"_genesis_hide_breadcrumbs":false,"_genesis_hide_singular_image":false,"_genesis_hide_footer_widgets":false,"_genesis_custom_body_class":"","_genesis_custom_post_class":"","_genesis_layout":""},"categories":[6],"tags":[],"yoast_head":"<!-- This site is optimized with the Yoast SEO plugin v17.8 - https:\/\/yoast.com\/wordpress\/plugins\/seo\/ -->\n<title>\u201cJean-Philippe Journet est un courtier tr\u00e8s professionnel, sympathique et disponible\u201d - PresseTaux Cambrai<\/title>\n<meta name=\"robots\" content=\"index, follow, max-snippet:-1, max-image-preview:large, max-video-preview:-1\" \/>\n<link rel=\"canonical\" href=\"https:\/\/pressetaux.fr\/cambrai\/jean-philippe-journet-courtier-tres-professionnel-sympathique-disponible\/\" \/>\n<meta property=\"og:locale\" content=\"fr_FR\" \/>\n<meta property=\"og:type\" content=\"article\" \/>\n<meta property=\"og:title\" content=\"\u201cJean-Philippe Journet est un courtier tr\u00e8s professionnel, sympathique et disponible\u201d - PresseTaux Cambrai\" \/>\n<meta property=\"og:description\" content=\"Ava et Maxime L. ont eu recours aux services de Jean-Philippe Journet, courtier PresseTaux \u00e0 Caudry, dans le cadre d\u2019un projet immobilier. T\u00e9moignage d\u2019un particulier. Ava et Maxime L. ont sollicit\u00e9 les services d\u2019un courtier de PresseTaux dans le cadre de l\u2019acquisition d\u2019un bien immobilier. Ils ont connu l\u2019enseigne via le bouche \u00e0 oreille et ont pu b\u00e9n\u00e9ficier d\u2019un accompagnement propos\u00e9 par Jean-Philippe Journet, courtier PresseTaux \u00e0 Caudry (59).\" \/>\n<meta property=\"og:url\" content=\"https:\/\/pressetaux.fr\/cambrai\/jean-philippe-journet-courtier-tres-professionnel-sympathique-disponible\/\" \/>\n<meta property=\"og:site_name\" content=\"PresseTaux Cambrai\" \/>\n<meta property=\"article:publisher\" content=\"https:\/\/www.facebook.com\/pressetauxcambrai?locale=fr_FR\" \/>\n<meta property=\"article:published_time\" content=\"2019-05-20T13:00:10+00:00\" \/>\n<meta property=\"og:image\" content=\"https:\/\/pressetaux.fr\/wp-content\/uploads\/2016\/02\/PresseTaux_courtier_5.jpg\" \/>\n<meta name=\"twitter:label1\" content=\"\u00c9crit par\" \/>\n\t<meta name=\"twitter:data1\" content=\"Ma\u00ebl PresseTaux\" \/>\n\t<meta name=\"twitter:label2\" content=\"Dur\u00e9e de lecture estim\u00e9e\" \/>\n\t<meta name=\"twitter:data2\" content=\"1 minute\" \/>\n<script type=\"application\/ld+json\" class=\"yoast-schema-graph\">{\"@context\":\"https:\/\/schema.org\",\"@graph\":[{\"@type\":\"Organization\",\"@id\":\"https:\/\/pressetaux.fr\/cambrai\/#organization\",\"name\":\"PresseTaux Cambrai\",\"url\":\"https:\/\/pressetaux.fr\/cambrai\/\",\"sameAs\":[\"https:\/\/www.facebook.com\/pressetauxcambrai?locale=fr_FR\"],\"logo\":{\"@type\":\"ImageObject\",\"@id\":\"https:\/\/pressetaux.fr\/cambrai\/#logo\",\"inLanguage\":\"fr-FR\",\"url\":\"https:\/\/pressetaux.fr\/cambrai\/wp-content\/uploads\/sites\/3\/2020\/11\/LogoPressetaux.png\",\"contentUrl\":\"https:\/\/pressetaux.fr\/cambrai\/wp-content\/uploads\/sites\/3\/2020\/11\/LogoPressetaux.png\",\"width\":488,\"height\":278,\"caption\":\"PresseTaux Cambrai\"},\"image\":{\"@id\":\"https:\/\/pressetaux.fr\/cambrai\/#logo\"}},{\"@type\":\"WebSite\",\"@id\":\"https:\/\/pressetaux.fr\/cambrai\/#website\",\"url\":\"https:\/\/pressetaux.fr\/cambrai\/\",\"name\":\"PresseTaux Cambrai\",\"description\":\"COURTIER EN CREDIT\",\"publisher\":{\"@id\":\"https:\/\/pressetaux.fr\/cambrai\/#organization\"},\"potentialAction\":[{\"@type\":\"SearchAction\",\"target\":{\"@type\":\"EntryPoint\",\"urlTemplate\":\"https:\/\/pressetaux.fr\/cambrai\/?s={search_term_string}\"},\"query-input\":\"required name=search_term_string\"}],\"inLanguage\":\"fr-FR\"},{\"@type\":\"ImageObject\",\"@id\":\"https:\/\/pressetaux.fr\/cambrai\/jean-philippe-journet-courtier-tres-professionnel-sympathique-disponible\/#primaryimage\",\"inLanguage\":\"fr-FR\",\"url\":\"https:\/\/pressetaux.fr\/wp-content\/uploads\/2016\/02\/PresseTaux_courtier_5.jpg\",\"contentUrl\":\"https:\/\/pressetaux.fr\/wp-content\/uploads\/2016\/02\/PresseTaux_courtier_5.jpg\"},{\"@type\":\"WebPage\",\"@id\":\"https:\/\/pressetaux.fr\/cambrai\/jean-philippe-journet-courtier-tres-professionnel-sympathique-disponible\/#webpage\",\"url\":\"https:\/\/pressetaux.fr\/cambrai\/jean-philippe-journet-courtier-tres-professionnel-sympathique-disponible\/\",\"name\":\"\\u201cJean-Philippe Journet est un courtier tr\\u00e8s professionnel, sympathique et disponible\\u201d - PresseTaux Cambrai\",\"isPartOf\":{\"@id\":\"https:\/\/pressetaux.fr\/cambrai\/#website\"},\"primaryImageOfPage\":{\"@id\":\"https:\/\/pressetaux.fr\/cambrai\/jean-philippe-journet-courtier-tres-professionnel-sympathique-disponible\/#primaryimage\"},\"datePublished\":\"2019-05-20T13:00:10+00:00\",\"dateModified\":\"2019-05-20T13:00:10+00:00\",\"breadcrumb\":{\"@id\":\"https:\/\/pressetaux.fr\/cambrai\/jean-philippe-journet-courtier-tres-professionnel-sympathique-disponible\/#breadcrumb\"},\"inLanguage\":\"fr-FR\",\"potentialAction\":[{\"@type\":\"ReadAction\",\"target\":[\"https:\/\/pressetaux.fr\/cambrai\/jean-philippe-journet-courtier-tres-professionnel-sympathique-disponible\/\"]}]},{\"@type\":\"BreadcrumbList\",\"@id\":\"https:\/\/pressetaux.fr\/cambrai\/jean-philippe-journet-courtier-tres-professionnel-sympathique-disponible\/#breadcrumb\",\"itemListElement\":[{\"@type\":\"ListItem\",\"position\":1,\"name\":\"\\u201cJean-Philippe Journet est un courtier tr\\u00e8s professionnel, sympathique et disponible\\u201d\"}]},{\"@type\":\"Article\",\"@id\":\"https:\/\/pressetaux.fr\/cambrai\/jean-philippe-journet-courtier-tres-professionnel-sympathique-disponible\/#article\",\"isPartOf\":{\"@id\":\"https:\/\/pressetaux.fr\/cambrai\/jean-philippe-journet-courtier-tres-professionnel-sympathique-disponible\/#webpage\"},\"author\":{\"@id\":\"https:\/\/pressetaux.fr\/cambrai\/#\/schema\/person\/e18ef05c180d813e5ce42087d0369f85\"},\"headline\":\"\\u201cJean-Philippe Journet est un courtier tr\\u00e8s professionnel, sympathique et disponible\\u201d\",\"datePublished\":\"2019-05-20T13:00:10+00:00\",\"dateModified\":\"2019-05-20T13:00:10+00:00\",\"mainEntityOfPage\":{\"@id\":\"https:\/\/pressetaux.fr\/cambrai\/jean-philippe-journet-courtier-tres-professionnel-sympathique-disponible\/#webpage\"},\"wordCount\":266,\"publisher\":{\"@id\":\"https:\/\/pressetaux.fr\/cambrai\/#organization\"},\"image\":{\"@id\":\"https:\/\/pressetaux.fr\/cambrai\/jean-philippe-journet-courtier-tres-professionnel-sympathique-disponible\/#primaryimage\"},\"thumbnailUrl\":\"https:\/\/pressetaux.fr\/wp-content\/uploads\/2016\/02\/PresseTaux_courtier_5.jpg\",\"articleSection\":[\"temoignagesblog\"],\"inLanguage\":\"fr-FR\"},{\"@type\":\"Person\",\"@id\":\"https:\/\/pressetaux.fr\/cambrai\/#\/schema\/person\/e18ef05c180d813e5ce42087d0369f85\",\"name\":\"Ma\\u00ebl PresseTaux\",\"image\":{\"@type\":\"ImageObject\",\"@id\":\"https:\/\/pressetaux.fr\/cambrai\/#personlogo\",\"inLanguage\":\"fr-FR\",\"url\":\"https:\/\/secure.gravatar.com\/avatar\/c2daa4ba12e6c26194c9f7b7936f6a98?s=96&d=mm&r=g\",\"contentUrl\":\"https:\/\/secure.gravatar.com\/avatar\/c2daa4ba12e6c26194c9f7b7936f6a98?s=96&d=mm&r=g\",\"caption\":\"Ma\\u00ebl PresseTaux\"},\"url\":\"https:\/\/pressetaux.fr\/cambrai\/author\/mael-nonet\/\"}]}<\/script>\n<!-- \/ Yoast SEO plugin. -->","yoast_head_json":{"title":"\u201cJean-Philippe Journet est un courtier tr\u00e8s professionnel, sympathique et disponible\u201d - PresseTaux Cambrai","robots":{"index":"index","follow":"follow","max-snippet":"max-snippet:-1","max-image-preview":"max-image-preview:large","max-video-preview":"max-video-preview:-1"},"canonical":"https:\/\/pressetaux.fr\/cambrai\/jean-philippe-journet-courtier-tres-professionnel-sympathique-disponible\/","og_locale":"fr_FR","og_type":"article","og_title":"\u201cJean-Philippe Journet est un courtier tr\u00e8s professionnel, sympathique et disponible\u201d - PresseTaux Cambrai","og_description":"Ava et Maxime L. ont eu recours aux services de Jean-Philippe Journet, courtier PresseTaux \u00e0 Caudry, dans le cadre d\u2019un projet immobilier. T\u00e9moignage d\u2019un particulier. Ava et Maxime L. ont sollicit\u00e9 les services d\u2019un courtier de PresseTaux dans le cadre de l\u2019acquisition d\u2019un bien immobilier. Ils ont connu l\u2019enseigne via le bouche \u00e0 oreille et ont pu b\u00e9n\u00e9ficier d\u2019un accompagnement propos\u00e9 par Jean-Philippe Journet, courtier PresseTaux \u00e0 Caudry (59).","og_url":"https:\/\/pressetaux.fr\/cambrai\/jean-philippe-journet-courtier-tres-professionnel-sympathique-disponible\/","og_site_name":"PresseTaux Cambrai","article_publisher":"https:\/\/www.facebook.com\/pressetauxcambrai?locale=fr_FR","article_published_time":"2019-05-20T13:00:10+00:00","og_image":[{"url":"https:\/\/pressetaux.fr\/wp-content\/uploads\/2016\/02\/PresseTaux_courtier_5.jpg"}],"twitter_misc":{"\u00c9crit par":"Ma\u00ebl PresseTaux","Dur\u00e9e de lecture estim\u00e9e":"1 minute"},"schema":{"@context":"https:\/\/schema.org","@graph":[{"@type":"Organization","@id":"https:\/\/pressetaux.fr\/cambrai\/#organization","name":"PresseTaux Cambrai","url":"https:\/\/pressetaux.fr\/cambrai\/","sameAs":["https:\/\/www.facebook.com\/pressetauxcambrai?locale=fr_FR"],"logo":{"@type":"ImageObject","@id":"https:\/\/pressetaux.fr\/cambrai\/#logo","inLanguage":"fr-FR","url":"https:\/\/pressetaux.fr\/cambrai\/wp-content\/uploads\/sites\/3\/2020\/11\/LogoPressetaux.png","contentUrl":"https:\/\/pressetaux.fr\/cambrai\/wp-content\/uploads\/sites\/3\/2020\/11\/LogoPressetaux.png","width":488,"height":278,"caption":"PresseTaux Cambrai"},"image":{"@id":"https:\/\/pressetaux.fr\/cambrai\/#logo"}},{"@type":"WebSite","@id":"https:\/\/pressetaux.fr\/cambrai\/#website","url":"https:\/\/pressetaux.fr\/cambrai\/","name":"PresseTaux Cambrai","description":"COURTIER EN CREDIT","publisher":{"@id":"https:\/\/pressetaux.fr\/cambrai\/#organization"},"potentialAction":[{"@type":"SearchAction","target":{"@type":"EntryPoint","urlTemplate":"https:\/\/pressetaux.fr\/cambrai\/?s={search_term_string}"},"query-input":"required name=search_term_string"}],"inLanguage":"fr-FR"},{"@type":"ImageObject","@id":"https:\/\/pressetaux.fr\/cambrai\/jean-philippe-journet-courtier-tres-professionnel-sympathique-disponible\/#primaryimage","inLanguage":"fr-FR","url":"https:\/\/pressetaux.fr\/wp-content\/uploads\/2016\/02\/PresseTaux_courtier_5.jpg","contentUrl":"https:\/\/pressetaux.fr\/wp-content\/uploads\/2016\/02\/PresseTaux_courtier_5.jpg"},{"@type":"WebPage","@id":"https:\/\/pressetaux.fr\/cambrai\/jean-philippe-journet-courtier-tres-professionnel-sympathique-disponible\/#webpage","url":"https:\/\/pressetaux.fr\/cambrai\/jean-philippe-journet-courtier-tres-professionnel-sympathique-disponible\/","name":"\u201cJean-Philippe Journet est un courtier tr\u00e8s professionnel, sympathique et disponible\u201d - PresseTaux Cambrai","isPartOf":{"@id":"https:\/\/pressetaux.fr\/cambrai\/#website"},"primaryImageOfPage":{"@id":"https:\/\/pressetaux.fr\/cambrai\/jean-philippe-journet-courtier-tres-professionnel-sympathique-disponible\/#primaryimage"},"datePublished":"2019-05-20T13:00:10+00:00","dateModified":"2019-05-20T13:00:10+00:00","breadcrumb":{"@id":"https:\/\/pressetaux.fr\/cambrai\/jean-philippe-journet-courtier-tres-professionnel-sympathique-disponible\/#breadcrumb"},"inLanguage":"fr-FR","potentialAction":[{"@type":"ReadAction","target":["https:\/\/pressetaux.fr\/cambrai\/jean-philippe-journet-courtier-tres-professionnel-sympathique-disponible\/"]}]},{"@type":"BreadcrumbList","@id":"https:\/\/pressetaux.fr\/cambrai\/jean-philippe-journet-courtier-tres-professionnel-sympathique-disponible\/#breadcrumb","itemListElement":[{"@type":"ListItem","position":1,"name":"\u201cJean-Philippe Journet est un courtier tr\u00e8s professionnel, sympathique et disponible\u201d"}]},{"@type":"Article","@id":"https:\/\/pressetaux.fr\/cambrai\/jean-philippe-journet-courtier-tres-professionnel-sympathique-disponible\/#article","isPartOf":{"@id":"https:\/\/pressetaux.fr\/cambrai\/jean-philippe-journet-courtier-tres-professionnel-sympathique-disponible\/#webpage"},"author":{"@id":"https:\/\/pressetaux.fr\/cambrai\/#\/schema\/person\/e18ef05c180d813e5ce42087d0369f85"},"headline":"\u201cJean-Philippe Journet est un courtier tr\u00e8s professionnel, sympathique et disponible\u201d","datePublished":"2019-05-20T13:00:10+00:00","dateModified":"2019-05-20T13:00:10+00:00","mainEntityOfPage":{"@id":"https:\/\/pressetaux.fr\/cambrai\/jean-philippe-journet-courtier-tres-professionnel-sympathique-disponible\/#webpage"},"wordCount":266,"publisher":{"@id":"https:\/\/pressetaux.fr\/cambrai\/#organization"},"image":{"@id":"https:\/\/pressetaux.fr\/cambrai\/jean-philippe-journet-courtier-tres-professionnel-sympathique-disponible\/#primaryimage"},"thumbnailUrl":"https:\/\/pressetaux.fr\/wp-content\/uploads\/2016\/02\/PresseTaux_courtier_5.jpg","articleSection":["temoignagesblog"],"inLanguage":"fr-FR"},{"@type":"Person","@id":"https:\/\/pressetaux.fr\/cambrai\/#\/schema\/person\/e18ef05c180d813e5ce42087d0369f85","name":"Ma\u00ebl PresseTaux","image":{"@type":"ImageObject","@id":"https:\/\/pressetaux.fr\/cambrai\/#personlogo","inLanguage":"fr-FR","url":"https:\/\/secure.gravatar.com\/avatar\/c2daa4ba12e6c26194c9f7b7936f6a98?s=96&d=mm&r=g","contentUrl":"https:\/\/secure.gravatar.com\/avatar\/c2daa4ba12e6c26194c9f7b7936f6a98?s=96&d=mm&r=g","caption":"Ma\u00ebl PresseTaux"},"url":"https:\/\/pressetaux.fr\/cambrai\/author\/mael-nonet\/"}]}},"_links":{"self":[{"href":"https:\/\/pressetaux.fr\/cambrai\/wp-json\/wp\/v2\/posts\/1926"}],"collection":[{"href":"https:\/\/pressetaux.fr\/cambrai\/wp-json\/wp\/v2\/posts"}],"about":[{"href":"https:\/\/pressetaux.fr\/cambrai\/wp-json\/wp\/v2\/types\/post"}],"author":[{"embeddable":true,"href":"https:\/\/pressetaux.fr\/cambrai\/wp-json\/wp\/v2\/users\/7"}],"replies":[{"embeddable":true,"href":"https:\/\/pressetaux.fr\/cambrai\/wp-json\/wp\/v2\/comments?post=1926"}],"version-history":[{"count":0,"href":"https:\/\/pressetaux.fr\/cambrai\/wp-json\/wp\/v2\/posts\/1926\/revisions"}],"wp:attachment":[{"href":"https:\/\/pressetaux.fr\/cambrai\/wp-json\/wp\/v2\/media?parent=1926"}],"wp:term":[{"taxonomy":"category","embeddable":true,"href":"https:\/\/pressetaux.fr\/cambrai\/wp-json\/wp\/v2\/categories?post=1926"},{"taxonomy":"post_tag","embeddable":true,"href":"https:\/\/pressetaux.fr\/cambrai\/wp-json\/wp\/v2\/tags?post=1926"}],"curies":[{"name":"wp","href":"https:\/\/api.w.org\/{rel}","templated":true}]}}