{"id":2067,"date":"2020-03-12T08:00:29","date_gmt":"2020-03-12T07:00:29","guid":{"rendered":"https:\/\/pressetaux.fr\/cambrai\/?p=2067"},"modified":"2020-03-12T11:29:38","modified_gmt":"2020-03-12T10:29:38","slug":"communique-presse-taux-usure-emprunteur","status":"publish","type":"post","link":"https:\/\/pressetaux.fr\/cambrai\/communique-presse-taux-usure-emprunteur\/","title":{"rendered":"Communiqu\u00e9 de presse | Le taux d\u2019usure, une mesure en faveur de l\u2019emprunteur ?"},"content":{"rendered":"<p><b><u><a href=\"https:\/\/pressetaux.fr\/wp-content\/uploads\/2016\/02\/Logo_PresseTaux.png\" rel=\"attachment wp-att-3444\"><img loading=\"lazy\" class=\"alignright wp-image-3444\" src=\"https:\/\/pressetaux.fr\/wp-content\/uploads\/2016\/02\/Logo_PresseTaux.png\" alt=\"Logo_PresseTaux\" width=\"162\" height=\"90\" \/><\/a>En bref :<\/u> Pour les entreprises comme pour les particuliers, face \u00e0 l\u2019emprunt la m\u00eame r\u00e8gle s\u2019applique : respecter un taux inf\u00e9rieur au taux d\u2019usure. Ce taux est r\u00e9gi par des r\u00e9glementations strictes et ne doit pas d\u00e9passer le Taux Annuel Effectif Global (TAEG) afin de prot\u00e9ger l\u2019emprunteur de tout abus de la part des \u00e9tablissements de cr\u00e9dit. Pour autant, le taux d\u2019usure favorise-t-il toujours l\u2019acc\u00e8s au pr\u00eat immobilier ? Les courtiers en cr\u00e9dit n\u00e9goci\u00e9 du r\u00e9seau PresseTaux donnent leur avis.<\/b><b><\/b><\/p>\n<p><!--more--><\/p>\n<p><em>[<a href=\"https:\/\/pressetaux.fr\/wp-content\/uploads\/2020\/03\/CP_PresseTaux_National_Taux-usure_2020-03-12.pdf\" target=\"_blank\" rel=\"noopener noreferrer\">Version PDF du communiqu\u00e9 de presse<\/a>]<\/em><\/p>\n<p><a href=\"https:\/\/pressetaux.fr\/ermont\/courtier-en-credit-ermont\/\"><b>C\u00e9dric Leroy<\/b><\/a><span style=\"font-weight: 400;\"> (PresseTaux Ermont) d\u00e9finit le taux d\u2019usure comme \u201c<\/span><i><span style=\"font-weight: 400;\">le taux maximum l\u00e9gal que les \u00e9tablissements de cr\u00e9dit sont autoris\u00e9s \u00e0 pratiquer lorsqu\u2019ils accordent un cr\u00e9dit\u201d. <\/span><\/i><span style=\"font-weight: 400;\">Ce taux d\u00e9pend du TAEG, qui prend en compte tous les frais pouvant \u00eatre occasionn\u00e9s par une demande de pr\u00eat. <\/span><a href=\"https:\/\/pressetaux.fr\/cambrai\/courtier-en-credit-caudry\/\"><b>Jean-Philippe Journet<\/b><\/a><span style=\"font-weight: 400;\">, (PresseTaux Caudry), pr\u00e9cise : <\/span><i><span style=\"font-weight: 400;\">\u201cChaque trimestre, la Banque de France proc\u00e8de \u00e0 une enqu\u00eate aupr\u00e8s de certains \u00e9tablissements de cr\u00e9dit jug\u00e9s repr\u00e9sentatifs. Elle \u00e9tudie les cr\u00e9dits accord\u00e9s au cours du dernier trimestre. Elle fait une moyenne des TAEG observ\u00e9s pour calculer le taux effectif moyen de chaque cat\u00e9gorie de pr\u00eat.\u201d<\/span><\/i><\/p>\n<p><span style=\"font-weight: 400;\"><img loading=\"lazy\" class=\"aligncenter wp-image-7568\" src=\"https:\/\/pressetaux.fr\/wp-content\/uploads\/2020\/02\/PresseTaux_courtier_17.jpg\" alt=\"\" width=\"400\" height=\"266\" \/><\/span><\/p>\n<p><span style=\"font-weight: 400;\">Le taux d\u2019usure est r\u00e9gi par des r\u00e9glementations strictes. Cela limite les abus, c\u2019est en tout cas l\u2019avis de <a href=\"https:\/\/pressetaux.fr\/dijon\/courtier-dijon\/\"><b>Magali Zeller<\/b><\/a>, courtier PresseTaux \u00e0 Dijon : \u201c<i>Depuis 2017, ce taux est \u00e9galement fonction de la dur\u00e9e du cr\u00e9dit immobilier. Nous ne sommes plus au temps des usuriers qui pr\u00eataient \u00e0 des taux affolants.\u201d <\/i>Si les \u00e9tablissements b\u00e9n\u00e9ficient d\u2019une certaine marge de man\u0153uvre, il s\u2019agit ici d\u2019un taux plafond visant <i>in fine<\/i> \u00e0 prot\u00e9ger l\u2019emprunteur.\u00a0\u00a0<\/span><\/p>\n<p><span style=\"font-weight: 400;\">Cependant, la fixation du TAEG est elle-m\u00eame soumise aux taux pratiqu\u00e9s par les banques. Or, comme le note <\/span><a href=\"https:\/\/pressetaux.fr\/bethune\/courtier-henin-et-carvin\/\"><b>Damien Lagache<\/b><\/a><span style=\"font-weight: 400;\">, courtier PresseTaux \u00e0 B\u00e9thune, <\/span><i><span style=\"font-weight: 400;\">\u201cla hausse des taux va plus vite que le seuil d\u2019usure\u201d. <\/span><\/i><span style=\"font-weight: 400;\">Cela peut poser probl\u00e8me, notamment en p\u00e9riode de fluctuations comme l\u2019explique <\/span><a href=\"https:\/\/pressetaux.fr\/lens\/courtier-lens-henin\/\"><b>Richard Mouchel<\/b><\/a><span style=\"font-weight: 400;\"> \u00e0 Lens : <\/span><i><span style=\"font-weight: 400;\">\u201cDans un contexte de taux bas, voire tr\u00e8s bas, certains dossiers de financement pour l&rsquo;achat d\u2019un bien immobilier se retrouvent refus\u00e9s car le TAEG d\u00e9passe le taux d\u2019usure. Cette situation risque de freiner la production du cr\u00e9dit immobilier.\u201d<\/span><\/i><\/p>\n<p><a href=\"https:\/\/pressetaux.fr\/valenciennes\/\"><b>Thomas Lecomte<\/b><\/a><span style=\"font-weight: 400;\"> (PresseTaux Valenciennes) r\u00e9sume la situation en ces termes : <\/span><i><span style=\"font-weight: 400;\">\u201cSi le bar\u00e8me des banques augmente, le taux d&rsquo;usure sera plus facilement atteint, ce qui laisse peu de place pour une surprime \u00e9ventuelle d&rsquo;assurance et peut donc poser probl\u00e8me pour l&rsquo;octroi du cr\u00e9dit. \u00c0 l&rsquo;inverse, si le bar\u00e8me des banques diminue, la marge est plus importante et les possibilit\u00e9s d&rsquo;octroi du cr\u00e9dit augmentent.\u201d<\/span><\/i> <a href=\"https:\/\/pressetaux.fr\/tours\/courtier-tours-sud\/\"><b>Gr\u00e9gory Lemaitre<\/b><\/a><span style=\"font-weight: 400;\">, courtier \u00e0 Tours, souligne le principal probl\u00e8me de ce d\u00e9calage dans l\u2019ajustement du taux d\u2019usure, <\/span><i><span style=\"font-weight: 400;\">\u201cun taux qui risque d\u2019\u00eatre d\u00e9connect\u00e9 de la r\u00e9alit\u00e9.\u201d<\/span><\/i><\/p>\n<p><span style=\"font-weight: 400;\"><img loading=\"lazy\" class=\"alignright wp-image-6251\" src=\"https:\/\/pressetaux.fr\/wp-content\/uploads\/2018\/01\/Investissement-locatif_1.jpg\" alt=\"\" width=\"250\" height=\"173\" \/>Pour de multiples raisons aussi bien li\u00e9es \u00e0 des soucis de sant\u00e9 qu\u2019\u00e0 l\u2019\u00e2ge, un m\u00e9tier dangereux ou un profil atypique, un emprunteur peut rapidement \u00eatre \u00e9tiquet\u00e9 \u201c\u00e0 risque\u201d. Cela augmente automatiquement le taux de l\u2019assurance ce qui rend de fait l\u2019acc\u00e8s au pr\u00eat immobilier plus compliqu\u00e9. Pour contrer cet effet pervers, une d\u00e9l\u00e9gation d\u2019assurance peut \u00eatre un recours int\u00e9ressant. <\/span><a href=\"https:\/\/pressetaux.fr\/reims\/courtier-en-credit-a-reims\/\"><b>Geoffrey Mazouzi<\/b><\/a><span style=\"font-weight: 400;\"> (PresseTaux Reims) t\u00e9moigne : <\/span><i><span style=\"font-weight: 400;\">\u201cJ\u2019ai r\u00e9ussi \u00e0 obtenir une assurance moins ch\u00e8re pour ma cliente. Cette baisse du co\u00fbt d\u2019assurance a permis de faire passer le TAEG sous le seuil du taux d\u2019usure. Aujourd\u2019hui, elle est officiellement propri\u00e9taire.\u201d<\/span><\/i><\/p>\n<p><span style=\"font-weight: 400;\">Pour Magali Zeller, ren\u00e9gocier le taux de l\u2019assurance emprunteur n\u2019est pas l\u2019unique levier pour contrer les effets du taux d\u2019usure : <\/span><i><span style=\"font-weight: 400;\">\u00ab\u00a0Outre les frais de dossier \u00e0 faire baisser, il faut aussi adapter les garanties au besoin. Par exemple, une personne proche de la retraite ou faisant un pr\u00eat locatif n&rsquo;a pas forc\u00e9ment int\u00e9r\u00eat \u00e0 s&rsquo;assurer en cas d&rsquo;arr\u00eat de travail.\u201d<\/span><\/i><\/p>\n<p>&nbsp;<\/p>\n<p><b>Vous souhaitez r\u00e9aliser un article sur ce th\u00e8me,\u00a0<\/b><b>interviewer S\u00e9bastien Masure (fondateur et dirigeant\u00a0<\/b><b>de PresseTaux) et\/ou certains courtiers de l\u2019enseigne ?<\/b><\/p>\n<p style=\"padding-left: 30px;\"><b>\u2192 <\/b><b>Contact :<\/b> <b>Ma\u00ebl Nonet, attach\u00e9 de presse :<\/b> 06 62 33 20 32 \/ <a href=\"mailto:mael@pressetaux.fr\"><b>mael@pressetaux.fr<\/b><\/a><\/p>\n<p>&nbsp;<\/p>\n<p><b>&gt; En ligne, retrouvez l\u2019actualit\u00e9 nationale de PresseTaux :<\/b><\/p>\n<ul>\n<li style=\"font-weight: 400;\"><span style=\"font-weight: 400;\">sur son <\/span><a href=\"https:\/\/pressetaux.fr\/blog\/\" target=\"_blank\" rel=\"noopener noreferrer\"><b>blog<\/b><\/a><\/li>\n<li style=\"font-weight: 400;\"><span style=\"font-weight: 400;\">sur son <\/span><a href=\"https:\/\/pressetaux.fr\/presse-pressetaux\/\" target=\"_blank\" rel=\"noopener noreferrer\"><b>espace presse<\/b><\/a><\/li>\n<li>la <a href=\"http:\/\/pressetaux.fr\/les-courtiers-pressetaux\/\" target=\"_blank\" rel=\"noopener noreferrer\"><strong>carte<\/strong><\/a> du r\u00e9seau des agences PresseTaux en France<\/li>\n<\/ul>\n<p>&nbsp;<\/p>\n<p><b><a href=\"https:\/\/pressetaux.fr\/wp-content\/uploads\/2016\/02\/Logo_PresseTaux.png\" rel=\"attachment wp-att-3444\"><img loading=\"lazy\" class=\"alignright wp-image-3444\" src=\"https:\/\/pressetaux.fr\/wp-content\/uploads\/2016\/02\/Logo_PresseTaux.png\" alt=\"Logo_PresseTaux\" width=\"198\" height=\"110\" \/><\/a>\u00c0 propos de PresseTaux : <\/b><\/p>\n<p><span style=\"font-weight: 400;\">Les courtiers du r\u00e9seau PresseTaux permettent aux particuliers et aux professionnels de tous \u00e2ges \u2013 seniors compris \u2013 de faciliter l\u2019acc\u00e8s \u00e0 l\u2019emprunt, en jouant le r\u00f4le d\u2019interm\u00e9diaire entre les besoins du client et le milieu bancaire. Cr\u00e9\u00e9 en 2004, PresseTaux s&rsquo;appuie sur une organisation structur\u00e9e et le savoir-faire de ses dirigeants, issus essentiellement des milieux bancaires. Afin de se diff\u00e9rencier de ses concurrents et apporter \u00e0 ses franchis\u00e9s une forte rentabilit\u00e9, PresseTaux a d\u00e9cid\u00e9 de miser sur un service de proximit\u00e9, sous la forme d&rsquo;un r\u00e9seau de courtiers sans agence. L&rsquo;enseigne est membre de l&rsquo;APIC (Association Professionnelle des Interm\u00e9diaires en Cr\u00e9dit) depuis sa cr\u00e9ation.<\/span><\/p>\n<p><b>Fondateur et dirigeant :<\/b><span style=\"font-weight: 400;\"> S\u00e9bastien Masure<\/span><\/p>\n<p><b>Si\u00e8ge social :<\/b><span style=\"font-weight: 400;\"> 35 avenue de Verdun, 59300 Valenciennes<\/span><\/p>\n<p><b>Site : <\/b><a href=\"http:\/\/www.pressetaux.fr\"><b>www.pressetaux.fr<\/b><\/a><b> \/ T\u00e9l. : 03 27 47 75 74<\/b><\/p>\n","protected":false},"excerpt":{"rendered":"<p>En bref : Pour les entreprises comme pour les particuliers, face \u00e0 l\u2019emprunt la m\u00eame r\u00e8gle s\u2019applique : respecter un taux inf\u00e9rieur au taux d\u2019usure. Ce taux est r\u00e9gi par des r\u00e9glementations strictes et ne doit pas d\u00e9passer le Taux Annuel Effectif Global (TAEG) afin de prot\u00e9ger l\u2019emprunteur de tout abus de la part des \u00e9tablissements de cr\u00e9dit. Pour autant, le taux d\u2019usure favorise-t-il toujours l\u2019acc\u00e8s au pr\u00eat immobilier ? Les courtiers en cr\u00e9dit n\u00e9goci\u00e9 du r\u00e9seau PresseTaux donnent leur avis.<\/p>\n","protected":false},"author":7,"featured_media":0,"comment_status":"closed","ping_status":"open","sticky":false,"template":"","format":"standard","meta":{"_genesis_hide_title":false,"_genesis_hide_breadcrumbs":false,"_genesis_hide_singular_image":false,"_genesis_hide_footer_widgets":false,"_genesis_custom_body_class":"","_genesis_custom_post_class":"","_genesis_layout":""},"categories":[7],"tags":[],"yoast_head":"<!-- This site is optimized with the Yoast SEO plugin v17.8 - https:\/\/yoast.com\/wordpress\/plugins\/seo\/ -->\n<title>Communiqu\u00e9 de presse | Le taux d\u2019usure, une mesure en faveur de l\u2019emprunteur ? - PresseTaux Cambrai<\/title>\n<meta name=\"robots\" content=\"index, follow, max-snippet:-1, max-image-preview:large, max-video-preview:-1\" \/>\n<link rel=\"canonical\" href=\"https:\/\/pressetaux.fr\/cambrai\/communique-presse-taux-usure-emprunteur\/\" \/>\n<meta property=\"og:locale\" content=\"fr_FR\" \/>\n<meta property=\"og:type\" content=\"article\" \/>\n<meta property=\"og:title\" content=\"Communiqu\u00e9 de presse | Le taux d\u2019usure, une mesure en faveur de l\u2019emprunteur ? - PresseTaux Cambrai\" \/>\n<meta property=\"og:description\" content=\"En bref : Pour les entreprises comme pour les particuliers, face \u00e0 l\u2019emprunt la m\u00eame r\u00e8gle s\u2019applique : respecter un taux inf\u00e9rieur au taux d\u2019usure. Ce taux est r\u00e9gi par des r\u00e9glementations strictes et ne doit pas d\u00e9passer le Taux Annuel Effectif Global (TAEG) afin de prot\u00e9ger l\u2019emprunteur de tout abus de la part des \u00e9tablissements de cr\u00e9dit. Pour autant, le taux d\u2019usure favorise-t-il toujours l\u2019acc\u00e8s au pr\u00eat immobilier ? Les courtiers en cr\u00e9dit n\u00e9goci\u00e9 du r\u00e9seau PresseTaux donnent leur avis.\" \/>\n<meta property=\"og:url\" content=\"https:\/\/pressetaux.fr\/cambrai\/communique-presse-taux-usure-emprunteur\/\" \/>\n<meta property=\"og:site_name\" content=\"PresseTaux Cambrai\" \/>\n<meta property=\"article:publisher\" content=\"https:\/\/www.facebook.com\/pressetauxcambrai?locale=fr_FR\" \/>\n<meta property=\"article:published_time\" content=\"2020-03-12T07:00:29+00:00\" \/>\n<meta property=\"article:modified_time\" content=\"2020-03-12T10:29:38+00:00\" \/>\n<meta property=\"og:image\" content=\"https:\/\/pressetaux.fr\/wp-content\/uploads\/2016\/02\/Logo_PresseTaux.png\" \/>\n<meta name=\"twitter:label1\" content=\"\u00c9crit par\" \/>\n\t<meta name=\"twitter:data1\" content=\"Ma\u00ebl PresseTaux\" \/>\n\t<meta name=\"twitter:label2\" content=\"Dur\u00e9e de lecture estim\u00e9e\" \/>\n\t<meta name=\"twitter:data2\" content=\"4 minutes\" \/>\n<script type=\"application\/ld+json\" class=\"yoast-schema-graph\">{\"@context\":\"https:\/\/schema.org\",\"@graph\":[{\"@type\":\"Organization\",\"@id\":\"https:\/\/pressetaux.fr\/cambrai\/#organization\",\"name\":\"PresseTaux Cambrai\",\"url\":\"https:\/\/pressetaux.fr\/cambrai\/\",\"sameAs\":[\"https:\/\/www.facebook.com\/pressetauxcambrai?locale=fr_FR\"],\"logo\":{\"@type\":\"ImageObject\",\"@id\":\"https:\/\/pressetaux.fr\/cambrai\/#logo\",\"inLanguage\":\"fr-FR\",\"url\":\"https:\/\/pressetaux.fr\/cambrai\/wp-content\/uploads\/sites\/3\/2020\/11\/LogoPressetaux.png\",\"contentUrl\":\"https:\/\/pressetaux.fr\/cambrai\/wp-content\/uploads\/sites\/3\/2020\/11\/LogoPressetaux.png\",\"width\":488,\"height\":278,\"caption\":\"PresseTaux Cambrai\"},\"image\":{\"@id\":\"https:\/\/pressetaux.fr\/cambrai\/#logo\"}},{\"@type\":\"WebSite\",\"@id\":\"https:\/\/pressetaux.fr\/cambrai\/#website\",\"url\":\"https:\/\/pressetaux.fr\/cambrai\/\",\"name\":\"PresseTaux Cambrai\",\"description\":\"COURTIER EN CREDIT\",\"publisher\":{\"@id\":\"https:\/\/pressetaux.fr\/cambrai\/#organization\"},\"potentialAction\":[{\"@type\":\"SearchAction\",\"target\":{\"@type\":\"EntryPoint\",\"urlTemplate\":\"https:\/\/pressetaux.fr\/cambrai\/?s={search_term_string}\"},\"query-input\":\"required name=search_term_string\"}],\"inLanguage\":\"fr-FR\"},{\"@type\":\"ImageObject\",\"@id\":\"https:\/\/pressetaux.fr\/cambrai\/communique-presse-taux-usure-emprunteur\/#primaryimage\",\"inLanguage\":\"fr-FR\",\"url\":\"https:\/\/pressetaux.fr\/wp-content\/uploads\/2016\/02\/Logo_PresseTaux.png\",\"contentUrl\":\"https:\/\/pressetaux.fr\/wp-content\/uploads\/2016\/02\/Logo_PresseTaux.png\"},{\"@type\":\"WebPage\",\"@id\":\"https:\/\/pressetaux.fr\/cambrai\/communique-presse-taux-usure-emprunteur\/#webpage\",\"url\":\"https:\/\/pressetaux.fr\/cambrai\/communique-presse-taux-usure-emprunteur\/\",\"name\":\"Communiqu\\u00e9 de presse | Le taux d\\u2019usure, une mesure en faveur de l\\u2019emprunteur ? - PresseTaux Cambrai\",\"isPartOf\":{\"@id\":\"https:\/\/pressetaux.fr\/cambrai\/#website\"},\"primaryImageOfPage\":{\"@id\":\"https:\/\/pressetaux.fr\/cambrai\/communique-presse-taux-usure-emprunteur\/#primaryimage\"},\"datePublished\":\"2020-03-12T07:00:29+00:00\",\"dateModified\":\"2020-03-12T10:29:38+00:00\",\"breadcrumb\":{\"@id\":\"https:\/\/pressetaux.fr\/cambrai\/communique-presse-taux-usure-emprunteur\/#breadcrumb\"},\"inLanguage\":\"fr-FR\",\"potentialAction\":[{\"@type\":\"ReadAction\",\"target\":[\"https:\/\/pressetaux.fr\/cambrai\/communique-presse-taux-usure-emprunteur\/\"]}]},{\"@type\":\"BreadcrumbList\",\"@id\":\"https:\/\/pressetaux.fr\/cambrai\/communique-presse-taux-usure-emprunteur\/#breadcrumb\",\"itemListElement\":[{\"@type\":\"ListItem\",\"position\":1,\"name\":\"Communiqu\\u00e9 de presse | Le taux d\\u2019usure, une mesure en faveur de l\\u2019emprunteur ?\"}]},{\"@type\":\"Article\",\"@id\":\"https:\/\/pressetaux.fr\/cambrai\/communique-presse-taux-usure-emprunteur\/#article\",\"isPartOf\":{\"@id\":\"https:\/\/pressetaux.fr\/cambrai\/communique-presse-taux-usure-emprunteur\/#webpage\"},\"author\":{\"@id\":\"https:\/\/pressetaux.fr\/cambrai\/#\/schema\/person\/e18ef05c180d813e5ce42087d0369f85\"},\"headline\":\"Communiqu\\u00e9 de presse | Le taux d\\u2019usure, une mesure en faveur de l\\u2019emprunteur ?\",\"datePublished\":\"2020-03-12T07:00:29+00:00\",\"dateModified\":\"2020-03-12T10:29:38+00:00\",\"mainEntityOfPage\":{\"@id\":\"https:\/\/pressetaux.fr\/cambrai\/communique-presse-taux-usure-emprunteur\/#webpage\"},\"wordCount\":906,\"publisher\":{\"@id\":\"https:\/\/pressetaux.fr\/cambrai\/#organization\"},\"image\":{\"@id\":\"https:\/\/pressetaux.fr\/cambrai\/communique-presse-taux-usure-emprunteur\/#primaryimage\"},\"thumbnailUrl\":\"https:\/\/pressetaux.fr\/wp-content\/uploads\/2016\/02\/Logo_PresseTaux.png\",\"articleSection\":[\"Communiqu\\u00e9s de presse\"],\"inLanguage\":\"fr-FR\"},{\"@type\":\"Person\",\"@id\":\"https:\/\/pressetaux.fr\/cambrai\/#\/schema\/person\/e18ef05c180d813e5ce42087d0369f85\",\"name\":\"Ma\\u00ebl PresseTaux\",\"image\":{\"@type\":\"ImageObject\",\"@id\":\"https:\/\/pressetaux.fr\/cambrai\/#personlogo\",\"inLanguage\":\"fr-FR\",\"url\":\"https:\/\/secure.gravatar.com\/avatar\/c2daa4ba12e6c26194c9f7b7936f6a98?s=96&d=mm&r=g\",\"contentUrl\":\"https:\/\/secure.gravatar.com\/avatar\/c2daa4ba12e6c26194c9f7b7936f6a98?s=96&d=mm&r=g\",\"caption\":\"Ma\\u00ebl PresseTaux\"},\"url\":\"https:\/\/pressetaux.fr\/cambrai\/author\/mael-nonet\/\"}]}<\/script>\n<!-- \/ Yoast SEO plugin. -->","yoast_head_json":{"title":"Communiqu\u00e9 de presse | Le taux d\u2019usure, une mesure en faveur de l\u2019emprunteur ? - PresseTaux Cambrai","robots":{"index":"index","follow":"follow","max-snippet":"max-snippet:-1","max-image-preview":"max-image-preview:large","max-video-preview":"max-video-preview:-1"},"canonical":"https:\/\/pressetaux.fr\/cambrai\/communique-presse-taux-usure-emprunteur\/","og_locale":"fr_FR","og_type":"article","og_title":"Communiqu\u00e9 de presse | Le taux d\u2019usure, une mesure en faveur de l\u2019emprunteur ? - PresseTaux Cambrai","og_description":"En bref : Pour les entreprises comme pour les particuliers, face \u00e0 l\u2019emprunt la m\u00eame r\u00e8gle s\u2019applique : respecter un taux inf\u00e9rieur au taux d\u2019usure. Ce taux est r\u00e9gi par des r\u00e9glementations strictes et ne doit pas d\u00e9passer le Taux Annuel Effectif Global (TAEG) afin de prot\u00e9ger l\u2019emprunteur de tout abus de la part des \u00e9tablissements de cr\u00e9dit. Pour autant, le taux d\u2019usure favorise-t-il toujours l\u2019acc\u00e8s au pr\u00eat immobilier ? Les courtiers en cr\u00e9dit n\u00e9goci\u00e9 du r\u00e9seau PresseTaux donnent leur avis.","og_url":"https:\/\/pressetaux.fr\/cambrai\/communique-presse-taux-usure-emprunteur\/","og_site_name":"PresseTaux Cambrai","article_publisher":"https:\/\/www.facebook.com\/pressetauxcambrai?locale=fr_FR","article_published_time":"2020-03-12T07:00:29+00:00","article_modified_time":"2020-03-12T10:29:38+00:00","og_image":[{"url":"https:\/\/pressetaux.fr\/wp-content\/uploads\/2016\/02\/Logo_PresseTaux.png"}],"twitter_misc":{"\u00c9crit par":"Ma\u00ebl PresseTaux","Dur\u00e9e de lecture estim\u00e9e":"4 minutes"},"schema":{"@context":"https:\/\/schema.org","@graph":[{"@type":"Organization","@id":"https:\/\/pressetaux.fr\/cambrai\/#organization","name":"PresseTaux Cambrai","url":"https:\/\/pressetaux.fr\/cambrai\/","sameAs":["https:\/\/www.facebook.com\/pressetauxcambrai?locale=fr_FR"],"logo":{"@type":"ImageObject","@id":"https:\/\/pressetaux.fr\/cambrai\/#logo","inLanguage":"fr-FR","url":"https:\/\/pressetaux.fr\/cambrai\/wp-content\/uploads\/sites\/3\/2020\/11\/LogoPressetaux.png","contentUrl":"https:\/\/pressetaux.fr\/cambrai\/wp-content\/uploads\/sites\/3\/2020\/11\/LogoPressetaux.png","width":488,"height":278,"caption":"PresseTaux Cambrai"},"image":{"@id":"https:\/\/pressetaux.fr\/cambrai\/#logo"}},{"@type":"WebSite","@id":"https:\/\/pressetaux.fr\/cambrai\/#website","url":"https:\/\/pressetaux.fr\/cambrai\/","name":"PresseTaux Cambrai","description":"COURTIER EN CREDIT","publisher":{"@id":"https:\/\/pressetaux.fr\/cambrai\/#organization"},"potentialAction":[{"@type":"SearchAction","target":{"@type":"EntryPoint","urlTemplate":"https:\/\/pressetaux.fr\/cambrai\/?s={search_term_string}"},"query-input":"required name=search_term_string"}],"inLanguage":"fr-FR"},{"@type":"ImageObject","@id":"https:\/\/pressetaux.fr\/cambrai\/communique-presse-taux-usure-emprunteur\/#primaryimage","inLanguage":"fr-FR","url":"https:\/\/pressetaux.fr\/wp-content\/uploads\/2016\/02\/Logo_PresseTaux.png","contentUrl":"https:\/\/pressetaux.fr\/wp-content\/uploads\/2016\/02\/Logo_PresseTaux.png"},{"@type":"WebPage","@id":"https:\/\/pressetaux.fr\/cambrai\/communique-presse-taux-usure-emprunteur\/#webpage","url":"https:\/\/pressetaux.fr\/cambrai\/communique-presse-taux-usure-emprunteur\/","name":"Communiqu\u00e9 de presse | Le taux d\u2019usure, une mesure en faveur de l\u2019emprunteur ? - PresseTaux Cambrai","isPartOf":{"@id":"https:\/\/pressetaux.fr\/cambrai\/#website"},"primaryImageOfPage":{"@id":"https:\/\/pressetaux.fr\/cambrai\/communique-presse-taux-usure-emprunteur\/#primaryimage"},"datePublished":"2020-03-12T07:00:29+00:00","dateModified":"2020-03-12T10:29:38+00:00","breadcrumb":{"@id":"https:\/\/pressetaux.fr\/cambrai\/communique-presse-taux-usure-emprunteur\/#breadcrumb"},"inLanguage":"fr-FR","potentialAction":[{"@type":"ReadAction","target":["https:\/\/pressetaux.fr\/cambrai\/communique-presse-taux-usure-emprunteur\/"]}]},{"@type":"BreadcrumbList","@id":"https:\/\/pressetaux.fr\/cambrai\/communique-presse-taux-usure-emprunteur\/#breadcrumb","itemListElement":[{"@type":"ListItem","position":1,"name":"Communiqu\u00e9 de presse | Le taux d\u2019usure, une mesure en faveur de l\u2019emprunteur ?"}]},{"@type":"Article","@id":"https:\/\/pressetaux.fr\/cambrai\/communique-presse-taux-usure-emprunteur\/#article","isPartOf":{"@id":"https:\/\/pressetaux.fr\/cambrai\/communique-presse-taux-usure-emprunteur\/#webpage"},"author":{"@id":"https:\/\/pressetaux.fr\/cambrai\/#\/schema\/person\/e18ef05c180d813e5ce42087d0369f85"},"headline":"Communiqu\u00e9 de presse | Le taux d\u2019usure, une mesure en faveur de l\u2019emprunteur ?","datePublished":"2020-03-12T07:00:29+00:00","dateModified":"2020-03-12T10:29:38+00:00","mainEntityOfPage":{"@id":"https:\/\/pressetaux.fr\/cambrai\/communique-presse-taux-usure-emprunteur\/#webpage"},"wordCount":906,"publisher":{"@id":"https:\/\/pressetaux.fr\/cambrai\/#organization"},"image":{"@id":"https:\/\/pressetaux.fr\/cambrai\/communique-presse-taux-usure-emprunteur\/#primaryimage"},"thumbnailUrl":"https:\/\/pressetaux.fr\/wp-content\/uploads\/2016\/02\/Logo_PresseTaux.png","articleSection":["Communiqu\u00e9s de presse"],"inLanguage":"fr-FR"},{"@type":"Person","@id":"https:\/\/pressetaux.fr\/cambrai\/#\/schema\/person\/e18ef05c180d813e5ce42087d0369f85","name":"Ma\u00ebl PresseTaux","image":{"@type":"ImageObject","@id":"https:\/\/pressetaux.fr\/cambrai\/#personlogo","inLanguage":"fr-FR","url":"https:\/\/secure.gravatar.com\/avatar\/c2daa4ba12e6c26194c9f7b7936f6a98?s=96&d=mm&r=g","contentUrl":"https:\/\/secure.gravatar.com\/avatar\/c2daa4ba12e6c26194c9f7b7936f6a98?s=96&d=mm&r=g","caption":"Ma\u00ebl PresseTaux"},"url":"https:\/\/pressetaux.fr\/cambrai\/author\/mael-nonet\/"}]}},"_links":{"self":[{"href":"https:\/\/pressetaux.fr\/cambrai\/wp-json\/wp\/v2\/posts\/2067"}],"collection":[{"href":"https:\/\/pressetaux.fr\/cambrai\/wp-json\/wp\/v2\/posts"}],"about":[{"href":"https:\/\/pressetaux.fr\/cambrai\/wp-json\/wp\/v2\/types\/post"}],"author":[{"embeddable":true,"href":"https:\/\/pressetaux.fr\/cambrai\/wp-json\/wp\/v2\/users\/7"}],"replies":[{"embeddable":true,"href":"https:\/\/pressetaux.fr\/cambrai\/wp-json\/wp\/v2\/comments?post=2067"}],"version-history":[{"count":0,"href":"https:\/\/pressetaux.fr\/cambrai\/wp-json\/wp\/v2\/posts\/2067\/revisions"}],"wp:attachment":[{"href":"https:\/\/pressetaux.fr\/cambrai\/wp-json\/wp\/v2\/media?parent=2067"}],"wp:term":[{"taxonomy":"category","embeddable":true,"href":"https:\/\/pressetaux.fr\/cambrai\/wp-json\/wp\/v2\/categories?post=2067"},{"taxonomy":"post_tag","embeddable":true,"href":"https:\/\/pressetaux.fr\/cambrai\/wp-json\/wp\/v2\/tags?post=2067"}],"curies":[{"name":"wp","href":"https:\/\/api.w.org\/{rel}","templated":true}]}}