{"id":2170,"date":"2020-12-15T09:00:40","date_gmt":"2020-12-15T08:00:40","guid":{"rendered":"https:\/\/pressetaux.fr\/cambrai\/?p=2170"},"modified":"2020-12-15T10:17:58","modified_gmt":"2020-12-15T09:17:58","slug":"jean-philippe-journet-nous-a-accompagnes-jusqua-la-signature-du-dossier","status":"publish","type":"post","link":"https:\/\/pressetaux.fr\/cambrai\/jean-philippe-journet-nous-a-accompagnes-jusqua-la-signature-du-dossier\/","title":{"rendered":"\u201cJean-Philippe Journet nous a accompagn\u00e9s jusqu&rsquo;\u00e0 la signature du dossier\u201d"},"content":{"rendered":"<p><b><img loading=\"lazy\" class=\"alignright wp-image-280 size-thumbnail\" src=\"https:\/\/pressetaux.fr\/wp-content\/uploads\/2013\/05\/achat1-150x150.png\" alt=\"\" width=\"150\" height=\"150\">J\u00e9r\u00f4me F. a eu recours aux services de Jean-Philippe Journet, courtier PresseTaux \u00e0 Caudry, dans le cadre d\u2019un projet immobilier. T\u00e9moignage d\u2019un particulier.<\/b><\/p>\n<p><span style=\"font-weight: 400;\">J\u00e9r\u00f4me F. a sollicit\u00e9 les services d\u2019un courtier de PresseTaux dans le cadre de l\u2019acquisition d\u2019un bien immobilier.<\/span><span style=\"font-weight: 400;\"> Il a connu l\u2019enseigne via le bouche \u00e0 oreille et a pu b\u00e9n\u00e9ficier d\u2019un accompagnement propos\u00e9 par <\/span><a href=\"https:\/\/pressetaux.fr\/cambrai\/courtier-en-credit-caudry\/\"><span style=\"font-weight: 400;\">Jean-Philippe Journet, courtier PresseTaux \u00e0 Caudry<\/span><\/a><span style=\"font-weight: 400;\"> (59).<\/span><\/p>\n<p><!--more--><\/p>\n<p><b>En quelques mots, pouvez-vous nous r\u00e9sumer en quoi a consist\u00e9 votre projet et pourquoi avez-vous eu besoin d&rsquo;un financement ?<\/b><\/p>\n<p><span style=\"font-weight: 400;\">Notre projet portait sur l\u2019achat d\u2019un bien immobilier.<\/span><\/p>\n<p><b>Pour quelles raisons avez-vous fait appel \u00e0 un courtier ?<\/b><\/p>\n<p><span style=\"font-weight: 400;\">Nous avons fait appel \u00e0 un courtier car nous manquions de temps pour g\u00e9rer seuls notre dossier de financement. Pour nous, c\u2019\u00e9tait une question de facilit\u00e9 et de rapidit\u00e9 pour mener notre projet jusqu\u2019\u00e0 son terme dans les meilleures conditions.<\/span><\/p>\n<p><b>Quelles solutions ont \u00e9t\u00e9 trouv\u00e9es par le courtier de PresseTaux pour r\u00e9pondre au mieux \u00e0 vos besoins ?<\/b><\/p>\n<p><span style=\"font-weight: 400;\">Nous sommes pass\u00e9s par la cr\u00e9ation d&rsquo;une SCI et Jean-Philippe Journet nous a trouv\u00e9 les meilleures conditions en ce qui concerne le taux et le montant de l&#8217;emprunt.<\/span><\/p>\n<p><b>De mani\u00e8re g\u00e9n\u00e9rale, comment \u00e9valuez-vous l&rsquo;accompagnement offert par le courtier de l&rsquo;agence PresseTaux qui vous a accompagn\u00e9 ?&nbsp;<\/b><\/p>\n<p><span style=\"font-weight: 400;\">Jean-Philippe Journet nous a accompagn\u00e9s jusqu&rsquo;\u00e0 la signature du dossier. Il a \u00e9t\u00e9 tr\u00e8s pr\u00e9sent tout au long du traitement du dossier.<\/span><\/p>\n<p><b>Recommanderiez-vous PresseTaux \u00e0 votre entourage ?<\/b><\/p>\n<p><span style=\"font-weight: 400;\">Oui ! Jean-Philippe Journet est un courtier disponible, \u00e0 l&rsquo;\u00e9coute et tr\u00e8s r\u00e9actif. Nous lui avons accord\u00e9 une confiance totale. Il est tr\u00e8s professionnel, et cela du d\u00e9but jusqu&rsquo;\u00e0 la fin de notre dossier de financement.<\/span><\/p>\n","protected":false},"excerpt":{"rendered":"<p>J\u00e9r\u00f4me F. a eu recours aux services de Jean-Philippe Journet, courtier PresseTaux \u00e0 Caudry, dans le cadre d\u2019un projet immobilier. T\u00e9moignage d\u2019un particulier. J\u00e9r\u00f4me F. a sollicit\u00e9 les services d\u2019un courtier de PresseTaux dans le cadre de l\u2019acquisition d\u2019un bien immobilier. Il a connu l\u2019enseigne via le bouche \u00e0 oreille et a pu b\u00e9n\u00e9ficier d\u2019un accompagnement propos\u00e9 par Jean-Philippe Journet, courtier PresseTaux \u00e0 Caudry (59).<\/p>\n","protected":false},"author":8,"featured_media":0,"comment_status":"closed","ping_status":"open","sticky":false,"template":"","format":"standard","meta":{"_genesis_hide_title":false,"_genesis_hide_breadcrumbs":false,"_genesis_hide_singular_image":false,"_genesis_hide_footer_widgets":false,"_genesis_custom_body_class":"","_genesis_custom_post_class":"","_genesis_layout":""},"categories":[6],"tags":[],"yoast_head":"<!-- This site is optimized with the Yoast SEO plugin v17.8 - https:\/\/yoast.com\/wordpress\/plugins\/seo\/ -->\n<title>\u201cJean-Philippe Journet nous a accompagn\u00e9s jusqu&#039;\u00e0 la signature du dossier\u201d - PresseTaux Cambrai<\/title>\n<meta name=\"robots\" content=\"index, follow, max-snippet:-1, max-image-preview:large, max-video-preview:-1\" \/>\n<link rel=\"canonical\" href=\"https:\/\/pressetaux.fr\/cambrai\/jean-philippe-journet-nous-a-accompagnes-jusqua-la-signature-du-dossier\/\" \/>\n<meta property=\"og:locale\" content=\"fr_FR\" \/>\n<meta property=\"og:type\" content=\"article\" \/>\n<meta property=\"og:title\" content=\"\u201cJean-Philippe Journet nous a accompagn\u00e9s jusqu&#039;\u00e0 la signature du dossier\u201d - PresseTaux Cambrai\" \/>\n<meta property=\"og:description\" content=\"J\u00e9r\u00f4me F. a eu recours aux services de Jean-Philippe Journet, courtier PresseTaux \u00e0 Caudry, dans le cadre d\u2019un projet immobilier. T\u00e9moignage d\u2019un particulier. J\u00e9r\u00f4me F. a sollicit\u00e9 les services d\u2019un courtier de PresseTaux dans le cadre de l\u2019acquisition d\u2019un bien immobilier. Il a connu l\u2019enseigne via le bouche \u00e0 oreille et a pu b\u00e9n\u00e9ficier d\u2019un accompagnement propos\u00e9 par Jean-Philippe Journet, courtier PresseTaux \u00e0 Caudry (59).\" \/>\n<meta property=\"og:url\" content=\"https:\/\/pressetaux.fr\/cambrai\/jean-philippe-journet-nous-a-accompagnes-jusqua-la-signature-du-dossier\/\" \/>\n<meta property=\"og:site_name\" content=\"PresseTaux Cambrai\" \/>\n<meta property=\"article:publisher\" content=\"https:\/\/www.facebook.com\/pressetauxcambrai?locale=fr_FR\" \/>\n<meta property=\"article:published_time\" content=\"2020-12-15T08:00:40+00:00\" \/>\n<meta property=\"article:modified_time\" content=\"2020-12-15T09:17:58+00:00\" \/>\n<meta property=\"og:image\" content=\"https:\/\/pressetaux.fr\/wp-content\/uploads\/2013\/05\/achat1-150x150.png\" \/>\n<meta name=\"twitter:label1\" content=\"\u00c9crit par\" \/>\n\t<meta name=\"twitter:data1\" content=\"Aur\u00e9lie PresseTaux\" \/>\n\t<meta name=\"twitter:label2\" content=\"Dur\u00e9e de lecture estim\u00e9e\" \/>\n\t<meta name=\"twitter:data2\" content=\"1 minute\" \/>\n<script type=\"application\/ld+json\" class=\"yoast-schema-graph\">{\"@context\":\"https:\/\/schema.org\",\"@graph\":[{\"@type\":\"Organization\",\"@id\":\"https:\/\/pressetaux.fr\/cambrai\/#organization\",\"name\":\"PresseTaux Cambrai\",\"url\":\"https:\/\/pressetaux.fr\/cambrai\/\",\"sameAs\":[\"https:\/\/www.facebook.com\/pressetauxcambrai?locale=fr_FR\"],\"logo\":{\"@type\":\"ImageObject\",\"@id\":\"https:\/\/pressetaux.fr\/cambrai\/#logo\",\"inLanguage\":\"fr-FR\",\"url\":\"https:\/\/pressetaux.fr\/cambrai\/wp-content\/uploads\/sites\/3\/2020\/11\/LogoPressetaux.png\",\"contentUrl\":\"https:\/\/pressetaux.fr\/cambrai\/wp-content\/uploads\/sites\/3\/2020\/11\/LogoPressetaux.png\",\"width\":488,\"height\":278,\"caption\":\"PresseTaux Cambrai\"},\"image\":{\"@id\":\"https:\/\/pressetaux.fr\/cambrai\/#logo\"}},{\"@type\":\"WebSite\",\"@id\":\"https:\/\/pressetaux.fr\/cambrai\/#website\",\"url\":\"https:\/\/pressetaux.fr\/cambrai\/\",\"name\":\"PresseTaux Cambrai\",\"description\":\"COURTIER EN CREDIT\",\"publisher\":{\"@id\":\"https:\/\/pressetaux.fr\/cambrai\/#organization\"},\"potentialAction\":[{\"@type\":\"SearchAction\",\"target\":{\"@type\":\"EntryPoint\",\"urlTemplate\":\"https:\/\/pressetaux.fr\/cambrai\/?s={search_term_string}\"},\"query-input\":\"required name=search_term_string\"}],\"inLanguage\":\"fr-FR\"},{\"@type\":\"ImageObject\",\"@id\":\"https:\/\/pressetaux.fr\/cambrai\/jean-philippe-journet-nous-a-accompagnes-jusqua-la-signature-du-dossier\/#primaryimage\",\"inLanguage\":\"fr-FR\",\"url\":\"https:\/\/pressetaux.fr\/wp-content\/uploads\/2013\/05\/achat1-150x150.png\",\"contentUrl\":\"https:\/\/pressetaux.fr\/wp-content\/uploads\/2013\/05\/achat1-150x150.png\"},{\"@type\":\"WebPage\",\"@id\":\"https:\/\/pressetaux.fr\/cambrai\/jean-philippe-journet-nous-a-accompagnes-jusqua-la-signature-du-dossier\/#webpage\",\"url\":\"https:\/\/pressetaux.fr\/cambrai\/jean-philippe-journet-nous-a-accompagnes-jusqua-la-signature-du-dossier\/\",\"name\":\"\\u201cJean-Philippe Journet nous a accompagn\\u00e9s jusqu'\\u00e0 la signature du dossier\\u201d - PresseTaux Cambrai\",\"isPartOf\":{\"@id\":\"https:\/\/pressetaux.fr\/cambrai\/#website\"},\"primaryImageOfPage\":{\"@id\":\"https:\/\/pressetaux.fr\/cambrai\/jean-philippe-journet-nous-a-accompagnes-jusqua-la-signature-du-dossier\/#primaryimage\"},\"datePublished\":\"2020-12-15T08:00:40+00:00\",\"dateModified\":\"2020-12-15T09:17:58+00:00\",\"breadcrumb\":{\"@id\":\"https:\/\/pressetaux.fr\/cambrai\/jean-philippe-journet-nous-a-accompagnes-jusqua-la-signature-du-dossier\/#breadcrumb\"},\"inLanguage\":\"fr-FR\",\"potentialAction\":[{\"@type\":\"ReadAction\",\"target\":[\"https:\/\/pressetaux.fr\/cambrai\/jean-philippe-journet-nous-a-accompagnes-jusqua-la-signature-du-dossier\/\"]}]},{\"@type\":\"BreadcrumbList\",\"@id\":\"https:\/\/pressetaux.fr\/cambrai\/jean-philippe-journet-nous-a-accompagnes-jusqua-la-signature-du-dossier\/#breadcrumb\",\"itemListElement\":[{\"@type\":\"ListItem\",\"position\":1,\"name\":\"\\u201cJean-Philippe Journet nous a accompagn\\u00e9s jusqu&rsquo;\\u00e0 la signature du dossier\\u201d\"}]},{\"@type\":\"Article\",\"@id\":\"https:\/\/pressetaux.fr\/cambrai\/jean-philippe-journet-nous-a-accompagnes-jusqua-la-signature-du-dossier\/#article\",\"isPartOf\":{\"@id\":\"https:\/\/pressetaux.fr\/cambrai\/jean-philippe-journet-nous-a-accompagnes-jusqua-la-signature-du-dossier\/#webpage\"},\"author\":{\"@id\":\"https:\/\/pressetaux.fr\/cambrai\/#\/schema\/person\/4cd76b055d972c5d26a31a6868ce10e9\"},\"headline\":\"\\u201cJean-Philippe Journet nous a accompagn\\u00e9s jusqu&rsquo;\\u00e0 la signature du dossier\\u201d\",\"datePublished\":\"2020-12-15T08:00:40+00:00\",\"dateModified\":\"2020-12-15T09:17:58+00:00\",\"mainEntityOfPage\":{\"@id\":\"https:\/\/pressetaux.fr\/cambrai\/jean-philippe-journet-nous-a-accompagnes-jusqua-la-signature-du-dossier\/#webpage\"},\"wordCount\":302,\"publisher\":{\"@id\":\"https:\/\/pressetaux.fr\/cambrai\/#organization\"},\"image\":{\"@id\":\"https:\/\/pressetaux.fr\/cambrai\/jean-philippe-journet-nous-a-accompagnes-jusqua-la-signature-du-dossier\/#primaryimage\"},\"thumbnailUrl\":\"https:\/\/pressetaux.fr\/wp-content\/uploads\/2013\/05\/achat1-150x150.png\",\"articleSection\":[\"temoignagesblog\"],\"inLanguage\":\"fr-FR\"},{\"@type\":\"Person\",\"@id\":\"https:\/\/pressetaux.fr\/cambrai\/#\/schema\/person\/4cd76b055d972c5d26a31a6868ce10e9\",\"name\":\"Aur\\u00e9lie PresseTaux\",\"image\":{\"@type\":\"ImageObject\",\"@id\":\"https:\/\/pressetaux.fr\/cambrai\/#personlogo\",\"inLanguage\":\"fr-FR\",\"url\":\"https:\/\/secure.gravatar.com\/avatar\/3c12b07ea1ddcb99edf500aed7c9791c?s=96&d=mm&r=g\",\"contentUrl\":\"https:\/\/secure.gravatar.com\/avatar\/3c12b07ea1ddcb99edf500aed7c9791c?s=96&d=mm&r=g\",\"caption\":\"Aur\\u00e9lie PresseTaux\"},\"url\":\"https:\/\/pressetaux.fr\/cambrai\/author\/aurelie-merlin\/\"}]}<\/script>\n<!-- \/ Yoast SEO plugin. -->","yoast_head_json":{"title":"\u201cJean-Philippe Journet nous a accompagn\u00e9s jusqu'\u00e0 la signature du dossier\u201d - PresseTaux Cambrai","robots":{"index":"index","follow":"follow","max-snippet":"max-snippet:-1","max-image-preview":"max-image-preview:large","max-video-preview":"max-video-preview:-1"},"canonical":"https:\/\/pressetaux.fr\/cambrai\/jean-philippe-journet-nous-a-accompagnes-jusqua-la-signature-du-dossier\/","og_locale":"fr_FR","og_type":"article","og_title":"\u201cJean-Philippe Journet nous a accompagn\u00e9s jusqu'\u00e0 la signature du dossier\u201d - PresseTaux Cambrai","og_description":"J\u00e9r\u00f4me F. a eu recours aux services de Jean-Philippe Journet, courtier PresseTaux \u00e0 Caudry, dans le cadre d\u2019un projet immobilier. T\u00e9moignage d\u2019un particulier. J\u00e9r\u00f4me F. a sollicit\u00e9 les services d\u2019un courtier de PresseTaux dans le cadre de l\u2019acquisition d\u2019un bien immobilier. Il a connu l\u2019enseigne via le bouche \u00e0 oreille et a pu b\u00e9n\u00e9ficier d\u2019un accompagnement propos\u00e9 par Jean-Philippe Journet, courtier PresseTaux \u00e0 Caudry (59).","og_url":"https:\/\/pressetaux.fr\/cambrai\/jean-philippe-journet-nous-a-accompagnes-jusqua-la-signature-du-dossier\/","og_site_name":"PresseTaux Cambrai","article_publisher":"https:\/\/www.facebook.com\/pressetauxcambrai?locale=fr_FR","article_published_time":"2020-12-15T08:00:40+00:00","article_modified_time":"2020-12-15T09:17:58+00:00","og_image":[{"url":"https:\/\/pressetaux.fr\/wp-content\/uploads\/2013\/05\/achat1-150x150.png"}],"twitter_misc":{"\u00c9crit par":"Aur\u00e9lie PresseTaux","Dur\u00e9e de lecture estim\u00e9e":"1 minute"},"schema":{"@context":"https:\/\/schema.org","@graph":[{"@type":"Organization","@id":"https:\/\/pressetaux.fr\/cambrai\/#organization","name":"PresseTaux Cambrai","url":"https:\/\/pressetaux.fr\/cambrai\/","sameAs":["https:\/\/www.facebook.com\/pressetauxcambrai?locale=fr_FR"],"logo":{"@type":"ImageObject","@id":"https:\/\/pressetaux.fr\/cambrai\/#logo","inLanguage":"fr-FR","url":"https:\/\/pressetaux.fr\/cambrai\/wp-content\/uploads\/sites\/3\/2020\/11\/LogoPressetaux.png","contentUrl":"https:\/\/pressetaux.fr\/cambrai\/wp-content\/uploads\/sites\/3\/2020\/11\/LogoPressetaux.png","width":488,"height":278,"caption":"PresseTaux Cambrai"},"image":{"@id":"https:\/\/pressetaux.fr\/cambrai\/#logo"}},{"@type":"WebSite","@id":"https:\/\/pressetaux.fr\/cambrai\/#website","url":"https:\/\/pressetaux.fr\/cambrai\/","name":"PresseTaux Cambrai","description":"COURTIER EN CREDIT","publisher":{"@id":"https:\/\/pressetaux.fr\/cambrai\/#organization"},"potentialAction":[{"@type":"SearchAction","target":{"@type":"EntryPoint","urlTemplate":"https:\/\/pressetaux.fr\/cambrai\/?s={search_term_string}"},"query-input":"required name=search_term_string"}],"inLanguage":"fr-FR"},{"@type":"ImageObject","@id":"https:\/\/pressetaux.fr\/cambrai\/jean-philippe-journet-nous-a-accompagnes-jusqua-la-signature-du-dossier\/#primaryimage","inLanguage":"fr-FR","url":"https:\/\/pressetaux.fr\/wp-content\/uploads\/2013\/05\/achat1-150x150.png","contentUrl":"https:\/\/pressetaux.fr\/wp-content\/uploads\/2013\/05\/achat1-150x150.png"},{"@type":"WebPage","@id":"https:\/\/pressetaux.fr\/cambrai\/jean-philippe-journet-nous-a-accompagnes-jusqua-la-signature-du-dossier\/#webpage","url":"https:\/\/pressetaux.fr\/cambrai\/jean-philippe-journet-nous-a-accompagnes-jusqua-la-signature-du-dossier\/","name":"\u201cJean-Philippe Journet nous a accompagn\u00e9s jusqu'\u00e0 la signature du dossier\u201d - PresseTaux Cambrai","isPartOf":{"@id":"https:\/\/pressetaux.fr\/cambrai\/#website"},"primaryImageOfPage":{"@id":"https:\/\/pressetaux.fr\/cambrai\/jean-philippe-journet-nous-a-accompagnes-jusqua-la-signature-du-dossier\/#primaryimage"},"datePublished":"2020-12-15T08:00:40+00:00","dateModified":"2020-12-15T09:17:58+00:00","breadcrumb":{"@id":"https:\/\/pressetaux.fr\/cambrai\/jean-philippe-journet-nous-a-accompagnes-jusqua-la-signature-du-dossier\/#breadcrumb"},"inLanguage":"fr-FR","potentialAction":[{"@type":"ReadAction","target":["https:\/\/pressetaux.fr\/cambrai\/jean-philippe-journet-nous-a-accompagnes-jusqua-la-signature-du-dossier\/"]}]},{"@type":"BreadcrumbList","@id":"https:\/\/pressetaux.fr\/cambrai\/jean-philippe-journet-nous-a-accompagnes-jusqua-la-signature-du-dossier\/#breadcrumb","itemListElement":[{"@type":"ListItem","position":1,"name":"\u201cJean-Philippe Journet nous a accompagn\u00e9s jusqu&rsquo;\u00e0 la signature du dossier\u201d"}]},{"@type":"Article","@id":"https:\/\/pressetaux.fr\/cambrai\/jean-philippe-journet-nous-a-accompagnes-jusqua-la-signature-du-dossier\/#article","isPartOf":{"@id":"https:\/\/pressetaux.fr\/cambrai\/jean-philippe-journet-nous-a-accompagnes-jusqua-la-signature-du-dossier\/#webpage"},"author":{"@id":"https:\/\/pressetaux.fr\/cambrai\/#\/schema\/person\/4cd76b055d972c5d26a31a6868ce10e9"},"headline":"\u201cJean-Philippe Journet nous a accompagn\u00e9s jusqu&rsquo;\u00e0 la signature du dossier\u201d","datePublished":"2020-12-15T08:00:40+00:00","dateModified":"2020-12-15T09:17:58+00:00","mainEntityOfPage":{"@id":"https:\/\/pressetaux.fr\/cambrai\/jean-philippe-journet-nous-a-accompagnes-jusqua-la-signature-du-dossier\/#webpage"},"wordCount":302,"publisher":{"@id":"https:\/\/pressetaux.fr\/cambrai\/#organization"},"image":{"@id":"https:\/\/pressetaux.fr\/cambrai\/jean-philippe-journet-nous-a-accompagnes-jusqua-la-signature-du-dossier\/#primaryimage"},"thumbnailUrl":"https:\/\/pressetaux.fr\/wp-content\/uploads\/2013\/05\/achat1-150x150.png","articleSection":["temoignagesblog"],"inLanguage":"fr-FR"},{"@type":"Person","@id":"https:\/\/pressetaux.fr\/cambrai\/#\/schema\/person\/4cd76b055d972c5d26a31a6868ce10e9","name":"Aur\u00e9lie PresseTaux","image":{"@type":"ImageObject","@id":"https:\/\/pressetaux.fr\/cambrai\/#personlogo","inLanguage":"fr-FR","url":"https:\/\/secure.gravatar.com\/avatar\/3c12b07ea1ddcb99edf500aed7c9791c?s=96&d=mm&r=g","contentUrl":"https:\/\/secure.gravatar.com\/avatar\/3c12b07ea1ddcb99edf500aed7c9791c?s=96&d=mm&r=g","caption":"Aur\u00e9lie PresseTaux"},"url":"https:\/\/pressetaux.fr\/cambrai\/author\/aurelie-merlin\/"}]}},"_links":{"self":[{"href":"https:\/\/pressetaux.fr\/cambrai\/wp-json\/wp\/v2\/posts\/2170"}],"collection":[{"href":"https:\/\/pressetaux.fr\/cambrai\/wp-json\/wp\/v2\/posts"}],"about":[{"href":"https:\/\/pressetaux.fr\/cambrai\/wp-json\/wp\/v2\/types\/post"}],"author":[{"embeddable":true,"href":"https:\/\/pressetaux.fr\/cambrai\/wp-json\/wp\/v2\/users\/8"}],"replies":[{"embeddable":true,"href":"https:\/\/pressetaux.fr\/cambrai\/wp-json\/wp\/v2\/comments?post=2170"}],"version-history":[{"count":0,"href":"https:\/\/pressetaux.fr\/cambrai\/wp-json\/wp\/v2\/posts\/2170\/revisions"}],"wp:attachment":[{"href":"https:\/\/pressetaux.fr\/cambrai\/wp-json\/wp\/v2\/media?parent=2170"}],"wp:term":[{"taxonomy":"category","embeddable":true,"href":"https:\/\/pressetaux.fr\/cambrai\/wp-json\/wp\/v2\/categories?post=2170"},{"taxonomy":"post_tag","embeddable":true,"href":"https:\/\/pressetaux.fr\/cambrai\/wp-json\/wp\/v2\/tags?post=2170"}],"curies":[{"name":"wp","href":"https:\/\/api.w.org\/{rel}","templated":true}]}}