{"id":2252,"date":"2021-03-23T09:00:58","date_gmt":"2021-03-23T08:00:58","guid":{"rendered":"https:\/\/pressetaux.fr\/cambrai\/?p=2252"},"modified":"2021-02-19T15:16:30","modified_gmt":"2021-02-19T14:16:30","slug":"jean-philippe-journet-a-ete-professionnel-2","status":"publish","type":"post","link":"https:\/\/pressetaux.fr\/cambrai\/jean-philippe-journet-a-ete-professionnel-2\/","title":{"rendered":"\u201c Jean-Philippe Journet a \u00e9t\u00e9 professionnel\u00a0! \u201d"},"content":{"rendered":"<p><b><img loading=\"lazy\" class=\"alignright wp-image-280 size-thumbnail\" src=\"https:\/\/pressetaux.fr\/wp-content\/uploads\/2013\/05\/achat1-150x150.png\" alt=\"\" width=\"150\" height=\"150\" \/>M. Olivier F. et Mme Laurie C. ont eu recours aux services de Jean-Philippe Journet, courtier de chez PresseTaux \u00e0 Caudry, dans le cadre de l&rsquo;acquisition d&rsquo;une r\u00e9sidence principale. T\u00e9moignage d\u2019un particulier.<\/b><\/p>\n<p><span style=\"font-weight: 400;\">M. Olivier F. et Laurie C. ont sollicit\u00e9 les services d\u2019un courtier de chez PresseTaux afin d\u2019obtenir de l\u2019aide dans l\u2019acquisition d\u2019un bien immobilier. Ils<\/span><span style=\"font-weight: 400;\"> ont connu l\u2019enseigne via le bouche \u00e0 oreille et ont <\/span><span style=\"font-weight: 400;\">pu b\u00e9n\u00e9ficier d\u2019un accompagnement propos\u00e9 par <\/span><a href=\"https:\/\/pressetaux.fr\/cambrai\/courtier-en-credit-caudry\/\"><span style=\"font-weight: 400;\">Jean-Philippe Journet, courtier PresseTaux \u00e0 Caudry<\/span><\/a><span style=\"font-weight: 400;\"> (59).<\/span><\/p>\n<p><!--more--><\/p>\n<p><b>En quelques mots, pouvez-vous nous r\u00e9sumer en quoi a consist\u00e9 votre projet et pourquoi avez-vous eu besoin d&rsquo;un financement ?<\/b><\/p>\n<p><span style=\"font-weight: 400;\">Nous avions besoin d&rsquo;un financement pour l&rsquo;achat d&rsquo;une maison.<\/span><\/p>\n<p><b>Pour quelles raisons avez-vous fait appel \u00e0 un courtier ?\u00a0<\/b><\/p>\n<p><span style=\"font-weight: 400;\">Nous avons fait appel \u00e0 un courtier par manque de temps et nous avions des cr\u00e9dits en cours pouvant \u00eatre un obstacle pour l&rsquo;obtention d&rsquo;un pr\u00eat.<\/span><\/p>\n<p><b>Quelles solutions ont \u00e9t\u00e9 trouv\u00e9es par le courtier de PresseTaux pour r\u00e9pondre au mieux \u00e0 vos besoins ?<\/b><\/p>\n<p><span style=\"font-weight: 400;\">M. Jean-Philippe Journet nous a trouv\u00e9 un taux int\u00e9ressant et des mensualit\u00e9s qui respectent nos souhaits.<\/span><\/p>\n<p><b>De mani\u00e8re g\u00e9n\u00e9rale, comment \u00e9valuez-vous l&rsquo;accompagnement offert par le courtier de l&rsquo;agence PresseTaux qui vous a accompagn\u00e9e ?\u00a0<\/b><\/p>\n<p><span style=\"font-weight: 400;\">Notre courtier nous a accompagn\u00e9s du d\u00e9but \u00e0 la fin malgr\u00e9 toutes les difficult\u00e9s rencontr\u00e9es.<\/span><\/p>\n<p><b>Recommanderiez-vous PresseTaux \u00e0 votre entourage ?<\/b><\/p>\n<p><span style=\"font-weight: 400;\">Nous recommandons M. Journet Jean-Philippe les yeux ferm\u00e9s pour sa patience et son professionnalisme.<\/span><\/p>\n","protected":false},"excerpt":{"rendered":"<p>M. Olivier F. et Mme Laurie C. ont eu recours aux services de Jean-Philippe Journet, courtier de chez PresseTaux \u00e0 Caudry, dans le cadre de l&rsquo;acquisition d&rsquo;une r\u00e9sidence principale. T\u00e9moignage d\u2019un particulier. M. Olivier F. et Laurie C. ont sollicit\u00e9 les services d\u2019un courtier de chez PresseTaux afin d\u2019obtenir de l\u2019aide dans l\u2019acquisition d\u2019un bien immobilier. Ils ont connu l\u2019enseigne via le bouche \u00e0 oreille et ont pu b\u00e9n\u00e9ficier d\u2019un accompagnement propos\u00e9 par Jean-Philippe Journet, courtier PresseTaux \u00e0 Caudry (59).<\/p>\n","protected":false},"author":8,"featured_media":0,"comment_status":"closed","ping_status":"open","sticky":false,"template":"","format":"standard","meta":{"_genesis_hide_title":false,"_genesis_hide_breadcrumbs":false,"_genesis_hide_singular_image":false,"_genesis_hide_footer_widgets":false,"_genesis_custom_body_class":"","_genesis_custom_post_class":"","_genesis_layout":""},"categories":[6],"tags":[],"yoast_head":"<!-- This site is optimized with the Yoast SEO plugin v17.8 - https:\/\/yoast.com\/wordpress\/plugins\/seo\/ -->\n<title>\u201c Jean-Philippe Journet a \u00e9t\u00e9 professionnel\u00a0! \u201d - PresseTaux Cambrai<\/title>\n<meta name=\"robots\" content=\"index, follow, max-snippet:-1, max-image-preview:large, max-video-preview:-1\" \/>\n<link rel=\"canonical\" href=\"https:\/\/pressetaux.fr\/cambrai\/jean-philippe-journet-a-ete-professionnel-2\/\" \/>\n<meta property=\"og:locale\" content=\"fr_FR\" \/>\n<meta property=\"og:type\" content=\"article\" \/>\n<meta property=\"og:title\" content=\"\u201c Jean-Philippe Journet a \u00e9t\u00e9 professionnel\u00a0! \u201d - PresseTaux Cambrai\" \/>\n<meta property=\"og:description\" content=\"M. Olivier F. et Mme Laurie C. ont eu recours aux services de Jean-Philippe Journet, courtier de chez PresseTaux \u00e0 Caudry, dans le cadre de l&rsquo;acquisition d&rsquo;une r\u00e9sidence principale. T\u00e9moignage d\u2019un particulier. M. Olivier F. et Laurie C. ont sollicit\u00e9 les services d\u2019un courtier de chez PresseTaux afin d\u2019obtenir de l\u2019aide dans l\u2019acquisition d\u2019un bien immobilier. Ils ont connu l\u2019enseigne via le bouche \u00e0 oreille et ont pu b\u00e9n\u00e9ficier d\u2019un accompagnement propos\u00e9 par Jean-Philippe Journet, courtier PresseTaux \u00e0 Caudry (59).\" \/>\n<meta property=\"og:url\" content=\"https:\/\/pressetaux.fr\/cambrai\/jean-philippe-journet-a-ete-professionnel-2\/\" \/>\n<meta property=\"og:site_name\" content=\"PresseTaux Cambrai\" \/>\n<meta property=\"article:publisher\" content=\"https:\/\/www.facebook.com\/pressetauxcambrai?locale=fr_FR\" \/>\n<meta property=\"article:published_time\" content=\"2021-03-23T08:00:58+00:00\" \/>\n<meta property=\"article:modified_time\" content=\"2021-02-19T14:16:30+00:00\" \/>\n<meta property=\"og:image\" content=\"https:\/\/pressetaux.fr\/wp-content\/uploads\/2013\/05\/achat1-150x150.png\" \/>\n<meta name=\"twitter:label1\" content=\"\u00c9crit par\" \/>\n\t<meta name=\"twitter:data1\" content=\"Aur\u00e9lie PresseTaux\" \/>\n\t<meta name=\"twitter:label2\" content=\"Dur\u00e9e de lecture estim\u00e9e\" \/>\n\t<meta name=\"twitter:data2\" content=\"1 minute\" \/>\n<script type=\"application\/ld+json\" class=\"yoast-schema-graph\">{\"@context\":\"https:\/\/schema.org\",\"@graph\":[{\"@type\":\"Organization\",\"@id\":\"https:\/\/pressetaux.fr\/cambrai\/#organization\",\"name\":\"PresseTaux Cambrai\",\"url\":\"https:\/\/pressetaux.fr\/cambrai\/\",\"sameAs\":[\"https:\/\/www.facebook.com\/pressetauxcambrai?locale=fr_FR\"],\"logo\":{\"@type\":\"ImageObject\",\"@id\":\"https:\/\/pressetaux.fr\/cambrai\/#logo\",\"inLanguage\":\"fr-FR\",\"url\":\"https:\/\/pressetaux.fr\/cambrai\/wp-content\/uploads\/sites\/3\/2020\/11\/LogoPressetaux.png\",\"contentUrl\":\"https:\/\/pressetaux.fr\/cambrai\/wp-content\/uploads\/sites\/3\/2020\/11\/LogoPressetaux.png\",\"width\":488,\"height\":278,\"caption\":\"PresseTaux Cambrai\"},\"image\":{\"@id\":\"https:\/\/pressetaux.fr\/cambrai\/#logo\"}},{\"@type\":\"WebSite\",\"@id\":\"https:\/\/pressetaux.fr\/cambrai\/#website\",\"url\":\"https:\/\/pressetaux.fr\/cambrai\/\",\"name\":\"PresseTaux Cambrai\",\"description\":\"COURTIER EN CREDIT\",\"publisher\":{\"@id\":\"https:\/\/pressetaux.fr\/cambrai\/#organization\"},\"potentialAction\":[{\"@type\":\"SearchAction\",\"target\":{\"@type\":\"EntryPoint\",\"urlTemplate\":\"https:\/\/pressetaux.fr\/cambrai\/?s={search_term_string}\"},\"query-input\":\"required name=search_term_string\"}],\"inLanguage\":\"fr-FR\"},{\"@type\":\"ImageObject\",\"@id\":\"https:\/\/pressetaux.fr\/cambrai\/jean-philippe-journet-a-ete-professionnel-2\/#primaryimage\",\"inLanguage\":\"fr-FR\",\"url\":\"https:\/\/pressetaux.fr\/wp-content\/uploads\/2013\/05\/achat1-150x150.png\",\"contentUrl\":\"https:\/\/pressetaux.fr\/wp-content\/uploads\/2013\/05\/achat1-150x150.png\"},{\"@type\":\"WebPage\",\"@id\":\"https:\/\/pressetaux.fr\/cambrai\/jean-philippe-journet-a-ete-professionnel-2\/#webpage\",\"url\":\"https:\/\/pressetaux.fr\/cambrai\/jean-philippe-journet-a-ete-professionnel-2\/\",\"name\":\"\\u201c Jean-Philippe Journet a \\u00e9t\\u00e9 professionnel\\u00a0! \\u201d - PresseTaux Cambrai\",\"isPartOf\":{\"@id\":\"https:\/\/pressetaux.fr\/cambrai\/#website\"},\"primaryImageOfPage\":{\"@id\":\"https:\/\/pressetaux.fr\/cambrai\/jean-philippe-journet-a-ete-professionnel-2\/#primaryimage\"},\"datePublished\":\"2021-03-23T08:00:58+00:00\",\"dateModified\":\"2021-02-19T14:16:30+00:00\",\"breadcrumb\":{\"@id\":\"https:\/\/pressetaux.fr\/cambrai\/jean-philippe-journet-a-ete-professionnel-2\/#breadcrumb\"},\"inLanguage\":\"fr-FR\",\"potentialAction\":[{\"@type\":\"ReadAction\",\"target\":[\"https:\/\/pressetaux.fr\/cambrai\/jean-philippe-journet-a-ete-professionnel-2\/\"]}]},{\"@type\":\"BreadcrumbList\",\"@id\":\"https:\/\/pressetaux.fr\/cambrai\/jean-philippe-journet-a-ete-professionnel-2\/#breadcrumb\",\"itemListElement\":[{\"@type\":\"ListItem\",\"position\":1,\"name\":\"\\u201c Jean-Philippe Journet a \\u00e9t\\u00e9 professionnel\\u00a0! \\u201d\"}]},{\"@type\":\"Article\",\"@id\":\"https:\/\/pressetaux.fr\/cambrai\/jean-philippe-journet-a-ete-professionnel-2\/#article\",\"isPartOf\":{\"@id\":\"https:\/\/pressetaux.fr\/cambrai\/jean-philippe-journet-a-ete-professionnel-2\/#webpage\"},\"author\":{\"@id\":\"https:\/\/pressetaux.fr\/cambrai\/#\/schema\/person\/4cd76b055d972c5d26a31a6868ce10e9\"},\"headline\":\"\\u201c Jean-Philippe Journet a \\u00e9t\\u00e9 professionnel\\u00a0! \\u201d\",\"datePublished\":\"2021-03-23T08:00:58+00:00\",\"dateModified\":\"2021-02-19T14:16:30+00:00\",\"mainEntityOfPage\":{\"@id\":\"https:\/\/pressetaux.fr\/cambrai\/jean-philippe-journet-a-ete-professionnel-2\/#webpage\"},\"wordCount\":251,\"publisher\":{\"@id\":\"https:\/\/pressetaux.fr\/cambrai\/#organization\"},\"image\":{\"@id\":\"https:\/\/pressetaux.fr\/cambrai\/jean-philippe-journet-a-ete-professionnel-2\/#primaryimage\"},\"thumbnailUrl\":\"https:\/\/pressetaux.fr\/wp-content\/uploads\/2013\/05\/achat1-150x150.png\",\"articleSection\":[\"temoignagesblog\"],\"inLanguage\":\"fr-FR\"},{\"@type\":\"Person\",\"@id\":\"https:\/\/pressetaux.fr\/cambrai\/#\/schema\/person\/4cd76b055d972c5d26a31a6868ce10e9\",\"name\":\"Aur\\u00e9lie PresseTaux\",\"image\":{\"@type\":\"ImageObject\",\"@id\":\"https:\/\/pressetaux.fr\/cambrai\/#personlogo\",\"inLanguage\":\"fr-FR\",\"url\":\"https:\/\/secure.gravatar.com\/avatar\/3c12b07ea1ddcb99edf500aed7c9791c?s=96&d=mm&r=g\",\"contentUrl\":\"https:\/\/secure.gravatar.com\/avatar\/3c12b07ea1ddcb99edf500aed7c9791c?s=96&d=mm&r=g\",\"caption\":\"Aur\\u00e9lie PresseTaux\"},\"url\":\"https:\/\/pressetaux.fr\/cambrai\/author\/aurelie-merlin\/\"}]}<\/script>\n<!-- \/ Yoast SEO plugin. -->","yoast_head_json":{"title":"\u201c Jean-Philippe Journet a \u00e9t\u00e9 professionnel\u00a0! \u201d - PresseTaux Cambrai","robots":{"index":"index","follow":"follow","max-snippet":"max-snippet:-1","max-image-preview":"max-image-preview:large","max-video-preview":"max-video-preview:-1"},"canonical":"https:\/\/pressetaux.fr\/cambrai\/jean-philippe-journet-a-ete-professionnel-2\/","og_locale":"fr_FR","og_type":"article","og_title":"\u201c Jean-Philippe Journet a \u00e9t\u00e9 professionnel\u00a0! \u201d - PresseTaux Cambrai","og_description":"M. Olivier F. et Mme Laurie C. ont eu recours aux services de Jean-Philippe Journet, courtier de chez PresseTaux \u00e0 Caudry, dans le cadre de l&rsquo;acquisition d&rsquo;une r\u00e9sidence principale. T\u00e9moignage d\u2019un particulier. M. Olivier F. et Laurie C. ont sollicit\u00e9 les services d\u2019un courtier de chez PresseTaux afin d\u2019obtenir de l\u2019aide dans l\u2019acquisition d\u2019un bien immobilier. Ils ont connu l\u2019enseigne via le bouche \u00e0 oreille et ont pu b\u00e9n\u00e9ficier d\u2019un accompagnement propos\u00e9 par Jean-Philippe Journet, courtier PresseTaux \u00e0 Caudry (59).","og_url":"https:\/\/pressetaux.fr\/cambrai\/jean-philippe-journet-a-ete-professionnel-2\/","og_site_name":"PresseTaux Cambrai","article_publisher":"https:\/\/www.facebook.com\/pressetauxcambrai?locale=fr_FR","article_published_time":"2021-03-23T08:00:58+00:00","article_modified_time":"2021-02-19T14:16:30+00:00","og_image":[{"url":"https:\/\/pressetaux.fr\/wp-content\/uploads\/2013\/05\/achat1-150x150.png"}],"twitter_misc":{"\u00c9crit par":"Aur\u00e9lie PresseTaux","Dur\u00e9e de lecture estim\u00e9e":"1 minute"},"schema":{"@context":"https:\/\/schema.org","@graph":[{"@type":"Organization","@id":"https:\/\/pressetaux.fr\/cambrai\/#organization","name":"PresseTaux Cambrai","url":"https:\/\/pressetaux.fr\/cambrai\/","sameAs":["https:\/\/www.facebook.com\/pressetauxcambrai?locale=fr_FR"],"logo":{"@type":"ImageObject","@id":"https:\/\/pressetaux.fr\/cambrai\/#logo","inLanguage":"fr-FR","url":"https:\/\/pressetaux.fr\/cambrai\/wp-content\/uploads\/sites\/3\/2020\/11\/LogoPressetaux.png","contentUrl":"https:\/\/pressetaux.fr\/cambrai\/wp-content\/uploads\/sites\/3\/2020\/11\/LogoPressetaux.png","width":488,"height":278,"caption":"PresseTaux Cambrai"},"image":{"@id":"https:\/\/pressetaux.fr\/cambrai\/#logo"}},{"@type":"WebSite","@id":"https:\/\/pressetaux.fr\/cambrai\/#website","url":"https:\/\/pressetaux.fr\/cambrai\/","name":"PresseTaux Cambrai","description":"COURTIER EN CREDIT","publisher":{"@id":"https:\/\/pressetaux.fr\/cambrai\/#organization"},"potentialAction":[{"@type":"SearchAction","target":{"@type":"EntryPoint","urlTemplate":"https:\/\/pressetaux.fr\/cambrai\/?s={search_term_string}"},"query-input":"required name=search_term_string"}],"inLanguage":"fr-FR"},{"@type":"ImageObject","@id":"https:\/\/pressetaux.fr\/cambrai\/jean-philippe-journet-a-ete-professionnel-2\/#primaryimage","inLanguage":"fr-FR","url":"https:\/\/pressetaux.fr\/wp-content\/uploads\/2013\/05\/achat1-150x150.png","contentUrl":"https:\/\/pressetaux.fr\/wp-content\/uploads\/2013\/05\/achat1-150x150.png"},{"@type":"WebPage","@id":"https:\/\/pressetaux.fr\/cambrai\/jean-philippe-journet-a-ete-professionnel-2\/#webpage","url":"https:\/\/pressetaux.fr\/cambrai\/jean-philippe-journet-a-ete-professionnel-2\/","name":"\u201c Jean-Philippe Journet a \u00e9t\u00e9 professionnel\u00a0! \u201d - PresseTaux Cambrai","isPartOf":{"@id":"https:\/\/pressetaux.fr\/cambrai\/#website"},"primaryImageOfPage":{"@id":"https:\/\/pressetaux.fr\/cambrai\/jean-philippe-journet-a-ete-professionnel-2\/#primaryimage"},"datePublished":"2021-03-23T08:00:58+00:00","dateModified":"2021-02-19T14:16:30+00:00","breadcrumb":{"@id":"https:\/\/pressetaux.fr\/cambrai\/jean-philippe-journet-a-ete-professionnel-2\/#breadcrumb"},"inLanguage":"fr-FR","potentialAction":[{"@type":"ReadAction","target":["https:\/\/pressetaux.fr\/cambrai\/jean-philippe-journet-a-ete-professionnel-2\/"]}]},{"@type":"BreadcrumbList","@id":"https:\/\/pressetaux.fr\/cambrai\/jean-philippe-journet-a-ete-professionnel-2\/#breadcrumb","itemListElement":[{"@type":"ListItem","position":1,"name":"\u201c Jean-Philippe Journet a \u00e9t\u00e9 professionnel\u00a0! \u201d"}]},{"@type":"Article","@id":"https:\/\/pressetaux.fr\/cambrai\/jean-philippe-journet-a-ete-professionnel-2\/#article","isPartOf":{"@id":"https:\/\/pressetaux.fr\/cambrai\/jean-philippe-journet-a-ete-professionnel-2\/#webpage"},"author":{"@id":"https:\/\/pressetaux.fr\/cambrai\/#\/schema\/person\/4cd76b055d972c5d26a31a6868ce10e9"},"headline":"\u201c Jean-Philippe Journet a \u00e9t\u00e9 professionnel\u00a0! \u201d","datePublished":"2021-03-23T08:00:58+00:00","dateModified":"2021-02-19T14:16:30+00:00","mainEntityOfPage":{"@id":"https:\/\/pressetaux.fr\/cambrai\/jean-philippe-journet-a-ete-professionnel-2\/#webpage"},"wordCount":251,"publisher":{"@id":"https:\/\/pressetaux.fr\/cambrai\/#organization"},"image":{"@id":"https:\/\/pressetaux.fr\/cambrai\/jean-philippe-journet-a-ete-professionnel-2\/#primaryimage"},"thumbnailUrl":"https:\/\/pressetaux.fr\/wp-content\/uploads\/2013\/05\/achat1-150x150.png","articleSection":["temoignagesblog"],"inLanguage":"fr-FR"},{"@type":"Person","@id":"https:\/\/pressetaux.fr\/cambrai\/#\/schema\/person\/4cd76b055d972c5d26a31a6868ce10e9","name":"Aur\u00e9lie PresseTaux","image":{"@type":"ImageObject","@id":"https:\/\/pressetaux.fr\/cambrai\/#personlogo","inLanguage":"fr-FR","url":"https:\/\/secure.gravatar.com\/avatar\/3c12b07ea1ddcb99edf500aed7c9791c?s=96&d=mm&r=g","contentUrl":"https:\/\/secure.gravatar.com\/avatar\/3c12b07ea1ddcb99edf500aed7c9791c?s=96&d=mm&r=g","caption":"Aur\u00e9lie PresseTaux"},"url":"https:\/\/pressetaux.fr\/cambrai\/author\/aurelie-merlin\/"}]}},"_links":{"self":[{"href":"https:\/\/pressetaux.fr\/cambrai\/wp-json\/wp\/v2\/posts\/2252"}],"collection":[{"href":"https:\/\/pressetaux.fr\/cambrai\/wp-json\/wp\/v2\/posts"}],"about":[{"href":"https:\/\/pressetaux.fr\/cambrai\/wp-json\/wp\/v2\/types\/post"}],"author":[{"embeddable":true,"href":"https:\/\/pressetaux.fr\/cambrai\/wp-json\/wp\/v2\/users\/8"}],"replies":[{"embeddable":true,"href":"https:\/\/pressetaux.fr\/cambrai\/wp-json\/wp\/v2\/comments?post=2252"}],"version-history":[{"count":0,"href":"https:\/\/pressetaux.fr\/cambrai\/wp-json\/wp\/v2\/posts\/2252\/revisions"}],"wp:attachment":[{"href":"https:\/\/pressetaux.fr\/cambrai\/wp-json\/wp\/v2\/media?parent=2252"}],"wp:term":[{"taxonomy":"category","embeddable":true,"href":"https:\/\/pressetaux.fr\/cambrai\/wp-json\/wp\/v2\/categories?post=2252"},{"taxonomy":"post_tag","embeddable":true,"href":"https:\/\/pressetaux.fr\/cambrai\/wp-json\/wp\/v2\/tags?post=2252"}],"curies":[{"name":"wp","href":"https:\/\/api.w.org\/{rel}","templated":true}]}}