{"id":2256,"date":"2021-04-06T09:00:06","date_gmt":"2021-04-06T08:00:06","guid":{"rendered":"https:\/\/pressetaux.fr\/cambrai\/?p=2256"},"modified":"2021-03-16T15:13:21","modified_gmt":"2021-03-16T14:13:21","slug":"jean-philippe-journet-est-un-conseiller-tres-professionnel","status":"publish","type":"post","link":"https:\/\/pressetaux.fr\/cambrai\/jean-philippe-journet-est-un-conseiller-tres-professionnel\/","title":{"rendered":"\u201c Jean-Philippe Journet est un conseiller tr\u00e8s professionnel\u00a0\u00bb"},"content":{"rendered":"<p><b><img loading=\"lazy\" class=\"alignright wp-image-3542 size-thumbnail\" src=\"https:\/\/pressetaux.fr\/wp-content\/uploads\/2016\/03\/PresseTaux_courtier_8-150x150.jpg\" alt=\"\" width=\"150\" height=\"150\" \/>M. et Mme Fr\u00e9d\u00e9ric L. ont eu recours aux services de Jean-Philippe Journet, courtier de chez PresseTaux \u00e0 Caudry, dans le cadre de ren\u00e9gociation du pr\u00eat immobilier de la r\u00e9sidence principale. T\u00e9moignage d\u2019un particulier.<\/b><\/p>\n<p><span style=\"font-weight: 400;\">M. et Mme Fr\u00e9d\u00e9ric L. ont sollicit\u00e9 les services d\u2019un courtier de chez PresseTaux afin de ren\u00e9gocier leur pr\u00eat immobilier. Ils<\/span><span style=\"font-weight: 400;\"> ont connu l\u2019enseigne via le bouche \u00e0 oreille et ont <\/span><span style=\"font-weight: 400;\">pu b\u00e9n\u00e9ficier d\u2019un accompagnement propos\u00e9 par <\/span><a href=\"https:\/\/pressetaux.fr\/cambrai\/courtier-en-credit-caudry\/\"><span style=\"font-weight: 400;\">Jean-Philippe Journet, courtier PresseTaux \u00e0 Caudry<\/span><\/a><span style=\"font-weight: 400;\"> (59).<\/span><\/p>\n<p><!--more--><\/p>\n<p><b>En quelques mots, pouvez-vous nous r\u00e9sumer en quoi a consist\u00e9 votre projet et pourquoi avez-vous eu besoin d&rsquo;un financement ?<\/b><\/p>\n<p><span style=\"font-weight: 400;\">Nous souhaitions ren\u00e9gocier le pr\u00eat de notre r\u00e9sidence principale et obtenir un taux plus attractif.<\/span><\/p>\n<p><b>Pour quelles raisons avez-vous fait appel \u00e0 un courtier ?\u00a0<\/b><\/p>\n<p><span style=\"font-weight: 400;\">Nous avons fait appel \u00e0 un courtier car notre banque n&rsquo;avait pas la volont\u00e9 de ren\u00e9gocier notre pr\u00eat. Nous avons donc fait appel \u00e0 M. Journet par \u00e9conomie de temps, d\u2019\u00e9nergie et d\u2019argent.<\/span><\/p>\n<p><b>Quelles solutions ont \u00e9t\u00e9 trouv\u00e9es par le courtier de PresseTaux pour r\u00e9pondre au mieux \u00e0 vos besoins ?<\/b><\/p>\n<p><span style=\"font-weight: 400;\">M. Jean-Philippe Journet a ren\u00e9goci\u00e9 notre pr\u00eat dans une autre banque et a obtenu une d\u00e9l\u00e9gation au niveau de l&rsquo;assurance.<\/span><\/p>\n<p><b>De mani\u00e8re g\u00e9n\u00e9rale, comment \u00e9valuez-vous l&rsquo;accompagnement offert par le courtier de l&rsquo;agence PresseTaux qui vous a accompagn\u00e9e ?\u00a0<\/b><\/p>\n<p><span style=\"font-weight: 400;\">M. Journet Jean-Philippe est tr\u00e8s disponible et \u00e0 l&rsquo;\u00e9coute. C&rsquo;est un conseiller tr\u00e8s professionnel.<\/span><\/p>\n<p><b>Recommanderiez-vous PresseTaux \u00e0 votre entourage ?<\/b><\/p>\n<p><span style=\"font-weight: 400;\">Oui, sans h\u00e9siter. Pour son \u00e9coute, sa disponibilit\u00e9 et son professionnalisme.<\/span><\/p>\n","protected":false},"excerpt":{"rendered":"<p>M. et Mme Fr\u00e9d\u00e9ric L. ont eu recours aux services de Jean-Philippe Journet, courtier de chez PresseTaux \u00e0 Caudry, dans le cadre de ren\u00e9gociation du pr\u00eat immobilier de la r\u00e9sidence principale. T\u00e9moignage d\u2019un particulier. M. et Mme Fr\u00e9d\u00e9ric L. ont sollicit\u00e9 les services d\u2019un courtier de chez PresseTaux afin de ren\u00e9gocier leur pr\u00eat immobilier. Ils ont connu l\u2019enseigne via le bouche \u00e0 oreille et ont pu b\u00e9n\u00e9ficier d\u2019un accompagnement propos\u00e9 par Jean-Philippe Journet, courtier PresseTaux \u00e0 Caudry (59).<\/p>\n","protected":false},"author":8,"featured_media":0,"comment_status":"closed","ping_status":"open","sticky":false,"template":"","format":"standard","meta":{"_genesis_hide_title":false,"_genesis_hide_breadcrumbs":false,"_genesis_hide_singular_image":false,"_genesis_hide_footer_widgets":false,"_genesis_custom_body_class":"","_genesis_custom_post_class":"","_genesis_layout":""},"categories":[6],"tags":[],"yoast_head":"<!-- This site is optimized with the Yoast SEO plugin v17.8 - https:\/\/yoast.com\/wordpress\/plugins\/seo\/ -->\n<title>\u201c Jean-Philippe Journet est un conseiller tr\u00e8s professionnel\u00a0\u00bb - PresseTaux Cambrai<\/title>\n<meta name=\"robots\" content=\"index, follow, max-snippet:-1, max-image-preview:large, max-video-preview:-1\" \/>\n<link rel=\"canonical\" href=\"https:\/\/pressetaux.fr\/cambrai\/jean-philippe-journet-est-un-conseiller-tres-professionnel\/\" \/>\n<meta property=\"og:locale\" content=\"fr_FR\" \/>\n<meta property=\"og:type\" content=\"article\" \/>\n<meta property=\"og:title\" content=\"\u201c Jean-Philippe Journet est un conseiller tr\u00e8s professionnel\u00a0\u00bb - PresseTaux Cambrai\" \/>\n<meta property=\"og:description\" content=\"M. et Mme Fr\u00e9d\u00e9ric L. ont eu recours aux services de Jean-Philippe Journet, courtier de chez PresseTaux \u00e0 Caudry, dans le cadre de ren\u00e9gociation du pr\u00eat immobilier de la r\u00e9sidence principale. T\u00e9moignage d\u2019un particulier. M. et Mme Fr\u00e9d\u00e9ric L. ont sollicit\u00e9 les services d\u2019un courtier de chez PresseTaux afin de ren\u00e9gocier leur pr\u00eat immobilier. Ils ont connu l\u2019enseigne via le bouche \u00e0 oreille et ont pu b\u00e9n\u00e9ficier d\u2019un accompagnement propos\u00e9 par Jean-Philippe Journet, courtier PresseTaux \u00e0 Caudry (59).\" \/>\n<meta property=\"og:url\" content=\"https:\/\/pressetaux.fr\/cambrai\/jean-philippe-journet-est-un-conseiller-tres-professionnel\/\" \/>\n<meta property=\"og:site_name\" content=\"PresseTaux Cambrai\" \/>\n<meta property=\"article:publisher\" content=\"https:\/\/www.facebook.com\/pressetauxcambrai?locale=fr_FR\" \/>\n<meta property=\"article:published_time\" content=\"2021-04-06T08:00:06+00:00\" \/>\n<meta property=\"article:modified_time\" content=\"2021-03-16T14:13:21+00:00\" \/>\n<meta property=\"og:image\" content=\"https:\/\/pressetaux.fr\/wp-content\/uploads\/2016\/03\/PresseTaux_courtier_8-150x150.jpg\" \/>\n<meta name=\"twitter:label1\" content=\"\u00c9crit par\" \/>\n\t<meta name=\"twitter:data1\" content=\"Aur\u00e9lie PresseTaux\" \/>\n\t<meta name=\"twitter:label2\" content=\"Dur\u00e9e de lecture estim\u00e9e\" \/>\n\t<meta name=\"twitter:data2\" content=\"1 minute\" \/>\n<script type=\"application\/ld+json\" class=\"yoast-schema-graph\">{\"@context\":\"https:\/\/schema.org\",\"@graph\":[{\"@type\":\"Organization\",\"@id\":\"https:\/\/pressetaux.fr\/cambrai\/#organization\",\"name\":\"PresseTaux Cambrai\",\"url\":\"https:\/\/pressetaux.fr\/cambrai\/\",\"sameAs\":[\"https:\/\/www.facebook.com\/pressetauxcambrai?locale=fr_FR\"],\"logo\":{\"@type\":\"ImageObject\",\"@id\":\"https:\/\/pressetaux.fr\/cambrai\/#logo\",\"inLanguage\":\"fr-FR\",\"url\":\"https:\/\/pressetaux.fr\/cambrai\/wp-content\/uploads\/sites\/3\/2020\/11\/LogoPressetaux.png\",\"contentUrl\":\"https:\/\/pressetaux.fr\/cambrai\/wp-content\/uploads\/sites\/3\/2020\/11\/LogoPressetaux.png\",\"width\":488,\"height\":278,\"caption\":\"PresseTaux Cambrai\"},\"image\":{\"@id\":\"https:\/\/pressetaux.fr\/cambrai\/#logo\"}},{\"@type\":\"WebSite\",\"@id\":\"https:\/\/pressetaux.fr\/cambrai\/#website\",\"url\":\"https:\/\/pressetaux.fr\/cambrai\/\",\"name\":\"PresseTaux Cambrai\",\"description\":\"COURTIER EN CREDIT\",\"publisher\":{\"@id\":\"https:\/\/pressetaux.fr\/cambrai\/#organization\"},\"potentialAction\":[{\"@type\":\"SearchAction\",\"target\":{\"@type\":\"EntryPoint\",\"urlTemplate\":\"https:\/\/pressetaux.fr\/cambrai\/?s={search_term_string}\"},\"query-input\":\"required name=search_term_string\"}],\"inLanguage\":\"fr-FR\"},{\"@type\":\"ImageObject\",\"@id\":\"https:\/\/pressetaux.fr\/cambrai\/jean-philippe-journet-est-un-conseiller-tres-professionnel\/#primaryimage\",\"inLanguage\":\"fr-FR\",\"url\":\"https:\/\/pressetaux.fr\/wp-content\/uploads\/2016\/03\/PresseTaux_courtier_8-150x150.jpg\",\"contentUrl\":\"https:\/\/pressetaux.fr\/wp-content\/uploads\/2016\/03\/PresseTaux_courtier_8-150x150.jpg\"},{\"@type\":\"WebPage\",\"@id\":\"https:\/\/pressetaux.fr\/cambrai\/jean-philippe-journet-est-un-conseiller-tres-professionnel\/#webpage\",\"url\":\"https:\/\/pressetaux.fr\/cambrai\/jean-philippe-journet-est-un-conseiller-tres-professionnel\/\",\"name\":\"\\u201c Jean-Philippe Journet est un conseiller tr\\u00e8s professionnel\\u00a0\\u00bb - PresseTaux Cambrai\",\"isPartOf\":{\"@id\":\"https:\/\/pressetaux.fr\/cambrai\/#website\"},\"primaryImageOfPage\":{\"@id\":\"https:\/\/pressetaux.fr\/cambrai\/jean-philippe-journet-est-un-conseiller-tres-professionnel\/#primaryimage\"},\"datePublished\":\"2021-04-06T08:00:06+00:00\",\"dateModified\":\"2021-03-16T14:13:21+00:00\",\"breadcrumb\":{\"@id\":\"https:\/\/pressetaux.fr\/cambrai\/jean-philippe-journet-est-un-conseiller-tres-professionnel\/#breadcrumb\"},\"inLanguage\":\"fr-FR\",\"potentialAction\":[{\"@type\":\"ReadAction\",\"target\":[\"https:\/\/pressetaux.fr\/cambrai\/jean-philippe-journet-est-un-conseiller-tres-professionnel\/\"]}]},{\"@type\":\"BreadcrumbList\",\"@id\":\"https:\/\/pressetaux.fr\/cambrai\/jean-philippe-journet-est-un-conseiller-tres-professionnel\/#breadcrumb\",\"itemListElement\":[{\"@type\":\"ListItem\",\"position\":1,\"name\":\"\\u201c Jean-Philippe Journet est un conseiller tr\\u00e8s professionnel\\u00a0\\u00bb\"}]},{\"@type\":\"Article\",\"@id\":\"https:\/\/pressetaux.fr\/cambrai\/jean-philippe-journet-est-un-conseiller-tres-professionnel\/#article\",\"isPartOf\":{\"@id\":\"https:\/\/pressetaux.fr\/cambrai\/jean-philippe-journet-est-un-conseiller-tres-professionnel\/#webpage\"},\"author\":{\"@id\":\"https:\/\/pressetaux.fr\/cambrai\/#\/schema\/person\/4cd76b055d972c5d26a31a6868ce10e9\"},\"headline\":\"\\u201c Jean-Philippe Journet est un conseiller tr\\u00e8s professionnel\\u00a0\\u00bb\",\"datePublished\":\"2021-04-06T08:00:06+00:00\",\"dateModified\":\"2021-03-16T14:13:21+00:00\",\"mainEntityOfPage\":{\"@id\":\"https:\/\/pressetaux.fr\/cambrai\/jean-philippe-journet-est-un-conseiller-tres-professionnel\/#webpage\"},\"wordCount\":274,\"publisher\":{\"@id\":\"https:\/\/pressetaux.fr\/cambrai\/#organization\"},\"image\":{\"@id\":\"https:\/\/pressetaux.fr\/cambrai\/jean-philippe-journet-est-un-conseiller-tres-professionnel\/#primaryimage\"},\"thumbnailUrl\":\"https:\/\/pressetaux.fr\/wp-content\/uploads\/2016\/03\/PresseTaux_courtier_8-150x150.jpg\",\"articleSection\":[\"temoignagesblog\"],\"inLanguage\":\"fr-FR\"},{\"@type\":\"Person\",\"@id\":\"https:\/\/pressetaux.fr\/cambrai\/#\/schema\/person\/4cd76b055d972c5d26a31a6868ce10e9\",\"name\":\"Aur\\u00e9lie PresseTaux\",\"image\":{\"@type\":\"ImageObject\",\"@id\":\"https:\/\/pressetaux.fr\/cambrai\/#personlogo\",\"inLanguage\":\"fr-FR\",\"url\":\"https:\/\/secure.gravatar.com\/avatar\/3c12b07ea1ddcb99edf500aed7c9791c?s=96&d=mm&r=g\",\"contentUrl\":\"https:\/\/secure.gravatar.com\/avatar\/3c12b07ea1ddcb99edf500aed7c9791c?s=96&d=mm&r=g\",\"caption\":\"Aur\\u00e9lie PresseTaux\"},\"url\":\"https:\/\/pressetaux.fr\/cambrai\/author\/aurelie-merlin\/\"}]}<\/script>\n<!-- \/ Yoast SEO plugin. -->","yoast_head_json":{"title":"\u201c Jean-Philippe Journet est un conseiller tr\u00e8s professionnel\u00a0\u00bb - PresseTaux Cambrai","robots":{"index":"index","follow":"follow","max-snippet":"max-snippet:-1","max-image-preview":"max-image-preview:large","max-video-preview":"max-video-preview:-1"},"canonical":"https:\/\/pressetaux.fr\/cambrai\/jean-philippe-journet-est-un-conseiller-tres-professionnel\/","og_locale":"fr_FR","og_type":"article","og_title":"\u201c Jean-Philippe Journet est un conseiller tr\u00e8s professionnel\u00a0\u00bb - PresseTaux Cambrai","og_description":"M. et Mme Fr\u00e9d\u00e9ric L. ont eu recours aux services de Jean-Philippe Journet, courtier de chez PresseTaux \u00e0 Caudry, dans le cadre de ren\u00e9gociation du pr\u00eat immobilier de la r\u00e9sidence principale. T\u00e9moignage d\u2019un particulier. M. et Mme Fr\u00e9d\u00e9ric L. ont sollicit\u00e9 les services d\u2019un courtier de chez PresseTaux afin de ren\u00e9gocier leur pr\u00eat immobilier. Ils ont connu l\u2019enseigne via le bouche \u00e0 oreille et ont pu b\u00e9n\u00e9ficier d\u2019un accompagnement propos\u00e9 par Jean-Philippe Journet, courtier PresseTaux \u00e0 Caudry (59).","og_url":"https:\/\/pressetaux.fr\/cambrai\/jean-philippe-journet-est-un-conseiller-tres-professionnel\/","og_site_name":"PresseTaux Cambrai","article_publisher":"https:\/\/www.facebook.com\/pressetauxcambrai?locale=fr_FR","article_published_time":"2021-04-06T08:00:06+00:00","article_modified_time":"2021-03-16T14:13:21+00:00","og_image":[{"url":"https:\/\/pressetaux.fr\/wp-content\/uploads\/2016\/03\/PresseTaux_courtier_8-150x150.jpg"}],"twitter_misc":{"\u00c9crit par":"Aur\u00e9lie PresseTaux","Dur\u00e9e de lecture estim\u00e9e":"1 minute"},"schema":{"@context":"https:\/\/schema.org","@graph":[{"@type":"Organization","@id":"https:\/\/pressetaux.fr\/cambrai\/#organization","name":"PresseTaux Cambrai","url":"https:\/\/pressetaux.fr\/cambrai\/","sameAs":["https:\/\/www.facebook.com\/pressetauxcambrai?locale=fr_FR"],"logo":{"@type":"ImageObject","@id":"https:\/\/pressetaux.fr\/cambrai\/#logo","inLanguage":"fr-FR","url":"https:\/\/pressetaux.fr\/cambrai\/wp-content\/uploads\/sites\/3\/2020\/11\/LogoPressetaux.png","contentUrl":"https:\/\/pressetaux.fr\/cambrai\/wp-content\/uploads\/sites\/3\/2020\/11\/LogoPressetaux.png","width":488,"height":278,"caption":"PresseTaux Cambrai"},"image":{"@id":"https:\/\/pressetaux.fr\/cambrai\/#logo"}},{"@type":"WebSite","@id":"https:\/\/pressetaux.fr\/cambrai\/#website","url":"https:\/\/pressetaux.fr\/cambrai\/","name":"PresseTaux Cambrai","description":"COURTIER EN CREDIT","publisher":{"@id":"https:\/\/pressetaux.fr\/cambrai\/#organization"},"potentialAction":[{"@type":"SearchAction","target":{"@type":"EntryPoint","urlTemplate":"https:\/\/pressetaux.fr\/cambrai\/?s={search_term_string}"},"query-input":"required name=search_term_string"}],"inLanguage":"fr-FR"},{"@type":"ImageObject","@id":"https:\/\/pressetaux.fr\/cambrai\/jean-philippe-journet-est-un-conseiller-tres-professionnel\/#primaryimage","inLanguage":"fr-FR","url":"https:\/\/pressetaux.fr\/wp-content\/uploads\/2016\/03\/PresseTaux_courtier_8-150x150.jpg","contentUrl":"https:\/\/pressetaux.fr\/wp-content\/uploads\/2016\/03\/PresseTaux_courtier_8-150x150.jpg"},{"@type":"WebPage","@id":"https:\/\/pressetaux.fr\/cambrai\/jean-philippe-journet-est-un-conseiller-tres-professionnel\/#webpage","url":"https:\/\/pressetaux.fr\/cambrai\/jean-philippe-journet-est-un-conseiller-tres-professionnel\/","name":"\u201c Jean-Philippe Journet est un conseiller tr\u00e8s professionnel\u00a0\u00bb - PresseTaux Cambrai","isPartOf":{"@id":"https:\/\/pressetaux.fr\/cambrai\/#website"},"primaryImageOfPage":{"@id":"https:\/\/pressetaux.fr\/cambrai\/jean-philippe-journet-est-un-conseiller-tres-professionnel\/#primaryimage"},"datePublished":"2021-04-06T08:00:06+00:00","dateModified":"2021-03-16T14:13:21+00:00","breadcrumb":{"@id":"https:\/\/pressetaux.fr\/cambrai\/jean-philippe-journet-est-un-conseiller-tres-professionnel\/#breadcrumb"},"inLanguage":"fr-FR","potentialAction":[{"@type":"ReadAction","target":["https:\/\/pressetaux.fr\/cambrai\/jean-philippe-journet-est-un-conseiller-tres-professionnel\/"]}]},{"@type":"BreadcrumbList","@id":"https:\/\/pressetaux.fr\/cambrai\/jean-philippe-journet-est-un-conseiller-tres-professionnel\/#breadcrumb","itemListElement":[{"@type":"ListItem","position":1,"name":"\u201c Jean-Philippe Journet est un conseiller tr\u00e8s professionnel\u00a0\u00bb"}]},{"@type":"Article","@id":"https:\/\/pressetaux.fr\/cambrai\/jean-philippe-journet-est-un-conseiller-tres-professionnel\/#article","isPartOf":{"@id":"https:\/\/pressetaux.fr\/cambrai\/jean-philippe-journet-est-un-conseiller-tres-professionnel\/#webpage"},"author":{"@id":"https:\/\/pressetaux.fr\/cambrai\/#\/schema\/person\/4cd76b055d972c5d26a31a6868ce10e9"},"headline":"\u201c Jean-Philippe Journet est un conseiller tr\u00e8s professionnel\u00a0\u00bb","datePublished":"2021-04-06T08:00:06+00:00","dateModified":"2021-03-16T14:13:21+00:00","mainEntityOfPage":{"@id":"https:\/\/pressetaux.fr\/cambrai\/jean-philippe-journet-est-un-conseiller-tres-professionnel\/#webpage"},"wordCount":274,"publisher":{"@id":"https:\/\/pressetaux.fr\/cambrai\/#organization"},"image":{"@id":"https:\/\/pressetaux.fr\/cambrai\/jean-philippe-journet-est-un-conseiller-tres-professionnel\/#primaryimage"},"thumbnailUrl":"https:\/\/pressetaux.fr\/wp-content\/uploads\/2016\/03\/PresseTaux_courtier_8-150x150.jpg","articleSection":["temoignagesblog"],"inLanguage":"fr-FR"},{"@type":"Person","@id":"https:\/\/pressetaux.fr\/cambrai\/#\/schema\/person\/4cd76b055d972c5d26a31a6868ce10e9","name":"Aur\u00e9lie PresseTaux","image":{"@type":"ImageObject","@id":"https:\/\/pressetaux.fr\/cambrai\/#personlogo","inLanguage":"fr-FR","url":"https:\/\/secure.gravatar.com\/avatar\/3c12b07ea1ddcb99edf500aed7c9791c?s=96&d=mm&r=g","contentUrl":"https:\/\/secure.gravatar.com\/avatar\/3c12b07ea1ddcb99edf500aed7c9791c?s=96&d=mm&r=g","caption":"Aur\u00e9lie PresseTaux"},"url":"https:\/\/pressetaux.fr\/cambrai\/author\/aurelie-merlin\/"}]}},"_links":{"self":[{"href":"https:\/\/pressetaux.fr\/cambrai\/wp-json\/wp\/v2\/posts\/2256"}],"collection":[{"href":"https:\/\/pressetaux.fr\/cambrai\/wp-json\/wp\/v2\/posts"}],"about":[{"href":"https:\/\/pressetaux.fr\/cambrai\/wp-json\/wp\/v2\/types\/post"}],"author":[{"embeddable":true,"href":"https:\/\/pressetaux.fr\/cambrai\/wp-json\/wp\/v2\/users\/8"}],"replies":[{"embeddable":true,"href":"https:\/\/pressetaux.fr\/cambrai\/wp-json\/wp\/v2\/comments?post=2256"}],"version-history":[{"count":0,"href":"https:\/\/pressetaux.fr\/cambrai\/wp-json\/wp\/v2\/posts\/2256\/revisions"}],"wp:attachment":[{"href":"https:\/\/pressetaux.fr\/cambrai\/wp-json\/wp\/v2\/media?parent=2256"}],"wp:term":[{"taxonomy":"category","embeddable":true,"href":"https:\/\/pressetaux.fr\/cambrai\/wp-json\/wp\/v2\/categories?post=2256"},{"taxonomy":"post_tag","embeddable":true,"href":"https:\/\/pressetaux.fr\/cambrai\/wp-json\/wp\/v2\/tags?post=2256"}],"curies":[{"name":"wp","href":"https:\/\/api.w.org\/{rel}","templated":true}]}}