{"id":2312,"date":"2021-07-13T08:46:56","date_gmt":"2021-07-13T07:46:56","guid":{"rendered":"https:\/\/pressetaux.fr\/cambrai\/fiabilite-et-discretion-caracterisent-m-journet-jean-philippe\/"},"modified":"2021-07-13T08:46:56","modified_gmt":"2021-07-13T07:46:56","slug":"fiabilite-et-discretion-caracterisent-m-journet-jean-philippe","status":"publish","type":"post","link":"https:\/\/pressetaux.fr\/cambrai\/fiabilite-et-discretion-caracterisent-m-journet-jean-philippe\/","title":{"rendered":"\u201c Fiabilit\u00e9 et discr\u00e9tion caract\u00e9risent M. Journet Jean-Philippe\u00a0! \u201d"},"content":{"rendered":"<p><b><img loading=\"lazy\" class=\"alignright wp-image-447 size-thumbnail\" src=\"https:\/\/pressetaux.fr\/wp-content\/uploads\/2013\/04\/achat21-150x150.jpg\" alt=\"\" width=\"150\" height=\"150\" \/>M. et Mme Florian M. ont eu recours aux services de Jean-Philippe Journet, courtier de chez PresseTaux \u00e0 Caudry, dans le cadre de l&rsquo;acquisition d&rsquo;un investissement locatif. T\u00e9moignage d\u2019un particulier.<\/b><\/p>\n<p><span style=\"font-weight: 400;\">M. et Mme Florian M. ont sollicit\u00e9 les services d\u2019un courtier de PresseTaux afin d\u2019obtenir de l\u2019aide dans l\u2019acquisition d\u2019un bien immobilier. Ils<\/span><span style=\"font-weight: 400;\"> ont connu l\u2019enseigne via le bouche \u00e0 oreille et ont <\/span><span style=\"font-weight: 400;\">pu b\u00e9n\u00e9ficier d\u2019un accompagnement propos\u00e9 par <\/span><a href=\"https:\/\/pressetaux.fr\/cambrai\/courtier-en-credit-caudry\/\"><span style=\"font-weight: 400;\">Jean-Philippe Journet, courtier PresseTaux \u00e0 Caudry<\/span><\/a><span style=\"font-weight: 400;\"> (59).<\/span><\/p>\n<p><!--more--><\/p>\n<p><b>En quelques mots, pouvez-vous nous r\u00e9sumer en quoi a consist\u00e9 votre projet et pourquoi avez-vous eu besoin d&rsquo;un financement ?<\/b><\/p>\n<p><span style=\"font-weight: 400;\">Nous avons sollicit\u00e9 M. Jean-Philippe Journet pour un projet d&rsquo;investissement immobilier pour un rendement locatif \u00e0 Cambrai.<\/span><\/p>\n<p><b>Pour quelles raisons avez-vous fait appel \u00e0 un courtier ?\u00a0<\/b><\/p>\n<p><span style=\"font-weight: 400;\">Nous manquions de temps et d&rsquo;expertise sur le sujet et cherchions le financement le plus int\u00e9ressant pour conserver une rentabilit\u00e9 locative.<\/span><\/p>\n<p><b>Quelles solutions ont \u00e9t\u00e9 trouv\u00e9es par le courtier de PresseTaux pour r\u00e9pondre au mieux \u00e0 vos besoins ?<\/b><\/p>\n<p><span style=\"font-weight: 400;\">M. Jean-Philippe Journet nous a permis de trouver un emprunt immobilier d&rsquo;un montant de 110 000 \u20ac (68 000 \u20ac pour l&rsquo;acquisition du bien et 42 000 \u20ac de travaux) sur 20 ans avec un taux de 1\u00a0%. Il nous a trouv\u00e9 une d\u00e9l\u00e9gation d&rsquo;assurance tr\u00e8s avantageuse pour une mensualit\u00e9 d&rsquo;\u00e0 peine plus de 500 \u20ac alors que notre bien sera propos\u00e9 \u00e0 la location pour 700 \u20ac, une rentabilit\u00e9 imm\u00e9diate de notre bien.<\/span><\/p>\n<p><b>De mani\u00e8re g\u00e9n\u00e9rale, comment \u00e9valuez-vous l&rsquo;accompagnement offert par le courtier de l&rsquo;agence PresseTaux qui vous a accompagn\u00e9e ?\u00a0<\/b><\/p>\n<p><span style=\"font-weight: 400;\">Le bilan est tr\u00e8s simple, M. Jean-Philippe Journet s&rsquo;occupe de tout de la constitution du dossier en passant par la n\u00e9gociation avec les banques. Il nous met en relation avec des interlocuteurs bancaires de confiance. Il nous a accompagn\u00e9 dans la constitution de notre SCI. Disponible et professionnel de l&rsquo;immobilier, il conna\u00eet les astuces pour nous faire gagner du temps et surtout de l&rsquo;argent. Il nous a clairement fait \u00e9conomiser plus que la commission de courtage que nous lui r\u00e9glons qu&rsquo;\u00e0 la signature chez le notaire.<\/span><\/p>\n<p><b>Recommanderiez-vous PresseTaux \u00e0 votre entourage ?<\/b><\/p>\n<p><span style=\"font-weight: 400;\">Evidemment et c&rsquo;est d\u00e9j\u00e0 fait. Nos amis, coll\u00e8gues et la famille ont d\u00e9j\u00e0 rencontr\u00e9 M. Jean-Philippe Journet et ont r\u00e9alis\u00e9 leurs projets gr\u00e2ce \u00e0 son accompagnement. M. Jean-Philippe Journet, c&rsquo;est la fiabilit\u00e9, la discr\u00e9tion car il sait tout de nous mais n&rsquo;en parle pas \u00e0 notre entourage, l&rsquo;inverse est aussi vrai. <\/span><\/p>\n","protected":false},"excerpt":{"rendered":"<p>M. et Mme Florian M. ont eu recours aux services de Jean-Philippe Journet, courtier de chez PresseTaux \u00e0 Caudry, dans le cadre de l&rsquo;acquisition d&rsquo;un investissement locatif. T\u00e9moignage d\u2019un particulier. M. et Mme Florian M. ont sollicit\u00e9 les services d\u2019un courtier de PresseTaux afin d\u2019obtenir de l\u2019aide dans l\u2019acquisition d\u2019un bien immobilier. Ils ont connu l\u2019enseigne via le bouche \u00e0 oreille et ont pu b\u00e9n\u00e9ficier d\u2019un accompagnement propos\u00e9 par Jean-Philippe Journet, courtier PresseTaux \u00e0 Caudry (59).<\/p>\n","protected":false},"author":8,"featured_media":0,"comment_status":"closed","ping_status":"open","sticky":false,"template":"","format":"standard","meta":{"_genesis_hide_title":false,"_genesis_hide_breadcrumbs":false,"_genesis_hide_singular_image":false,"_genesis_hide_footer_widgets":false,"_genesis_custom_body_class":"","_genesis_custom_post_class":"","_genesis_layout":""},"categories":[6],"tags":[],"yoast_head":"<!-- This site is optimized with the Yoast SEO plugin v17.8 - https:\/\/yoast.com\/wordpress\/plugins\/seo\/ -->\n<title>\u201c Fiabilit\u00e9 et discr\u00e9tion caract\u00e9risent M. Journet Jean-Philippe\u00a0! \u201d - PresseTaux Cambrai<\/title>\n<meta name=\"robots\" content=\"index, follow, max-snippet:-1, max-image-preview:large, max-video-preview:-1\" \/>\n<link rel=\"canonical\" href=\"https:\/\/pressetaux.fr\/cambrai\/fiabilite-et-discretion-caracterisent-m-journet-jean-philippe\/\" \/>\n<meta property=\"og:locale\" content=\"fr_FR\" \/>\n<meta property=\"og:type\" content=\"article\" \/>\n<meta property=\"og:title\" content=\"\u201c Fiabilit\u00e9 et discr\u00e9tion caract\u00e9risent M. Journet Jean-Philippe\u00a0! \u201d - PresseTaux Cambrai\" \/>\n<meta property=\"og:description\" content=\"M. et Mme Florian M. ont eu recours aux services de Jean-Philippe Journet, courtier de chez PresseTaux \u00e0 Caudry, dans le cadre de l&rsquo;acquisition d&rsquo;un investissement locatif. T\u00e9moignage d\u2019un particulier. M. et Mme Florian M. ont sollicit\u00e9 les services d\u2019un courtier de PresseTaux afin d\u2019obtenir de l\u2019aide dans l\u2019acquisition d\u2019un bien immobilier. Ils ont connu l\u2019enseigne via le bouche \u00e0 oreille et ont pu b\u00e9n\u00e9ficier d\u2019un accompagnement propos\u00e9 par Jean-Philippe Journet, courtier PresseTaux \u00e0 Caudry (59).\" \/>\n<meta property=\"og:url\" content=\"https:\/\/pressetaux.fr\/cambrai\/fiabilite-et-discretion-caracterisent-m-journet-jean-philippe\/\" \/>\n<meta property=\"og:site_name\" content=\"PresseTaux Cambrai\" \/>\n<meta property=\"article:publisher\" content=\"https:\/\/www.facebook.com\/pressetauxcambrai?locale=fr_FR\" \/>\n<meta property=\"article:published_time\" content=\"2021-07-13T07:46:56+00:00\" \/>\n<meta property=\"og:image\" content=\"https:\/\/pressetaux.fr\/wp-content\/uploads\/2013\/04\/achat21-150x150.jpg\" \/>\n<meta name=\"twitter:label1\" content=\"\u00c9crit par\" \/>\n\t<meta name=\"twitter:data1\" content=\"Aur\u00e9lie PresseTaux\" \/>\n\t<meta name=\"twitter:label2\" content=\"Dur\u00e9e de lecture estim\u00e9e\" \/>\n\t<meta name=\"twitter:data2\" content=\"2 minutes\" \/>\n<script type=\"application\/ld+json\" class=\"yoast-schema-graph\">{\"@context\":\"https:\/\/schema.org\",\"@graph\":[{\"@type\":\"Organization\",\"@id\":\"https:\/\/pressetaux.fr\/cambrai\/#organization\",\"name\":\"PresseTaux Cambrai\",\"url\":\"https:\/\/pressetaux.fr\/cambrai\/\",\"sameAs\":[\"https:\/\/www.facebook.com\/pressetauxcambrai?locale=fr_FR\"],\"logo\":{\"@type\":\"ImageObject\",\"@id\":\"https:\/\/pressetaux.fr\/cambrai\/#logo\",\"inLanguage\":\"fr-FR\",\"url\":\"https:\/\/pressetaux.fr\/cambrai\/wp-content\/uploads\/sites\/3\/2020\/11\/LogoPressetaux.png\",\"contentUrl\":\"https:\/\/pressetaux.fr\/cambrai\/wp-content\/uploads\/sites\/3\/2020\/11\/LogoPressetaux.png\",\"width\":488,\"height\":278,\"caption\":\"PresseTaux Cambrai\"},\"image\":{\"@id\":\"https:\/\/pressetaux.fr\/cambrai\/#logo\"}},{\"@type\":\"WebSite\",\"@id\":\"https:\/\/pressetaux.fr\/cambrai\/#website\",\"url\":\"https:\/\/pressetaux.fr\/cambrai\/\",\"name\":\"PresseTaux Cambrai\",\"description\":\"COURTIER EN CREDIT\",\"publisher\":{\"@id\":\"https:\/\/pressetaux.fr\/cambrai\/#organization\"},\"potentialAction\":[{\"@type\":\"SearchAction\",\"target\":{\"@type\":\"EntryPoint\",\"urlTemplate\":\"https:\/\/pressetaux.fr\/cambrai\/?s={search_term_string}\"},\"query-input\":\"required name=search_term_string\"}],\"inLanguage\":\"fr-FR\"},{\"@type\":\"ImageObject\",\"@id\":\"https:\/\/pressetaux.fr\/cambrai\/fiabilite-et-discretion-caracterisent-m-journet-jean-philippe\/#primaryimage\",\"inLanguage\":\"fr-FR\",\"url\":\"https:\/\/pressetaux.fr\/wp-content\/uploads\/2013\/04\/achat21-150x150.jpg\",\"contentUrl\":\"https:\/\/pressetaux.fr\/wp-content\/uploads\/2013\/04\/achat21-150x150.jpg\"},{\"@type\":\"WebPage\",\"@id\":\"https:\/\/pressetaux.fr\/cambrai\/fiabilite-et-discretion-caracterisent-m-journet-jean-philippe\/#webpage\",\"url\":\"https:\/\/pressetaux.fr\/cambrai\/fiabilite-et-discretion-caracterisent-m-journet-jean-philippe\/\",\"name\":\"\\u201c Fiabilit\\u00e9 et discr\\u00e9tion caract\\u00e9risent M. Journet Jean-Philippe\\u00a0! \\u201d - PresseTaux Cambrai\",\"isPartOf\":{\"@id\":\"https:\/\/pressetaux.fr\/cambrai\/#website\"},\"primaryImageOfPage\":{\"@id\":\"https:\/\/pressetaux.fr\/cambrai\/fiabilite-et-discretion-caracterisent-m-journet-jean-philippe\/#primaryimage\"},\"datePublished\":\"2021-07-13T07:46:56+00:00\",\"dateModified\":\"2021-07-13T07:46:56+00:00\",\"breadcrumb\":{\"@id\":\"https:\/\/pressetaux.fr\/cambrai\/fiabilite-et-discretion-caracterisent-m-journet-jean-philippe\/#breadcrumb\"},\"inLanguage\":\"fr-FR\",\"potentialAction\":[{\"@type\":\"ReadAction\",\"target\":[\"https:\/\/pressetaux.fr\/cambrai\/fiabilite-et-discretion-caracterisent-m-journet-jean-philippe\/\"]}]},{\"@type\":\"BreadcrumbList\",\"@id\":\"https:\/\/pressetaux.fr\/cambrai\/fiabilite-et-discretion-caracterisent-m-journet-jean-philippe\/#breadcrumb\",\"itemListElement\":[{\"@type\":\"ListItem\",\"position\":1,\"name\":\"\\u201c Fiabilit\\u00e9 et discr\\u00e9tion caract\\u00e9risent M. Journet Jean-Philippe\\u00a0! \\u201d\"}]},{\"@type\":\"Article\",\"@id\":\"https:\/\/pressetaux.fr\/cambrai\/fiabilite-et-discretion-caracterisent-m-journet-jean-philippe\/#article\",\"isPartOf\":{\"@id\":\"https:\/\/pressetaux.fr\/cambrai\/fiabilite-et-discretion-caracterisent-m-journet-jean-philippe\/#webpage\"},\"author\":{\"@id\":\"https:\/\/pressetaux.fr\/cambrai\/#\/schema\/person\/4cd76b055d972c5d26a31a6868ce10e9\"},\"headline\":\"\\u201c Fiabilit\\u00e9 et discr\\u00e9tion caract\\u00e9risent M. Journet Jean-Philippe\\u00a0! \\u201d\",\"datePublished\":\"2021-07-13T07:46:56+00:00\",\"dateModified\":\"2021-07-13T07:46:56+00:00\",\"mainEntityOfPage\":{\"@id\":\"https:\/\/pressetaux.fr\/cambrai\/fiabilite-et-discretion-caracterisent-m-journet-jean-philippe\/#webpage\"},\"wordCount\":408,\"publisher\":{\"@id\":\"https:\/\/pressetaux.fr\/cambrai\/#organization\"},\"image\":{\"@id\":\"https:\/\/pressetaux.fr\/cambrai\/fiabilite-et-discretion-caracterisent-m-journet-jean-philippe\/#primaryimage\"},\"thumbnailUrl\":\"https:\/\/pressetaux.fr\/wp-content\/uploads\/2013\/04\/achat21-150x150.jpg\",\"articleSection\":[\"temoignagesblog\"],\"inLanguage\":\"fr-FR\"},{\"@type\":\"Person\",\"@id\":\"https:\/\/pressetaux.fr\/cambrai\/#\/schema\/person\/4cd76b055d972c5d26a31a6868ce10e9\",\"name\":\"Aur\\u00e9lie PresseTaux\",\"image\":{\"@type\":\"ImageObject\",\"@id\":\"https:\/\/pressetaux.fr\/cambrai\/#personlogo\",\"inLanguage\":\"fr-FR\",\"url\":\"https:\/\/secure.gravatar.com\/avatar\/3c12b07ea1ddcb99edf500aed7c9791c?s=96&d=mm&r=g\",\"contentUrl\":\"https:\/\/secure.gravatar.com\/avatar\/3c12b07ea1ddcb99edf500aed7c9791c?s=96&d=mm&r=g\",\"caption\":\"Aur\\u00e9lie PresseTaux\"},\"url\":\"https:\/\/pressetaux.fr\/cambrai\/author\/aurelie-merlin\/\"}]}<\/script>\n<!-- \/ Yoast SEO plugin. -->","yoast_head_json":{"title":"\u201c Fiabilit\u00e9 et discr\u00e9tion caract\u00e9risent M. Journet Jean-Philippe\u00a0! \u201d - PresseTaux Cambrai","robots":{"index":"index","follow":"follow","max-snippet":"max-snippet:-1","max-image-preview":"max-image-preview:large","max-video-preview":"max-video-preview:-1"},"canonical":"https:\/\/pressetaux.fr\/cambrai\/fiabilite-et-discretion-caracterisent-m-journet-jean-philippe\/","og_locale":"fr_FR","og_type":"article","og_title":"\u201c Fiabilit\u00e9 et discr\u00e9tion caract\u00e9risent M. Journet Jean-Philippe\u00a0! \u201d - PresseTaux Cambrai","og_description":"M. et Mme Florian M. ont eu recours aux services de Jean-Philippe Journet, courtier de chez PresseTaux \u00e0 Caudry, dans le cadre de l&rsquo;acquisition d&rsquo;un investissement locatif. T\u00e9moignage d\u2019un particulier. M. et Mme Florian M. ont sollicit\u00e9 les services d\u2019un courtier de PresseTaux afin d\u2019obtenir de l\u2019aide dans l\u2019acquisition d\u2019un bien immobilier. Ils ont connu l\u2019enseigne via le bouche \u00e0 oreille et ont pu b\u00e9n\u00e9ficier d\u2019un accompagnement propos\u00e9 par Jean-Philippe Journet, courtier PresseTaux \u00e0 Caudry (59).","og_url":"https:\/\/pressetaux.fr\/cambrai\/fiabilite-et-discretion-caracterisent-m-journet-jean-philippe\/","og_site_name":"PresseTaux Cambrai","article_publisher":"https:\/\/www.facebook.com\/pressetauxcambrai?locale=fr_FR","article_published_time":"2021-07-13T07:46:56+00:00","og_image":[{"url":"https:\/\/pressetaux.fr\/wp-content\/uploads\/2013\/04\/achat21-150x150.jpg"}],"twitter_misc":{"\u00c9crit par":"Aur\u00e9lie PresseTaux","Dur\u00e9e de lecture estim\u00e9e":"2 minutes"},"schema":{"@context":"https:\/\/schema.org","@graph":[{"@type":"Organization","@id":"https:\/\/pressetaux.fr\/cambrai\/#organization","name":"PresseTaux Cambrai","url":"https:\/\/pressetaux.fr\/cambrai\/","sameAs":["https:\/\/www.facebook.com\/pressetauxcambrai?locale=fr_FR"],"logo":{"@type":"ImageObject","@id":"https:\/\/pressetaux.fr\/cambrai\/#logo","inLanguage":"fr-FR","url":"https:\/\/pressetaux.fr\/cambrai\/wp-content\/uploads\/sites\/3\/2020\/11\/LogoPressetaux.png","contentUrl":"https:\/\/pressetaux.fr\/cambrai\/wp-content\/uploads\/sites\/3\/2020\/11\/LogoPressetaux.png","width":488,"height":278,"caption":"PresseTaux Cambrai"},"image":{"@id":"https:\/\/pressetaux.fr\/cambrai\/#logo"}},{"@type":"WebSite","@id":"https:\/\/pressetaux.fr\/cambrai\/#website","url":"https:\/\/pressetaux.fr\/cambrai\/","name":"PresseTaux Cambrai","description":"COURTIER EN CREDIT","publisher":{"@id":"https:\/\/pressetaux.fr\/cambrai\/#organization"},"potentialAction":[{"@type":"SearchAction","target":{"@type":"EntryPoint","urlTemplate":"https:\/\/pressetaux.fr\/cambrai\/?s={search_term_string}"},"query-input":"required name=search_term_string"}],"inLanguage":"fr-FR"},{"@type":"ImageObject","@id":"https:\/\/pressetaux.fr\/cambrai\/fiabilite-et-discretion-caracterisent-m-journet-jean-philippe\/#primaryimage","inLanguage":"fr-FR","url":"https:\/\/pressetaux.fr\/wp-content\/uploads\/2013\/04\/achat21-150x150.jpg","contentUrl":"https:\/\/pressetaux.fr\/wp-content\/uploads\/2013\/04\/achat21-150x150.jpg"},{"@type":"WebPage","@id":"https:\/\/pressetaux.fr\/cambrai\/fiabilite-et-discretion-caracterisent-m-journet-jean-philippe\/#webpage","url":"https:\/\/pressetaux.fr\/cambrai\/fiabilite-et-discretion-caracterisent-m-journet-jean-philippe\/","name":"\u201c Fiabilit\u00e9 et discr\u00e9tion caract\u00e9risent M. Journet Jean-Philippe\u00a0! \u201d - PresseTaux Cambrai","isPartOf":{"@id":"https:\/\/pressetaux.fr\/cambrai\/#website"},"primaryImageOfPage":{"@id":"https:\/\/pressetaux.fr\/cambrai\/fiabilite-et-discretion-caracterisent-m-journet-jean-philippe\/#primaryimage"},"datePublished":"2021-07-13T07:46:56+00:00","dateModified":"2021-07-13T07:46:56+00:00","breadcrumb":{"@id":"https:\/\/pressetaux.fr\/cambrai\/fiabilite-et-discretion-caracterisent-m-journet-jean-philippe\/#breadcrumb"},"inLanguage":"fr-FR","potentialAction":[{"@type":"ReadAction","target":["https:\/\/pressetaux.fr\/cambrai\/fiabilite-et-discretion-caracterisent-m-journet-jean-philippe\/"]}]},{"@type":"BreadcrumbList","@id":"https:\/\/pressetaux.fr\/cambrai\/fiabilite-et-discretion-caracterisent-m-journet-jean-philippe\/#breadcrumb","itemListElement":[{"@type":"ListItem","position":1,"name":"\u201c Fiabilit\u00e9 et discr\u00e9tion caract\u00e9risent M. Journet Jean-Philippe\u00a0! \u201d"}]},{"@type":"Article","@id":"https:\/\/pressetaux.fr\/cambrai\/fiabilite-et-discretion-caracterisent-m-journet-jean-philippe\/#article","isPartOf":{"@id":"https:\/\/pressetaux.fr\/cambrai\/fiabilite-et-discretion-caracterisent-m-journet-jean-philippe\/#webpage"},"author":{"@id":"https:\/\/pressetaux.fr\/cambrai\/#\/schema\/person\/4cd76b055d972c5d26a31a6868ce10e9"},"headline":"\u201c Fiabilit\u00e9 et discr\u00e9tion caract\u00e9risent M. Journet Jean-Philippe\u00a0! \u201d","datePublished":"2021-07-13T07:46:56+00:00","dateModified":"2021-07-13T07:46:56+00:00","mainEntityOfPage":{"@id":"https:\/\/pressetaux.fr\/cambrai\/fiabilite-et-discretion-caracterisent-m-journet-jean-philippe\/#webpage"},"wordCount":408,"publisher":{"@id":"https:\/\/pressetaux.fr\/cambrai\/#organization"},"image":{"@id":"https:\/\/pressetaux.fr\/cambrai\/fiabilite-et-discretion-caracterisent-m-journet-jean-philippe\/#primaryimage"},"thumbnailUrl":"https:\/\/pressetaux.fr\/wp-content\/uploads\/2013\/04\/achat21-150x150.jpg","articleSection":["temoignagesblog"],"inLanguage":"fr-FR"},{"@type":"Person","@id":"https:\/\/pressetaux.fr\/cambrai\/#\/schema\/person\/4cd76b055d972c5d26a31a6868ce10e9","name":"Aur\u00e9lie PresseTaux","image":{"@type":"ImageObject","@id":"https:\/\/pressetaux.fr\/cambrai\/#personlogo","inLanguage":"fr-FR","url":"https:\/\/secure.gravatar.com\/avatar\/3c12b07ea1ddcb99edf500aed7c9791c?s=96&d=mm&r=g","contentUrl":"https:\/\/secure.gravatar.com\/avatar\/3c12b07ea1ddcb99edf500aed7c9791c?s=96&d=mm&r=g","caption":"Aur\u00e9lie PresseTaux"},"url":"https:\/\/pressetaux.fr\/cambrai\/author\/aurelie-merlin\/"}]}},"_links":{"self":[{"href":"https:\/\/pressetaux.fr\/cambrai\/wp-json\/wp\/v2\/posts\/2312"}],"collection":[{"href":"https:\/\/pressetaux.fr\/cambrai\/wp-json\/wp\/v2\/posts"}],"about":[{"href":"https:\/\/pressetaux.fr\/cambrai\/wp-json\/wp\/v2\/types\/post"}],"author":[{"embeddable":true,"href":"https:\/\/pressetaux.fr\/cambrai\/wp-json\/wp\/v2\/users\/8"}],"replies":[{"embeddable":true,"href":"https:\/\/pressetaux.fr\/cambrai\/wp-json\/wp\/v2\/comments?post=2312"}],"version-history":[{"count":0,"href":"https:\/\/pressetaux.fr\/cambrai\/wp-json\/wp\/v2\/posts\/2312\/revisions"}],"wp:attachment":[{"href":"https:\/\/pressetaux.fr\/cambrai\/wp-json\/wp\/v2\/media?parent=2312"}],"wp:term":[{"taxonomy":"category","embeddable":true,"href":"https:\/\/pressetaux.fr\/cambrai\/wp-json\/wp\/v2\/categories?post=2312"},{"taxonomy":"post_tag","embeddable":true,"href":"https:\/\/pressetaux.fr\/cambrai\/wp-json\/wp\/v2\/tags?post=2312"}],"curies":[{"name":"wp","href":"https:\/\/api.w.org\/{rel}","templated":true}]}}