{"id":2353,"date":"2021-12-28T09:00:35","date_gmt":"2021-12-28T08:00:35","guid":{"rendered":"https:\/\/pressetaux.fr\/cambrai\/?p=2353"},"modified":"2021-11-29T15:19:21","modified_gmt":"2021-11-29T14:19:21","slug":"nous-avons-eut-un-tres-bon-contact-avec-m-jean-philippe-journet","status":"publish","type":"post","link":"https:\/\/pressetaux.fr\/cambrai\/nous-avons-eut-un-tres-bon-contact-avec-m-jean-philippe-journet\/","title":{"rendered":"\u201c Nous avons eut un tr\u00e8s bon contact avec M. Jean-Philippe Journet. \u201d"},"content":{"rendered":"<p><b><img loading=\"lazy\" class=\"alignright wp-image-286 size-thumbnail\" src=\"https:\/\/pressetaux.fr\/wp-content\/uploads\/2013\/05\/famille1-150x150.png\" alt=\"\" width=\"150\" height=\"150\" \/>M. et Mme Franck D. ont eu recours aux services de Jean-Philippe Journet, courtier de chez PresseTaux \u00e0 Caudry, dans le cadre de l&rsquo;acquisition d&rsquo;une r\u00e9sidence principale. T\u00e9moignage d\u2019un particulier.<\/b><\/p>\n<p><span style=\"font-weight: 400;\">M. et Mme Franck D. ont sollicit\u00e9 les services d\u2019un courtier de PresseTaux afin d\u2019obtenir de l\u2019aide dans l\u2019acquisition d\u2019un bien immobilier. Ils <span style=\"font-weight: 400;\"> ont connu l\u2019enseigne via une agence immobili\u00e8re et ont <\/span><span style=\"font-weight: 400;\">pu b\u00e9n\u00e9ficier d\u2019un accompagnement propos\u00e9 par <\/span><a href=\"https:\/\/pressetaux.fr\/cambrai\/courtier-en-credit-caudry\/\"><span style=\"font-weight: 400;\">Jean-Philippe Journet, courtier PresseTaux \u00e0 Caudry<\/span><\/a><span style=\"font-weight: 400;\"> (59).<\/span><\/span><\/p>\n<p><!--more--><\/p>\n<p><b>En quelques mots, pouvez-vous nous r\u00e9sumer en quoi a consist\u00e9 votre projet et pourquoi avez-vous eu besoin d&rsquo;un financement ?<\/b><\/p>\n<p><span style=\"font-weight: 400;\">Nous avions besoin d&rsquo;un financement pour l&rsquo;achat d&rsquo;une maison.<\/span><\/p>\n<p><b>Pour quelles raisons avez-vous fait appel \u00e0 un courtier ?\u00a0<\/b><\/p>\n<p><span style=\"font-weight: 400;\">Nous avons fait appel \u00e0 un courtier par rapport \u00e0 notre taux d&rsquo;endettement et afin d&rsquo;obtenir un pr\u00eat qui nous convienne.<\/span><\/p>\n<p><b>Quelles solutions ont \u00e9t\u00e9 trouv\u00e9es par le courtier de PresseTaux pour r\u00e9pondre au mieux \u00e0 vos besoins ?<\/b><\/p>\n<p><span style=\"font-weight: 400;\">M. Jean-Philippe Journet nous a trouv\u00e9 un financement dans une nouvelle banque, qui ne demandait pas d&rsquo;apport.<\/span><\/p>\n<p><b>De mani\u00e8re g\u00e9n\u00e9rale, comment \u00e9valuez-vous l&rsquo;accompagnement offert par le courtier de l&rsquo;agence PresseTaux qui vous a accompagn\u00e9e ?\u00a0<\/b><\/p>\n<p><span style=\"font-weight: 400;\">Tr\u00e8s bon contact et rapide.<\/span><\/p>\n","protected":false},"excerpt":{"rendered":"<p>M. et Mme Franck D. ont eu recours aux services de Jean-Philippe Journet, courtier de chez PresseTaux \u00e0 Caudry, dans le cadre de l&rsquo;acquisition d&rsquo;une r\u00e9sidence principale. T\u00e9moignage d\u2019un particulier. M. et Mme Franck D. ont sollicit\u00e9 les services d\u2019un courtier de PresseTaux afin d\u2019obtenir de l\u2019aide dans l\u2019acquisition d\u2019un bien immobilier. Ils ont connu l\u2019enseigne via une agence immobili\u00e8re et ont pu b\u00e9n\u00e9ficier d\u2019un accompagnement propos\u00e9 par Jean-Philippe Journet, courtier PresseTaux \u00e0 Caudry (59).<\/p>\n","protected":false},"author":8,"featured_media":0,"comment_status":"closed","ping_status":"open","sticky":false,"template":"","format":"standard","meta":{"_genesis_hide_title":false,"_genesis_hide_breadcrumbs":false,"_genesis_hide_singular_image":false,"_genesis_hide_footer_widgets":false,"_genesis_custom_body_class":"","_genesis_custom_post_class":"","_genesis_layout":""},"categories":[6],"tags":[],"yoast_head":"<!-- This site is optimized with the Yoast SEO plugin v17.8 - https:\/\/yoast.com\/wordpress\/plugins\/seo\/ -->\n<title>\u201c Nous avons eut un tr\u00e8s bon contact avec M. Jean-Philippe Journet. \u201d - PresseTaux Cambrai<\/title>\n<meta name=\"robots\" content=\"index, follow, max-snippet:-1, max-image-preview:large, max-video-preview:-1\" \/>\n<link rel=\"canonical\" href=\"https:\/\/pressetaux.fr\/cambrai\/nous-avons-eut-un-tres-bon-contact-avec-m-jean-philippe-journet\/\" \/>\n<meta property=\"og:locale\" content=\"fr_FR\" \/>\n<meta property=\"og:type\" content=\"article\" \/>\n<meta property=\"og:title\" content=\"\u201c Nous avons eut un tr\u00e8s bon contact avec M. Jean-Philippe Journet. \u201d - PresseTaux Cambrai\" \/>\n<meta property=\"og:description\" content=\"M. et Mme Franck D. ont eu recours aux services de Jean-Philippe Journet, courtier de chez PresseTaux \u00e0 Caudry, dans le cadre de l&rsquo;acquisition d&rsquo;une r\u00e9sidence principale. T\u00e9moignage d\u2019un particulier. M. et Mme Franck D. ont sollicit\u00e9 les services d\u2019un courtier de PresseTaux afin d\u2019obtenir de l\u2019aide dans l\u2019acquisition d\u2019un bien immobilier. Ils ont connu l\u2019enseigne via une agence immobili\u00e8re et ont pu b\u00e9n\u00e9ficier d\u2019un accompagnement propos\u00e9 par Jean-Philippe Journet, courtier PresseTaux \u00e0 Caudry (59).\" \/>\n<meta property=\"og:url\" content=\"https:\/\/pressetaux.fr\/cambrai\/nous-avons-eut-un-tres-bon-contact-avec-m-jean-philippe-journet\/\" \/>\n<meta property=\"og:site_name\" content=\"PresseTaux Cambrai\" \/>\n<meta property=\"article:publisher\" content=\"https:\/\/www.facebook.com\/pressetauxcambrai?locale=fr_FR\" \/>\n<meta property=\"article:published_time\" content=\"2021-12-28T08:00:35+00:00\" \/>\n<meta property=\"article:modified_time\" content=\"2021-11-29T14:19:21+00:00\" \/>\n<meta property=\"og:image\" content=\"https:\/\/pressetaux.fr\/wp-content\/uploads\/2013\/05\/famille1-150x150.png\" \/>\n<meta name=\"twitter:label1\" content=\"\u00c9crit par\" \/>\n\t<meta name=\"twitter:data1\" content=\"Aur\u00e9lie PresseTaux\" \/>\n\t<meta name=\"twitter:label2\" content=\"Dur\u00e9e de lecture estim\u00e9e\" \/>\n\t<meta name=\"twitter:data2\" content=\"1 minute\" \/>\n<script type=\"application\/ld+json\" class=\"yoast-schema-graph\">{\"@context\":\"https:\/\/schema.org\",\"@graph\":[{\"@type\":\"Organization\",\"@id\":\"https:\/\/pressetaux.fr\/cambrai\/#organization\",\"name\":\"PresseTaux Cambrai\",\"url\":\"https:\/\/pressetaux.fr\/cambrai\/\",\"sameAs\":[\"https:\/\/www.facebook.com\/pressetauxcambrai?locale=fr_FR\"],\"logo\":{\"@type\":\"ImageObject\",\"@id\":\"https:\/\/pressetaux.fr\/cambrai\/#logo\",\"inLanguage\":\"fr-FR\",\"url\":\"https:\/\/pressetaux.fr\/cambrai\/wp-content\/uploads\/sites\/3\/2020\/11\/LogoPressetaux.png\",\"contentUrl\":\"https:\/\/pressetaux.fr\/cambrai\/wp-content\/uploads\/sites\/3\/2020\/11\/LogoPressetaux.png\",\"width\":488,\"height\":278,\"caption\":\"PresseTaux Cambrai\"},\"image\":{\"@id\":\"https:\/\/pressetaux.fr\/cambrai\/#logo\"}},{\"@type\":\"WebSite\",\"@id\":\"https:\/\/pressetaux.fr\/cambrai\/#website\",\"url\":\"https:\/\/pressetaux.fr\/cambrai\/\",\"name\":\"PresseTaux Cambrai\",\"description\":\"COURTIER EN CREDIT\",\"publisher\":{\"@id\":\"https:\/\/pressetaux.fr\/cambrai\/#organization\"},\"potentialAction\":[{\"@type\":\"SearchAction\",\"target\":{\"@type\":\"EntryPoint\",\"urlTemplate\":\"https:\/\/pressetaux.fr\/cambrai\/?s={search_term_string}\"},\"query-input\":\"required name=search_term_string\"}],\"inLanguage\":\"fr-FR\"},{\"@type\":\"ImageObject\",\"@id\":\"https:\/\/pressetaux.fr\/cambrai\/nous-avons-eut-un-tres-bon-contact-avec-m-jean-philippe-journet\/#primaryimage\",\"inLanguage\":\"fr-FR\",\"url\":\"https:\/\/pressetaux.fr\/wp-content\/uploads\/2013\/05\/famille1-150x150.png\",\"contentUrl\":\"https:\/\/pressetaux.fr\/wp-content\/uploads\/2013\/05\/famille1-150x150.png\"},{\"@type\":\"WebPage\",\"@id\":\"https:\/\/pressetaux.fr\/cambrai\/nous-avons-eut-un-tres-bon-contact-avec-m-jean-philippe-journet\/#webpage\",\"url\":\"https:\/\/pressetaux.fr\/cambrai\/nous-avons-eut-un-tres-bon-contact-avec-m-jean-philippe-journet\/\",\"name\":\"\\u201c Nous avons eut un tr\\u00e8s bon contact avec M. Jean-Philippe Journet. \\u201d - PresseTaux Cambrai\",\"isPartOf\":{\"@id\":\"https:\/\/pressetaux.fr\/cambrai\/#website\"},\"primaryImageOfPage\":{\"@id\":\"https:\/\/pressetaux.fr\/cambrai\/nous-avons-eut-un-tres-bon-contact-avec-m-jean-philippe-journet\/#primaryimage\"},\"datePublished\":\"2021-12-28T08:00:35+00:00\",\"dateModified\":\"2021-11-29T14:19:21+00:00\",\"breadcrumb\":{\"@id\":\"https:\/\/pressetaux.fr\/cambrai\/nous-avons-eut-un-tres-bon-contact-avec-m-jean-philippe-journet\/#breadcrumb\"},\"inLanguage\":\"fr-FR\",\"potentialAction\":[{\"@type\":\"ReadAction\",\"target\":[\"https:\/\/pressetaux.fr\/cambrai\/nous-avons-eut-un-tres-bon-contact-avec-m-jean-philippe-journet\/\"]}]},{\"@type\":\"BreadcrumbList\",\"@id\":\"https:\/\/pressetaux.fr\/cambrai\/nous-avons-eut-un-tres-bon-contact-avec-m-jean-philippe-journet\/#breadcrumb\",\"itemListElement\":[{\"@type\":\"ListItem\",\"position\":1,\"name\":\"\\u201c Nous avons eut un tr\\u00e8s bon contact avec M. Jean-Philippe Journet. \\u201d\"}]},{\"@type\":\"Article\",\"@id\":\"https:\/\/pressetaux.fr\/cambrai\/nous-avons-eut-un-tres-bon-contact-avec-m-jean-philippe-journet\/#article\",\"isPartOf\":{\"@id\":\"https:\/\/pressetaux.fr\/cambrai\/nous-avons-eut-un-tres-bon-contact-avec-m-jean-philippe-journet\/#webpage\"},\"author\":{\"@id\":\"https:\/\/pressetaux.fr\/cambrai\/#\/schema\/person\/4cd76b055d972c5d26a31a6868ce10e9\"},\"headline\":\"\\u201c Nous avons eut un tr\\u00e8s bon contact avec M. Jean-Philippe Journet. \\u201d\",\"datePublished\":\"2021-12-28T08:00:35+00:00\",\"dateModified\":\"2021-11-29T14:19:21+00:00\",\"mainEntityOfPage\":{\"@id\":\"https:\/\/pressetaux.fr\/cambrai\/nous-avons-eut-un-tres-bon-contact-avec-m-jean-philippe-journet\/#webpage\"},\"wordCount\":216,\"publisher\":{\"@id\":\"https:\/\/pressetaux.fr\/cambrai\/#organization\"},\"image\":{\"@id\":\"https:\/\/pressetaux.fr\/cambrai\/nous-avons-eut-un-tres-bon-contact-avec-m-jean-philippe-journet\/#primaryimage\"},\"thumbnailUrl\":\"https:\/\/pressetaux.fr\/wp-content\/uploads\/2013\/05\/famille1-150x150.png\",\"articleSection\":[\"temoignagesblog\"],\"inLanguage\":\"fr-FR\"},{\"@type\":\"Person\",\"@id\":\"https:\/\/pressetaux.fr\/cambrai\/#\/schema\/person\/4cd76b055d972c5d26a31a6868ce10e9\",\"name\":\"Aur\\u00e9lie PresseTaux\",\"image\":{\"@type\":\"ImageObject\",\"@id\":\"https:\/\/pressetaux.fr\/cambrai\/#personlogo\",\"inLanguage\":\"fr-FR\",\"url\":\"https:\/\/secure.gravatar.com\/avatar\/3c12b07ea1ddcb99edf500aed7c9791c?s=96&d=mm&r=g\",\"contentUrl\":\"https:\/\/secure.gravatar.com\/avatar\/3c12b07ea1ddcb99edf500aed7c9791c?s=96&d=mm&r=g\",\"caption\":\"Aur\\u00e9lie PresseTaux\"},\"url\":\"https:\/\/pressetaux.fr\/cambrai\/author\/aurelie-merlin\/\"}]}<\/script>\n<!-- \/ Yoast SEO plugin. -->","yoast_head_json":{"title":"\u201c Nous avons eut un tr\u00e8s bon contact avec M. Jean-Philippe Journet. \u201d - PresseTaux Cambrai","robots":{"index":"index","follow":"follow","max-snippet":"max-snippet:-1","max-image-preview":"max-image-preview:large","max-video-preview":"max-video-preview:-1"},"canonical":"https:\/\/pressetaux.fr\/cambrai\/nous-avons-eut-un-tres-bon-contact-avec-m-jean-philippe-journet\/","og_locale":"fr_FR","og_type":"article","og_title":"\u201c Nous avons eut un tr\u00e8s bon contact avec M. Jean-Philippe Journet. \u201d - PresseTaux Cambrai","og_description":"M. et Mme Franck D. ont eu recours aux services de Jean-Philippe Journet, courtier de chez PresseTaux \u00e0 Caudry, dans le cadre de l&rsquo;acquisition d&rsquo;une r\u00e9sidence principale. T\u00e9moignage d\u2019un particulier. M. et Mme Franck D. ont sollicit\u00e9 les services d\u2019un courtier de PresseTaux afin d\u2019obtenir de l\u2019aide dans l\u2019acquisition d\u2019un bien immobilier. Ils ont connu l\u2019enseigne via une agence immobili\u00e8re et ont pu b\u00e9n\u00e9ficier d\u2019un accompagnement propos\u00e9 par Jean-Philippe Journet, courtier PresseTaux \u00e0 Caudry (59).","og_url":"https:\/\/pressetaux.fr\/cambrai\/nous-avons-eut-un-tres-bon-contact-avec-m-jean-philippe-journet\/","og_site_name":"PresseTaux Cambrai","article_publisher":"https:\/\/www.facebook.com\/pressetauxcambrai?locale=fr_FR","article_published_time":"2021-12-28T08:00:35+00:00","article_modified_time":"2021-11-29T14:19:21+00:00","og_image":[{"url":"https:\/\/pressetaux.fr\/wp-content\/uploads\/2013\/05\/famille1-150x150.png"}],"twitter_misc":{"\u00c9crit par":"Aur\u00e9lie PresseTaux","Dur\u00e9e de lecture estim\u00e9e":"1 minute"},"schema":{"@context":"https:\/\/schema.org","@graph":[{"@type":"Organization","@id":"https:\/\/pressetaux.fr\/cambrai\/#organization","name":"PresseTaux Cambrai","url":"https:\/\/pressetaux.fr\/cambrai\/","sameAs":["https:\/\/www.facebook.com\/pressetauxcambrai?locale=fr_FR"],"logo":{"@type":"ImageObject","@id":"https:\/\/pressetaux.fr\/cambrai\/#logo","inLanguage":"fr-FR","url":"https:\/\/pressetaux.fr\/cambrai\/wp-content\/uploads\/sites\/3\/2020\/11\/LogoPressetaux.png","contentUrl":"https:\/\/pressetaux.fr\/cambrai\/wp-content\/uploads\/sites\/3\/2020\/11\/LogoPressetaux.png","width":488,"height":278,"caption":"PresseTaux Cambrai"},"image":{"@id":"https:\/\/pressetaux.fr\/cambrai\/#logo"}},{"@type":"WebSite","@id":"https:\/\/pressetaux.fr\/cambrai\/#website","url":"https:\/\/pressetaux.fr\/cambrai\/","name":"PresseTaux Cambrai","description":"COURTIER EN CREDIT","publisher":{"@id":"https:\/\/pressetaux.fr\/cambrai\/#organization"},"potentialAction":[{"@type":"SearchAction","target":{"@type":"EntryPoint","urlTemplate":"https:\/\/pressetaux.fr\/cambrai\/?s={search_term_string}"},"query-input":"required name=search_term_string"}],"inLanguage":"fr-FR"},{"@type":"ImageObject","@id":"https:\/\/pressetaux.fr\/cambrai\/nous-avons-eut-un-tres-bon-contact-avec-m-jean-philippe-journet\/#primaryimage","inLanguage":"fr-FR","url":"https:\/\/pressetaux.fr\/wp-content\/uploads\/2013\/05\/famille1-150x150.png","contentUrl":"https:\/\/pressetaux.fr\/wp-content\/uploads\/2013\/05\/famille1-150x150.png"},{"@type":"WebPage","@id":"https:\/\/pressetaux.fr\/cambrai\/nous-avons-eut-un-tres-bon-contact-avec-m-jean-philippe-journet\/#webpage","url":"https:\/\/pressetaux.fr\/cambrai\/nous-avons-eut-un-tres-bon-contact-avec-m-jean-philippe-journet\/","name":"\u201c Nous avons eut un tr\u00e8s bon contact avec M. Jean-Philippe Journet. \u201d - PresseTaux Cambrai","isPartOf":{"@id":"https:\/\/pressetaux.fr\/cambrai\/#website"},"primaryImageOfPage":{"@id":"https:\/\/pressetaux.fr\/cambrai\/nous-avons-eut-un-tres-bon-contact-avec-m-jean-philippe-journet\/#primaryimage"},"datePublished":"2021-12-28T08:00:35+00:00","dateModified":"2021-11-29T14:19:21+00:00","breadcrumb":{"@id":"https:\/\/pressetaux.fr\/cambrai\/nous-avons-eut-un-tres-bon-contact-avec-m-jean-philippe-journet\/#breadcrumb"},"inLanguage":"fr-FR","potentialAction":[{"@type":"ReadAction","target":["https:\/\/pressetaux.fr\/cambrai\/nous-avons-eut-un-tres-bon-contact-avec-m-jean-philippe-journet\/"]}]},{"@type":"BreadcrumbList","@id":"https:\/\/pressetaux.fr\/cambrai\/nous-avons-eut-un-tres-bon-contact-avec-m-jean-philippe-journet\/#breadcrumb","itemListElement":[{"@type":"ListItem","position":1,"name":"\u201c Nous avons eut un tr\u00e8s bon contact avec M. Jean-Philippe Journet. \u201d"}]},{"@type":"Article","@id":"https:\/\/pressetaux.fr\/cambrai\/nous-avons-eut-un-tres-bon-contact-avec-m-jean-philippe-journet\/#article","isPartOf":{"@id":"https:\/\/pressetaux.fr\/cambrai\/nous-avons-eut-un-tres-bon-contact-avec-m-jean-philippe-journet\/#webpage"},"author":{"@id":"https:\/\/pressetaux.fr\/cambrai\/#\/schema\/person\/4cd76b055d972c5d26a31a6868ce10e9"},"headline":"\u201c Nous avons eut un tr\u00e8s bon contact avec M. Jean-Philippe Journet. \u201d","datePublished":"2021-12-28T08:00:35+00:00","dateModified":"2021-11-29T14:19:21+00:00","mainEntityOfPage":{"@id":"https:\/\/pressetaux.fr\/cambrai\/nous-avons-eut-un-tres-bon-contact-avec-m-jean-philippe-journet\/#webpage"},"wordCount":216,"publisher":{"@id":"https:\/\/pressetaux.fr\/cambrai\/#organization"},"image":{"@id":"https:\/\/pressetaux.fr\/cambrai\/nous-avons-eut-un-tres-bon-contact-avec-m-jean-philippe-journet\/#primaryimage"},"thumbnailUrl":"https:\/\/pressetaux.fr\/wp-content\/uploads\/2013\/05\/famille1-150x150.png","articleSection":["temoignagesblog"],"inLanguage":"fr-FR"},{"@type":"Person","@id":"https:\/\/pressetaux.fr\/cambrai\/#\/schema\/person\/4cd76b055d972c5d26a31a6868ce10e9","name":"Aur\u00e9lie PresseTaux","image":{"@type":"ImageObject","@id":"https:\/\/pressetaux.fr\/cambrai\/#personlogo","inLanguage":"fr-FR","url":"https:\/\/secure.gravatar.com\/avatar\/3c12b07ea1ddcb99edf500aed7c9791c?s=96&d=mm&r=g","contentUrl":"https:\/\/secure.gravatar.com\/avatar\/3c12b07ea1ddcb99edf500aed7c9791c?s=96&d=mm&r=g","caption":"Aur\u00e9lie PresseTaux"},"url":"https:\/\/pressetaux.fr\/cambrai\/author\/aurelie-merlin\/"}]}},"_links":{"self":[{"href":"https:\/\/pressetaux.fr\/cambrai\/wp-json\/wp\/v2\/posts\/2353"}],"collection":[{"href":"https:\/\/pressetaux.fr\/cambrai\/wp-json\/wp\/v2\/posts"}],"about":[{"href":"https:\/\/pressetaux.fr\/cambrai\/wp-json\/wp\/v2\/types\/post"}],"author":[{"embeddable":true,"href":"https:\/\/pressetaux.fr\/cambrai\/wp-json\/wp\/v2\/users\/8"}],"replies":[{"embeddable":true,"href":"https:\/\/pressetaux.fr\/cambrai\/wp-json\/wp\/v2\/comments?post=2353"}],"version-history":[{"count":0,"href":"https:\/\/pressetaux.fr\/cambrai\/wp-json\/wp\/v2\/posts\/2353\/revisions"}],"wp:attachment":[{"href":"https:\/\/pressetaux.fr\/cambrai\/wp-json\/wp\/v2\/media?parent=2353"}],"wp:term":[{"taxonomy":"category","embeddable":true,"href":"https:\/\/pressetaux.fr\/cambrai\/wp-json\/wp\/v2\/categories?post=2353"},{"taxonomy":"post_tag","embeddable":true,"href":"https:\/\/pressetaux.fr\/cambrai\/wp-json\/wp\/v2\/tags?post=2353"}],"curies":[{"name":"wp","href":"https:\/\/api.w.org\/{rel}","templated":true}]}}