{"id":2402,"date":"2022-01-11T09:00:45","date_gmt":"2022-01-11T08:00:45","guid":{"rendered":"https:\/\/pressetaux.fr\/cambrai\/m-johan-carre-a-realise-un-accompagnement-aux-petits-soins\/"},"modified":"2022-01-17T10:46:47","modified_gmt":"2022-01-17T09:46:47","slug":"m-johan-carre-a-realise-un-accompagnement-aux-petits-soins","status":"publish","type":"post","link":"https:\/\/pressetaux.fr\/cambrai\/m-johan-carre-a-realise-un-accompagnement-aux-petits-soins\/","title":{"rendered":"\u201c M. Johan Carr\u00e9 a r\u00e9alis\u00e9 un accompagnement aux petits soins. \u201d"},"content":{"rendered":"<p><b><img loading=\"lazy\" class=\"alignright wp-image-292 size-thumbnail\" src=\"https:\/\/pressetaux.fr\/wp-content\/uploads\/2013\/05\/simulation11-150x150.png\" alt=\"\" width=\"150\" height=\"150\" \/>M. David L. a eu recours aux services de Johan Carr\u00e9, courtier de chez PresseTaux \u00e0 Cambrai, dans le cadre d&rsquo;un achat immobilier. T\u00e9moignage d\u2019un particulier.<\/b><\/p>\n<p><span style=\"font-weight: 400;\">M. David L. a sollicit\u00e9 les services d\u2019un courtier de chez PresseTaux afin d\u2019obtenir de l\u2019aide dans l&rsquo;acquisition d&rsquo;un bien immobilier. Il <\/span><span style=\"font-weight: 400;\"> a connu l\u2019enseigne via le bouche \u00e0 oreille et a <\/span><span style=\"font-weight: 400;\">pu b\u00e9n\u00e9ficier d\u2019un accompagnement propos\u00e9 par <\/span><a href=\"https:\/\/pressetaux.fr\/cambrai\/courtier-cambrai-nord\/\"><span style=\"font-weight: 400;\">Johan Carr\u00e9, courtier PresseTaux \u00e0 Cambrai<\/span><\/a><span style=\"font-weight: 400;\"> (59).<\/span><\/p>\n<p><!--more--><\/p>\n<p><b>En quelques mots, pouvez-vous nous r\u00e9sumer en quoi a consist\u00e9 votre projet et pourquoi avez-vous eu besoin d&rsquo;un financement ?<\/b><\/p>\n<p><span style=\"font-weight: 400;\">Mon projet consistait en l&rsquo;achat d&rsquo;un bien immobilier.<\/span><\/p>\n<p><b>Pour quelles raisons avez-vous fait appel \u00e0 un courtier ?\u00a0<\/b><\/p>\n<p><span style=\"font-weight: 400;\">J&rsquo;avais d\u00e9j\u00e0 fait appel \u00e0 PresseTaux pour un premier achat et cela s&rsquo;est tr\u00e8s bien pass\u00e9. L&rsquo;attrait d&rsquo;avoir le meilleur taux gr\u00e2ce \u00e0 PresseTaux a \u00e9t\u00e9 un argument de point mais aussi et surtout savoir qu&rsquo;on ne part pas \u00e0 l&rsquo;aveugle.<\/span><\/p>\n<p><b>Quelles solutions ont \u00e9t\u00e9 trouv\u00e9es par le courtier de PresseTaux pour r\u00e9pondre au mieux \u00e0 vos besoins ?<\/b><\/p>\n<p><span style=\"font-weight: 400;\">Les solutions pour r\u00e9aliser mon projet ont \u00e9t\u00e9 multiples.<br \/>\nUn tr\u00e8s bon taux pour 296 mois d&#8217;emprunt pour une demande de financement compl\u00e9t\u00e9 de 156 000 \u20ac. Le fait aussi de passer par ma banque actuelle a \u00e9t\u00e9 aussi une tr\u00e8s belle solution apport\u00e9e par M. Johan Carr\u00e9. <\/span><\/p>\n<p><b>De mani\u00e8re g\u00e9n\u00e9rale, comment \u00e9valuez-vous l&rsquo;accompagnement offert par le courtier de l&rsquo;agence PresseTaux qui vous a accompagn\u00e9 ?\u00a0<\/b><\/p>\n<p><span style=\"font-weight: 400;\">Un accompagnement aux petits soins. Clair et pr\u00e9cis sur les diff\u00e9rents \u00e9l\u00e9ments. De la faisabilit\u00e9 du projet \u00e0 la conclusion, \u00e0 la moindre question j&rsquo;avais la r\u00e9ponse le plus rapidement possible.<\/span><\/p>\n<p><b>Recommanderiez-vous PresseTaux \u00e0 votre entourage ?<\/b><\/p>\n<p><span style=\"font-weight: 400;\">Oui, je recommanderai et j&rsquo;ai m\u00eame d\u00e9j\u00e0 recommand\u00e9 \u00e0 un ami, qui est actuellement en cours avec PresseTaux.<\/span><\/p>\n","protected":false},"excerpt":{"rendered":"<p>M. David L. a eu recours aux services de Johan Carr\u00e9, courtier de chez PresseTaux \u00e0 Cambrai, dans le cadre d&rsquo;un achat immobilier. T\u00e9moignage d\u2019un particulier. M. David L. a sollicit\u00e9 les services d\u2019un courtier de chez PresseTaux afin d\u2019obtenir de l\u2019aide dans l&rsquo;acquisition d&rsquo;un bien immobilier. Il a connu l\u2019enseigne via le bouche \u00e0 oreille et a pu b\u00e9n\u00e9ficier d\u2019un accompagnement propos\u00e9 par Johan Carr\u00e9, courtier PresseTaux \u00e0 Cambrai (59).<\/p>\n","protected":false},"author":8,"featured_media":0,"comment_status":"closed","ping_status":"open","sticky":false,"template":"","format":"standard","meta":{"_genesis_hide_title":false,"_genesis_hide_breadcrumbs":false,"_genesis_hide_singular_image":false,"_genesis_hide_footer_widgets":false,"_genesis_custom_body_class":"","_genesis_custom_post_class":"","_genesis_layout":""},"categories":[6],"tags":[],"yoast_head":"<!-- This site is optimized with the Yoast SEO plugin v17.8 - https:\/\/yoast.com\/wordpress\/plugins\/seo\/ -->\n<title>\u201c M. Johan Carr\u00e9 a r\u00e9alis\u00e9 un accompagnement aux petits soins. \u201d - PresseTaux Cambrai<\/title>\n<meta name=\"robots\" content=\"index, follow, max-snippet:-1, max-image-preview:large, max-video-preview:-1\" \/>\n<link rel=\"canonical\" href=\"https:\/\/pressetaux.fr\/cambrai\/m-johan-carre-a-realise-un-accompagnement-aux-petits-soins\/\" \/>\n<meta property=\"og:locale\" content=\"fr_FR\" \/>\n<meta property=\"og:type\" content=\"article\" \/>\n<meta property=\"og:title\" content=\"\u201c M. Johan Carr\u00e9 a r\u00e9alis\u00e9 un accompagnement aux petits soins. \u201d - PresseTaux Cambrai\" \/>\n<meta property=\"og:description\" content=\"M. David L. a eu recours aux services de Johan Carr\u00e9, courtier de chez PresseTaux \u00e0 Cambrai, dans le cadre d&rsquo;un achat immobilier. T\u00e9moignage d\u2019un particulier. M. David L. a sollicit\u00e9 les services d\u2019un courtier de chez PresseTaux afin d\u2019obtenir de l\u2019aide dans l&rsquo;acquisition d&rsquo;un bien immobilier. Il a connu l\u2019enseigne via le bouche \u00e0 oreille et a pu b\u00e9n\u00e9ficier d\u2019un accompagnement propos\u00e9 par Johan Carr\u00e9, courtier PresseTaux \u00e0 Cambrai (59).\" \/>\n<meta property=\"og:url\" content=\"https:\/\/pressetaux.fr\/cambrai\/m-johan-carre-a-realise-un-accompagnement-aux-petits-soins\/\" \/>\n<meta property=\"og:site_name\" content=\"PresseTaux Cambrai\" \/>\n<meta property=\"article:publisher\" content=\"https:\/\/www.facebook.com\/pressetauxcambrai?locale=fr_FR\" \/>\n<meta property=\"article:published_time\" content=\"2022-01-11T08:00:45+00:00\" \/>\n<meta property=\"article:modified_time\" content=\"2022-01-17T09:46:47+00:00\" \/>\n<meta property=\"og:image\" content=\"https:\/\/pressetaux.fr\/wp-content\/uploads\/2013\/05\/simulation11-150x150.png\" \/>\n<meta name=\"twitter:label1\" content=\"\u00c9crit par\" \/>\n\t<meta name=\"twitter:data1\" content=\"Aur\u00e9lie PresseTaux\" \/>\n\t<meta name=\"twitter:label2\" content=\"Dur\u00e9e de lecture estim\u00e9e\" \/>\n\t<meta name=\"twitter:data2\" content=\"2 minutes\" \/>\n<script type=\"application\/ld+json\" class=\"yoast-schema-graph\">{\"@context\":\"https:\/\/schema.org\",\"@graph\":[{\"@type\":\"Organization\",\"@id\":\"https:\/\/pressetaux.fr\/cambrai\/#organization\",\"name\":\"PresseTaux Cambrai\",\"url\":\"https:\/\/pressetaux.fr\/cambrai\/\",\"sameAs\":[\"https:\/\/www.facebook.com\/pressetauxcambrai?locale=fr_FR\"],\"logo\":{\"@type\":\"ImageObject\",\"@id\":\"https:\/\/pressetaux.fr\/cambrai\/#logo\",\"inLanguage\":\"fr-FR\",\"url\":\"https:\/\/pressetaux.fr\/cambrai\/wp-content\/uploads\/sites\/3\/2020\/11\/LogoPressetaux.png\",\"contentUrl\":\"https:\/\/pressetaux.fr\/cambrai\/wp-content\/uploads\/sites\/3\/2020\/11\/LogoPressetaux.png\",\"width\":488,\"height\":278,\"caption\":\"PresseTaux Cambrai\"},\"image\":{\"@id\":\"https:\/\/pressetaux.fr\/cambrai\/#logo\"}},{\"@type\":\"WebSite\",\"@id\":\"https:\/\/pressetaux.fr\/cambrai\/#website\",\"url\":\"https:\/\/pressetaux.fr\/cambrai\/\",\"name\":\"PresseTaux Cambrai\",\"description\":\"COURTIER EN CREDIT\",\"publisher\":{\"@id\":\"https:\/\/pressetaux.fr\/cambrai\/#organization\"},\"potentialAction\":[{\"@type\":\"SearchAction\",\"target\":{\"@type\":\"EntryPoint\",\"urlTemplate\":\"https:\/\/pressetaux.fr\/cambrai\/?s={search_term_string}\"},\"query-input\":\"required name=search_term_string\"}],\"inLanguage\":\"fr-FR\"},{\"@type\":\"ImageObject\",\"@id\":\"https:\/\/pressetaux.fr\/cambrai\/m-johan-carre-a-realise-un-accompagnement-aux-petits-soins\/#primaryimage\",\"inLanguage\":\"fr-FR\",\"url\":\"https:\/\/pressetaux.fr\/wp-content\/uploads\/2013\/05\/simulation11-150x150.png\",\"contentUrl\":\"https:\/\/pressetaux.fr\/wp-content\/uploads\/2013\/05\/simulation11-150x150.png\"},{\"@type\":\"WebPage\",\"@id\":\"https:\/\/pressetaux.fr\/cambrai\/m-johan-carre-a-realise-un-accompagnement-aux-petits-soins\/#webpage\",\"url\":\"https:\/\/pressetaux.fr\/cambrai\/m-johan-carre-a-realise-un-accompagnement-aux-petits-soins\/\",\"name\":\"\\u201c M. Johan Carr\\u00e9 a r\\u00e9alis\\u00e9 un accompagnement aux petits soins. \\u201d - PresseTaux Cambrai\",\"isPartOf\":{\"@id\":\"https:\/\/pressetaux.fr\/cambrai\/#website\"},\"primaryImageOfPage\":{\"@id\":\"https:\/\/pressetaux.fr\/cambrai\/m-johan-carre-a-realise-un-accompagnement-aux-petits-soins\/#primaryimage\"},\"datePublished\":\"2022-01-11T08:00:45+00:00\",\"dateModified\":\"2022-01-17T09:46:47+00:00\",\"breadcrumb\":{\"@id\":\"https:\/\/pressetaux.fr\/cambrai\/m-johan-carre-a-realise-un-accompagnement-aux-petits-soins\/#breadcrumb\"},\"inLanguage\":\"fr-FR\",\"potentialAction\":[{\"@type\":\"ReadAction\",\"target\":[\"https:\/\/pressetaux.fr\/cambrai\/m-johan-carre-a-realise-un-accompagnement-aux-petits-soins\/\"]}]},{\"@type\":\"BreadcrumbList\",\"@id\":\"https:\/\/pressetaux.fr\/cambrai\/m-johan-carre-a-realise-un-accompagnement-aux-petits-soins\/#breadcrumb\",\"itemListElement\":[{\"@type\":\"ListItem\",\"position\":1,\"name\":\"\\u201c M. Johan Carr\\u00e9 a r\\u00e9alis\\u00e9 un accompagnement aux petits soins. \\u201d\"}]},{\"@type\":\"Article\",\"@id\":\"https:\/\/pressetaux.fr\/cambrai\/m-johan-carre-a-realise-un-accompagnement-aux-petits-soins\/#article\",\"isPartOf\":{\"@id\":\"https:\/\/pressetaux.fr\/cambrai\/m-johan-carre-a-realise-un-accompagnement-aux-petits-soins\/#webpage\"},\"author\":{\"@id\":\"https:\/\/pressetaux.fr\/cambrai\/#\/schema\/person\/4cd76b055d972c5d26a31a6868ce10e9\"},\"headline\":\"\\u201c M. Johan Carr\\u00e9 a r\\u00e9alis\\u00e9 un accompagnement aux petits soins. \\u201d\",\"datePublished\":\"2022-01-11T08:00:45+00:00\",\"dateModified\":\"2022-01-17T09:46:47+00:00\",\"mainEntityOfPage\":{\"@id\":\"https:\/\/pressetaux.fr\/cambrai\/m-johan-carre-a-realise-un-accompagnement-aux-petits-soins\/#webpage\"},\"wordCount\":307,\"publisher\":{\"@id\":\"https:\/\/pressetaux.fr\/cambrai\/#organization\"},\"image\":{\"@id\":\"https:\/\/pressetaux.fr\/cambrai\/m-johan-carre-a-realise-un-accompagnement-aux-petits-soins\/#primaryimage\"},\"thumbnailUrl\":\"https:\/\/pressetaux.fr\/wp-content\/uploads\/2013\/05\/simulation11-150x150.png\",\"articleSection\":[\"temoignagesblog\"],\"inLanguage\":\"fr-FR\"},{\"@type\":\"Person\",\"@id\":\"https:\/\/pressetaux.fr\/cambrai\/#\/schema\/person\/4cd76b055d972c5d26a31a6868ce10e9\",\"name\":\"Aur\\u00e9lie PresseTaux\",\"image\":{\"@type\":\"ImageObject\",\"@id\":\"https:\/\/pressetaux.fr\/cambrai\/#personlogo\",\"inLanguage\":\"fr-FR\",\"url\":\"https:\/\/secure.gravatar.com\/avatar\/3c12b07ea1ddcb99edf500aed7c9791c?s=96&d=mm&r=g\",\"contentUrl\":\"https:\/\/secure.gravatar.com\/avatar\/3c12b07ea1ddcb99edf500aed7c9791c?s=96&d=mm&r=g\",\"caption\":\"Aur\\u00e9lie PresseTaux\"},\"url\":\"https:\/\/pressetaux.fr\/cambrai\/author\/aurelie-merlin\/\"}]}<\/script>\n<!-- \/ Yoast SEO plugin. -->","yoast_head_json":{"title":"\u201c M. Johan Carr\u00e9 a r\u00e9alis\u00e9 un accompagnement aux petits soins. \u201d - PresseTaux Cambrai","robots":{"index":"index","follow":"follow","max-snippet":"max-snippet:-1","max-image-preview":"max-image-preview:large","max-video-preview":"max-video-preview:-1"},"canonical":"https:\/\/pressetaux.fr\/cambrai\/m-johan-carre-a-realise-un-accompagnement-aux-petits-soins\/","og_locale":"fr_FR","og_type":"article","og_title":"\u201c M. Johan Carr\u00e9 a r\u00e9alis\u00e9 un accompagnement aux petits soins. \u201d - PresseTaux Cambrai","og_description":"M. David L. a eu recours aux services de Johan Carr\u00e9, courtier de chez PresseTaux \u00e0 Cambrai, dans le cadre d&rsquo;un achat immobilier. T\u00e9moignage d\u2019un particulier. M. David L. a sollicit\u00e9 les services d\u2019un courtier de chez PresseTaux afin d\u2019obtenir de l\u2019aide dans l&rsquo;acquisition d&rsquo;un bien immobilier. Il a connu l\u2019enseigne via le bouche \u00e0 oreille et a pu b\u00e9n\u00e9ficier d\u2019un accompagnement propos\u00e9 par Johan Carr\u00e9, courtier PresseTaux \u00e0 Cambrai (59).","og_url":"https:\/\/pressetaux.fr\/cambrai\/m-johan-carre-a-realise-un-accompagnement-aux-petits-soins\/","og_site_name":"PresseTaux Cambrai","article_publisher":"https:\/\/www.facebook.com\/pressetauxcambrai?locale=fr_FR","article_published_time":"2022-01-11T08:00:45+00:00","article_modified_time":"2022-01-17T09:46:47+00:00","og_image":[{"url":"https:\/\/pressetaux.fr\/wp-content\/uploads\/2013\/05\/simulation11-150x150.png"}],"twitter_misc":{"\u00c9crit par":"Aur\u00e9lie PresseTaux","Dur\u00e9e de lecture estim\u00e9e":"2 minutes"},"schema":{"@context":"https:\/\/schema.org","@graph":[{"@type":"Organization","@id":"https:\/\/pressetaux.fr\/cambrai\/#organization","name":"PresseTaux Cambrai","url":"https:\/\/pressetaux.fr\/cambrai\/","sameAs":["https:\/\/www.facebook.com\/pressetauxcambrai?locale=fr_FR"],"logo":{"@type":"ImageObject","@id":"https:\/\/pressetaux.fr\/cambrai\/#logo","inLanguage":"fr-FR","url":"https:\/\/pressetaux.fr\/cambrai\/wp-content\/uploads\/sites\/3\/2020\/11\/LogoPressetaux.png","contentUrl":"https:\/\/pressetaux.fr\/cambrai\/wp-content\/uploads\/sites\/3\/2020\/11\/LogoPressetaux.png","width":488,"height":278,"caption":"PresseTaux Cambrai"},"image":{"@id":"https:\/\/pressetaux.fr\/cambrai\/#logo"}},{"@type":"WebSite","@id":"https:\/\/pressetaux.fr\/cambrai\/#website","url":"https:\/\/pressetaux.fr\/cambrai\/","name":"PresseTaux Cambrai","description":"COURTIER EN CREDIT","publisher":{"@id":"https:\/\/pressetaux.fr\/cambrai\/#organization"},"potentialAction":[{"@type":"SearchAction","target":{"@type":"EntryPoint","urlTemplate":"https:\/\/pressetaux.fr\/cambrai\/?s={search_term_string}"},"query-input":"required name=search_term_string"}],"inLanguage":"fr-FR"},{"@type":"ImageObject","@id":"https:\/\/pressetaux.fr\/cambrai\/m-johan-carre-a-realise-un-accompagnement-aux-petits-soins\/#primaryimage","inLanguage":"fr-FR","url":"https:\/\/pressetaux.fr\/wp-content\/uploads\/2013\/05\/simulation11-150x150.png","contentUrl":"https:\/\/pressetaux.fr\/wp-content\/uploads\/2013\/05\/simulation11-150x150.png"},{"@type":"WebPage","@id":"https:\/\/pressetaux.fr\/cambrai\/m-johan-carre-a-realise-un-accompagnement-aux-petits-soins\/#webpage","url":"https:\/\/pressetaux.fr\/cambrai\/m-johan-carre-a-realise-un-accompagnement-aux-petits-soins\/","name":"\u201c M. Johan Carr\u00e9 a r\u00e9alis\u00e9 un accompagnement aux petits soins. \u201d - PresseTaux Cambrai","isPartOf":{"@id":"https:\/\/pressetaux.fr\/cambrai\/#website"},"primaryImageOfPage":{"@id":"https:\/\/pressetaux.fr\/cambrai\/m-johan-carre-a-realise-un-accompagnement-aux-petits-soins\/#primaryimage"},"datePublished":"2022-01-11T08:00:45+00:00","dateModified":"2022-01-17T09:46:47+00:00","breadcrumb":{"@id":"https:\/\/pressetaux.fr\/cambrai\/m-johan-carre-a-realise-un-accompagnement-aux-petits-soins\/#breadcrumb"},"inLanguage":"fr-FR","potentialAction":[{"@type":"ReadAction","target":["https:\/\/pressetaux.fr\/cambrai\/m-johan-carre-a-realise-un-accompagnement-aux-petits-soins\/"]}]},{"@type":"BreadcrumbList","@id":"https:\/\/pressetaux.fr\/cambrai\/m-johan-carre-a-realise-un-accompagnement-aux-petits-soins\/#breadcrumb","itemListElement":[{"@type":"ListItem","position":1,"name":"\u201c M. Johan Carr\u00e9 a r\u00e9alis\u00e9 un accompagnement aux petits soins. \u201d"}]},{"@type":"Article","@id":"https:\/\/pressetaux.fr\/cambrai\/m-johan-carre-a-realise-un-accompagnement-aux-petits-soins\/#article","isPartOf":{"@id":"https:\/\/pressetaux.fr\/cambrai\/m-johan-carre-a-realise-un-accompagnement-aux-petits-soins\/#webpage"},"author":{"@id":"https:\/\/pressetaux.fr\/cambrai\/#\/schema\/person\/4cd76b055d972c5d26a31a6868ce10e9"},"headline":"\u201c M. Johan Carr\u00e9 a r\u00e9alis\u00e9 un accompagnement aux petits soins. \u201d","datePublished":"2022-01-11T08:00:45+00:00","dateModified":"2022-01-17T09:46:47+00:00","mainEntityOfPage":{"@id":"https:\/\/pressetaux.fr\/cambrai\/m-johan-carre-a-realise-un-accompagnement-aux-petits-soins\/#webpage"},"wordCount":307,"publisher":{"@id":"https:\/\/pressetaux.fr\/cambrai\/#organization"},"image":{"@id":"https:\/\/pressetaux.fr\/cambrai\/m-johan-carre-a-realise-un-accompagnement-aux-petits-soins\/#primaryimage"},"thumbnailUrl":"https:\/\/pressetaux.fr\/wp-content\/uploads\/2013\/05\/simulation11-150x150.png","articleSection":["temoignagesblog"],"inLanguage":"fr-FR"},{"@type":"Person","@id":"https:\/\/pressetaux.fr\/cambrai\/#\/schema\/person\/4cd76b055d972c5d26a31a6868ce10e9","name":"Aur\u00e9lie PresseTaux","image":{"@type":"ImageObject","@id":"https:\/\/pressetaux.fr\/cambrai\/#personlogo","inLanguage":"fr-FR","url":"https:\/\/secure.gravatar.com\/avatar\/3c12b07ea1ddcb99edf500aed7c9791c?s=96&d=mm&r=g","contentUrl":"https:\/\/secure.gravatar.com\/avatar\/3c12b07ea1ddcb99edf500aed7c9791c?s=96&d=mm&r=g","caption":"Aur\u00e9lie PresseTaux"},"url":"https:\/\/pressetaux.fr\/cambrai\/author\/aurelie-merlin\/"}]}},"_links":{"self":[{"href":"https:\/\/pressetaux.fr\/cambrai\/wp-json\/wp\/v2\/posts\/2402"}],"collection":[{"href":"https:\/\/pressetaux.fr\/cambrai\/wp-json\/wp\/v2\/posts"}],"about":[{"href":"https:\/\/pressetaux.fr\/cambrai\/wp-json\/wp\/v2\/types\/post"}],"author":[{"embeddable":true,"href":"https:\/\/pressetaux.fr\/cambrai\/wp-json\/wp\/v2\/users\/8"}],"replies":[{"embeddable":true,"href":"https:\/\/pressetaux.fr\/cambrai\/wp-json\/wp\/v2\/comments?post=2402"}],"version-history":[{"count":0,"href":"https:\/\/pressetaux.fr\/cambrai\/wp-json\/wp\/v2\/posts\/2402\/revisions"}],"wp:attachment":[{"href":"https:\/\/pressetaux.fr\/cambrai\/wp-json\/wp\/v2\/media?parent=2402"}],"wp:term":[{"taxonomy":"category","embeddable":true,"href":"https:\/\/pressetaux.fr\/cambrai\/wp-json\/wp\/v2\/categories?post=2402"},{"taxonomy":"post_tag","embeddable":true,"href":"https:\/\/pressetaux.fr\/cambrai\/wp-json\/wp\/v2\/tags?post=2402"}],"curies":[{"name":"wp","href":"https:\/\/api.w.org\/{rel}","templated":true}]}}