{"id":2658,"date":"2025-06-10T08:08:37","date_gmt":"2025-06-10T07:08:37","guid":{"rendered":"https:\/\/pressetaux.fr\/cambrai\/?p=2658"},"modified":"2025-06-10T08:08:37","modified_gmt":"2025-06-10T07:08:37","slug":"laccompagnement-de-m-bossaert-eric-a-ete-parfait","status":"publish","type":"post","link":"https:\/\/pressetaux.fr\/cambrai\/laccompagnement-de-m-bossaert-eric-a-ete-parfait\/","title":{"rendered":"\u201c L\u2019accompagnement de M. Bossaert Eric a \u00e9t\u00e9 parfait. \u201d"},"content":{"rendered":"<p>[vc_row][vc_column][vc_column_text]<b><img loading=\"lazy\" class=\"wp-image-449 size-full alignright\" src=\"https:\/\/pressetaux.fr\/wp-content\/uploads\/2013\/04\/primo-61.jpg\" alt=\"\" width=\"288\" height=\"192\" \/>M. Kevin O. et Mme Wendy B. ont eu recours aux services d&rsquo;Eric Bossaert, courtier de chez PresseTaux \u00e0 Cambrai, dans le cadre d&rsquo;un pr\u00eat immobilier. T\u00e9moignage d\u2019un particulier.<\/b><\/p>\n<p><span style=\"font-weight: 400;\">M. Kevin O. et Mme Wendy B. ont sollicit\u00e9 les services d\u2019un courtier de chez PresseTaux afin d\u2019obtenir de l\u2019aide pour obtenir un pr\u00eat pour l\u2019acquisition d\u2019un bien immobilier. Ils ont<\/span><span style=\"font-weight: 400;\">connu l\u2019enseigne via le bouche \u00e0 oreille et ont <\/span><span style=\"font-weight: 400;\">pu b\u00e9n\u00e9ficier d\u2019un accompagnement propos\u00e9 par <\/span><a href=\"https:\/\/pressetaux.fr\/cambrai\/courtier-cambrai\/\"><span style=\"font-weight: 400;\">Eric Bossaert, courtier PresseTaux \u00e0 Cambrai<\/span><\/a><span style=\"font-weight: 400;\"> (59).<\/span><\/p>\n<p><!--more--><b>En quelques mots, pouvez-vous nous r\u00e9sumer en quoi a consist\u00e9 votre projet et pourquoi avez-vous eu besoin d&rsquo;un financement ?<\/b><\/p>\n<p><span style=\"font-weight: 400;\">Nous souhaitions faire notre premier achat. Nous avions besoin d\u2019un meilleur taux afin que notre dossier passe.<\/span><\/p>\n<p><b>Pour quelles raisons avez-vous fait appel \u00e0 un courtier ?\u00a0<\/b><\/p>\n<p><span style=\"font-weight: 400;\">Nous travaillons tous les deux et nous avions absolument pas le temps. Et notre dossier \u00e9tait limite donc nous avons fait appel \u00e0 Eric Bossaert.<\/span><\/p>\n<p><b>Quelles solutions ont \u00e9t\u00e9 trouv\u00e9es par le courtier de PresseTaux pour r\u00e9pondre au mieux \u00e0 vos besoins ?<\/b><\/p>\n<p><span style=\"font-weight: 400;\">M. Bossaert nous a trouv\u00e9 une banque pouvant nous suivre au meilleur taux et gr\u00e2ce \u00e0 lui, nous avons \u00e9galement eu le droit au PTZ ainsi qu\u2019au PTZ +, tout cela avec un taux \u00e0 3.50\u00a0%. Nous avons pu emprunter 171 000 \u20ac sur 25 ans avec des mensualit\u00e9s de 760 \u20ac par mois. Merci \u00e0 lui&#8230;<\/span><\/p>\n<p><b>De mani\u00e8re g\u00e9n\u00e9rale, comment \u00e9valuez-vous l&rsquo;accompagnement offert par le courtier de l&rsquo;agence PresseTaux qui vous a accompagn\u00e9 ?\u00a0<\/b><\/p>\n<p><span style=\"font-weight: 400;\">Parfait.<\/span><\/p>\n<p><b>Recommanderiez-vous PresseTaux \u00e0 votre entourage ?<\/b><\/p>\n<p><span style=\"font-weight: 400;\">Oh que oui, simple, efficace, rapide et de tr\u00e8s bons conseils.<\/span>[\/vc_column_text][\/vc_column][\/vc_row]<\/p>\n","protected":false},"excerpt":{"rendered":"<p>[vc_row][vc_column][vc_column_text]M. Kevin O. et Mme Wendy B. ont eu recours aux services d&rsquo;Eric Bossaert, courtier de chez PresseTaux \u00e0 Cambrai, dans le cadre d&rsquo;un pr\u00eat immobilier. T\u00e9moignage d\u2019un particulier. M. Kevin O. et Mme Wendy B. ont sollicit\u00e9 les services d\u2019un courtier de chez PresseTaux afin d\u2019obtenir de l\u2019aide pour obtenir un pr\u00eat pour l\u2019acquisition d\u2019un bien immobilier. Ils ontconnu l\u2019enseigne via le bouche \u00e0 oreille et ont pu b\u00e9n\u00e9ficier d\u2019un accompagnement propos\u00e9 par Eric Bossaert, courtier PresseTaux \u00e0 Cambrai (59).<\/p>\n","protected":false},"author":8,"featured_media":0,"comment_status":"closed","ping_status":"open","sticky":false,"template":"","format":"standard","meta":{"_genesis_hide_title":false,"_genesis_hide_breadcrumbs":false,"_genesis_hide_singular_image":false,"_genesis_hide_footer_widgets":false,"_genesis_custom_body_class":"","_genesis_custom_post_class":"","_genesis_layout":""},"categories":[6],"tags":[],"yoast_head":"<!-- This site is optimized with the Yoast SEO plugin v17.8 - https:\/\/yoast.com\/wordpress\/plugins\/seo\/ -->\n<title>\u201c L\u2019accompagnement de M. Bossaert Eric a \u00e9t\u00e9 parfait. \u201d - PresseTaux Cambrai<\/title>\n<meta name=\"robots\" content=\"index, follow, max-snippet:-1, max-image-preview:large, max-video-preview:-1\" \/>\n<link rel=\"canonical\" href=\"https:\/\/pressetaux.fr\/cambrai\/laccompagnement-de-m-bossaert-eric-a-ete-parfait\/\" \/>\n<meta property=\"og:locale\" content=\"fr_FR\" \/>\n<meta property=\"og:type\" content=\"article\" \/>\n<meta property=\"og:title\" content=\"\u201c L\u2019accompagnement de M. Bossaert Eric a \u00e9t\u00e9 parfait. \u201d - PresseTaux Cambrai\" \/>\n<meta property=\"og:description\" content=\"[vc_row][vc_column][vc_column_text]M. Kevin O. et Mme Wendy B. ont eu recours aux services d&rsquo;Eric Bossaert, courtier de chez PresseTaux \u00e0 Cambrai, dans le cadre d&rsquo;un pr\u00eat immobilier. T\u00e9moignage d\u2019un particulier. M. Kevin O. et Mme Wendy B. ont sollicit\u00e9 les services d\u2019un courtier de chez PresseTaux afin d\u2019obtenir de l\u2019aide pour obtenir un pr\u00eat pour l\u2019acquisition d\u2019un bien immobilier. Ils ontconnu l\u2019enseigne via le bouche \u00e0 oreille et ont pu b\u00e9n\u00e9ficier d\u2019un accompagnement propos\u00e9 par Eric Bossaert, courtier PresseTaux \u00e0 Cambrai (59).\" \/>\n<meta property=\"og:url\" content=\"https:\/\/pressetaux.fr\/cambrai\/laccompagnement-de-m-bossaert-eric-a-ete-parfait\/\" \/>\n<meta property=\"og:site_name\" content=\"PresseTaux Cambrai\" \/>\n<meta property=\"article:publisher\" content=\"https:\/\/www.facebook.com\/pressetauxcambrai?locale=fr_FR\" \/>\n<meta property=\"article:published_time\" content=\"2025-06-10T07:08:37+00:00\" \/>\n<meta property=\"og:image\" content=\"https:\/\/pressetaux.fr\/wp-content\/uploads\/2013\/04\/primo-61.jpg\" \/>\n<meta name=\"twitter:label1\" content=\"\u00c9crit par\" \/>\n\t<meta name=\"twitter:data1\" content=\"Aur\u00e9lie PresseTaux\" \/>\n<script type=\"application\/ld+json\" class=\"yoast-schema-graph\">{\"@context\":\"https:\/\/schema.org\",\"@graph\":[{\"@type\":\"Organization\",\"@id\":\"https:\/\/pressetaux.fr\/cambrai\/#organization\",\"name\":\"PresseTaux Cambrai\",\"url\":\"https:\/\/pressetaux.fr\/cambrai\/\",\"sameAs\":[\"https:\/\/www.facebook.com\/pressetauxcambrai?locale=fr_FR\"],\"logo\":{\"@type\":\"ImageObject\",\"@id\":\"https:\/\/pressetaux.fr\/cambrai\/#logo\",\"inLanguage\":\"fr-FR\",\"url\":\"https:\/\/pressetaux.fr\/cambrai\/wp-content\/uploads\/sites\/3\/2020\/11\/LogoPressetaux.png\",\"contentUrl\":\"https:\/\/pressetaux.fr\/cambrai\/wp-content\/uploads\/sites\/3\/2020\/11\/LogoPressetaux.png\",\"width\":488,\"height\":278,\"caption\":\"PresseTaux Cambrai\"},\"image\":{\"@id\":\"https:\/\/pressetaux.fr\/cambrai\/#logo\"}},{\"@type\":\"WebSite\",\"@id\":\"https:\/\/pressetaux.fr\/cambrai\/#website\",\"url\":\"https:\/\/pressetaux.fr\/cambrai\/\",\"name\":\"PresseTaux Cambrai\",\"description\":\"COURTIER EN CREDIT\",\"publisher\":{\"@id\":\"https:\/\/pressetaux.fr\/cambrai\/#organization\"},\"potentialAction\":[{\"@type\":\"SearchAction\",\"target\":{\"@type\":\"EntryPoint\",\"urlTemplate\":\"https:\/\/pressetaux.fr\/cambrai\/?s={search_term_string}\"},\"query-input\":\"required name=search_term_string\"}],\"inLanguage\":\"fr-FR\"},{\"@type\":\"ImageObject\",\"@id\":\"https:\/\/pressetaux.fr\/cambrai\/laccompagnement-de-m-bossaert-eric-a-ete-parfait\/#primaryimage\",\"inLanguage\":\"fr-FR\",\"url\":\"https:\/\/pressetaux.fr\/wp-content\/uploads\/2013\/04\/primo-61.jpg\",\"contentUrl\":\"https:\/\/pressetaux.fr\/wp-content\/uploads\/2013\/04\/primo-61.jpg\"},{\"@type\":\"WebPage\",\"@id\":\"https:\/\/pressetaux.fr\/cambrai\/laccompagnement-de-m-bossaert-eric-a-ete-parfait\/#webpage\",\"url\":\"https:\/\/pressetaux.fr\/cambrai\/laccompagnement-de-m-bossaert-eric-a-ete-parfait\/\",\"name\":\"\\u201c L\\u2019accompagnement de M. Bossaert Eric a \\u00e9t\\u00e9 parfait. \\u201d - PresseTaux Cambrai\",\"isPartOf\":{\"@id\":\"https:\/\/pressetaux.fr\/cambrai\/#website\"},\"primaryImageOfPage\":{\"@id\":\"https:\/\/pressetaux.fr\/cambrai\/laccompagnement-de-m-bossaert-eric-a-ete-parfait\/#primaryimage\"},\"datePublished\":\"2025-06-10T07:08:37+00:00\",\"dateModified\":\"2025-06-10T07:08:37+00:00\",\"breadcrumb\":{\"@id\":\"https:\/\/pressetaux.fr\/cambrai\/laccompagnement-de-m-bossaert-eric-a-ete-parfait\/#breadcrumb\"},\"inLanguage\":\"fr-FR\",\"potentialAction\":[{\"@type\":\"ReadAction\",\"target\":[\"https:\/\/pressetaux.fr\/cambrai\/laccompagnement-de-m-bossaert-eric-a-ete-parfait\/\"]}]},{\"@type\":\"BreadcrumbList\",\"@id\":\"https:\/\/pressetaux.fr\/cambrai\/laccompagnement-de-m-bossaert-eric-a-ete-parfait\/#breadcrumb\",\"itemListElement\":[{\"@type\":\"ListItem\",\"position\":1,\"name\":\"\\u201c L\\u2019accompagnement de M. Bossaert Eric a \\u00e9t\\u00e9 parfait. \\u201d\"}]},{\"@type\":\"Article\",\"@id\":\"https:\/\/pressetaux.fr\/cambrai\/laccompagnement-de-m-bossaert-eric-a-ete-parfait\/#article\",\"isPartOf\":{\"@id\":\"https:\/\/pressetaux.fr\/cambrai\/laccompagnement-de-m-bossaert-eric-a-ete-parfait\/#webpage\"},\"author\":{\"@id\":\"https:\/\/pressetaux.fr\/cambrai\/#\/schema\/person\/4cd76b055d972c5d26a31a6868ce10e9\"},\"headline\":\"\\u201c L\\u2019accompagnement de M. Bossaert Eric a \\u00e9t\\u00e9 parfait. \\u201d\",\"datePublished\":\"2025-06-10T07:08:37+00:00\",\"dateModified\":\"2025-06-10T07:08:37+00:00\",\"mainEntityOfPage\":{\"@id\":\"https:\/\/pressetaux.fr\/cambrai\/laccompagnement-de-m-bossaert-eric-a-ete-parfait\/#webpage\"},\"wordCount\":287,\"publisher\":{\"@id\":\"https:\/\/pressetaux.fr\/cambrai\/#organization\"},\"image\":{\"@id\":\"https:\/\/pressetaux.fr\/cambrai\/laccompagnement-de-m-bossaert-eric-a-ete-parfait\/#primaryimage\"},\"thumbnailUrl\":\"https:\/\/pressetaux.fr\/wp-content\/uploads\/2013\/04\/primo-61.jpg\",\"articleSection\":[\"temoignagesblog\"],\"inLanguage\":\"fr-FR\"},{\"@type\":\"Person\",\"@id\":\"https:\/\/pressetaux.fr\/cambrai\/#\/schema\/person\/4cd76b055d972c5d26a31a6868ce10e9\",\"name\":\"Aur\\u00e9lie PresseTaux\",\"image\":{\"@type\":\"ImageObject\",\"@id\":\"https:\/\/pressetaux.fr\/cambrai\/#personlogo\",\"inLanguage\":\"fr-FR\",\"url\":\"https:\/\/secure.gravatar.com\/avatar\/3c12b07ea1ddcb99edf500aed7c9791c?s=96&d=mm&r=g\",\"contentUrl\":\"https:\/\/secure.gravatar.com\/avatar\/3c12b07ea1ddcb99edf500aed7c9791c?s=96&d=mm&r=g\",\"caption\":\"Aur\\u00e9lie PresseTaux\"},\"url\":\"https:\/\/pressetaux.fr\/cambrai\/author\/aurelie-merlin\/\"}]}<\/script>\n<!-- \/ Yoast SEO plugin. -->","yoast_head_json":{"title":"\u201c L\u2019accompagnement de M. Bossaert Eric a \u00e9t\u00e9 parfait. \u201d - PresseTaux Cambrai","robots":{"index":"index","follow":"follow","max-snippet":"max-snippet:-1","max-image-preview":"max-image-preview:large","max-video-preview":"max-video-preview:-1"},"canonical":"https:\/\/pressetaux.fr\/cambrai\/laccompagnement-de-m-bossaert-eric-a-ete-parfait\/","og_locale":"fr_FR","og_type":"article","og_title":"\u201c L\u2019accompagnement de M. Bossaert Eric a \u00e9t\u00e9 parfait. \u201d - PresseTaux Cambrai","og_description":"[vc_row][vc_column][vc_column_text]M. Kevin O. et Mme Wendy B. ont eu recours aux services d&rsquo;Eric Bossaert, courtier de chez PresseTaux \u00e0 Cambrai, dans le cadre d&rsquo;un pr\u00eat immobilier. T\u00e9moignage d\u2019un particulier. M. Kevin O. et Mme Wendy B. ont sollicit\u00e9 les services d\u2019un courtier de chez PresseTaux afin d\u2019obtenir de l\u2019aide pour obtenir un pr\u00eat pour l\u2019acquisition d\u2019un bien immobilier. Ils ontconnu l\u2019enseigne via le bouche \u00e0 oreille et ont pu b\u00e9n\u00e9ficier d\u2019un accompagnement propos\u00e9 par Eric Bossaert, courtier PresseTaux \u00e0 Cambrai (59).","og_url":"https:\/\/pressetaux.fr\/cambrai\/laccompagnement-de-m-bossaert-eric-a-ete-parfait\/","og_site_name":"PresseTaux Cambrai","article_publisher":"https:\/\/www.facebook.com\/pressetauxcambrai?locale=fr_FR","article_published_time":"2025-06-10T07:08:37+00:00","og_image":[{"url":"https:\/\/pressetaux.fr\/wp-content\/uploads\/2013\/04\/primo-61.jpg"}],"twitter_misc":{"\u00c9crit par":"Aur\u00e9lie PresseTaux"},"schema":{"@context":"https:\/\/schema.org","@graph":[{"@type":"Organization","@id":"https:\/\/pressetaux.fr\/cambrai\/#organization","name":"PresseTaux Cambrai","url":"https:\/\/pressetaux.fr\/cambrai\/","sameAs":["https:\/\/www.facebook.com\/pressetauxcambrai?locale=fr_FR"],"logo":{"@type":"ImageObject","@id":"https:\/\/pressetaux.fr\/cambrai\/#logo","inLanguage":"fr-FR","url":"https:\/\/pressetaux.fr\/cambrai\/wp-content\/uploads\/sites\/3\/2020\/11\/LogoPressetaux.png","contentUrl":"https:\/\/pressetaux.fr\/cambrai\/wp-content\/uploads\/sites\/3\/2020\/11\/LogoPressetaux.png","width":488,"height":278,"caption":"PresseTaux Cambrai"},"image":{"@id":"https:\/\/pressetaux.fr\/cambrai\/#logo"}},{"@type":"WebSite","@id":"https:\/\/pressetaux.fr\/cambrai\/#website","url":"https:\/\/pressetaux.fr\/cambrai\/","name":"PresseTaux Cambrai","description":"COURTIER EN CREDIT","publisher":{"@id":"https:\/\/pressetaux.fr\/cambrai\/#organization"},"potentialAction":[{"@type":"SearchAction","target":{"@type":"EntryPoint","urlTemplate":"https:\/\/pressetaux.fr\/cambrai\/?s={search_term_string}"},"query-input":"required name=search_term_string"}],"inLanguage":"fr-FR"},{"@type":"ImageObject","@id":"https:\/\/pressetaux.fr\/cambrai\/laccompagnement-de-m-bossaert-eric-a-ete-parfait\/#primaryimage","inLanguage":"fr-FR","url":"https:\/\/pressetaux.fr\/wp-content\/uploads\/2013\/04\/primo-61.jpg","contentUrl":"https:\/\/pressetaux.fr\/wp-content\/uploads\/2013\/04\/primo-61.jpg"},{"@type":"WebPage","@id":"https:\/\/pressetaux.fr\/cambrai\/laccompagnement-de-m-bossaert-eric-a-ete-parfait\/#webpage","url":"https:\/\/pressetaux.fr\/cambrai\/laccompagnement-de-m-bossaert-eric-a-ete-parfait\/","name":"\u201c L\u2019accompagnement de M. Bossaert Eric a \u00e9t\u00e9 parfait. \u201d - PresseTaux Cambrai","isPartOf":{"@id":"https:\/\/pressetaux.fr\/cambrai\/#website"},"primaryImageOfPage":{"@id":"https:\/\/pressetaux.fr\/cambrai\/laccompagnement-de-m-bossaert-eric-a-ete-parfait\/#primaryimage"},"datePublished":"2025-06-10T07:08:37+00:00","dateModified":"2025-06-10T07:08:37+00:00","breadcrumb":{"@id":"https:\/\/pressetaux.fr\/cambrai\/laccompagnement-de-m-bossaert-eric-a-ete-parfait\/#breadcrumb"},"inLanguage":"fr-FR","potentialAction":[{"@type":"ReadAction","target":["https:\/\/pressetaux.fr\/cambrai\/laccompagnement-de-m-bossaert-eric-a-ete-parfait\/"]}]},{"@type":"BreadcrumbList","@id":"https:\/\/pressetaux.fr\/cambrai\/laccompagnement-de-m-bossaert-eric-a-ete-parfait\/#breadcrumb","itemListElement":[{"@type":"ListItem","position":1,"name":"\u201c L\u2019accompagnement de M. Bossaert Eric a \u00e9t\u00e9 parfait. \u201d"}]},{"@type":"Article","@id":"https:\/\/pressetaux.fr\/cambrai\/laccompagnement-de-m-bossaert-eric-a-ete-parfait\/#article","isPartOf":{"@id":"https:\/\/pressetaux.fr\/cambrai\/laccompagnement-de-m-bossaert-eric-a-ete-parfait\/#webpage"},"author":{"@id":"https:\/\/pressetaux.fr\/cambrai\/#\/schema\/person\/4cd76b055d972c5d26a31a6868ce10e9"},"headline":"\u201c L\u2019accompagnement de M. Bossaert Eric a \u00e9t\u00e9 parfait. \u201d","datePublished":"2025-06-10T07:08:37+00:00","dateModified":"2025-06-10T07:08:37+00:00","mainEntityOfPage":{"@id":"https:\/\/pressetaux.fr\/cambrai\/laccompagnement-de-m-bossaert-eric-a-ete-parfait\/#webpage"},"wordCount":287,"publisher":{"@id":"https:\/\/pressetaux.fr\/cambrai\/#organization"},"image":{"@id":"https:\/\/pressetaux.fr\/cambrai\/laccompagnement-de-m-bossaert-eric-a-ete-parfait\/#primaryimage"},"thumbnailUrl":"https:\/\/pressetaux.fr\/wp-content\/uploads\/2013\/04\/primo-61.jpg","articleSection":["temoignagesblog"],"inLanguage":"fr-FR"},{"@type":"Person","@id":"https:\/\/pressetaux.fr\/cambrai\/#\/schema\/person\/4cd76b055d972c5d26a31a6868ce10e9","name":"Aur\u00e9lie PresseTaux","image":{"@type":"ImageObject","@id":"https:\/\/pressetaux.fr\/cambrai\/#personlogo","inLanguage":"fr-FR","url":"https:\/\/secure.gravatar.com\/avatar\/3c12b07ea1ddcb99edf500aed7c9791c?s=96&d=mm&r=g","contentUrl":"https:\/\/secure.gravatar.com\/avatar\/3c12b07ea1ddcb99edf500aed7c9791c?s=96&d=mm&r=g","caption":"Aur\u00e9lie PresseTaux"},"url":"https:\/\/pressetaux.fr\/cambrai\/author\/aurelie-merlin\/"}]}},"_links":{"self":[{"href":"https:\/\/pressetaux.fr\/cambrai\/wp-json\/wp\/v2\/posts\/2658"}],"collection":[{"href":"https:\/\/pressetaux.fr\/cambrai\/wp-json\/wp\/v2\/posts"}],"about":[{"href":"https:\/\/pressetaux.fr\/cambrai\/wp-json\/wp\/v2\/types\/post"}],"author":[{"embeddable":true,"href":"https:\/\/pressetaux.fr\/cambrai\/wp-json\/wp\/v2\/users\/8"}],"replies":[{"embeddable":true,"href":"https:\/\/pressetaux.fr\/cambrai\/wp-json\/wp\/v2\/comments?post=2658"}],"version-history":[{"count":0,"href":"https:\/\/pressetaux.fr\/cambrai\/wp-json\/wp\/v2\/posts\/2658\/revisions"}],"wp:attachment":[{"href":"https:\/\/pressetaux.fr\/cambrai\/wp-json\/wp\/v2\/media?parent=2658"}],"wp:term":[{"taxonomy":"category","embeddable":true,"href":"https:\/\/pressetaux.fr\/cambrai\/wp-json\/wp\/v2\/categories?post=2658"},{"taxonomy":"post_tag","embeddable":true,"href":"https:\/\/pressetaux.fr\/cambrai\/wp-json\/wp\/v2\/tags?post=2658"}],"curies":[{"name":"wp","href":"https:\/\/api.w.org\/{rel}","templated":true}]}}