{"id":341,"date":"2014-12-05T10:39:23","date_gmt":"2014-12-05T09:39:23","guid":{"rendered":"http:\/\/www.pressetaux.fr\/cambrai\/?p=341"},"modified":"2016-11-10T12:30:16","modified_gmt":"2016-11-10T11:30:16","slug":"nos-actualites-4","status":"publish","type":"post","link":"https:\/\/pressetaux.fr\/cambrai\/nos-actualites-4\/","title":{"rendered":""},"content":{"rendered":"<h2 style=\"text-align: center;font-size: 22px\">Said et Marie-Laure O. \u00ab Acquisition d\u2019un bien \u00e0 Aniche d\u2019une valeur de 78 000 \u20ac \u00bb<\/h2>\n<p style=\"font-size: 16px\">\u00ab Nous sommes heureux de r\u00e9pondre \u00e0 votre questionnaire, sans l\u2019intervention de votre courtier Christophe Lamand, nous ne serions jamais devenus propri\u00e9taire. Christophe Lamand a su nous mettre en confiance, en \u00e9tant \u00e0 notre \u00e9coute et le plus important, c\u2019est qu\u2019il nous a accompagn\u00e9s \u00e0 chaque \u00e9tape de notre projet, m\u00eame jusqu\u2019\u00e0 la signature chez le notaire. Christophe Lamand a pris contact rapidement avec les banques et nous a trouv\u00e9 un taux super avantageux&#8230; Nous recommandons \u00e0 nos amis et coll\u00e8gues de contacter PresseTaux pour leurs futurs projets immobiliers, en leurs disant qu\u2019ils auront affaire \u00e0 des professionnels\u2026 Un GRAND MERCI pour votre aide. \u00bb<\/p>\n","protected":false},"excerpt":{"rendered":"<p>Said et Marie-Laure O. \u00ab Acquisition d\u2019un bien \u00e0 Aniche d\u2019une valeur de 78 000 \u20ac \u00bb \u00ab Nous sommes heureux de r\u00e9pondre \u00e0 votre questionnaire, sans l\u2019intervention de votre courtier Christophe Lamand, nous ne serions jamais devenus propri\u00e9taire. Christophe Lamand a su nous mettre en confiance, en \u00e9tant \u00e0 notre \u00e9coute et le plus important, c\u2019est qu\u2019il nous a accompagn\u00e9s \u00e0 chaque \u00e9tape de notre projet, m\u00eame jusqu\u2019\u00e0 la signature chez le notaire. Christophe Lamand a pris contact rapidement avec les banques et nous a trouv\u00e9 un taux super avantageux&#8230; Nous recommandons \u00e0 nos amis et coll\u00e8gues de contacter PresseTaux pour leurs futurs projets immobiliers, en leurs disant qu\u2019ils auront affaire \u00e0 des professionnels\u2026 Un GRAND MERCI pour votre aide. \u00bb<\/p>\n","protected":false},"author":8,"featured_media":0,"comment_status":"closed","ping_status":"closed","sticky":false,"template":"","format":"standard","meta":{"_genesis_hide_title":false,"_genesis_hide_breadcrumbs":false,"_genesis_hide_singular_image":false,"_genesis_hide_footer_widgets":false,"_genesis_custom_body_class":"","_genesis_custom_post_class":"","_genesis_layout":""},"categories":[2],"tags":[],"yoast_head":"<!-- This site is optimized with the Yoast SEO plugin v17.8 - https:\/\/yoast.com\/wordpress\/plugins\/seo\/ -->\n<title>- PresseTaux Cambrai<\/title>\n<meta name=\"robots\" content=\"index, follow, max-snippet:-1, max-image-preview:large, max-video-preview:-1\" \/>\n<link rel=\"canonical\" href=\"https:\/\/pressetaux.fr\/cambrai\/nos-actualites-4\/\" \/>\n<meta property=\"og:locale\" content=\"fr_FR\" \/>\n<meta property=\"og:type\" content=\"article\" \/>\n<meta property=\"og:title\" content=\"- PresseTaux Cambrai\" \/>\n<meta property=\"og:description\" content=\"Said et Marie-Laure O. \u00ab Acquisition d\u2019un bien \u00e0 Aniche d\u2019une valeur de 78 000 \u20ac \u00bb \u00ab Nous sommes heureux de r\u00e9pondre \u00e0 votre questionnaire, sans l\u2019intervention de votre courtier Christophe Lamand, nous ne serions jamais devenus propri\u00e9taire. Christophe Lamand a su nous mettre en confiance, en \u00e9tant \u00e0 notre \u00e9coute et le plus important, c\u2019est qu\u2019il nous a accompagn\u00e9s \u00e0 chaque \u00e9tape de notre projet, m\u00eame jusqu\u2019\u00e0 la signature chez le notaire. Christophe Lamand a pris contact rapidement avec les banques et nous a trouv\u00e9 un taux super avantageux&#8230; Nous recommandons \u00e0 nos amis et coll\u00e8gues de contacter PresseTaux pour leurs futurs projets immobiliers, en leurs disant qu\u2019ils auront affaire \u00e0 des professionnels\u2026 Un GRAND MERCI pour votre aide. \u00bb\" \/>\n<meta property=\"og:url\" content=\"https:\/\/pressetaux.fr\/cambrai\/nos-actualites-4\/\" \/>\n<meta property=\"og:site_name\" content=\"PresseTaux Cambrai\" \/>\n<meta property=\"article:publisher\" content=\"https:\/\/www.facebook.com\/pressetauxcambrai?locale=fr_FR\" \/>\n<meta property=\"article:published_time\" content=\"2014-12-05T09:39:23+00:00\" \/>\n<meta property=\"article:modified_time\" content=\"2016-11-10T11:30:16+00:00\" \/>\n<meta property=\"og:image\" content=\"https:\/\/pressetaux.fr\/cambrai\/wp-content\/uploads\/sites\/3\/2020\/11\/LogoPressetaux.png\" \/>\n\t<meta property=\"og:image:width\" content=\"488\" \/>\n\t<meta property=\"og:image:height\" content=\"278\" \/>\n<meta name=\"twitter:label1\" content=\"\u00c9crit par\" \/>\n\t<meta name=\"twitter:data1\" content=\"Aur\u00e9lie PresseTaux\" \/>\n\t<meta name=\"twitter:label2\" content=\"Dur\u00e9e de lecture estim\u00e9e\" \/>\n\t<meta name=\"twitter:data2\" content=\"1 minute\" \/>\n<script type=\"application\/ld+json\" class=\"yoast-schema-graph\">{\"@context\":\"https:\/\/schema.org\",\"@graph\":[{\"@type\":\"Organization\",\"@id\":\"https:\/\/pressetaux.fr\/cambrai\/#organization\",\"name\":\"PresseTaux Cambrai\",\"url\":\"https:\/\/pressetaux.fr\/cambrai\/\",\"sameAs\":[\"https:\/\/www.facebook.com\/pressetauxcambrai?locale=fr_FR\"],\"logo\":{\"@type\":\"ImageObject\",\"@id\":\"https:\/\/pressetaux.fr\/cambrai\/#logo\",\"inLanguage\":\"fr-FR\",\"url\":\"https:\/\/pressetaux.fr\/cambrai\/wp-content\/uploads\/sites\/3\/2020\/11\/LogoPressetaux.png\",\"contentUrl\":\"https:\/\/pressetaux.fr\/cambrai\/wp-content\/uploads\/sites\/3\/2020\/11\/LogoPressetaux.png\",\"width\":488,\"height\":278,\"caption\":\"PresseTaux Cambrai\"},\"image\":{\"@id\":\"https:\/\/pressetaux.fr\/cambrai\/#logo\"}},{\"@type\":\"WebSite\",\"@id\":\"https:\/\/pressetaux.fr\/cambrai\/#website\",\"url\":\"https:\/\/pressetaux.fr\/cambrai\/\",\"name\":\"PresseTaux Cambrai\",\"description\":\"COURTIER EN CREDIT\",\"publisher\":{\"@id\":\"https:\/\/pressetaux.fr\/cambrai\/#organization\"},\"potentialAction\":[{\"@type\":\"SearchAction\",\"target\":{\"@type\":\"EntryPoint\",\"urlTemplate\":\"https:\/\/pressetaux.fr\/cambrai\/?s={search_term_string}\"},\"query-input\":\"required name=search_term_string\"}],\"inLanguage\":\"fr-FR\"},{\"@type\":\"WebPage\",\"@id\":\"https:\/\/pressetaux.fr\/cambrai\/nos-actualites-4\/#webpage\",\"url\":\"https:\/\/pressetaux.fr\/cambrai\/nos-actualites-4\/\",\"name\":\"- PresseTaux Cambrai\",\"isPartOf\":{\"@id\":\"https:\/\/pressetaux.fr\/cambrai\/#website\"},\"datePublished\":\"2014-12-05T09:39:23+00:00\",\"dateModified\":\"2016-11-10T11:30:16+00:00\",\"breadcrumb\":{\"@id\":\"https:\/\/pressetaux.fr\/cambrai\/nos-actualites-4\/#breadcrumb\"},\"inLanguage\":\"fr-FR\",\"potentialAction\":[{\"@type\":\"ReadAction\",\"target\":[\"https:\/\/pressetaux.fr\/cambrai\/nos-actualites-4\/\"]}]},{\"@type\":\"BreadcrumbList\",\"@id\":\"https:\/\/pressetaux.fr\/cambrai\/nos-actualites-4\/#breadcrumb\",\"itemListElement\":[{\"@type\":\"ListItem\",\"position\":1,\"name\":\"\"}]},{\"@type\":\"Article\",\"@id\":\"https:\/\/pressetaux.fr\/cambrai\/nos-actualites-4\/#article\",\"isPartOf\":{\"@id\":\"https:\/\/pressetaux.fr\/cambrai\/nos-actualites-4\/#webpage\"},\"author\":{\"@id\":\"https:\/\/pressetaux.fr\/cambrai\/#\/schema\/person\/4cd76b055d972c5d26a31a6868ce10e9\"},\"headline\":\"Aucun titre\",\"datePublished\":\"2014-12-05T09:39:23+00:00\",\"dateModified\":\"2016-11-10T11:30:16+00:00\",\"mainEntityOfPage\":{\"@id\":\"https:\/\/pressetaux.fr\/cambrai\/nos-actualites-4\/#webpage\"},\"wordCount\":120,\"publisher\":{\"@id\":\"https:\/\/pressetaux.fr\/cambrai\/#organization\"},\"articleSection\":[\"Actualit\\u00e9\"],\"inLanguage\":\"fr-FR\"},{\"@type\":\"Person\",\"@id\":\"https:\/\/pressetaux.fr\/cambrai\/#\/schema\/person\/4cd76b055d972c5d26a31a6868ce10e9\",\"name\":\"Aur\\u00e9lie PresseTaux\",\"image\":{\"@type\":\"ImageObject\",\"@id\":\"https:\/\/pressetaux.fr\/cambrai\/#personlogo\",\"inLanguage\":\"fr-FR\",\"url\":\"https:\/\/secure.gravatar.com\/avatar\/3c12b07ea1ddcb99edf500aed7c9791c?s=96&d=mm&r=g\",\"contentUrl\":\"https:\/\/secure.gravatar.com\/avatar\/3c12b07ea1ddcb99edf500aed7c9791c?s=96&d=mm&r=g\",\"caption\":\"Aur\\u00e9lie PresseTaux\"},\"url\":\"https:\/\/pressetaux.fr\/cambrai\/author\/aurelie-merlin\/\"}]}<\/script>\n<!-- \/ Yoast SEO plugin. -->","yoast_head_json":{"title":"- PresseTaux Cambrai","robots":{"index":"index","follow":"follow","max-snippet":"max-snippet:-1","max-image-preview":"max-image-preview:large","max-video-preview":"max-video-preview:-1"},"canonical":"https:\/\/pressetaux.fr\/cambrai\/nos-actualites-4\/","og_locale":"fr_FR","og_type":"article","og_title":"- PresseTaux Cambrai","og_description":"Said et Marie-Laure O. \u00ab Acquisition d\u2019un bien \u00e0 Aniche d\u2019une valeur de 78 000 \u20ac \u00bb \u00ab Nous sommes heureux de r\u00e9pondre \u00e0 votre questionnaire, sans l\u2019intervention de votre courtier Christophe Lamand, nous ne serions jamais devenus propri\u00e9taire. Christophe Lamand a su nous mettre en confiance, en \u00e9tant \u00e0 notre \u00e9coute et le plus important, c\u2019est qu\u2019il nous a accompagn\u00e9s \u00e0 chaque \u00e9tape de notre projet, m\u00eame jusqu\u2019\u00e0 la signature chez le notaire. Christophe Lamand a pris contact rapidement avec les banques et nous a trouv\u00e9 un taux super avantageux&#8230; Nous recommandons \u00e0 nos amis et coll\u00e8gues de contacter PresseTaux pour leurs futurs projets immobiliers, en leurs disant qu\u2019ils auront affaire \u00e0 des professionnels\u2026 Un GRAND MERCI pour votre aide. \u00bb","og_url":"https:\/\/pressetaux.fr\/cambrai\/nos-actualites-4\/","og_site_name":"PresseTaux Cambrai","article_publisher":"https:\/\/www.facebook.com\/pressetauxcambrai?locale=fr_FR","article_published_time":"2014-12-05T09:39:23+00:00","article_modified_time":"2016-11-10T11:30:16+00:00","og_image":[{"width":488,"height":278,"url":"https:\/\/pressetaux.fr\/cambrai\/wp-content\/uploads\/sites\/3\/2020\/11\/LogoPressetaux.png","type":"image\/png"}],"twitter_misc":{"\u00c9crit par":"Aur\u00e9lie PresseTaux","Dur\u00e9e de lecture estim\u00e9e":"1 minute"},"schema":{"@context":"https:\/\/schema.org","@graph":[{"@type":"Organization","@id":"https:\/\/pressetaux.fr\/cambrai\/#organization","name":"PresseTaux Cambrai","url":"https:\/\/pressetaux.fr\/cambrai\/","sameAs":["https:\/\/www.facebook.com\/pressetauxcambrai?locale=fr_FR"],"logo":{"@type":"ImageObject","@id":"https:\/\/pressetaux.fr\/cambrai\/#logo","inLanguage":"fr-FR","url":"https:\/\/pressetaux.fr\/cambrai\/wp-content\/uploads\/sites\/3\/2020\/11\/LogoPressetaux.png","contentUrl":"https:\/\/pressetaux.fr\/cambrai\/wp-content\/uploads\/sites\/3\/2020\/11\/LogoPressetaux.png","width":488,"height":278,"caption":"PresseTaux Cambrai"},"image":{"@id":"https:\/\/pressetaux.fr\/cambrai\/#logo"}},{"@type":"WebSite","@id":"https:\/\/pressetaux.fr\/cambrai\/#website","url":"https:\/\/pressetaux.fr\/cambrai\/","name":"PresseTaux Cambrai","description":"COURTIER EN CREDIT","publisher":{"@id":"https:\/\/pressetaux.fr\/cambrai\/#organization"},"potentialAction":[{"@type":"SearchAction","target":{"@type":"EntryPoint","urlTemplate":"https:\/\/pressetaux.fr\/cambrai\/?s={search_term_string}"},"query-input":"required name=search_term_string"}],"inLanguage":"fr-FR"},{"@type":"WebPage","@id":"https:\/\/pressetaux.fr\/cambrai\/nos-actualites-4\/#webpage","url":"https:\/\/pressetaux.fr\/cambrai\/nos-actualites-4\/","name":"- PresseTaux Cambrai","isPartOf":{"@id":"https:\/\/pressetaux.fr\/cambrai\/#website"},"datePublished":"2014-12-05T09:39:23+00:00","dateModified":"2016-11-10T11:30:16+00:00","breadcrumb":{"@id":"https:\/\/pressetaux.fr\/cambrai\/nos-actualites-4\/#breadcrumb"},"inLanguage":"fr-FR","potentialAction":[{"@type":"ReadAction","target":["https:\/\/pressetaux.fr\/cambrai\/nos-actualites-4\/"]}]},{"@type":"BreadcrumbList","@id":"https:\/\/pressetaux.fr\/cambrai\/nos-actualites-4\/#breadcrumb","itemListElement":[{"@type":"ListItem","position":1,"name":""}]},{"@type":"Article","@id":"https:\/\/pressetaux.fr\/cambrai\/nos-actualites-4\/#article","isPartOf":{"@id":"https:\/\/pressetaux.fr\/cambrai\/nos-actualites-4\/#webpage"},"author":{"@id":"https:\/\/pressetaux.fr\/cambrai\/#\/schema\/person\/4cd76b055d972c5d26a31a6868ce10e9"},"headline":"Aucun titre","datePublished":"2014-12-05T09:39:23+00:00","dateModified":"2016-11-10T11:30:16+00:00","mainEntityOfPage":{"@id":"https:\/\/pressetaux.fr\/cambrai\/nos-actualites-4\/#webpage"},"wordCount":120,"publisher":{"@id":"https:\/\/pressetaux.fr\/cambrai\/#organization"},"articleSection":["Actualit\u00e9"],"inLanguage":"fr-FR"},{"@type":"Person","@id":"https:\/\/pressetaux.fr\/cambrai\/#\/schema\/person\/4cd76b055d972c5d26a31a6868ce10e9","name":"Aur\u00e9lie PresseTaux","image":{"@type":"ImageObject","@id":"https:\/\/pressetaux.fr\/cambrai\/#personlogo","inLanguage":"fr-FR","url":"https:\/\/secure.gravatar.com\/avatar\/3c12b07ea1ddcb99edf500aed7c9791c?s=96&d=mm&r=g","contentUrl":"https:\/\/secure.gravatar.com\/avatar\/3c12b07ea1ddcb99edf500aed7c9791c?s=96&d=mm&r=g","caption":"Aur\u00e9lie PresseTaux"},"url":"https:\/\/pressetaux.fr\/cambrai\/author\/aurelie-merlin\/"}]}},"_links":{"self":[{"href":"https:\/\/pressetaux.fr\/cambrai\/wp-json\/wp\/v2\/posts\/341"}],"collection":[{"href":"https:\/\/pressetaux.fr\/cambrai\/wp-json\/wp\/v2\/posts"}],"about":[{"href":"https:\/\/pressetaux.fr\/cambrai\/wp-json\/wp\/v2\/types\/post"}],"author":[{"embeddable":true,"href":"https:\/\/pressetaux.fr\/cambrai\/wp-json\/wp\/v2\/users\/8"}],"replies":[{"embeddable":true,"href":"https:\/\/pressetaux.fr\/cambrai\/wp-json\/wp\/v2\/comments?post=341"}],"version-history":[{"count":0,"href":"https:\/\/pressetaux.fr\/cambrai\/wp-json\/wp\/v2\/posts\/341\/revisions"}],"wp:attachment":[{"href":"https:\/\/pressetaux.fr\/cambrai\/wp-json\/wp\/v2\/media?parent=341"}],"wp:term":[{"taxonomy":"category","embeddable":true,"href":"https:\/\/pressetaux.fr\/cambrai\/wp-json\/wp\/v2\/categories?post=341"},{"taxonomy":"post_tag","embeddable":true,"href":"https:\/\/pressetaux.fr\/cambrai\/wp-json\/wp\/v2\/tags?post=341"}],"curies":[{"name":"wp","href":"https:\/\/api.w.org\/{rel}","templated":true}]}}