{"id":975,"date":"2016-07-01T09:49:58","date_gmt":"2016-07-01T08:49:58","guid":{"rendered":"http:\/\/pressetaux.fr\/cambrai\/professionnels-peuvent-representer-jusqu-a-30-de-clientele-courtiers-reseau-pressetaux-2\/"},"modified":"2016-07-01T09:49:58","modified_gmt":"2016-07-01T08:49:58","slug":"professionnels-peuvent-representer-jusqu-a-30-de-clientele-courtiers-reseau-pressetaux-2","status":"publish","type":"post","link":"https:\/\/pressetaux.fr\/cambrai\/professionnels-peuvent-representer-jusqu-a-30-de-clientele-courtiers-reseau-pressetaux-2\/","title":{"rendered":"Les professionnels peuvent repr\u00e9senter jusqu\u2019\u00e0 30 % de la client\u00e8le des courtiers du r\u00e9seau PresseTaux"},"content":{"rendered":"<p><b><a href=\"https:\/\/pressetaux.fr\/wp-content\/uploads\/2016\/02\/PresseTaux_courtier_2.jpg\" rel=\"attachment wp-att-3241\"><img loading=\"lazy\" class=\"alignright wp-image-3241\" src=\"https:\/\/pressetaux.fr\/wp-content\/uploads\/2016\/02\/PresseTaux_courtier_2.jpg\" alt=\"PresseTaux_courtier_2\" width=\"300\" height=\"451\" \/><\/a>M\u00eame si, en moyenne, l\u2019accompagnement de particuliers reste l\u2019activit\u00e9 principale des courtiers en cr\u00e9dit n\u00e9goci\u00e9 du r\u00e9seau PresseTaux, certains d\u2019entre eux travaillent n\u00e9anmoins avec de nombreux professionnels. L\u2019occasion d\u2019analyser avec eux les diff\u00e9rents profils des professionnels qu\u2019ils accompagnent.<\/b><\/p>\n<p><span style=\"font-weight: 400;\">Si l\u2019on prend en compte l&rsquo;ensemble des dossiers trait\u00e9s, l\u2019accompagnement de professionnels repr\u00e9sente des proportions vari\u00e9es parmi les courtiers du r\u00e9seau PresseTaux. Pour certains, cette part reste m\u00eame tr\u00e8s r\u00e9duite : <\/span><i><span style=\"font-weight: 400;\">\u201centre 1 et 5 %\u201d<\/span><\/i><span style=\"font-weight: 400;\"> pour <\/span><a href=\"https:\/\/pressetaux.fr\/cambrai\/\"><span style=\"font-weight: 400;\">Jean-Philippe Journet et Eric Bossaert, courtiers PresseTaux \u00e0 Cambrai<\/span><\/a><span style=\"font-weight: 400;\">. Le chiffre grimpe \u00e0 <\/span><i><span style=\"font-weight: 400;\">\u201c10 %\u201d<\/span><\/i><span style=\"font-weight: 400;\"> pour <\/span><a href=\"https:\/\/pressetaux.fr\/lens\/courtier-lens-henin\/\"><span style=\"font-weight: 400;\">Richard Mouchel, courtier PresseTaux \u00e0 Lens<\/span><\/a><span style=\"font-weight: 400;\">, qui ajoute : <\/span><i><span style=\"font-weight: 400;\">\u201cNous pourrions d\u00e9velopper ce secteur, mais nous faisons face \u00e0 une probl\u00e9matique de temps. La mise en place d\u2019un pr\u00eat professionnel est souvent tr\u00e8s long. Ce n\u2019est pas notre vocation premi\u00e8re, mais il n\u2019emp\u00eache que l\u2019accompagnement de professionnels demeure pour nous une activit\u00e9 tr\u00e8s int\u00e9ressante.\u201d<\/span><\/i><\/p>\n<p><!--more--><\/p>\n<p><span style=\"font-weight: 400;\">Pour rebondir sur ses propos, m\u00eame si \u00e0 l\u2019\u00e9chelle nationale les particuliers repr\u00e9sentent la grande majorit\u00e9 de la client\u00e8le accompagn\u00e9e par les courtiers du r\u00e9seau, l\u2019accompagnement de professionnels dans la mise en \u0153uvre de leur plan de financement peut repr\u00e9senter une part bien plus importante pour d\u2019autres : <\/span><i><span style=\"font-weight: 400;\">\u201c20 %\u201d<\/span><\/i><span style=\"font-weight: 400;\"> pour <\/span><a href=\"https:\/\/pressetaux.fr\/mont-de-marsan\/courtier-mont-de-marsan\/\"><span style=\"font-weight: 400;\">Vincent Dartenuc, courtier PresseTaux \u00e0 Mont-de-Marsan<\/span><\/a><span style=\"font-weight: 400;\">, <\/span><i><span style=\"font-weight: 400;\">\u201c25 %\u201d<\/span><\/i><span style=\"font-weight: 400;\"> pour <\/span><a href=\"https:\/\/pressetaux.fr\/montpellier\/courtier-montpellier\/\"><span style=\"font-weight: 400;\">Carine Pradelles, courtiers PresseTaux \u00e0 Montpellier<\/span><\/a><span style=\"font-weight: 400;\">, et jusqu\u2019\u00e0 <\/span><i><span style=\"font-weight: 400;\">\u201c30 %\u201d<\/span><\/i><span style=\"font-weight: 400;\"> pour <\/span><a href=\"https:\/\/pressetaux.fr\/vitrolles\/courtier-en-credit-a-vitrolles\/\"><span style=\"font-weight: 400;\">Denis Drouet, courtier PresseTaux \u00e0 Vitrolles<\/span><\/a><span style=\"font-weight: 400;\"> !<\/span><\/p>\n<p><span style=\"font-weight: 400;\">Dans les faits, diff\u00e9rents types de professionnels font appel aux courtiers de PresseTaux. Par exemple, Jean-Philippe Journet a pu accompagner des <\/span><i><span style=\"font-weight: 400;\">\u201cprofessions lib\u00e9rales et la cr\u00e9ation d\u2019une activit\u00e9 d\u2019aquabiking\u201d<\/span><\/i><span style=\"font-weight: 400;\">. Pour Denis Drouet, des activit\u00e9s <\/span><i><span style=\"font-weight: 400;\">\u201cdans le BTP\u201d<\/span><\/i><span style=\"font-weight: 400;\"> et des <\/span><i><span style=\"font-weight: 400;\">\u201cSoci\u00e9t\u00e9s civiles immobili\u00e8res professionnelles et personnelles\u201d<\/span><\/i><span style=\"font-weight: 400;\">. Eric Bossaert cite en exemple l\u2019accompagnement d\u2019un professionnel qui l\u2019avait sollicit\u00e9 <\/span><i><span style=\"font-weight: 400;\">\u201cparce qu\u2019il n\u2019avait pas un bilan correct\u201d<\/span><\/i><span style=\"font-weight: 400;\">. Il pr\u00e9cise d\u2019ailleurs que <\/span><i><span style=\"font-weight: 400;\">\u201cle plus souvent, les professionnels font appel \u00e0 leur propre banque pour leur projet\u201d<\/span><\/i><span style=\"font-weight: 400;\">.<\/span><\/p>\n<p><span style=\"font-weight: 400;\">Carine Pradelles d\u00e9taille quant \u00e0 elle trois types de profils : <\/span><i><span style=\"font-weight: 400;\">\u201cD\u2019abord les cr\u00e9ateurs d&rsquo;entreprise avec des montants sollicit\u00e9s compris entre 15 000 \u20ac et 90 000 \u20ac, comme par exemples une agence de communication centr\u00e9e sur les nouvelles technologies et un centre de mutualisation des activit\u00e9s de professions lib\u00e9rales de sant\u00e9. Ensuite, les repreneurs avec des montants plus \u00e9lev\u00e9s : j\u2019ai eu le cas concernant une activit\u00e9 de pr\u00eat-\u00e0-porter adulte avec un financement \u00e0 hauteur de 4 millions d\u2019euros. Enfin, les professionnels en activit\u00e9, par exemples pour l&rsquo;acquisition de murs \u00e0 hauteur de 300 000 \u20ac dans le cadre d\u2019une activit\u00e9 li\u00e9e \u00e0 l&rsquo;informatique, ou pour un cr\u00e9dit bail mat\u00e9riel au b\u00e9n\u00e9fice d\u2019un fabricant de proth\u00e8se et d\u2019un bureau d&rsquo;\u00e9tude immobilier.\u201d<\/span><\/i><span style=\"font-weight: 400;\"> Elle pr\u00e9cise que les effectifs des soci\u00e9t\u00e9s qu\u2019elle a pu accompagner allaient <\/span><i><span style=\"font-weight: 400;\">\u201cde 2 \u00e0 18 personnes\u201d<\/span><\/i><span style=\"font-weight: 400;\">.<\/span><\/p>\n<p><span style=\"font-weight: 400;\">Du c\u00f4t\u00e9 de Lens (62), Richard Mouchel explique qu\u2019il accompagne <\/span><i><span style=\"font-weight: 400;\">\u201cdes chefs d\u2019entreprises pour leurs besoins personnels et professionnels\u201d<\/span><\/i><span style=\"font-weight: 400;\">. Et leurs profils sont multiples : <\/span><i><span style=\"font-weight: 400;\">\u201cdes TPE (commer\u00e7ants et artisans) pour financer leurs biens d\u2019\u00e9quipement, leur d\u00e9veloppement et aussi leurs biens personnels ; des professions lib\u00e9rales (m\u00e9decins, pharmaciens, avocats et notaires) dans le cadre, par exemple, de l&rsquo;acquisition de leurs murs professionnels ; d&rsquo;associations de type SELARL <\/span><\/i><span style=\"font-weight: 400;\">[NDLR : Soci\u00e9t\u00e9 d\u2019exercice lib\u00e9ral \u00e0 responsabilit\u00e9 limit\u00e9e \u2013 <\/span><a href=\"https:\/\/fr.wikipedia.org\/wiki\/Soci%C3%A9t%C3%A9_d%27exercice_lib%C3%A9ral\"><span style=\"font-weight: 400;\">infos ici<\/span><\/a><span style=\"font-weight: 400;\">]<\/span><i><span style=\"font-weight: 400;\"> ; ou encore d\u2019investissements \u00e0 titre personnel, pour leurs r\u00e9sidences principales, secondaires ou locatives.\u201d<\/span><\/i><\/p>\n<p><i><span style=\"font-weight: 400;\">\u201cIl s\u2019agit le plus souvent de cr\u00e9ation d\u2019entreprises<\/span><\/i><span style=\"font-weight: 400;\">, r\u00e9sume Vincent Dartenuc, <\/span><i><span style=\"font-weight: 400;\">et donc de personnes ayant besoin d\u2019\u00eatre accompagn\u00e9es par un courtier qui sera capable d\u2019analyser et de d\u00e9fendre leurs projets.\u201d<\/span><\/i><span style=\"font-weight: 400;\"> Il poursuit : <\/span><i><span style=\"font-weight: 400;\">\u201cDurant la formation initiale, PresseTaux nous a permis de pouvoir r\u00e9pondre \u00e0 leurs besoins, alors que l\u2019accompagnement de professionnels n\u2019est pas chose si courante chez les courtiers. Pourtant, la demande des professionnels est croissante devant la f\u00e9brilit\u00e9 des banques vis-\u00e0-vis des cr\u00e9ateurs d\u2019entreprises.\u201d<\/span><\/i><\/p>\n","protected":false},"excerpt":{"rendered":"<p>M\u00eame si, en moyenne, l\u2019accompagnement de particuliers reste l\u2019activit\u00e9 principale des courtiers en cr\u00e9dit n\u00e9goci\u00e9 du r\u00e9seau PresseTaux, certains d\u2019entre eux travaillent n\u00e9anmoins avec de nombreux professionnels. L\u2019occasion d\u2019analyser avec eux les diff\u00e9rents profils des professionnels qu\u2019ils accompagnent. Si l\u2019on prend en compte l&rsquo;ensemble des dossiers trait\u00e9s, l\u2019accompagnement de professionnels repr\u00e9sente des proportions vari\u00e9es parmi les courtiers du r\u00e9seau PresseTaux. Pour certains, cette part reste m\u00eame tr\u00e8s r\u00e9duite : \u201centre 1 et 5 %\u201d pour Jean-Philippe Journet et Eric Bossaert, courtiers PresseTaux \u00e0 Cambrai. Le chiffre grimpe \u00e0 \u201c10 %\u201d pour Richard Mouchel, courtier PresseTaux \u00e0 Lens, qui ajoute : \u201cNous pourrions d\u00e9velopper ce secteur, mais nous faisons face \u00e0 une probl\u00e9matique de temps. La mise en place d\u2019un pr\u00eat professionnel est souvent tr\u00e8s long. Ce n\u2019est pas notre vocation premi\u00e8re, mais il n\u2019emp\u00eache que l\u2019accompagnement de professionnels demeure pour nous une activit\u00e9 tr\u00e8s int\u00e9ressante.\u201d<\/p>\n","protected":false},"author":7,"featured_media":0,"comment_status":"closed","ping_status":"open","sticky":false,"template":"","format":"standard","meta":{"_genesis_hide_title":false,"_genesis_hide_breadcrumbs":false,"_genesis_hide_singular_image":false,"_genesis_hide_footer_widgets":false,"_genesis_custom_body_class":"","_genesis_custom_post_class":"","_genesis_layout":""},"categories":[5],"tags":[],"yoast_head":"<!-- This site is optimized with the Yoast SEO plugin v17.8 - https:\/\/yoast.com\/wordpress\/plugins\/seo\/ -->\n<title>Les professionnels peuvent repr\u00e9senter jusqu\u2019\u00e0 30 % de la client\u00e8le des courtiers du r\u00e9seau PresseTaux - PresseTaux Cambrai<\/title>\n<meta name=\"robots\" content=\"index, follow, max-snippet:-1, max-image-preview:large, max-video-preview:-1\" \/>\n<link rel=\"canonical\" href=\"https:\/\/pressetaux.fr\/cambrai\/professionnels-peuvent-representer-jusqu-a-30-de-clientele-courtiers-reseau-pressetaux-2\/\" \/>\n<meta property=\"og:locale\" content=\"fr_FR\" \/>\n<meta property=\"og:type\" content=\"article\" \/>\n<meta property=\"og:title\" content=\"Les professionnels peuvent repr\u00e9senter jusqu\u2019\u00e0 30 % de la client\u00e8le des courtiers du r\u00e9seau PresseTaux - PresseTaux Cambrai\" \/>\n<meta property=\"og:description\" content=\"M\u00eame si, en moyenne, l\u2019accompagnement de particuliers reste l\u2019activit\u00e9 principale des courtiers en cr\u00e9dit n\u00e9goci\u00e9 du r\u00e9seau PresseTaux, certains d\u2019entre eux travaillent n\u00e9anmoins avec de nombreux professionnels. L\u2019occasion d\u2019analyser avec eux les diff\u00e9rents profils des professionnels qu\u2019ils accompagnent. Si l\u2019on prend en compte l&rsquo;ensemble des dossiers trait\u00e9s, l\u2019accompagnement de professionnels repr\u00e9sente des proportions vari\u00e9es parmi les courtiers du r\u00e9seau PresseTaux. Pour certains, cette part reste m\u00eame tr\u00e8s r\u00e9duite : \u201centre 1 et 5 %\u201d pour Jean-Philippe Journet et Eric Bossaert, courtiers PresseTaux \u00e0 Cambrai. Le chiffre grimpe \u00e0 \u201c10 %\u201d pour Richard Mouchel, courtier PresseTaux \u00e0 Lens, qui ajoute : \u201cNous pourrions d\u00e9velopper ce secteur, mais nous faisons face \u00e0 une probl\u00e9matique de temps. La mise en place d\u2019un pr\u00eat professionnel est souvent tr\u00e8s long. Ce n\u2019est pas notre vocation premi\u00e8re, mais il n\u2019emp\u00eache que l\u2019accompagnement de professionnels demeure pour nous une activit\u00e9 tr\u00e8s int\u00e9ressante.\u201d\" \/>\n<meta property=\"og:url\" content=\"https:\/\/pressetaux.fr\/cambrai\/professionnels-peuvent-representer-jusqu-a-30-de-clientele-courtiers-reseau-pressetaux-2\/\" \/>\n<meta property=\"og:site_name\" content=\"PresseTaux Cambrai\" \/>\n<meta property=\"article:publisher\" content=\"https:\/\/www.facebook.com\/pressetauxcambrai?locale=fr_FR\" \/>\n<meta property=\"article:published_time\" content=\"2016-07-01T08:49:58+00:00\" \/>\n<meta property=\"og:image\" content=\"https:\/\/pressetaux.fr\/wp-content\/uploads\/2016\/02\/PresseTaux_courtier_2.jpg\" \/>\n<meta name=\"twitter:label1\" content=\"\u00c9crit par\" \/>\n\t<meta name=\"twitter:data1\" content=\"Ma\u00ebl PresseTaux\" \/>\n\t<meta name=\"twitter:label2\" content=\"Dur\u00e9e de lecture estim\u00e9e\" \/>\n\t<meta name=\"twitter:data2\" content=\"3 minutes\" \/>\n<script type=\"application\/ld+json\" class=\"yoast-schema-graph\">{\"@context\":\"https:\/\/schema.org\",\"@graph\":[{\"@type\":\"Organization\",\"@id\":\"https:\/\/pressetaux.fr\/cambrai\/#organization\",\"name\":\"PresseTaux Cambrai\",\"url\":\"https:\/\/pressetaux.fr\/cambrai\/\",\"sameAs\":[\"https:\/\/www.facebook.com\/pressetauxcambrai?locale=fr_FR\"],\"logo\":{\"@type\":\"ImageObject\",\"@id\":\"https:\/\/pressetaux.fr\/cambrai\/#logo\",\"inLanguage\":\"fr-FR\",\"url\":\"https:\/\/pressetaux.fr\/cambrai\/wp-content\/uploads\/sites\/3\/2020\/11\/LogoPressetaux.png\",\"contentUrl\":\"https:\/\/pressetaux.fr\/cambrai\/wp-content\/uploads\/sites\/3\/2020\/11\/LogoPressetaux.png\",\"width\":488,\"height\":278,\"caption\":\"PresseTaux Cambrai\"},\"image\":{\"@id\":\"https:\/\/pressetaux.fr\/cambrai\/#logo\"}},{\"@type\":\"WebSite\",\"@id\":\"https:\/\/pressetaux.fr\/cambrai\/#website\",\"url\":\"https:\/\/pressetaux.fr\/cambrai\/\",\"name\":\"PresseTaux Cambrai\",\"description\":\"COURTIER EN CREDIT\",\"publisher\":{\"@id\":\"https:\/\/pressetaux.fr\/cambrai\/#organization\"},\"potentialAction\":[{\"@type\":\"SearchAction\",\"target\":{\"@type\":\"EntryPoint\",\"urlTemplate\":\"https:\/\/pressetaux.fr\/cambrai\/?s={search_term_string}\"},\"query-input\":\"required name=search_term_string\"}],\"inLanguage\":\"fr-FR\"},{\"@type\":\"ImageObject\",\"@id\":\"https:\/\/pressetaux.fr\/cambrai\/professionnels-peuvent-representer-jusqu-a-30-de-clientele-courtiers-reseau-pressetaux-2\/#primaryimage\",\"inLanguage\":\"fr-FR\",\"url\":\"https:\/\/pressetaux.fr\/wp-content\/uploads\/2016\/02\/PresseTaux_courtier_2.jpg\",\"contentUrl\":\"https:\/\/pressetaux.fr\/wp-content\/uploads\/2016\/02\/PresseTaux_courtier_2.jpg\"},{\"@type\":\"WebPage\",\"@id\":\"https:\/\/pressetaux.fr\/cambrai\/professionnels-peuvent-representer-jusqu-a-30-de-clientele-courtiers-reseau-pressetaux-2\/#webpage\",\"url\":\"https:\/\/pressetaux.fr\/cambrai\/professionnels-peuvent-representer-jusqu-a-30-de-clientele-courtiers-reseau-pressetaux-2\/\",\"name\":\"Les professionnels peuvent repr\\u00e9senter jusqu\\u2019\\u00e0 30 % de la client\\u00e8le des courtiers du r\\u00e9seau PresseTaux - PresseTaux Cambrai\",\"isPartOf\":{\"@id\":\"https:\/\/pressetaux.fr\/cambrai\/#website\"},\"primaryImageOfPage\":{\"@id\":\"https:\/\/pressetaux.fr\/cambrai\/professionnels-peuvent-representer-jusqu-a-30-de-clientele-courtiers-reseau-pressetaux-2\/#primaryimage\"},\"datePublished\":\"2016-07-01T08:49:58+00:00\",\"dateModified\":\"2016-07-01T08:49:58+00:00\",\"breadcrumb\":{\"@id\":\"https:\/\/pressetaux.fr\/cambrai\/professionnels-peuvent-representer-jusqu-a-30-de-clientele-courtiers-reseau-pressetaux-2\/#breadcrumb\"},\"inLanguage\":\"fr-FR\",\"potentialAction\":[{\"@type\":\"ReadAction\",\"target\":[\"https:\/\/pressetaux.fr\/cambrai\/professionnels-peuvent-representer-jusqu-a-30-de-clientele-courtiers-reseau-pressetaux-2\/\"]}]},{\"@type\":\"BreadcrumbList\",\"@id\":\"https:\/\/pressetaux.fr\/cambrai\/professionnels-peuvent-representer-jusqu-a-30-de-clientele-courtiers-reseau-pressetaux-2\/#breadcrumb\",\"itemListElement\":[{\"@type\":\"ListItem\",\"position\":1,\"name\":\"Les professionnels peuvent repr\\u00e9senter jusqu\\u2019\\u00e0 30 % de la client\\u00e8le des courtiers du r\\u00e9seau PresseTaux\"}]},{\"@type\":\"Article\",\"@id\":\"https:\/\/pressetaux.fr\/cambrai\/professionnels-peuvent-representer-jusqu-a-30-de-clientele-courtiers-reseau-pressetaux-2\/#article\",\"isPartOf\":{\"@id\":\"https:\/\/pressetaux.fr\/cambrai\/professionnels-peuvent-representer-jusqu-a-30-de-clientele-courtiers-reseau-pressetaux-2\/#webpage\"},\"author\":{\"@id\":\"https:\/\/pressetaux.fr\/cambrai\/#\/schema\/person\/e18ef05c180d813e5ce42087d0369f85\"},\"headline\":\"Les professionnels peuvent repr\\u00e9senter jusqu\\u2019\\u00e0 30 % de la client\\u00e8le des courtiers du r\\u00e9seau PresseTaux\",\"datePublished\":\"2016-07-01T08:49:58+00:00\",\"dateModified\":\"2016-07-01T08:49:58+00:00\",\"mainEntityOfPage\":{\"@id\":\"https:\/\/pressetaux.fr\/cambrai\/professionnels-peuvent-representer-jusqu-a-30-de-clientele-courtiers-reseau-pressetaux-2\/#webpage\"},\"wordCount\":687,\"publisher\":{\"@id\":\"https:\/\/pressetaux.fr\/cambrai\/#organization\"},\"image\":{\"@id\":\"https:\/\/pressetaux.fr\/cambrai\/professionnels-peuvent-representer-jusqu-a-30-de-clientele-courtiers-reseau-pressetaux-2\/#primaryimage\"},\"thumbnailUrl\":\"https:\/\/pressetaux.fr\/wp-content\/uploads\/2016\/02\/PresseTaux_courtier_2.jpg\",\"articleSection\":[\"PresseTaux\"],\"inLanguage\":\"fr-FR\"},{\"@type\":\"Person\",\"@id\":\"https:\/\/pressetaux.fr\/cambrai\/#\/schema\/person\/e18ef05c180d813e5ce42087d0369f85\",\"name\":\"Ma\\u00ebl PresseTaux\",\"image\":{\"@type\":\"ImageObject\",\"@id\":\"https:\/\/pressetaux.fr\/cambrai\/#personlogo\",\"inLanguage\":\"fr-FR\",\"url\":\"https:\/\/secure.gravatar.com\/avatar\/c2daa4ba12e6c26194c9f7b7936f6a98?s=96&d=mm&r=g\",\"contentUrl\":\"https:\/\/secure.gravatar.com\/avatar\/c2daa4ba12e6c26194c9f7b7936f6a98?s=96&d=mm&r=g\",\"caption\":\"Ma\\u00ebl PresseTaux\"},\"url\":\"https:\/\/pressetaux.fr\/cambrai\/author\/mael-nonet\/\"}]}<\/script>\n<!-- \/ Yoast SEO plugin. -->","yoast_head_json":{"title":"Les professionnels peuvent repr\u00e9senter jusqu\u2019\u00e0 30 % de la client\u00e8le des courtiers du r\u00e9seau PresseTaux - PresseTaux Cambrai","robots":{"index":"index","follow":"follow","max-snippet":"max-snippet:-1","max-image-preview":"max-image-preview:large","max-video-preview":"max-video-preview:-1"},"canonical":"https:\/\/pressetaux.fr\/cambrai\/professionnels-peuvent-representer-jusqu-a-30-de-clientele-courtiers-reseau-pressetaux-2\/","og_locale":"fr_FR","og_type":"article","og_title":"Les professionnels peuvent repr\u00e9senter jusqu\u2019\u00e0 30 % de la client\u00e8le des courtiers du r\u00e9seau PresseTaux - PresseTaux Cambrai","og_description":"M\u00eame si, en moyenne, l\u2019accompagnement de particuliers reste l\u2019activit\u00e9 principale des courtiers en cr\u00e9dit n\u00e9goci\u00e9 du r\u00e9seau PresseTaux, certains d\u2019entre eux travaillent n\u00e9anmoins avec de nombreux professionnels. L\u2019occasion d\u2019analyser avec eux les diff\u00e9rents profils des professionnels qu\u2019ils accompagnent. Si l\u2019on prend en compte l&rsquo;ensemble des dossiers trait\u00e9s, l\u2019accompagnement de professionnels repr\u00e9sente des proportions vari\u00e9es parmi les courtiers du r\u00e9seau PresseTaux. Pour certains, cette part reste m\u00eame tr\u00e8s r\u00e9duite : \u201centre 1 et 5 %\u201d pour Jean-Philippe Journet et Eric Bossaert, courtiers PresseTaux \u00e0 Cambrai. Le chiffre grimpe \u00e0 \u201c10 %\u201d pour Richard Mouchel, courtier PresseTaux \u00e0 Lens, qui ajoute : \u201cNous pourrions d\u00e9velopper ce secteur, mais nous faisons face \u00e0 une probl\u00e9matique de temps. La mise en place d\u2019un pr\u00eat professionnel est souvent tr\u00e8s long. Ce n\u2019est pas notre vocation premi\u00e8re, mais il n\u2019emp\u00eache que l\u2019accompagnement de professionnels demeure pour nous une activit\u00e9 tr\u00e8s int\u00e9ressante.\u201d","og_url":"https:\/\/pressetaux.fr\/cambrai\/professionnels-peuvent-representer-jusqu-a-30-de-clientele-courtiers-reseau-pressetaux-2\/","og_site_name":"PresseTaux Cambrai","article_publisher":"https:\/\/www.facebook.com\/pressetauxcambrai?locale=fr_FR","article_published_time":"2016-07-01T08:49:58+00:00","og_image":[{"url":"https:\/\/pressetaux.fr\/wp-content\/uploads\/2016\/02\/PresseTaux_courtier_2.jpg"}],"twitter_misc":{"\u00c9crit par":"Ma\u00ebl PresseTaux","Dur\u00e9e de lecture estim\u00e9e":"3 minutes"},"schema":{"@context":"https:\/\/schema.org","@graph":[{"@type":"Organization","@id":"https:\/\/pressetaux.fr\/cambrai\/#organization","name":"PresseTaux Cambrai","url":"https:\/\/pressetaux.fr\/cambrai\/","sameAs":["https:\/\/www.facebook.com\/pressetauxcambrai?locale=fr_FR"],"logo":{"@type":"ImageObject","@id":"https:\/\/pressetaux.fr\/cambrai\/#logo","inLanguage":"fr-FR","url":"https:\/\/pressetaux.fr\/cambrai\/wp-content\/uploads\/sites\/3\/2020\/11\/LogoPressetaux.png","contentUrl":"https:\/\/pressetaux.fr\/cambrai\/wp-content\/uploads\/sites\/3\/2020\/11\/LogoPressetaux.png","width":488,"height":278,"caption":"PresseTaux Cambrai"},"image":{"@id":"https:\/\/pressetaux.fr\/cambrai\/#logo"}},{"@type":"WebSite","@id":"https:\/\/pressetaux.fr\/cambrai\/#website","url":"https:\/\/pressetaux.fr\/cambrai\/","name":"PresseTaux Cambrai","description":"COURTIER EN CREDIT","publisher":{"@id":"https:\/\/pressetaux.fr\/cambrai\/#organization"},"potentialAction":[{"@type":"SearchAction","target":{"@type":"EntryPoint","urlTemplate":"https:\/\/pressetaux.fr\/cambrai\/?s={search_term_string}"},"query-input":"required name=search_term_string"}],"inLanguage":"fr-FR"},{"@type":"ImageObject","@id":"https:\/\/pressetaux.fr\/cambrai\/professionnels-peuvent-representer-jusqu-a-30-de-clientele-courtiers-reseau-pressetaux-2\/#primaryimage","inLanguage":"fr-FR","url":"https:\/\/pressetaux.fr\/wp-content\/uploads\/2016\/02\/PresseTaux_courtier_2.jpg","contentUrl":"https:\/\/pressetaux.fr\/wp-content\/uploads\/2016\/02\/PresseTaux_courtier_2.jpg"},{"@type":"WebPage","@id":"https:\/\/pressetaux.fr\/cambrai\/professionnels-peuvent-representer-jusqu-a-30-de-clientele-courtiers-reseau-pressetaux-2\/#webpage","url":"https:\/\/pressetaux.fr\/cambrai\/professionnels-peuvent-representer-jusqu-a-30-de-clientele-courtiers-reseau-pressetaux-2\/","name":"Les professionnels peuvent repr\u00e9senter jusqu\u2019\u00e0 30 % de la client\u00e8le des courtiers du r\u00e9seau PresseTaux - PresseTaux Cambrai","isPartOf":{"@id":"https:\/\/pressetaux.fr\/cambrai\/#website"},"primaryImageOfPage":{"@id":"https:\/\/pressetaux.fr\/cambrai\/professionnels-peuvent-representer-jusqu-a-30-de-clientele-courtiers-reseau-pressetaux-2\/#primaryimage"},"datePublished":"2016-07-01T08:49:58+00:00","dateModified":"2016-07-01T08:49:58+00:00","breadcrumb":{"@id":"https:\/\/pressetaux.fr\/cambrai\/professionnels-peuvent-representer-jusqu-a-30-de-clientele-courtiers-reseau-pressetaux-2\/#breadcrumb"},"inLanguage":"fr-FR","potentialAction":[{"@type":"ReadAction","target":["https:\/\/pressetaux.fr\/cambrai\/professionnels-peuvent-representer-jusqu-a-30-de-clientele-courtiers-reseau-pressetaux-2\/"]}]},{"@type":"BreadcrumbList","@id":"https:\/\/pressetaux.fr\/cambrai\/professionnels-peuvent-representer-jusqu-a-30-de-clientele-courtiers-reseau-pressetaux-2\/#breadcrumb","itemListElement":[{"@type":"ListItem","position":1,"name":"Les professionnels peuvent repr\u00e9senter jusqu\u2019\u00e0 30 % de la client\u00e8le des courtiers du r\u00e9seau PresseTaux"}]},{"@type":"Article","@id":"https:\/\/pressetaux.fr\/cambrai\/professionnels-peuvent-representer-jusqu-a-30-de-clientele-courtiers-reseau-pressetaux-2\/#article","isPartOf":{"@id":"https:\/\/pressetaux.fr\/cambrai\/professionnels-peuvent-representer-jusqu-a-30-de-clientele-courtiers-reseau-pressetaux-2\/#webpage"},"author":{"@id":"https:\/\/pressetaux.fr\/cambrai\/#\/schema\/person\/e18ef05c180d813e5ce42087d0369f85"},"headline":"Les professionnels peuvent repr\u00e9senter jusqu\u2019\u00e0 30 % de la client\u00e8le des courtiers du r\u00e9seau PresseTaux","datePublished":"2016-07-01T08:49:58+00:00","dateModified":"2016-07-01T08:49:58+00:00","mainEntityOfPage":{"@id":"https:\/\/pressetaux.fr\/cambrai\/professionnels-peuvent-representer-jusqu-a-30-de-clientele-courtiers-reseau-pressetaux-2\/#webpage"},"wordCount":687,"publisher":{"@id":"https:\/\/pressetaux.fr\/cambrai\/#organization"},"image":{"@id":"https:\/\/pressetaux.fr\/cambrai\/professionnels-peuvent-representer-jusqu-a-30-de-clientele-courtiers-reseau-pressetaux-2\/#primaryimage"},"thumbnailUrl":"https:\/\/pressetaux.fr\/wp-content\/uploads\/2016\/02\/PresseTaux_courtier_2.jpg","articleSection":["PresseTaux"],"inLanguage":"fr-FR"},{"@type":"Person","@id":"https:\/\/pressetaux.fr\/cambrai\/#\/schema\/person\/e18ef05c180d813e5ce42087d0369f85","name":"Ma\u00ebl PresseTaux","image":{"@type":"ImageObject","@id":"https:\/\/pressetaux.fr\/cambrai\/#personlogo","inLanguage":"fr-FR","url":"https:\/\/secure.gravatar.com\/avatar\/c2daa4ba12e6c26194c9f7b7936f6a98?s=96&d=mm&r=g","contentUrl":"https:\/\/secure.gravatar.com\/avatar\/c2daa4ba12e6c26194c9f7b7936f6a98?s=96&d=mm&r=g","caption":"Ma\u00ebl PresseTaux"},"url":"https:\/\/pressetaux.fr\/cambrai\/author\/mael-nonet\/"}]}},"_links":{"self":[{"href":"https:\/\/pressetaux.fr\/cambrai\/wp-json\/wp\/v2\/posts\/975"}],"collection":[{"href":"https:\/\/pressetaux.fr\/cambrai\/wp-json\/wp\/v2\/posts"}],"about":[{"href":"https:\/\/pressetaux.fr\/cambrai\/wp-json\/wp\/v2\/types\/post"}],"author":[{"embeddable":true,"href":"https:\/\/pressetaux.fr\/cambrai\/wp-json\/wp\/v2\/users\/7"}],"replies":[{"embeddable":true,"href":"https:\/\/pressetaux.fr\/cambrai\/wp-json\/wp\/v2\/comments?post=975"}],"version-history":[{"count":0,"href":"https:\/\/pressetaux.fr\/cambrai\/wp-json\/wp\/v2\/posts\/975\/revisions"}],"wp:attachment":[{"href":"https:\/\/pressetaux.fr\/cambrai\/wp-json\/wp\/v2\/media?parent=975"}],"wp:term":[{"taxonomy":"category","embeddable":true,"href":"https:\/\/pressetaux.fr\/cambrai\/wp-json\/wp\/v2\/categories?post=975"},{"taxonomy":"post_tag","embeddable":true,"href":"https:\/\/pressetaux.fr\/cambrai\/wp-json\/wp\/v2\/tags?post=975"}],"curies":[{"name":"wp","href":"https:\/\/api.w.org\/{rel}","templated":true}]}}