{"id":994,"date":"2016-08-05T08:57:52","date_gmt":"2016-08-05T07:57:52","guid":{"rendered":"http:\/\/pressetaux.fr\/cambrai\/souhaitais-beneficier-talents-negociation-de-johan-carre-afin-de-profiter-dun-meilleur-taux\/"},"modified":"2016-08-05T08:57:52","modified_gmt":"2016-08-05T07:57:52","slug":"souhaitais-beneficier-talents-negociation-de-johan-carre-afin-de-profiter-dun-meilleur-taux","status":"publish","type":"post","link":"https:\/\/pressetaux.fr\/cambrai\/souhaitais-beneficier-talents-negociation-de-johan-carre-afin-de-profiter-dun-meilleur-taux\/","title":{"rendered":"\u201cJe souhaitais b\u00e9n\u00e9ficier des talents en n\u00e9gociation de Johan Carr\u00e9 afin de profiter d\u2019un meilleur taux\u201d"},"content":{"rendered":"<p><b><a href=\"https:\/\/pressetaux.fr\/wp-content\/uploads\/2016\/02\/PresseTaux_courtier_5.jpg\" rel=\"attachment wp-att-3411\"><img loading=\"lazy\" class=\"alignright wp-image-3411\" src=\"https:\/\/pressetaux.fr\/wp-content\/uploads\/2016\/02\/PresseTaux_courtier_5.jpg\" alt=\"PresseTaux_courtier_5\" width=\"264\" height=\"200\" \/><\/a>C\u00e9cile C. a eu recours aux services de Johan Carr\u00e9, courtier PresseTaux \u00e0 Cambrai, dans le cadre d\u2019un <\/b><b>besoin d&rsquo;un financement pour un achat immobilier<\/b><b>. T\u00e9moignage d\u2019un particulier.<\/b><\/p>\n<p><span style=\"font-weight: 400;\">C\u00e9cile C. a sollicit\u00e9 les services d\u2019un courtier de l\u2019enseigne dans le cadre d\u2019un besoin de financement pour un achat immobilier. Elle avait <\/span><i><span style=\"font-weight: 400;\">\u201c<\/span><\/i><i><span style=\"font-weight: 400;\">d\u00e9j\u00e0 fait appel \u00e0 PresseTaux\u201d<\/span><\/i><span style=\"font-weight: 400;\">, et a pu b\u00e9n\u00e9ficier \u00e0 nouveau d\u2019un accompagnement propos\u00e9 par <\/span><a href=\"https:\/\/pressetaux.fr\/cambrai\/courtier-cambrai-nord\/\" target=\"_blank\"><span style=\"font-weight: 400;\">Johan Carr\u00e9, courtier PresseTaux \u00e0 Cambrai<\/span><\/a><span style=\"font-weight: 400;\"> (59).<\/span><\/p>\n<p><!--more--><\/p>\n<p><b>En quelques mots, pouvez-vous nous r\u00e9sumer en quoi a consist\u00e9 votre projet et pourquoi avez-vous eu besoin d&rsquo;un financement ?<\/b><\/p>\n<p>J\u2019ai sollicit\u00e9 Johan Carr\u00e9 car j\u2019avais besoin d\u2019un financement dans le cadre d\u2019un achat immobilier.<\/p>\n<p><b>Pour quelles raisons avez-vous fait appel \u00e0 un courtier ? <\/b><\/p>\n<p>J\u2019ai fait appel aux services d\u2019un courtier car je manquais de temps pour tout g\u00e9rer de mon c\u00f4t\u00e9. Je souhaitais b\u00e9n\u00e9ficier des talents en n\u00e9gociation de Johan Carr\u00e9 afin de profiter d\u2019un meilleur taux. Enfin, la simplicit\u00e9 des d\u00e9marches et l\u2019accompagnement \u00e0 chaque \u00e9tape de notre projet m\u2019a incit\u00e9e \u00e0 faire appel \u00e0 nouveau \u00e0 lui.<\/p>\n<p><b>Quelles solutions ont \u00e9t\u00e9 trouv\u00e9es par le courtier de PresseTaux pour r\u00e9pondre au mieux \u00e0 vos besoins ?<\/b><\/p>\n<p>Johan Carr\u00e9 m\u2019a trouv\u00e9 un pr\u00eat immobilier \u00e0 un taux de 1,90 % sur 20 ans.<\/p>\n<p><b>De mani\u00e8re g\u00e9n\u00e9rale, comment \u00e9valuez-vous l&rsquo;accompagnement offert par le courtier de l&rsquo;agence PresseTaux qui vous a accompagn\u00e9e? <\/b><\/p>\n<p>L\u2019accompagnement assur\u00e9 par Johan Carr\u00e9 a \u00e9t\u00e9 excellent. Il a \u00e9t\u00e9 pr\u00e9sent \u00e0 chaque \u00e9tape. Il m\u2019a tenue au courant \u00e0 chaque fois, et a \u00e9t\u00e9 \u00e0 mes c\u00f4t\u00e9s jusqu&rsquo;\u00e0 la signature de l&rsquo;achat immobilier.<\/p>\n<p><b>Recommanderiez-vous PresseTaux \u00e0 votre entourage ?<\/b><\/p>\n<p>Je le recommanderai le professionnalisme de Johan Carr\u00e9 \u00e0 mon entourage sans aucune h\u00e9sitation, pour sa r\u00e9activit\u00e9, son s\u00e9rieux, sa rapidit\u00e9 de r\u00e9ponse et son suivi.<\/p>\n","protected":false},"excerpt":{"rendered":"<p>C\u00e9cile C. a eu recours aux services de Johan Carr\u00e9, courtier PresseTaux \u00e0 Cambrai, dans le cadre d\u2019un besoin d&rsquo;un financement pour un achat immobilier. T\u00e9moignage d\u2019un particulier. C\u00e9cile C. a sollicit\u00e9 les services d\u2019un courtier de l\u2019enseigne dans le cadre d\u2019un besoin de financement pour un achat immobilier. Elle avait \u201cd\u00e9j\u00e0 fait appel \u00e0 PresseTaux\u201d, et a pu b\u00e9n\u00e9ficier \u00e0 nouveau d\u2019un accompagnement propos\u00e9 par Johan Carr\u00e9, courtier PresseTaux \u00e0 Cambrai (59).<\/p>\n","protected":false},"author":7,"featured_media":0,"comment_status":"closed","ping_status":"open","sticky":false,"template":"","format":"standard","meta":{"_genesis_hide_title":false,"_genesis_hide_breadcrumbs":false,"_genesis_hide_singular_image":false,"_genesis_hide_footer_widgets":false,"_genesis_custom_body_class":"","_genesis_custom_post_class":"","_genesis_layout":""},"categories":[6],"tags":[],"yoast_head":"<!-- This site is optimized with the Yoast SEO plugin v17.8 - https:\/\/yoast.com\/wordpress\/plugins\/seo\/ -->\n<title>\u201cJe souhaitais b\u00e9n\u00e9ficier des talents en n\u00e9gociation de Johan Carr\u00e9 afin de profiter d\u2019un meilleur taux\u201d - PresseTaux Cambrai<\/title>\n<meta name=\"robots\" content=\"index, follow, max-snippet:-1, max-image-preview:large, max-video-preview:-1\" \/>\n<link rel=\"canonical\" href=\"https:\/\/pressetaux.fr\/cambrai\/souhaitais-beneficier-talents-negociation-de-johan-carre-afin-de-profiter-dun-meilleur-taux\/\" \/>\n<meta property=\"og:locale\" content=\"fr_FR\" \/>\n<meta property=\"og:type\" content=\"article\" \/>\n<meta property=\"og:title\" content=\"\u201cJe souhaitais b\u00e9n\u00e9ficier des talents en n\u00e9gociation de Johan Carr\u00e9 afin de profiter d\u2019un meilleur taux\u201d - PresseTaux Cambrai\" \/>\n<meta property=\"og:description\" content=\"C\u00e9cile C. a eu recours aux services de Johan Carr\u00e9, courtier PresseTaux \u00e0 Cambrai, dans le cadre d\u2019un besoin d&rsquo;un financement pour un achat immobilier. T\u00e9moignage d\u2019un particulier. C\u00e9cile C. a sollicit\u00e9 les services d\u2019un courtier de l\u2019enseigne dans le cadre d\u2019un besoin de financement pour un achat immobilier. Elle avait \u201cd\u00e9j\u00e0 fait appel \u00e0 PresseTaux\u201d, et a pu b\u00e9n\u00e9ficier \u00e0 nouveau d\u2019un accompagnement propos\u00e9 par Johan Carr\u00e9, courtier PresseTaux \u00e0 Cambrai (59).\" \/>\n<meta property=\"og:url\" content=\"https:\/\/pressetaux.fr\/cambrai\/souhaitais-beneficier-talents-negociation-de-johan-carre-afin-de-profiter-dun-meilleur-taux\/\" \/>\n<meta property=\"og:site_name\" content=\"PresseTaux Cambrai\" \/>\n<meta property=\"article:publisher\" content=\"https:\/\/www.facebook.com\/pressetauxcambrai?locale=fr_FR\" \/>\n<meta property=\"article:published_time\" content=\"2016-08-05T07:57:52+00:00\" \/>\n<meta property=\"og:image\" content=\"https:\/\/pressetaux.fr\/wp-content\/uploads\/2016\/02\/PresseTaux_courtier_5.jpg\" \/>\n<meta name=\"twitter:label1\" content=\"\u00c9crit par\" \/>\n\t<meta name=\"twitter:data1\" content=\"Ma\u00ebl PresseTaux\" \/>\n\t<meta name=\"twitter:label2\" content=\"Dur\u00e9e de lecture estim\u00e9e\" \/>\n\t<meta name=\"twitter:data2\" content=\"2 minutes\" \/>\n<script type=\"application\/ld+json\" class=\"yoast-schema-graph\">{\"@context\":\"https:\/\/schema.org\",\"@graph\":[{\"@type\":\"Organization\",\"@id\":\"https:\/\/pressetaux.fr\/cambrai\/#organization\",\"name\":\"PresseTaux Cambrai\",\"url\":\"https:\/\/pressetaux.fr\/cambrai\/\",\"sameAs\":[\"https:\/\/www.facebook.com\/pressetauxcambrai?locale=fr_FR\"],\"logo\":{\"@type\":\"ImageObject\",\"@id\":\"https:\/\/pressetaux.fr\/cambrai\/#logo\",\"inLanguage\":\"fr-FR\",\"url\":\"https:\/\/pressetaux.fr\/cambrai\/wp-content\/uploads\/sites\/3\/2020\/11\/LogoPressetaux.png\",\"contentUrl\":\"https:\/\/pressetaux.fr\/cambrai\/wp-content\/uploads\/sites\/3\/2020\/11\/LogoPressetaux.png\",\"width\":488,\"height\":278,\"caption\":\"PresseTaux Cambrai\"},\"image\":{\"@id\":\"https:\/\/pressetaux.fr\/cambrai\/#logo\"}},{\"@type\":\"WebSite\",\"@id\":\"https:\/\/pressetaux.fr\/cambrai\/#website\",\"url\":\"https:\/\/pressetaux.fr\/cambrai\/\",\"name\":\"PresseTaux Cambrai\",\"description\":\"COURTIER EN CREDIT\",\"publisher\":{\"@id\":\"https:\/\/pressetaux.fr\/cambrai\/#organization\"},\"potentialAction\":[{\"@type\":\"SearchAction\",\"target\":{\"@type\":\"EntryPoint\",\"urlTemplate\":\"https:\/\/pressetaux.fr\/cambrai\/?s={search_term_string}\"},\"query-input\":\"required name=search_term_string\"}],\"inLanguage\":\"fr-FR\"},{\"@type\":\"ImageObject\",\"@id\":\"https:\/\/pressetaux.fr\/cambrai\/souhaitais-beneficier-talents-negociation-de-johan-carre-afin-de-profiter-dun-meilleur-taux\/#primaryimage\",\"inLanguage\":\"fr-FR\",\"url\":\"https:\/\/pressetaux.fr\/wp-content\/uploads\/2016\/02\/PresseTaux_courtier_5.jpg\",\"contentUrl\":\"https:\/\/pressetaux.fr\/wp-content\/uploads\/2016\/02\/PresseTaux_courtier_5.jpg\"},{\"@type\":\"WebPage\",\"@id\":\"https:\/\/pressetaux.fr\/cambrai\/souhaitais-beneficier-talents-negociation-de-johan-carre-afin-de-profiter-dun-meilleur-taux\/#webpage\",\"url\":\"https:\/\/pressetaux.fr\/cambrai\/souhaitais-beneficier-talents-negociation-de-johan-carre-afin-de-profiter-dun-meilleur-taux\/\",\"name\":\"\\u201cJe souhaitais b\\u00e9n\\u00e9ficier des talents en n\\u00e9gociation de Johan Carr\\u00e9 afin de profiter d\\u2019un meilleur taux\\u201d - PresseTaux Cambrai\",\"isPartOf\":{\"@id\":\"https:\/\/pressetaux.fr\/cambrai\/#website\"},\"primaryImageOfPage\":{\"@id\":\"https:\/\/pressetaux.fr\/cambrai\/souhaitais-beneficier-talents-negociation-de-johan-carre-afin-de-profiter-dun-meilleur-taux\/#primaryimage\"},\"datePublished\":\"2016-08-05T07:57:52+00:00\",\"dateModified\":\"2016-08-05T07:57:52+00:00\",\"breadcrumb\":{\"@id\":\"https:\/\/pressetaux.fr\/cambrai\/souhaitais-beneficier-talents-negociation-de-johan-carre-afin-de-profiter-dun-meilleur-taux\/#breadcrumb\"},\"inLanguage\":\"fr-FR\",\"potentialAction\":[{\"@type\":\"ReadAction\",\"target\":[\"https:\/\/pressetaux.fr\/cambrai\/souhaitais-beneficier-talents-negociation-de-johan-carre-afin-de-profiter-dun-meilleur-taux\/\"]}]},{\"@type\":\"BreadcrumbList\",\"@id\":\"https:\/\/pressetaux.fr\/cambrai\/souhaitais-beneficier-talents-negociation-de-johan-carre-afin-de-profiter-dun-meilleur-taux\/#breadcrumb\",\"itemListElement\":[{\"@type\":\"ListItem\",\"position\":1,\"name\":\"\\u201cJe souhaitais b\\u00e9n\\u00e9ficier des talents en n\\u00e9gociation de Johan Carr\\u00e9 afin de profiter d\\u2019un meilleur taux\\u201d\"}]},{\"@type\":\"Article\",\"@id\":\"https:\/\/pressetaux.fr\/cambrai\/souhaitais-beneficier-talents-negociation-de-johan-carre-afin-de-profiter-dun-meilleur-taux\/#article\",\"isPartOf\":{\"@id\":\"https:\/\/pressetaux.fr\/cambrai\/souhaitais-beneficier-talents-negociation-de-johan-carre-afin-de-profiter-dun-meilleur-taux\/#webpage\"},\"author\":{\"@id\":\"https:\/\/pressetaux.fr\/cambrai\/#\/schema\/person\/e18ef05c180d813e5ce42087d0369f85\"},\"headline\":\"\\u201cJe souhaitais b\\u00e9n\\u00e9ficier des talents en n\\u00e9gociation de Johan Carr\\u00e9 afin de profiter d\\u2019un meilleur taux\\u201d\",\"datePublished\":\"2016-08-05T07:57:52+00:00\",\"dateModified\":\"2016-08-05T07:57:52+00:00\",\"mainEntityOfPage\":{\"@id\":\"https:\/\/pressetaux.fr\/cambrai\/souhaitais-beneficier-talents-negociation-de-johan-carre-afin-de-profiter-dun-meilleur-taux\/#webpage\"},\"wordCount\":334,\"publisher\":{\"@id\":\"https:\/\/pressetaux.fr\/cambrai\/#organization\"},\"image\":{\"@id\":\"https:\/\/pressetaux.fr\/cambrai\/souhaitais-beneficier-talents-negociation-de-johan-carre-afin-de-profiter-dun-meilleur-taux\/#primaryimage\"},\"thumbnailUrl\":\"https:\/\/pressetaux.fr\/wp-content\/uploads\/2016\/02\/PresseTaux_courtier_5.jpg\",\"articleSection\":[\"temoignagesblog\"],\"inLanguage\":\"fr-FR\"},{\"@type\":\"Person\",\"@id\":\"https:\/\/pressetaux.fr\/cambrai\/#\/schema\/person\/e18ef05c180d813e5ce42087d0369f85\",\"name\":\"Ma\\u00ebl PresseTaux\",\"image\":{\"@type\":\"ImageObject\",\"@id\":\"https:\/\/pressetaux.fr\/cambrai\/#personlogo\",\"inLanguage\":\"fr-FR\",\"url\":\"https:\/\/secure.gravatar.com\/avatar\/c2daa4ba12e6c26194c9f7b7936f6a98?s=96&d=mm&r=g\",\"contentUrl\":\"https:\/\/secure.gravatar.com\/avatar\/c2daa4ba12e6c26194c9f7b7936f6a98?s=96&d=mm&r=g\",\"caption\":\"Ma\\u00ebl PresseTaux\"},\"url\":\"https:\/\/pressetaux.fr\/cambrai\/author\/mael-nonet\/\"}]}<\/script>\n<!-- \/ Yoast SEO plugin. -->","yoast_head_json":{"title":"\u201cJe souhaitais b\u00e9n\u00e9ficier des talents en n\u00e9gociation de Johan Carr\u00e9 afin de profiter d\u2019un meilleur taux\u201d - PresseTaux Cambrai","robots":{"index":"index","follow":"follow","max-snippet":"max-snippet:-1","max-image-preview":"max-image-preview:large","max-video-preview":"max-video-preview:-1"},"canonical":"https:\/\/pressetaux.fr\/cambrai\/souhaitais-beneficier-talents-negociation-de-johan-carre-afin-de-profiter-dun-meilleur-taux\/","og_locale":"fr_FR","og_type":"article","og_title":"\u201cJe souhaitais b\u00e9n\u00e9ficier des talents en n\u00e9gociation de Johan Carr\u00e9 afin de profiter d\u2019un meilleur taux\u201d - PresseTaux Cambrai","og_description":"C\u00e9cile C. a eu recours aux services de Johan Carr\u00e9, courtier PresseTaux \u00e0 Cambrai, dans le cadre d\u2019un besoin d&rsquo;un financement pour un achat immobilier. T\u00e9moignage d\u2019un particulier. C\u00e9cile C. a sollicit\u00e9 les services d\u2019un courtier de l\u2019enseigne dans le cadre d\u2019un besoin de financement pour un achat immobilier. Elle avait \u201cd\u00e9j\u00e0 fait appel \u00e0 PresseTaux\u201d, et a pu b\u00e9n\u00e9ficier \u00e0 nouveau d\u2019un accompagnement propos\u00e9 par Johan Carr\u00e9, courtier PresseTaux \u00e0 Cambrai (59).","og_url":"https:\/\/pressetaux.fr\/cambrai\/souhaitais-beneficier-talents-negociation-de-johan-carre-afin-de-profiter-dun-meilleur-taux\/","og_site_name":"PresseTaux Cambrai","article_publisher":"https:\/\/www.facebook.com\/pressetauxcambrai?locale=fr_FR","article_published_time":"2016-08-05T07:57:52+00:00","og_image":[{"url":"https:\/\/pressetaux.fr\/wp-content\/uploads\/2016\/02\/PresseTaux_courtier_5.jpg"}],"twitter_misc":{"\u00c9crit par":"Ma\u00ebl PresseTaux","Dur\u00e9e de lecture estim\u00e9e":"2 minutes"},"schema":{"@context":"https:\/\/schema.org","@graph":[{"@type":"Organization","@id":"https:\/\/pressetaux.fr\/cambrai\/#organization","name":"PresseTaux Cambrai","url":"https:\/\/pressetaux.fr\/cambrai\/","sameAs":["https:\/\/www.facebook.com\/pressetauxcambrai?locale=fr_FR"],"logo":{"@type":"ImageObject","@id":"https:\/\/pressetaux.fr\/cambrai\/#logo","inLanguage":"fr-FR","url":"https:\/\/pressetaux.fr\/cambrai\/wp-content\/uploads\/sites\/3\/2020\/11\/LogoPressetaux.png","contentUrl":"https:\/\/pressetaux.fr\/cambrai\/wp-content\/uploads\/sites\/3\/2020\/11\/LogoPressetaux.png","width":488,"height":278,"caption":"PresseTaux Cambrai"},"image":{"@id":"https:\/\/pressetaux.fr\/cambrai\/#logo"}},{"@type":"WebSite","@id":"https:\/\/pressetaux.fr\/cambrai\/#website","url":"https:\/\/pressetaux.fr\/cambrai\/","name":"PresseTaux Cambrai","description":"COURTIER EN CREDIT","publisher":{"@id":"https:\/\/pressetaux.fr\/cambrai\/#organization"},"potentialAction":[{"@type":"SearchAction","target":{"@type":"EntryPoint","urlTemplate":"https:\/\/pressetaux.fr\/cambrai\/?s={search_term_string}"},"query-input":"required name=search_term_string"}],"inLanguage":"fr-FR"},{"@type":"ImageObject","@id":"https:\/\/pressetaux.fr\/cambrai\/souhaitais-beneficier-talents-negociation-de-johan-carre-afin-de-profiter-dun-meilleur-taux\/#primaryimage","inLanguage":"fr-FR","url":"https:\/\/pressetaux.fr\/wp-content\/uploads\/2016\/02\/PresseTaux_courtier_5.jpg","contentUrl":"https:\/\/pressetaux.fr\/wp-content\/uploads\/2016\/02\/PresseTaux_courtier_5.jpg"},{"@type":"WebPage","@id":"https:\/\/pressetaux.fr\/cambrai\/souhaitais-beneficier-talents-negociation-de-johan-carre-afin-de-profiter-dun-meilleur-taux\/#webpage","url":"https:\/\/pressetaux.fr\/cambrai\/souhaitais-beneficier-talents-negociation-de-johan-carre-afin-de-profiter-dun-meilleur-taux\/","name":"\u201cJe souhaitais b\u00e9n\u00e9ficier des talents en n\u00e9gociation de Johan Carr\u00e9 afin de profiter d\u2019un meilleur taux\u201d - PresseTaux Cambrai","isPartOf":{"@id":"https:\/\/pressetaux.fr\/cambrai\/#website"},"primaryImageOfPage":{"@id":"https:\/\/pressetaux.fr\/cambrai\/souhaitais-beneficier-talents-negociation-de-johan-carre-afin-de-profiter-dun-meilleur-taux\/#primaryimage"},"datePublished":"2016-08-05T07:57:52+00:00","dateModified":"2016-08-05T07:57:52+00:00","breadcrumb":{"@id":"https:\/\/pressetaux.fr\/cambrai\/souhaitais-beneficier-talents-negociation-de-johan-carre-afin-de-profiter-dun-meilleur-taux\/#breadcrumb"},"inLanguage":"fr-FR","potentialAction":[{"@type":"ReadAction","target":["https:\/\/pressetaux.fr\/cambrai\/souhaitais-beneficier-talents-negociation-de-johan-carre-afin-de-profiter-dun-meilleur-taux\/"]}]},{"@type":"BreadcrumbList","@id":"https:\/\/pressetaux.fr\/cambrai\/souhaitais-beneficier-talents-negociation-de-johan-carre-afin-de-profiter-dun-meilleur-taux\/#breadcrumb","itemListElement":[{"@type":"ListItem","position":1,"name":"\u201cJe souhaitais b\u00e9n\u00e9ficier des talents en n\u00e9gociation de Johan Carr\u00e9 afin de profiter d\u2019un meilleur taux\u201d"}]},{"@type":"Article","@id":"https:\/\/pressetaux.fr\/cambrai\/souhaitais-beneficier-talents-negociation-de-johan-carre-afin-de-profiter-dun-meilleur-taux\/#article","isPartOf":{"@id":"https:\/\/pressetaux.fr\/cambrai\/souhaitais-beneficier-talents-negociation-de-johan-carre-afin-de-profiter-dun-meilleur-taux\/#webpage"},"author":{"@id":"https:\/\/pressetaux.fr\/cambrai\/#\/schema\/person\/e18ef05c180d813e5ce42087d0369f85"},"headline":"\u201cJe souhaitais b\u00e9n\u00e9ficier des talents en n\u00e9gociation de Johan Carr\u00e9 afin de profiter d\u2019un meilleur taux\u201d","datePublished":"2016-08-05T07:57:52+00:00","dateModified":"2016-08-05T07:57:52+00:00","mainEntityOfPage":{"@id":"https:\/\/pressetaux.fr\/cambrai\/souhaitais-beneficier-talents-negociation-de-johan-carre-afin-de-profiter-dun-meilleur-taux\/#webpage"},"wordCount":334,"publisher":{"@id":"https:\/\/pressetaux.fr\/cambrai\/#organization"},"image":{"@id":"https:\/\/pressetaux.fr\/cambrai\/souhaitais-beneficier-talents-negociation-de-johan-carre-afin-de-profiter-dun-meilleur-taux\/#primaryimage"},"thumbnailUrl":"https:\/\/pressetaux.fr\/wp-content\/uploads\/2016\/02\/PresseTaux_courtier_5.jpg","articleSection":["temoignagesblog"],"inLanguage":"fr-FR"},{"@type":"Person","@id":"https:\/\/pressetaux.fr\/cambrai\/#\/schema\/person\/e18ef05c180d813e5ce42087d0369f85","name":"Ma\u00ebl PresseTaux","image":{"@type":"ImageObject","@id":"https:\/\/pressetaux.fr\/cambrai\/#personlogo","inLanguage":"fr-FR","url":"https:\/\/secure.gravatar.com\/avatar\/c2daa4ba12e6c26194c9f7b7936f6a98?s=96&d=mm&r=g","contentUrl":"https:\/\/secure.gravatar.com\/avatar\/c2daa4ba12e6c26194c9f7b7936f6a98?s=96&d=mm&r=g","caption":"Ma\u00ebl PresseTaux"},"url":"https:\/\/pressetaux.fr\/cambrai\/author\/mael-nonet\/"}]}},"_links":{"self":[{"href":"https:\/\/pressetaux.fr\/cambrai\/wp-json\/wp\/v2\/posts\/994"}],"collection":[{"href":"https:\/\/pressetaux.fr\/cambrai\/wp-json\/wp\/v2\/posts"}],"about":[{"href":"https:\/\/pressetaux.fr\/cambrai\/wp-json\/wp\/v2\/types\/post"}],"author":[{"embeddable":true,"href":"https:\/\/pressetaux.fr\/cambrai\/wp-json\/wp\/v2\/users\/7"}],"replies":[{"embeddable":true,"href":"https:\/\/pressetaux.fr\/cambrai\/wp-json\/wp\/v2\/comments?post=994"}],"version-history":[{"count":0,"href":"https:\/\/pressetaux.fr\/cambrai\/wp-json\/wp\/v2\/posts\/994\/revisions"}],"wp:attachment":[{"href":"https:\/\/pressetaux.fr\/cambrai\/wp-json\/wp\/v2\/media?parent=994"}],"wp:term":[{"taxonomy":"category","embeddable":true,"href":"https:\/\/pressetaux.fr\/cambrai\/wp-json\/wp\/v2\/categories?post=994"},{"taxonomy":"post_tag","embeddable":true,"href":"https:\/\/pressetaux.fr\/cambrai\/wp-json\/wp\/v2\/tags?post=994"}],"curies":[{"name":"wp","href":"https:\/\/api.w.org\/{rel}","templated":true}]}}