{"id":392,"date":"2017-01-29T10:27:03","date_gmt":"2017-01-29T09:27:03","guid":{"rendered":"http:\/\/pressetaux.fr\/douai\/lintervention-de-christophe-lamand-projet-naurait-pu-voir-jour\/"},"modified":"2017-01-30T10:29:35","modified_gmt":"2017-01-30T09:29:35","slug":"lintervention-de-christophe-lamand-projet-naurait-pu-voir-jour","status":"publish","type":"post","link":"https:\/\/pressetaux.fr\/douai\/lintervention-de-christophe-lamand-projet-naurait-pu-voir-jour\/","title":{"rendered":"\u201cSans l\u2019intervention de Christophe Lamand, mon projet n\u2019aurait pu voir le jour\u201d"},"content":{"rendered":"<p><b><a href=\"https:\/\/pressetaux.fr\/wp-content\/uploads\/2016\/02\/PresseTaux_courtier_5.jpg\" rel=\"attachment wp-att-3411\"><img loading=\"lazy\" class=\"alignright wp-image-3411\" src=\"https:\/\/pressetaux.fr\/wp-content\/uploads\/2016\/02\/PresseTaux_courtier_5.jpg\" alt=\"PresseTaux_courtier_5\" width=\"264\" height=\"200\" \/><\/a>J\u00e9r\u00e9my M. a eu recours aux services de Christophe Lamand, courtier PresseTaux \u00e0 Douai, dans le cadre d\u2019un projet immobilier. T\u00e9moignage d\u2019un particulier.<\/b><\/p>\n<p><span style=\"font-weight: 400;\">J\u00e9r\u00e9my M. a sollicit\u00e9 les services d\u2019un courtier de PresseTaux dans le cadre d\u2019un projet d\u2019achat d\u2019une maison \u00e0 r\u00e9nover. <\/span><span style=\"font-weight: 400;\">Il a connu l\u2019enseigne via le <\/span><i><span style=\"font-weight: 400;\">\u201cbouche \u00e0 oreille\u201d<\/span><\/i><span style=\"font-weight: 400;\">, et a <\/span><span style=\"font-weight: 400;\">pu b\u00e9n\u00e9ficier d\u2019un accompagnement propos\u00e9 par <\/span><a href=\"https:\/\/pressetaux.fr\/douai\/courtier-douaisis\/\" target=\"_blank\"><span style=\"font-weight: 400;\">Christophe Lamand, courtier PresseTaux \u00e0 Douai<\/span><\/a><span style=\"font-weight: 400;\"> (59).<\/span><\/p>\n<p><!--more--><\/p>\n<p><b>En quelques mots, pouvez-vous nous r\u00e9sumer en quoi a consist\u00e9 votre projet et pourquoi avez-vous eu besoin d&rsquo;un financement ?<\/b><\/p>\n<p>J\u2019ai sollicit\u00e9 Christophe Lamand car mon projet a consist\u00e9 \u00e0 acheter une maison \u00e0 r\u00e9nover, et je disposais d\u2019un budget tr\u00e8s limit\u00e9.<\/p>\n<p><b>Pour quelles raisons avez-vous fait appel \u00e0 un courtier ?<\/b><\/p>\n<p>J\u2019ai fait appel \u00e0 un courtier dans le but de r\u00e9aliser une \u00e9conomie financi\u00e8re sur le co\u00fbt total du pr\u00eat et parce que je faisais face \u00e0 des refus des banques. Par ailleurs, j\u2019avais conscience que ma m\u00e9connaissance en mati\u00e8re de financement de cr\u00e9dit \u00e9tait un frein. Enfin, il \u00e9tait beaucoup plus simple pour moi d\u2019avoir un interlocuteur unique.<\/p>\n<p><b>Quelles solutions ont \u00e9t\u00e9 trouv\u00e9es par le courtier de PresseTaux pour r\u00e9pondre au mieux \u00e0 vos besoins ?<\/b><\/p>\n<p><span style=\"font-weight: 400;\">Christophe Lamand<\/span><span style=\"font-weight: 400;\"> a pu \u00e9laborer un plan de financement en ad\u00e9quation avec ma demande, comprenant l\u2019achat de la maison et le financement de la r\u00e9novation, \u00e0 savoir un budget de 15 000 \u20ac suppl\u00e9mentaire pour la partie travaux.<\/span><\/p>\n<p><b>De mani\u00e8re g\u00e9n\u00e9rale, comment \u00e9valuez-vous l&rsquo;accompagnement offert par le courtier de l&rsquo;agence PresseTaux qui vous a accompagn\u00e9e ?<\/b><\/p>\n<p>20 sur 20 ! Sans l\u2019intervention de Christophe Lamand, mon projet n\u2019aurait pu voir le jour.<\/p>\n<p><b>Recommanderiez-vous PresseTaux \u00e0 votre entourage ?<\/b><\/p>\n<p><span style=\"font-weight: 400;\">Oui, je recommanderai les qualit\u00e9s de Christophe Lamand aupr\u00e8s de mon entourage. Il a notamment su m\u2019expliquer, \u00e0 plusieurs reprises, les diff\u00e9rentes probl\u00e9matiques auxquelles j\u2019ai \u00e9t\u00e9 confront\u00e9. Sa disponibilit\u00e9 est vraiment exemplaire, ainsi que son excellente connaissance du milieu financier.<\/span><\/p>\n","protected":false},"excerpt":{"rendered":"<p>J\u00e9r\u00e9my M. a eu recours aux services de Christophe Lamand, courtier PresseTaux \u00e0 Douai, dans le cadre d\u2019un projet immobilier. T\u00e9moignage d\u2019un particulier. J\u00e9r\u00e9my M. a sollicit\u00e9 les services d\u2019un courtier de PresseTaux dans le cadre d\u2019un projet d\u2019achat d\u2019une maison \u00e0 r\u00e9nover. Il a connu l\u2019enseigne via le \u201cbouche \u00e0 oreille\u201d, et a pu b\u00e9n\u00e9ficier d\u2019un accompagnement propos\u00e9 par Christophe Lamand, courtier PresseTaux \u00e0 Douai (59).<\/p>\n","protected":false},"author":7,"featured_media":0,"comment_status":"closed","ping_status":"open","sticky":false,"template":"","format":"standard","meta":{"_genesis_hide_title":false,"_genesis_hide_breadcrumbs":false,"_genesis_hide_singular_image":false,"_genesis_hide_footer_widgets":false,"_genesis_custom_body_class":"","_genesis_custom_post_class":"","_genesis_layout":""},"categories":[4],"tags":[],"yoast_head":"<!-- This site is optimized with the Yoast SEO plugin v17.8 - https:\/\/yoast.com\/wordpress\/plugins\/seo\/ -->\n<title>\u201cSans l\u2019intervention de Christophe Lamand, mon projet n\u2019aurait pu voir le jour\u201d - PresseTaux Douai<\/title>\n<meta name=\"robots\" content=\"index, follow, max-snippet:-1, max-image-preview:large, max-video-preview:-1\" \/>\n<link rel=\"canonical\" href=\"https:\/\/pressetaux.fr\/douai\/lintervention-de-christophe-lamand-projet-naurait-pu-voir-jour\/\" \/>\n<meta property=\"og:locale\" content=\"fr_FR\" \/>\n<meta property=\"og:type\" content=\"article\" \/>\n<meta property=\"og:title\" content=\"\u201cSans l\u2019intervention de Christophe Lamand, mon projet n\u2019aurait pu voir le jour\u201d - PresseTaux Douai\" \/>\n<meta property=\"og:description\" content=\"J\u00e9r\u00e9my M. a eu recours aux services de Christophe Lamand, courtier PresseTaux \u00e0 Douai, dans le cadre d\u2019un projet immobilier. T\u00e9moignage d\u2019un particulier. J\u00e9r\u00e9my M. a sollicit\u00e9 les services d\u2019un courtier de PresseTaux dans le cadre d\u2019un projet d\u2019achat d\u2019une maison \u00e0 r\u00e9nover. Il a connu l\u2019enseigne via le \u201cbouche \u00e0 oreille\u201d, et a pu b\u00e9n\u00e9ficier d\u2019un accompagnement propos\u00e9 par Christophe Lamand, courtier PresseTaux \u00e0 Douai (59).\" \/>\n<meta property=\"og:url\" content=\"https:\/\/pressetaux.fr\/douai\/lintervention-de-christophe-lamand-projet-naurait-pu-voir-jour\/\" \/>\n<meta property=\"og:site_name\" content=\"PresseTaux Douai\" \/>\n<meta property=\"article:publisher\" content=\"https:\/\/www.facebook.com\/pressetauxdouai?locale=fr_FR\" \/>\n<meta property=\"article:published_time\" content=\"2017-01-29T09:27:03+00:00\" \/>\n<meta property=\"article:modified_time\" content=\"2017-01-30T09:29:35+00:00\" \/>\n<meta property=\"og:image\" content=\"https:\/\/pressetaux.fr\/wp-content\/uploads\/2016\/02\/PresseTaux_courtier_5.jpg\" \/>\n<meta name=\"twitter:card\" content=\"summary\" \/>\n<meta name=\"twitter:label1\" content=\"\u00c9crit par\" \/>\n\t<meta name=\"twitter:data1\" content=\"Ma\u00ebl PresseTaux\" \/>\n\t<meta name=\"twitter:label2\" content=\"Dur\u00e9e de lecture estim\u00e9e\" \/>\n\t<meta name=\"twitter:data2\" content=\"2 minutes\" \/>\n<script type=\"application\/ld+json\" class=\"yoast-schema-graph\">{\"@context\":\"https:\/\/schema.org\",\"@graph\":[{\"@type\":\"Organization\",\"@id\":\"https:\/\/pressetaux.fr\/douai\/#organization\",\"name\":\"PresseTaux Douai\",\"url\":\"https:\/\/pressetaux.fr\/douai\/\",\"sameAs\":[\"https:\/\/www.facebook.com\/pressetauxdouai?locale=fr_FR\"],\"logo\":{\"@type\":\"ImageObject\",\"@id\":\"https:\/\/pressetaux.fr\/douai\/#logo\",\"inLanguage\":\"fr-FR\",\"url\":\"https:\/\/pressetaux.fr\/douai\/wp-content\/uploads\/sites\/26\/2020\/11\/LogoPressetaux.png\",\"contentUrl\":\"https:\/\/pressetaux.fr\/douai\/wp-content\/uploads\/sites\/26\/2020\/11\/LogoPressetaux.png\",\"width\":488,\"height\":278,\"caption\":\"PresseTaux Douai\"},\"image\":{\"@id\":\"https:\/\/pressetaux.fr\/douai\/#logo\"}},{\"@type\":\"WebSite\",\"@id\":\"https:\/\/pressetaux.fr\/douai\/#website\",\"url\":\"https:\/\/pressetaux.fr\/douai\/\",\"name\":\"PresseTaux Douai\",\"description\":\"COURTIER EN CREDIT\",\"publisher\":{\"@id\":\"https:\/\/pressetaux.fr\/douai\/#organization\"},\"potentialAction\":[{\"@type\":\"SearchAction\",\"target\":{\"@type\":\"EntryPoint\",\"urlTemplate\":\"https:\/\/pressetaux.fr\/douai\/?s={search_term_string}\"},\"query-input\":\"required name=search_term_string\"}],\"inLanguage\":\"fr-FR\"},{\"@type\":\"ImageObject\",\"@id\":\"https:\/\/pressetaux.fr\/douai\/lintervention-de-christophe-lamand-projet-naurait-pu-voir-jour\/#primaryimage\",\"inLanguage\":\"fr-FR\",\"url\":\"https:\/\/pressetaux.fr\/wp-content\/uploads\/2016\/02\/PresseTaux_courtier_5.jpg\",\"contentUrl\":\"https:\/\/pressetaux.fr\/wp-content\/uploads\/2016\/02\/PresseTaux_courtier_5.jpg\"},{\"@type\":\"WebPage\",\"@id\":\"https:\/\/pressetaux.fr\/douai\/lintervention-de-christophe-lamand-projet-naurait-pu-voir-jour\/#webpage\",\"url\":\"https:\/\/pressetaux.fr\/douai\/lintervention-de-christophe-lamand-projet-naurait-pu-voir-jour\/\",\"name\":\"\\u201cSans l\\u2019intervention de Christophe Lamand, mon projet n\\u2019aurait pu voir le jour\\u201d - PresseTaux Douai\",\"isPartOf\":{\"@id\":\"https:\/\/pressetaux.fr\/douai\/#website\"},\"primaryImageOfPage\":{\"@id\":\"https:\/\/pressetaux.fr\/douai\/lintervention-de-christophe-lamand-projet-naurait-pu-voir-jour\/#primaryimage\"},\"datePublished\":\"2017-01-29T09:27:03+00:00\",\"dateModified\":\"2017-01-30T09:29:35+00:00\",\"breadcrumb\":{\"@id\":\"https:\/\/pressetaux.fr\/douai\/lintervention-de-christophe-lamand-projet-naurait-pu-voir-jour\/#breadcrumb\"},\"inLanguage\":\"fr-FR\",\"potentialAction\":[{\"@type\":\"ReadAction\",\"target\":[\"https:\/\/pressetaux.fr\/douai\/lintervention-de-christophe-lamand-projet-naurait-pu-voir-jour\/\"]}]},{\"@type\":\"BreadcrumbList\",\"@id\":\"https:\/\/pressetaux.fr\/douai\/lintervention-de-christophe-lamand-projet-naurait-pu-voir-jour\/#breadcrumb\",\"itemListElement\":[{\"@type\":\"ListItem\",\"position\":1,\"name\":\"Accueil\",\"item\":\"https:\/\/pressetaux.fr\/douai\/\"},{\"@type\":\"ListItem\",\"position\":2,\"name\":\"\\u201cSans l\\u2019intervention de Christophe Lamand, mon projet n\\u2019aurait pu voir le jour\\u201d\"}]},{\"@type\":\"Article\",\"@id\":\"https:\/\/pressetaux.fr\/douai\/lintervention-de-christophe-lamand-projet-naurait-pu-voir-jour\/#article\",\"isPartOf\":{\"@id\":\"https:\/\/pressetaux.fr\/douai\/lintervention-de-christophe-lamand-projet-naurait-pu-voir-jour\/#webpage\"},\"author\":{\"@id\":\"https:\/\/pressetaux.fr\/douai\/#\/schema\/person\/e18ef05c180d813e5ce42087d0369f85\"},\"headline\":\"\\u201cSans l\\u2019intervention de Christophe Lamand, mon projet n\\u2019aurait pu voir le jour\\u201d\",\"datePublished\":\"2017-01-29T09:27:03+00:00\",\"dateModified\":\"2017-01-30T09:29:35+00:00\",\"mainEntityOfPage\":{\"@id\":\"https:\/\/pressetaux.fr\/douai\/lintervention-de-christophe-lamand-projet-naurait-pu-voir-jour\/#webpage\"},\"wordCount\":352,\"publisher\":{\"@id\":\"https:\/\/pressetaux.fr\/douai\/#organization\"},\"image\":{\"@id\":\"https:\/\/pressetaux.fr\/douai\/lintervention-de-christophe-lamand-projet-naurait-pu-voir-jour\/#primaryimage\"},\"thumbnailUrl\":\"https:\/\/pressetaux.fr\/wp-content\/uploads\/2016\/02\/PresseTaux_courtier_5.jpg\",\"articleSection\":[\"temoignagesblog\"],\"inLanguage\":\"fr-FR\"},{\"@type\":\"Person\",\"@id\":\"https:\/\/pressetaux.fr\/douai\/#\/schema\/person\/e18ef05c180d813e5ce42087d0369f85\",\"name\":\"Ma\\u00ebl PresseTaux\",\"image\":{\"@type\":\"ImageObject\",\"@id\":\"https:\/\/pressetaux.fr\/douai\/#personlogo\",\"inLanguage\":\"fr-FR\",\"url\":\"https:\/\/secure.gravatar.com\/avatar\/c2daa4ba12e6c26194c9f7b7936f6a98?s=96&d=mm&r=g\",\"contentUrl\":\"https:\/\/secure.gravatar.com\/avatar\/c2daa4ba12e6c26194c9f7b7936f6a98?s=96&d=mm&r=g\",\"caption\":\"Ma\\u00ebl PresseTaux\"},\"url\":\"https:\/\/pressetaux.fr\/douai\/author\/mael-nonet\/\"}]}<\/script>\n<!-- \/ Yoast SEO plugin. -->","yoast_head_json":{"title":"\u201cSans l\u2019intervention de Christophe Lamand, mon projet n\u2019aurait pu voir le jour\u201d - PresseTaux Douai","robots":{"index":"index","follow":"follow","max-snippet":"max-snippet:-1","max-image-preview":"max-image-preview:large","max-video-preview":"max-video-preview:-1"},"canonical":"https:\/\/pressetaux.fr\/douai\/lintervention-de-christophe-lamand-projet-naurait-pu-voir-jour\/","og_locale":"fr_FR","og_type":"article","og_title":"\u201cSans l\u2019intervention de Christophe Lamand, mon projet n\u2019aurait pu voir le jour\u201d - PresseTaux Douai","og_description":"J\u00e9r\u00e9my M. a eu recours aux services de Christophe Lamand, courtier PresseTaux \u00e0 Douai, dans le cadre d\u2019un projet immobilier. T\u00e9moignage d\u2019un particulier. J\u00e9r\u00e9my M. a sollicit\u00e9 les services d\u2019un courtier de PresseTaux dans le cadre d\u2019un projet d\u2019achat d\u2019une maison \u00e0 r\u00e9nover. Il a connu l\u2019enseigne via le \u201cbouche \u00e0 oreille\u201d, et a pu b\u00e9n\u00e9ficier d\u2019un accompagnement propos\u00e9 par Christophe Lamand, courtier PresseTaux \u00e0 Douai (59).","og_url":"https:\/\/pressetaux.fr\/douai\/lintervention-de-christophe-lamand-projet-naurait-pu-voir-jour\/","og_site_name":"PresseTaux Douai","article_publisher":"https:\/\/www.facebook.com\/pressetauxdouai?locale=fr_FR","article_published_time":"2017-01-29T09:27:03+00:00","article_modified_time":"2017-01-30T09:29:35+00:00","og_image":[{"url":"https:\/\/pressetaux.fr\/wp-content\/uploads\/2016\/02\/PresseTaux_courtier_5.jpg"}],"twitter_card":"summary","twitter_misc":{"\u00c9crit par":"Ma\u00ebl PresseTaux","Dur\u00e9e de lecture estim\u00e9e":"2 minutes"},"schema":{"@context":"https:\/\/schema.org","@graph":[{"@type":"Organization","@id":"https:\/\/pressetaux.fr\/douai\/#organization","name":"PresseTaux Douai","url":"https:\/\/pressetaux.fr\/douai\/","sameAs":["https:\/\/www.facebook.com\/pressetauxdouai?locale=fr_FR"],"logo":{"@type":"ImageObject","@id":"https:\/\/pressetaux.fr\/douai\/#logo","inLanguage":"fr-FR","url":"https:\/\/pressetaux.fr\/douai\/wp-content\/uploads\/sites\/26\/2020\/11\/LogoPressetaux.png","contentUrl":"https:\/\/pressetaux.fr\/douai\/wp-content\/uploads\/sites\/26\/2020\/11\/LogoPressetaux.png","width":488,"height":278,"caption":"PresseTaux Douai"},"image":{"@id":"https:\/\/pressetaux.fr\/douai\/#logo"}},{"@type":"WebSite","@id":"https:\/\/pressetaux.fr\/douai\/#website","url":"https:\/\/pressetaux.fr\/douai\/","name":"PresseTaux Douai","description":"COURTIER EN CREDIT","publisher":{"@id":"https:\/\/pressetaux.fr\/douai\/#organization"},"potentialAction":[{"@type":"SearchAction","target":{"@type":"EntryPoint","urlTemplate":"https:\/\/pressetaux.fr\/douai\/?s={search_term_string}"},"query-input":"required name=search_term_string"}],"inLanguage":"fr-FR"},{"@type":"ImageObject","@id":"https:\/\/pressetaux.fr\/douai\/lintervention-de-christophe-lamand-projet-naurait-pu-voir-jour\/#primaryimage","inLanguage":"fr-FR","url":"https:\/\/pressetaux.fr\/wp-content\/uploads\/2016\/02\/PresseTaux_courtier_5.jpg","contentUrl":"https:\/\/pressetaux.fr\/wp-content\/uploads\/2016\/02\/PresseTaux_courtier_5.jpg"},{"@type":"WebPage","@id":"https:\/\/pressetaux.fr\/douai\/lintervention-de-christophe-lamand-projet-naurait-pu-voir-jour\/#webpage","url":"https:\/\/pressetaux.fr\/douai\/lintervention-de-christophe-lamand-projet-naurait-pu-voir-jour\/","name":"\u201cSans l\u2019intervention de Christophe Lamand, mon projet n\u2019aurait pu voir le jour\u201d - PresseTaux Douai","isPartOf":{"@id":"https:\/\/pressetaux.fr\/douai\/#website"},"primaryImageOfPage":{"@id":"https:\/\/pressetaux.fr\/douai\/lintervention-de-christophe-lamand-projet-naurait-pu-voir-jour\/#primaryimage"},"datePublished":"2017-01-29T09:27:03+00:00","dateModified":"2017-01-30T09:29:35+00:00","breadcrumb":{"@id":"https:\/\/pressetaux.fr\/douai\/lintervention-de-christophe-lamand-projet-naurait-pu-voir-jour\/#breadcrumb"},"inLanguage":"fr-FR","potentialAction":[{"@type":"ReadAction","target":["https:\/\/pressetaux.fr\/douai\/lintervention-de-christophe-lamand-projet-naurait-pu-voir-jour\/"]}]},{"@type":"BreadcrumbList","@id":"https:\/\/pressetaux.fr\/douai\/lintervention-de-christophe-lamand-projet-naurait-pu-voir-jour\/#breadcrumb","itemListElement":[{"@type":"ListItem","position":1,"name":"Accueil","item":"https:\/\/pressetaux.fr\/douai\/"},{"@type":"ListItem","position":2,"name":"\u201cSans l\u2019intervention de Christophe Lamand, mon projet n\u2019aurait pu voir le jour\u201d"}]},{"@type":"Article","@id":"https:\/\/pressetaux.fr\/douai\/lintervention-de-christophe-lamand-projet-naurait-pu-voir-jour\/#article","isPartOf":{"@id":"https:\/\/pressetaux.fr\/douai\/lintervention-de-christophe-lamand-projet-naurait-pu-voir-jour\/#webpage"},"author":{"@id":"https:\/\/pressetaux.fr\/douai\/#\/schema\/person\/e18ef05c180d813e5ce42087d0369f85"},"headline":"\u201cSans l\u2019intervention de Christophe Lamand, mon projet n\u2019aurait pu voir le jour\u201d","datePublished":"2017-01-29T09:27:03+00:00","dateModified":"2017-01-30T09:29:35+00:00","mainEntityOfPage":{"@id":"https:\/\/pressetaux.fr\/douai\/lintervention-de-christophe-lamand-projet-naurait-pu-voir-jour\/#webpage"},"wordCount":352,"publisher":{"@id":"https:\/\/pressetaux.fr\/douai\/#organization"},"image":{"@id":"https:\/\/pressetaux.fr\/douai\/lintervention-de-christophe-lamand-projet-naurait-pu-voir-jour\/#primaryimage"},"thumbnailUrl":"https:\/\/pressetaux.fr\/wp-content\/uploads\/2016\/02\/PresseTaux_courtier_5.jpg","articleSection":["temoignagesblog"],"inLanguage":"fr-FR"},{"@type":"Person","@id":"https:\/\/pressetaux.fr\/douai\/#\/schema\/person\/e18ef05c180d813e5ce42087d0369f85","name":"Ma\u00ebl PresseTaux","image":{"@type":"ImageObject","@id":"https:\/\/pressetaux.fr\/douai\/#personlogo","inLanguage":"fr-FR","url":"https:\/\/secure.gravatar.com\/avatar\/c2daa4ba12e6c26194c9f7b7936f6a98?s=96&d=mm&r=g","contentUrl":"https:\/\/secure.gravatar.com\/avatar\/c2daa4ba12e6c26194c9f7b7936f6a98?s=96&d=mm&r=g","caption":"Ma\u00ebl PresseTaux"},"url":"https:\/\/pressetaux.fr\/douai\/author\/mael-nonet\/"}]}},"_links":{"self":[{"href":"https:\/\/pressetaux.fr\/douai\/wp-json\/wp\/v2\/posts\/392"}],"collection":[{"href":"https:\/\/pressetaux.fr\/douai\/wp-json\/wp\/v2\/posts"}],"about":[{"href":"https:\/\/pressetaux.fr\/douai\/wp-json\/wp\/v2\/types\/post"}],"author":[{"embeddable":true,"href":"https:\/\/pressetaux.fr\/douai\/wp-json\/wp\/v2\/users\/7"}],"replies":[{"embeddable":true,"href":"https:\/\/pressetaux.fr\/douai\/wp-json\/wp\/v2\/comments?post=392"}],"version-history":[{"count":0,"href":"https:\/\/pressetaux.fr\/douai\/wp-json\/wp\/v2\/posts\/392\/revisions"}],"wp:attachment":[{"href":"https:\/\/pressetaux.fr\/douai\/wp-json\/wp\/v2\/media?parent=392"}],"wp:term":[{"taxonomy":"category","embeddable":true,"href":"https:\/\/pressetaux.fr\/douai\/wp-json\/wp\/v2\/categories?post=392"},{"taxonomy":"post_tag","embeddable":true,"href":"https:\/\/pressetaux.fr\/douai\/wp-json\/wp\/v2\/tags?post=392"}],"curies":[{"name":"wp","href":"https:\/\/api.w.org\/{rel}","templated":true}]}}