{"id":413,"date":"2017-03-31T12:42:28","date_gmt":"2017-03-31T11:42:28","guid":{"rendered":"http:\/\/pressetaux.fr\/douai\/?p=413"},"modified":"2017-03-31T15:11:13","modified_gmt":"2017-03-31T14:11:13","slug":"laccompagnement-effectue-christophe-lamand-beaucoup-soulage","status":"publish","type":"post","link":"https:\/\/pressetaux.fr\/douai\/laccompagnement-effectue-christophe-lamand-beaucoup-soulage\/","title":{"rendered":"\u201cL\u2019accompagnement effectu\u00e9 par Christophe Lamand m\u2019a beaucoup soulag\u00e9\u201d"},"content":{"rendered":"<p><b><a href=\"https:\/\/pressetaux.fr\/wp-content\/uploads\/2016\/02\/PresseTaux_courtier_5.jpg\" rel=\"attachment wp-att-3411\"><img loading=\"lazy\" class=\"alignright wp-image-3411\" src=\"https:\/\/pressetaux.fr\/wp-content\/uploads\/2016\/02\/PresseTaux_courtier_5.jpg\" alt=\"PresseTaux_courtier_5\" width=\"264\" height=\"200\" \/><\/a>Dominique L. a eu recours aux services de Christophe Lamand, courtier PresseTaux \u00e0 Douai, dans le cadre d\u2019un projet immobilier. T\u00e9moignage d\u2019un particulier.<\/b><\/p>\n<p><span style=\"font-weight: 400;\">Dominique L. a sollicit\u00e9 les services d\u2019un courtier de PresseTaux dans le cadre d\u2019un projet d\u2019achat immobilier. <\/span><span style=\"font-weight: 400;\">Il a connu l\u2019enseigne via une <\/span><i><span style=\"font-weight: 400;\">\u201cagence immobili\u00e8re\u201d<\/span><\/i><span style=\"font-weight: 400;\">, et a <\/span><span style=\"font-weight: 400;\">pu b\u00e9n\u00e9ficier d\u2019un accompagnement propos\u00e9 par <\/span><a href=\"https:\/\/pressetaux.fr\/douai\/courtier-douaisis\/\" target=\"_blank\"><span style=\"font-weight: 400;\">Christophe Lamand, courtier PresseTaux \u00e0 Douai<\/span><\/a><span style=\"font-weight: 400;\"> (59).<\/span><\/p>\n<p><!--more--><\/p>\n<p><b>En quelques mots, pouvez-vous nous r\u00e9sumer en quoi a consist\u00e9 votre projet et pourquoi avez-vous eu besoin d&rsquo;un financement ?<\/b><\/p>\n<p>J\u2019ai sollicit\u00e9 Christophe Lamand car mon projet portait sur un achat immobilier.<\/p>\n<p><b>Pour quelles raisons avez-vous fait appel \u00e0 un courtier ?<\/b><\/p>\n<p>J\u2019ai fait appel \u00e0 un courtier pour obtenir un taux bancaire plus bas que celui propos\u00e9 par ma banque. Ensuite, je voulais \u00e9galement \u00eatre accompagn\u00e9 sur le plan administratif, notamment dans le cadre de la mise en place d\u2019un pr\u00eat \u00e0 taux z\u00e9ro (PTZ).<\/p>\n<p><b>Quelles solutions ont \u00e9t\u00e9 trouv\u00e9es par le courtier de PresseTaux pour r\u00e9pondre au mieux \u00e0 vos besoins ?<\/b><\/p>\n<p>Gr\u00e2ce \u00e0 Christophe Lamand, j\u2019ai pu b\u00e9n\u00e9ficier d\u2019un taux \u00e0 1,65 % au lieu de 2,30 %, et obtenir un pr\u00eat d\u2019un montant de 110 000 \u20ac avec des mensualit\u00e9s de 520 \u20ac \/ mois, soit le prix d\u2019un loyer, alors pourquoi s\u2019en priver !<\/p>\n<p><b>De mani\u00e8re g\u00e9n\u00e9rale, comment \u00e9valuez-vous l&rsquo;accompagnement offert par le courtier de l&rsquo;agence PresseTaux qui vous a accompagn\u00e9 ?<\/b><\/p>\n<p>En ce qui me concerne, l\u2019accompagnement effectu\u00e9 par Christophe Lamand m\u2019a \u00e9t\u00e9 tr\u00e8s b\u00e9n\u00e9fique, cela m\u2019a beaucoup soulag\u00e9, notamment sur le plan administratif. Cela m\u2019a permis de me sentir en s\u00e9curit\u00e9, vu que j\u2019empruntais sur une p\u00e9riode de 25 ans.<\/p>\n<p><b>Recommanderiez-vous PresseTaux \u00e0 votre entourage ?<\/b><\/p>\n<p>Oui, sans h\u00e9siter ! Christophe Lamand est disponible, agr\u00e9able, compr\u00e9hensif et surtout humain.<\/p>\n","protected":false},"excerpt":{"rendered":"<p>Dominique L. a eu recours aux services de Christophe Lamand, courtier PresseTaux \u00e0 Douai, dans le cadre d\u2019un projet immobilier. T\u00e9moignage d\u2019un particulier. Dominique L. a sollicit\u00e9 les services d\u2019un courtier de PresseTaux dans le cadre d\u2019un projet d\u2019achat immobilier. Il a connu l\u2019enseigne via une \u201cagence immobili\u00e8re\u201d, et a pu b\u00e9n\u00e9ficier d\u2019un accompagnement propos\u00e9 par Christophe Lamand, courtier PresseTaux \u00e0 Douai (59).<\/p>\n","protected":false},"author":7,"featured_media":0,"comment_status":"closed","ping_status":"open","sticky":false,"template":"","format":"standard","meta":{"_genesis_hide_title":false,"_genesis_hide_breadcrumbs":false,"_genesis_hide_singular_image":false,"_genesis_hide_footer_widgets":false,"_genesis_custom_body_class":"","_genesis_custom_post_class":"","_genesis_layout":""},"categories":[4],"tags":[],"yoast_head":"<!-- This site is optimized with the Yoast SEO plugin v17.8 - https:\/\/yoast.com\/wordpress\/plugins\/seo\/ -->\n<title>\u201cL\u2019accompagnement effectu\u00e9 par Christophe Lamand m\u2019a beaucoup soulag\u00e9\u201d - PresseTaux Douai<\/title>\n<meta name=\"robots\" content=\"index, follow, max-snippet:-1, max-image-preview:large, max-video-preview:-1\" \/>\n<link rel=\"canonical\" href=\"https:\/\/pressetaux.fr\/douai\/laccompagnement-effectue-christophe-lamand-beaucoup-soulage\/\" \/>\n<meta property=\"og:locale\" content=\"fr_FR\" \/>\n<meta property=\"og:type\" content=\"article\" \/>\n<meta property=\"og:title\" content=\"\u201cL\u2019accompagnement effectu\u00e9 par Christophe Lamand m\u2019a beaucoup soulag\u00e9\u201d - PresseTaux Douai\" \/>\n<meta property=\"og:description\" content=\"Dominique L. a eu recours aux services de Christophe Lamand, courtier PresseTaux \u00e0 Douai, dans le cadre d\u2019un projet immobilier. T\u00e9moignage d\u2019un particulier. Dominique L. a sollicit\u00e9 les services d\u2019un courtier de PresseTaux dans le cadre d\u2019un projet d\u2019achat immobilier. Il a connu l\u2019enseigne via une \u201cagence immobili\u00e8re\u201d, et a pu b\u00e9n\u00e9ficier d\u2019un accompagnement propos\u00e9 par Christophe Lamand, courtier PresseTaux \u00e0 Douai (59).\" \/>\n<meta property=\"og:url\" content=\"https:\/\/pressetaux.fr\/douai\/laccompagnement-effectue-christophe-lamand-beaucoup-soulage\/\" \/>\n<meta property=\"og:site_name\" content=\"PresseTaux Douai\" \/>\n<meta property=\"article:publisher\" content=\"https:\/\/www.facebook.com\/pressetauxdouai?locale=fr_FR\" \/>\n<meta property=\"article:published_time\" content=\"2017-03-31T11:42:28+00:00\" \/>\n<meta property=\"article:modified_time\" content=\"2017-03-31T14:11:13+00:00\" \/>\n<meta property=\"og:image\" content=\"https:\/\/pressetaux.fr\/wp-content\/uploads\/2016\/02\/PresseTaux_courtier_5.jpg\" \/>\n<meta name=\"twitter:card\" content=\"summary\" \/>\n<meta name=\"twitter:label1\" content=\"\u00c9crit par\" \/>\n\t<meta name=\"twitter:data1\" content=\"Ma\u00ebl PresseTaux\" \/>\n\t<meta name=\"twitter:label2\" content=\"Dur\u00e9e de lecture estim\u00e9e\" \/>\n\t<meta name=\"twitter:data2\" content=\"2 minutes\" \/>\n<script type=\"application\/ld+json\" class=\"yoast-schema-graph\">{\"@context\":\"https:\/\/schema.org\",\"@graph\":[{\"@type\":\"Organization\",\"@id\":\"https:\/\/pressetaux.fr\/douai\/#organization\",\"name\":\"PresseTaux Douai\",\"url\":\"https:\/\/pressetaux.fr\/douai\/\",\"sameAs\":[\"https:\/\/www.facebook.com\/pressetauxdouai?locale=fr_FR\"],\"logo\":{\"@type\":\"ImageObject\",\"@id\":\"https:\/\/pressetaux.fr\/douai\/#logo\",\"inLanguage\":\"fr-FR\",\"url\":\"https:\/\/pressetaux.fr\/douai\/wp-content\/uploads\/sites\/26\/2020\/11\/LogoPressetaux.png\",\"contentUrl\":\"https:\/\/pressetaux.fr\/douai\/wp-content\/uploads\/sites\/26\/2020\/11\/LogoPressetaux.png\",\"width\":488,\"height\":278,\"caption\":\"PresseTaux Douai\"},\"image\":{\"@id\":\"https:\/\/pressetaux.fr\/douai\/#logo\"}},{\"@type\":\"WebSite\",\"@id\":\"https:\/\/pressetaux.fr\/douai\/#website\",\"url\":\"https:\/\/pressetaux.fr\/douai\/\",\"name\":\"PresseTaux Douai\",\"description\":\"COURTIER EN CREDIT\",\"publisher\":{\"@id\":\"https:\/\/pressetaux.fr\/douai\/#organization\"},\"potentialAction\":[{\"@type\":\"SearchAction\",\"target\":{\"@type\":\"EntryPoint\",\"urlTemplate\":\"https:\/\/pressetaux.fr\/douai\/?s={search_term_string}\"},\"query-input\":\"required name=search_term_string\"}],\"inLanguage\":\"fr-FR\"},{\"@type\":\"ImageObject\",\"@id\":\"https:\/\/pressetaux.fr\/douai\/laccompagnement-effectue-christophe-lamand-beaucoup-soulage\/#primaryimage\",\"inLanguage\":\"fr-FR\",\"url\":\"https:\/\/pressetaux.fr\/wp-content\/uploads\/2016\/02\/PresseTaux_courtier_5.jpg\",\"contentUrl\":\"https:\/\/pressetaux.fr\/wp-content\/uploads\/2016\/02\/PresseTaux_courtier_5.jpg\"},{\"@type\":\"WebPage\",\"@id\":\"https:\/\/pressetaux.fr\/douai\/laccompagnement-effectue-christophe-lamand-beaucoup-soulage\/#webpage\",\"url\":\"https:\/\/pressetaux.fr\/douai\/laccompagnement-effectue-christophe-lamand-beaucoup-soulage\/\",\"name\":\"\\u201cL\\u2019accompagnement effectu\\u00e9 par Christophe Lamand m\\u2019a beaucoup soulag\\u00e9\\u201d - PresseTaux Douai\",\"isPartOf\":{\"@id\":\"https:\/\/pressetaux.fr\/douai\/#website\"},\"primaryImageOfPage\":{\"@id\":\"https:\/\/pressetaux.fr\/douai\/laccompagnement-effectue-christophe-lamand-beaucoup-soulage\/#primaryimage\"},\"datePublished\":\"2017-03-31T11:42:28+00:00\",\"dateModified\":\"2017-03-31T14:11:13+00:00\",\"breadcrumb\":{\"@id\":\"https:\/\/pressetaux.fr\/douai\/laccompagnement-effectue-christophe-lamand-beaucoup-soulage\/#breadcrumb\"},\"inLanguage\":\"fr-FR\",\"potentialAction\":[{\"@type\":\"ReadAction\",\"target\":[\"https:\/\/pressetaux.fr\/douai\/laccompagnement-effectue-christophe-lamand-beaucoup-soulage\/\"]}]},{\"@type\":\"BreadcrumbList\",\"@id\":\"https:\/\/pressetaux.fr\/douai\/laccompagnement-effectue-christophe-lamand-beaucoup-soulage\/#breadcrumb\",\"itemListElement\":[{\"@type\":\"ListItem\",\"position\":1,\"name\":\"Accueil\",\"item\":\"https:\/\/pressetaux.fr\/douai\/\"},{\"@type\":\"ListItem\",\"position\":2,\"name\":\"\\u201cL\\u2019accompagnement effectu\\u00e9 par Christophe Lamand m\\u2019a beaucoup soulag\\u00e9\\u201d\"}]},{\"@type\":\"Article\",\"@id\":\"https:\/\/pressetaux.fr\/douai\/laccompagnement-effectue-christophe-lamand-beaucoup-soulage\/#article\",\"isPartOf\":{\"@id\":\"https:\/\/pressetaux.fr\/douai\/laccompagnement-effectue-christophe-lamand-beaucoup-soulage\/#webpage\"},\"author\":{\"@id\":\"https:\/\/pressetaux.fr\/douai\/#\/schema\/person\/e18ef05c180d813e5ce42087d0369f85\"},\"headline\":\"\\u201cL\\u2019accompagnement effectu\\u00e9 par Christophe Lamand m\\u2019a beaucoup soulag\\u00e9\\u201d\",\"datePublished\":\"2017-03-31T11:42:28+00:00\",\"dateModified\":\"2017-03-31T14:11:13+00:00\",\"mainEntityOfPage\":{\"@id\":\"https:\/\/pressetaux.fr\/douai\/laccompagnement-effectue-christophe-lamand-beaucoup-soulage\/#webpage\"},\"wordCount\":316,\"publisher\":{\"@id\":\"https:\/\/pressetaux.fr\/douai\/#organization\"},\"image\":{\"@id\":\"https:\/\/pressetaux.fr\/douai\/laccompagnement-effectue-christophe-lamand-beaucoup-soulage\/#primaryimage\"},\"thumbnailUrl\":\"https:\/\/pressetaux.fr\/wp-content\/uploads\/2016\/02\/PresseTaux_courtier_5.jpg\",\"articleSection\":[\"temoignagesblog\"],\"inLanguage\":\"fr-FR\"},{\"@type\":\"Person\",\"@id\":\"https:\/\/pressetaux.fr\/douai\/#\/schema\/person\/e18ef05c180d813e5ce42087d0369f85\",\"name\":\"Ma\\u00ebl PresseTaux\",\"image\":{\"@type\":\"ImageObject\",\"@id\":\"https:\/\/pressetaux.fr\/douai\/#personlogo\",\"inLanguage\":\"fr-FR\",\"url\":\"https:\/\/secure.gravatar.com\/avatar\/c2daa4ba12e6c26194c9f7b7936f6a98?s=96&d=mm&r=g\",\"contentUrl\":\"https:\/\/secure.gravatar.com\/avatar\/c2daa4ba12e6c26194c9f7b7936f6a98?s=96&d=mm&r=g\",\"caption\":\"Ma\\u00ebl PresseTaux\"},\"url\":\"https:\/\/pressetaux.fr\/douai\/author\/mael-nonet\/\"}]}<\/script>\n<!-- \/ Yoast SEO plugin. -->","yoast_head_json":{"title":"\u201cL\u2019accompagnement effectu\u00e9 par Christophe Lamand m\u2019a beaucoup soulag\u00e9\u201d - PresseTaux Douai","robots":{"index":"index","follow":"follow","max-snippet":"max-snippet:-1","max-image-preview":"max-image-preview:large","max-video-preview":"max-video-preview:-1"},"canonical":"https:\/\/pressetaux.fr\/douai\/laccompagnement-effectue-christophe-lamand-beaucoup-soulage\/","og_locale":"fr_FR","og_type":"article","og_title":"\u201cL\u2019accompagnement effectu\u00e9 par Christophe Lamand m\u2019a beaucoup soulag\u00e9\u201d - PresseTaux Douai","og_description":"Dominique L. a eu recours aux services de Christophe Lamand, courtier PresseTaux \u00e0 Douai, dans le cadre d\u2019un projet immobilier. T\u00e9moignage d\u2019un particulier. Dominique L. a sollicit\u00e9 les services d\u2019un courtier de PresseTaux dans le cadre d\u2019un projet d\u2019achat immobilier. Il a connu l\u2019enseigne via une \u201cagence immobili\u00e8re\u201d, et a pu b\u00e9n\u00e9ficier d\u2019un accompagnement propos\u00e9 par Christophe Lamand, courtier PresseTaux \u00e0 Douai (59).","og_url":"https:\/\/pressetaux.fr\/douai\/laccompagnement-effectue-christophe-lamand-beaucoup-soulage\/","og_site_name":"PresseTaux Douai","article_publisher":"https:\/\/www.facebook.com\/pressetauxdouai?locale=fr_FR","article_published_time":"2017-03-31T11:42:28+00:00","article_modified_time":"2017-03-31T14:11:13+00:00","og_image":[{"url":"https:\/\/pressetaux.fr\/wp-content\/uploads\/2016\/02\/PresseTaux_courtier_5.jpg"}],"twitter_card":"summary","twitter_misc":{"\u00c9crit par":"Ma\u00ebl PresseTaux","Dur\u00e9e de lecture estim\u00e9e":"2 minutes"},"schema":{"@context":"https:\/\/schema.org","@graph":[{"@type":"Organization","@id":"https:\/\/pressetaux.fr\/douai\/#organization","name":"PresseTaux Douai","url":"https:\/\/pressetaux.fr\/douai\/","sameAs":["https:\/\/www.facebook.com\/pressetauxdouai?locale=fr_FR"],"logo":{"@type":"ImageObject","@id":"https:\/\/pressetaux.fr\/douai\/#logo","inLanguage":"fr-FR","url":"https:\/\/pressetaux.fr\/douai\/wp-content\/uploads\/sites\/26\/2020\/11\/LogoPressetaux.png","contentUrl":"https:\/\/pressetaux.fr\/douai\/wp-content\/uploads\/sites\/26\/2020\/11\/LogoPressetaux.png","width":488,"height":278,"caption":"PresseTaux Douai"},"image":{"@id":"https:\/\/pressetaux.fr\/douai\/#logo"}},{"@type":"WebSite","@id":"https:\/\/pressetaux.fr\/douai\/#website","url":"https:\/\/pressetaux.fr\/douai\/","name":"PresseTaux Douai","description":"COURTIER EN CREDIT","publisher":{"@id":"https:\/\/pressetaux.fr\/douai\/#organization"},"potentialAction":[{"@type":"SearchAction","target":{"@type":"EntryPoint","urlTemplate":"https:\/\/pressetaux.fr\/douai\/?s={search_term_string}"},"query-input":"required name=search_term_string"}],"inLanguage":"fr-FR"},{"@type":"ImageObject","@id":"https:\/\/pressetaux.fr\/douai\/laccompagnement-effectue-christophe-lamand-beaucoup-soulage\/#primaryimage","inLanguage":"fr-FR","url":"https:\/\/pressetaux.fr\/wp-content\/uploads\/2016\/02\/PresseTaux_courtier_5.jpg","contentUrl":"https:\/\/pressetaux.fr\/wp-content\/uploads\/2016\/02\/PresseTaux_courtier_5.jpg"},{"@type":"WebPage","@id":"https:\/\/pressetaux.fr\/douai\/laccompagnement-effectue-christophe-lamand-beaucoup-soulage\/#webpage","url":"https:\/\/pressetaux.fr\/douai\/laccompagnement-effectue-christophe-lamand-beaucoup-soulage\/","name":"\u201cL\u2019accompagnement effectu\u00e9 par Christophe Lamand m\u2019a beaucoup soulag\u00e9\u201d - PresseTaux Douai","isPartOf":{"@id":"https:\/\/pressetaux.fr\/douai\/#website"},"primaryImageOfPage":{"@id":"https:\/\/pressetaux.fr\/douai\/laccompagnement-effectue-christophe-lamand-beaucoup-soulage\/#primaryimage"},"datePublished":"2017-03-31T11:42:28+00:00","dateModified":"2017-03-31T14:11:13+00:00","breadcrumb":{"@id":"https:\/\/pressetaux.fr\/douai\/laccompagnement-effectue-christophe-lamand-beaucoup-soulage\/#breadcrumb"},"inLanguage":"fr-FR","potentialAction":[{"@type":"ReadAction","target":["https:\/\/pressetaux.fr\/douai\/laccompagnement-effectue-christophe-lamand-beaucoup-soulage\/"]}]},{"@type":"BreadcrumbList","@id":"https:\/\/pressetaux.fr\/douai\/laccompagnement-effectue-christophe-lamand-beaucoup-soulage\/#breadcrumb","itemListElement":[{"@type":"ListItem","position":1,"name":"Accueil","item":"https:\/\/pressetaux.fr\/douai\/"},{"@type":"ListItem","position":2,"name":"\u201cL\u2019accompagnement effectu\u00e9 par Christophe Lamand m\u2019a beaucoup soulag\u00e9\u201d"}]},{"@type":"Article","@id":"https:\/\/pressetaux.fr\/douai\/laccompagnement-effectue-christophe-lamand-beaucoup-soulage\/#article","isPartOf":{"@id":"https:\/\/pressetaux.fr\/douai\/laccompagnement-effectue-christophe-lamand-beaucoup-soulage\/#webpage"},"author":{"@id":"https:\/\/pressetaux.fr\/douai\/#\/schema\/person\/e18ef05c180d813e5ce42087d0369f85"},"headline":"\u201cL\u2019accompagnement effectu\u00e9 par Christophe Lamand m\u2019a beaucoup soulag\u00e9\u201d","datePublished":"2017-03-31T11:42:28+00:00","dateModified":"2017-03-31T14:11:13+00:00","mainEntityOfPage":{"@id":"https:\/\/pressetaux.fr\/douai\/laccompagnement-effectue-christophe-lamand-beaucoup-soulage\/#webpage"},"wordCount":316,"publisher":{"@id":"https:\/\/pressetaux.fr\/douai\/#organization"},"image":{"@id":"https:\/\/pressetaux.fr\/douai\/laccompagnement-effectue-christophe-lamand-beaucoup-soulage\/#primaryimage"},"thumbnailUrl":"https:\/\/pressetaux.fr\/wp-content\/uploads\/2016\/02\/PresseTaux_courtier_5.jpg","articleSection":["temoignagesblog"],"inLanguage":"fr-FR"},{"@type":"Person","@id":"https:\/\/pressetaux.fr\/douai\/#\/schema\/person\/e18ef05c180d813e5ce42087d0369f85","name":"Ma\u00ebl PresseTaux","image":{"@type":"ImageObject","@id":"https:\/\/pressetaux.fr\/douai\/#personlogo","inLanguage":"fr-FR","url":"https:\/\/secure.gravatar.com\/avatar\/c2daa4ba12e6c26194c9f7b7936f6a98?s=96&d=mm&r=g","contentUrl":"https:\/\/secure.gravatar.com\/avatar\/c2daa4ba12e6c26194c9f7b7936f6a98?s=96&d=mm&r=g","caption":"Ma\u00ebl PresseTaux"},"url":"https:\/\/pressetaux.fr\/douai\/author\/mael-nonet\/"}]}},"_links":{"self":[{"href":"https:\/\/pressetaux.fr\/douai\/wp-json\/wp\/v2\/posts\/413"}],"collection":[{"href":"https:\/\/pressetaux.fr\/douai\/wp-json\/wp\/v2\/posts"}],"about":[{"href":"https:\/\/pressetaux.fr\/douai\/wp-json\/wp\/v2\/types\/post"}],"author":[{"embeddable":true,"href":"https:\/\/pressetaux.fr\/douai\/wp-json\/wp\/v2\/users\/7"}],"replies":[{"embeddable":true,"href":"https:\/\/pressetaux.fr\/douai\/wp-json\/wp\/v2\/comments?post=413"}],"version-history":[{"count":0,"href":"https:\/\/pressetaux.fr\/douai\/wp-json\/wp\/v2\/posts\/413\/revisions"}],"wp:attachment":[{"href":"https:\/\/pressetaux.fr\/douai\/wp-json\/wp\/v2\/media?parent=413"}],"wp:term":[{"taxonomy":"category","embeddable":true,"href":"https:\/\/pressetaux.fr\/douai\/wp-json\/wp\/v2\/categories?post=413"},{"taxonomy":"post_tag","embeddable":true,"href":"https:\/\/pressetaux.fr\/douai\/wp-json\/wp\/v2\/tags?post=413"}],"curies":[{"name":"wp","href":"https:\/\/api.w.org\/{rel}","templated":true}]}}