{"id":522,"date":"2017-09-06T11:22:48","date_gmt":"2017-09-06T10:22:48","guid":{"rendered":"http:\/\/pressetaux.fr\/douai\/?p=522"},"modified":"2019-10-10T09:54:31","modified_gmt":"2019-10-10T08:54:31","slug":"communique-de-presse-primo-accession-immobilier-booste-taux-bas-prets-aides","status":"publish","type":"post","link":"https:\/\/pressetaux.fr\/douai\/communique-de-presse-primo-accession-immobilier-booste-taux-bas-prets-aides\/","title":{"rendered":"Communiqu\u00e9 de presse | Primo-accession : l\u2019immobilier boost\u00e9 par les taux bas et les pr\u00eats aid\u00e9s"},"content":{"rendered":"<p><b><u><a href=\"https:\/\/pressetaux.fr\/wp-content\/uploads\/2016\/02\/Logo_PresseTaux.png\" rel=\"attachment wp-att-3444\"><img loading=\"lazy\" class=\"alignright wp-image-3444\" src=\"https:\/\/pressetaux.fr\/wp-content\/uploads\/2016\/02\/Logo_PresseTaux.png\" alt=\"Logo_PresseTaux\" width=\"162\" height=\"90\"><\/a><\/u>En bref :<\/b><b> Pr\u00eat \u00e0 taux z\u00e9ro et TVA \u00e0 5,5 % dans le neuf, \u00e9co-PTZ dans l\u2019ancien r\u00e9nov\u00e9, pr\u00eat 1 % patronal\u2026 Dans un contexte de persistance des taux bas qui facilite l\u2019acc\u00e8s au financement de cr\u00e9dit, les primo-acc\u00e9dants peuvent opter pour du neuf ou de l\u2019ancien. Car en parall\u00e8le des taux bas, les courtiers en cr\u00e9dit n\u00e9goci\u00e9 du r\u00e9seau PresseTaux mettent surtout en avant le r\u00f4le pr\u00e9pond\u00e9rant des pr\u00eats \u00e0 taux z\u00e9ro.<\/b><\/p>\n<p><!--more--><i><span style=\"font-weight: 400;\"><em>[<a href=\"https:\/\/pressetaux.fr\/wp-content\/uploads\/2017\/09\/CP_PresseTaux_National_Primo-accession_taux-bas-prets-aides_2017-09-06.pdf\" target=\"_blank\" rel=\"noopener noreferrer\">Version PDF du communiqu\u00e9 de presse<\/a>]<\/em><\/span><\/i><\/p>\n<p><i><span style=\"font-weight: 400;\">\u201cSur le terrain, les taux bas et le pr\u00eat \u00e0 taux z\u00e9ro (PTZ) ont boost\u00e9 le nombre de dossiers de primo-acc\u00e9dants. L&rsquo;effort pour passer de locataire \u00e0 propri\u00e9taire est devenu beaucoup plus raisonnable\u201d<\/span><\/i><span style=\"font-weight: 400;\">, observe<\/span> <a href=\"https:\/\/pressetaux.fr\/chevreuse\/courtier-chevreuse\/\" target=\"_blank\" rel=\"noopener noreferrer\"><b>C\u00e9dric Humbert<\/b><\/a><span style=\"font-weight: 400;\"> (PresseTaux Chevreuse). <\/span><i><span style=\"font-weight: 400;\">\u201cLes taux bas ont \u00e9t\u00e9 un facteur d&rsquo;attrait pour les clients. Les agents immobiliers en ont us\u00e9 pour vendre leurs biens\u201d<\/span><\/i><span style=\"font-weight: 400;\">, ajoute<\/span> <a href=\"https:\/\/pressetaux.fr\/poissy\/courtier-poissy\/\" target=\"_blank\" rel=\"noopener noreferrer\"><b>Christophe Lamand<\/b><\/a><span style=\"font-weight: 400;\"> (PresseTaux Douai). <\/span><i><span style=\"font-weight: 400;\">\u201cEn effet, les taux bas ont incit\u00e9 les primo-acc\u00e9dants \u00e0 se positionner sur un march\u00e9 enfin favorable \u00e0 leur \u00e9gard, aussi bien sur les conditions de financement que sur le prix de l&rsquo;achat immobilier\u201d<\/span><\/i><span style=\"font-weight: 400;\">, rench\u00e9rit<\/span> <a href=\"https:\/\/pressetaux.fr\/reims\/courtier-en-credit-a-reims\/\" target=\"_blank\" rel=\"noopener noreferrer\"><b>Geoffrey Mazouzi<\/b><\/a><span style=\"font-weight: 400;\"> (PresseTaux Reims).<\/span><\/p>\n<p><i><span style=\"font-weight: 400;\">\u201cLes primo-acc\u00e9dants peuvent avoir droit au PTZ en achetant du neuf et de l&rsquo;application de la TVA immobili\u00e8re \u00e0 5,5 % au lieu des droits d&rsquo;enregistrement classiques. Par exemple, pour un m\u00eame couple, un budget de 280&nbsp;000&nbsp;\u20ac dans de l&rsquo;ancien serait port\u00e9 \u00e0 330 000 \u20ac dans du neuf\u201d<\/span><\/i><span style=\"font-weight: 400;\">, expose<\/span> <a href=\"https:\/\/pressetaux.fr\/poissy\/courtier-poissy\/\" target=\"_blank\" rel=\"noopener noreferrer\"><b>Isabelle Venzal<\/b><\/a><span style=\"font-weight: 400;\"> (PresseTaux Poissy). <\/span><i><span style=\"font-weight: 400;\">\u201cIl est int\u00e9ressant d&rsquo;acheter dans le neuf afin de b\u00e9n\u00e9ficier du PTZ et de r\u00e9duire les futures factures \u00e9nerg\u00e9tiques\u201d<\/span><\/i><span style=\"font-weight: 400;\">, abonde C\u00e9dric Humbert. <\/span><i><span style=\"font-weight: 400;\">\u201cAttention n\u00e9anmoins \u00e0 ne pas acheter trop cher et\/ou dans des immeubles ou les charges vont \u00eatre exorbitantes.\u201d<br \/>\n<\/span><\/i><\/p>\n<p>&nbsp;<\/p>\n<p><span style=\"font-weight: 400;\"><a href=\"https:\/\/pressetaux.fr\/wp-content\/uploads\/2017\/09\/Portraits_1.jpg\"><img loading=\"lazy\" class=\"aligncenter wp-image-550\" src=\"https:\/\/pressetaux.fr\/wp-content\/uploads\/2017\/09\/Portraits_1.jpg\" alt=\"\" width=\"709\" height=\"180\" srcset=\"https:\/\/pressetaux.fr\/douai\/wp-content\/uploads\/sites\/26\/2017\/09\/Portraits_1.jpg 1000w, https:\/\/pressetaux.fr\/douai\/wp-content\/uploads\/sites\/26\/2017\/09\/Portraits_1-300x76.jpg 300w, https:\/\/pressetaux.fr\/douai\/wp-content\/uploads\/sites\/26\/2017\/09\/Portraits_1-768x195.jpg 768w, https:\/\/pressetaux.fr\/douai\/wp-content\/uploads\/sites\/26\/2017\/09\/Portraits_1-24x6.jpg 24w, https:\/\/pressetaux.fr\/douai\/wp-content\/uploads\/sites\/26\/2017\/09\/Portraits_1-36x9.jpg 36w, https:\/\/pressetaux.fr\/douai\/wp-content\/uploads\/sites\/26\/2017\/09\/Portraits_1-48x12.jpg 48w\" sizes=\"(max-width: 709px) 100vw, 709px\" \/><\/a><\/span><\/p>\n<p>&nbsp;<\/p>\n<p><span style=\"font-weight: 400;\">Pour<\/span> <a href=\"https:\/\/pressetaux.fr\/cambrai\/courtier-cambrai\/\" target=\"_blank\" rel=\"noopener noreferrer\"><b>Eric Bossaert<\/b><\/a><span style=\"font-weight: 400;\"> (PresseTaux Cambrai), le choix de l\u2019ancien avec travaux n\u2019est pas \u00e0 n\u00e9gliger, puisque cela permet d\u2019avoir recours \u00e0 l\u2019\u00e9co-pr\u00eat \u00e0 taux z\u00e9ro (\u00e9co-PTZ) pour financer des travaux de r\u00e9novation \u00e9nerg\u00e9tique. Le montant maximum accord\u00e9 est de 30 000 \u20ac, remboursable sans int\u00e9r\u00eat. Pour en b\u00e9n\u00e9ficier, le logement doit avoir \u00e9t\u00e9 construit avant le 1er janvier 1990 et \u00eatre occup\u00e9 en tant que r\u00e9sidence principale. <\/span><i><span style=\"font-weight: 400;\">\u201cActuellement, il est plus avantageux d&rsquo;acheter dans l&rsquo;ancien avec une grosse part de travaux ou de faire construire car gr\u00e2ce \u00e0 l\u2019\u00e9co-PTZ et au PTZ : le co\u00fbt total du cr\u00e9dit et la mensualit\u00e9 se retrouvent diminu\u00e9s en cons\u00e9quence, ce qui permet de faire baisser le taux d&rsquo;endettement\u201d<\/span><\/i><span style=\"font-weight: 400;\">, explique<\/span> <a href=\"https:\/\/pressetaux.fr\/cambrai\/courtier-en-credit-caudry\/\" target=\"_blank\" rel=\"noopener noreferrer\"><b>Jean-Philippe Journet<\/b><\/a><span style=\"font-weight: 400;\"> (PresseTaux Caudry). <\/span><i><span style=\"font-weight: 400;\">\u201cIl ne faut pas g\u00e9n\u00e9raliser, mais la chert\u00e9 du neuf peut \u00eatre compens\u00e9e par un plan de financement incluant un PTZ par exemple. Il existe aussi des possibilit\u00e9s dans l&rsquo;ancien avec le pr\u00eat \u00e0 l&rsquo;accession sociale (PAS) ou les pr\u00eats conventionn\u00e9s, comme le 1% patronal\u201d<\/span><\/i><span style=\"font-weight: 400;\">, compl\u00e8te<\/span> <a href=\"https:\/\/pressetaux.fr\/antony\/courtier-antony\/\" target=\"_blank\" rel=\"noopener noreferrer\"><b>Herv\u00e9 Grain<\/b><\/a><span style=\"font-weight: 400;\"> (PresseTaux Antony).<\/span><\/p>\n<p><i><span style=\"font-weight: 400;\">\u201cL\u2019important est de savoir ce que le client souhaite acheter afin de se sentir bien chez lui. De ce constat et en fonction de la situation, c&rsquo;est au courtier de monter son dossier en prenant en consid\u00e9ration les diff\u00e9rents b\u00e9n\u00e9fices auxquels le client a droit : pr\u00eat 1 % employeur, PTZ dans le neuf ou \u00e9co-PTZ dans l&rsquo;ancien r\u00e9nov\u00e9, etc.\u201d<\/span><\/i><span style=\"font-weight: 400;\">, r\u00e9sume Geoffrey Mazouzi. <\/span><i><span style=\"font-weight: 400;\">\u201cUn projet immobilier est un projet de vie. Que les clients s&rsquo;orientent sur de l&rsquo;ancien ou du neuf, nous mettons tout en \u0153uvre pour qu&rsquo;ils concr\u00e9tisent leurs projets dans les meilleures conditions financi\u00e8res. Le cas \u00e9ch\u00e9ant, nous optimisons le montage, le taux d&#8217;emprunt, l&rsquo;assurance du pr\u00eat et le recours aux pr\u00eats aid\u00e9s\u201d<\/span><\/i><span style=\"font-weight: 400;\">, ajoute<\/span><a href=\"https:\/\/pressetaux.fr\/sannois\/courtier-en-credit-a-sannois\/\" target=\"_blank\" rel=\"noopener noreferrer\"> <b>C\u00e9dric Leroy<\/b><\/a><span style=\"font-weight: 400;\"> (PresseTaux Sannois).<br \/>\n<\/span><\/p>\n<p>&nbsp;<\/p>\n<p><span style=\"font-weight: 400;\"><a href=\"https:\/\/pressetaux.fr\/wp-content\/uploads\/2017\/09\/Portraits_2.jpg\"><img loading=\"lazy\" class=\"aligncenter wp-image-549\" src=\"https:\/\/pressetaux.fr\/wp-content\/uploads\/2017\/09\/Portraits_2.jpg\" alt=\"\" width=\"566\" height=\"180\" srcset=\"https:\/\/pressetaux.fr\/douai\/wp-content\/uploads\/sites\/26\/2017\/09\/Portraits_2.jpg 798w, https:\/\/pressetaux.fr\/douai\/wp-content\/uploads\/sites\/26\/2017\/09\/Portraits_2-300x95.jpg 300w, https:\/\/pressetaux.fr\/douai\/wp-content\/uploads\/sites\/26\/2017\/09\/Portraits_2-768x244.jpg 768w, https:\/\/pressetaux.fr\/douai\/wp-content\/uploads\/sites\/26\/2017\/09\/Portraits_2-24x8.jpg 24w, https:\/\/pressetaux.fr\/douai\/wp-content\/uploads\/sites\/26\/2017\/09\/Portraits_2-36x11.jpg 36w, https:\/\/pressetaux.fr\/douai\/wp-content\/uploads\/sites\/26\/2017\/09\/Portraits_2-48x15.jpg 48w\" sizes=\"(max-width: 566px) 100vw, 566px\" \/><\/a><\/span><\/p>\n<p>&nbsp;<\/p>\n<p><span style=\"font-weight: 400;\">Mais les taux bas ont aussi leurs limites : <\/span><i><span style=\"font-weight: 400;\">\u201cIl arrive que des personnes pensant pouvoir pr\u00e9tendre \u00e0 des pr\u00eats viennent nous solliciter, alors que leurs situations ne le leur permettent pas\u201d<\/span><\/i><span style=\"font-weight: 400;\">, relativise Christophe Lamand. <\/span><i><span style=\"font-weight: 400;\">\u201cNous recevons donc davantage de demandes. Mais parmi elles, nous sommes contraints d\u2019en refuser beaucoup parce qu\u2019elles sont impossibles \u00e0 traiter, car le refus de financement des banques serait syst\u00e9matique.\u201d \u201cAvec les taux bas, les primo-acc\u00e9dants souhaitent acqu\u00e9rir leur r\u00e9sidence principale \u00e0 moindre co\u00fbt en profitant d\u2019un contexte bancaire favorable. Mais cela a \u00e9galement engendr\u00e9 de la pr\u00e9cipitation, et donc des achats sup\u00e9rieurs au budget possible\u201d<\/span><\/i><span style=\"font-weight: 400;\">, nuance de son c\u00f4t\u00e9<\/span> <a href=\"https:\/\/pressetaux.fr\/nancy\/courtier-nancy\/\" target=\"_blank\" rel=\"noopener noreferrer\"><b>Marion Nicolas<\/b><\/a><span style=\"font-weight: 400;\"> (PresseTaux Nancy).<\/span><\/p>\n<p>&nbsp;<\/p>\n<p><b>Vous souhaitez r\u00e9aliser un article sur le courtage en cr\u00e9dit, interviewer S\u00e9bastien Masure (fondateur et dirigeant de PresseTaux) et\/ou certains courtiers de l\u2019enseigne ?<\/b><\/p>\n<p style=\"padding-left: 30px;\"><b>\u2192&nbsp;<\/b><b>Contact :<\/b>&nbsp;<b>Ma\u00ebl Nonet, attach\u00e9 de presse :<\/b>&nbsp;06 62 33 20 32 \/&nbsp;<a href=\"mailto:mael@pressetaux.fr\"><b>mael@pressetaux.fr<\/b><\/a><\/p>\n<p>&nbsp;<\/p>\n<p><b>&gt; En ligne, retrouvez l\u2019actualit\u00e9 nationale de PresseTaux :<\/b><\/p>\n<ul>\n<li style=\"font-weight: 400;\"><span style=\"font-weight: 400;\">sur son&nbsp;<\/span><a href=\"https:\/\/pressetaux.fr\/blog\/\" target=\"_blank\" rel=\"noopener noreferrer\"><b>blog<\/b><\/a><\/li>\n<li style=\"font-weight: 400;\"><span style=\"font-weight: 400;\">sur son&nbsp;<\/span><a href=\"https:\/\/pressetaux.fr\/presse-pressetaux\/\" target=\"_blank\" rel=\"noopener noreferrer\"><b>espace presse<\/b><\/a><\/li>\n<li style=\"font-weight: 400;\"><span style=\"font-weight: 400;\">la&nbsp;<\/span><a href=\"https:\/\/pressetaux.fr\/les-courtiers-pressetaux\/\" target=\"_blank\" rel=\"noopener noreferrer\"><b>carte<\/b><\/a><span style=\"font-weight: 400;\">&nbsp;du r\u00e9seau des agences PresseTaux en France<\/span><\/li>\n<\/ul>\n<p><b><a href=\"https:\/\/pressetaux.fr\/wp-content\/uploads\/2016\/02\/Logo_PresseTaux.png\" rel=\"attachment wp-att-3444\"><img loading=\"lazy\" class=\"alignright wp-image-3444\" src=\"https:\/\/pressetaux.fr\/wp-content\/uploads\/2016\/02\/Logo_PresseTaux.png\" alt=\"Logo_PresseTaux\" width=\"198\" height=\"110\"><\/a><\/b><\/p>\n<p>&nbsp;<\/p>\n<p><b>\u00c0 propos de PresseTaux :<\/b><\/p>\n<p>Les courtiers du r\u00e9seau PresseTaux permettent aux particuliers et aux professionnels de tous \u00e2ges \u2013 seniors compris \u2013 de faciliter l\u2019acc\u00e8s \u00e0 l\u2019emprunt, en jouant le r\u00f4le d\u2019interm\u00e9diaire entre les besoins du client et le milieu bancaire. Cr\u00e9\u00e9 en 2004, PresseTaux s&rsquo;appuie sur une organisation structur\u00e9e et le savoir-faire de ses dirigeants, issus essentiellement des milieux bancaires. Afin de se diff\u00e9rencier de ses concurrents et apporter \u00e0 ses franchis\u00e9s une forte rentabilit\u00e9, PresseTaux a d\u00e9cid\u00e9 de miser sur un service de proximit\u00e9, sous la forme d&rsquo;un r\u00e9seau de courtiers sans agence. L&rsquo;enseigne est membre de l&rsquo;APIC (Association Professionnelle des Interm\u00e9diaires en Cr\u00e9dit) depuis sa cr\u00e9ation.<\/p>\n<p><b>Fondateur et dirigeant :<\/b><span style=\"font-weight: 400;\">&nbsp;S\u00e9bastien Masure<\/span><\/p>\n<p><b>Si\u00e8ge social :<\/b><span style=\"font-weight: 400;\">&nbsp;35 avenue de Verdun, 59300 Valenciennes<\/span><\/p>\n<p><b>Site :&nbsp;<\/b><a href=\"http:\/\/www.pressetaux.fr\" target=\"_blank\" rel=\"noopener noreferrer\"><b>www.pressetaux.fr<\/b><\/a><b>&nbsp;\/ T\u00e9l. : 03 27 47 75 74<\/b><\/p>\n","protected":false},"excerpt":{"rendered":"<p>En bref : Pr\u00eat \u00e0 taux z\u00e9ro et TVA \u00e0 5,5 % dans le neuf, \u00e9co-PTZ dans l\u2019ancien r\u00e9nov\u00e9, pr\u00eat 1 % patronal\u2026 Dans un contexte de persistance des taux bas qui facilite l\u2019acc\u00e8s au financement de cr\u00e9dit, les primo-acc\u00e9dants peuvent opter pour du neuf ou de l\u2019ancien. Car en parall\u00e8le des taux bas, les courtiers en cr\u00e9dit n\u00e9goci\u00e9 du r\u00e9seau PresseTaux mettent surtout en avant le r\u00f4le pr\u00e9pond\u00e9rant des pr\u00eats \u00e0 taux z\u00e9ro.<\/p>\n","protected":false},"author":7,"featured_media":0,"comment_status":"closed","ping_status":"open","sticky":false,"template":"","format":"standard","meta":{"_genesis_hide_title":false,"_genesis_hide_breadcrumbs":false,"_genesis_hide_singular_image":false,"_genesis_hide_footer_widgets":false,"_genesis_custom_body_class":"","_genesis_custom_post_class":"","_genesis_layout":""},"categories":[7],"tags":[],"yoast_head":"<!-- This site is optimized with the Yoast SEO plugin v17.8 - https:\/\/yoast.com\/wordpress\/plugins\/seo\/ -->\n<title>Communiqu\u00e9 de presse | Primo-accession : l\u2019immobilier boost\u00e9 par les taux bas et les pr\u00eats aid\u00e9s - PresseTaux Douai<\/title>\n<meta name=\"robots\" content=\"index, follow, max-snippet:-1, max-image-preview:large, max-video-preview:-1\" \/>\n<link rel=\"canonical\" href=\"https:\/\/pressetaux.fr\/douai\/communique-de-presse-primo-accession-immobilier-booste-taux-bas-prets-aides\/\" \/>\n<meta property=\"og:locale\" content=\"fr_FR\" \/>\n<meta property=\"og:type\" content=\"article\" \/>\n<meta property=\"og:title\" content=\"Communiqu\u00e9 de presse | Primo-accession : l\u2019immobilier boost\u00e9 par les taux bas et les pr\u00eats aid\u00e9s - PresseTaux Douai\" \/>\n<meta property=\"og:description\" content=\"En bref : Pr\u00eat \u00e0 taux z\u00e9ro et TVA \u00e0 5,5 % dans le neuf, \u00e9co-PTZ dans l\u2019ancien r\u00e9nov\u00e9, pr\u00eat 1 % patronal\u2026 Dans un contexte de persistance des taux bas qui facilite l\u2019acc\u00e8s au financement de cr\u00e9dit, les primo-acc\u00e9dants peuvent opter pour du neuf ou de l\u2019ancien. Car en parall\u00e8le des taux bas, les courtiers en cr\u00e9dit n\u00e9goci\u00e9 du r\u00e9seau PresseTaux mettent surtout en avant le r\u00f4le pr\u00e9pond\u00e9rant des pr\u00eats \u00e0 taux z\u00e9ro.\" \/>\n<meta property=\"og:url\" content=\"https:\/\/pressetaux.fr\/douai\/communique-de-presse-primo-accession-immobilier-booste-taux-bas-prets-aides\/\" \/>\n<meta property=\"og:site_name\" content=\"PresseTaux Douai\" \/>\n<meta property=\"article:publisher\" content=\"https:\/\/www.facebook.com\/pressetauxdouai?locale=fr_FR\" \/>\n<meta property=\"article:published_time\" content=\"2017-09-06T10:22:48+00:00\" \/>\n<meta property=\"article:modified_time\" content=\"2019-10-10T08:54:31+00:00\" \/>\n<meta property=\"og:image\" content=\"https:\/\/pressetaux.fr\/wp-content\/uploads\/2016\/02\/Logo_PresseTaux.png\" \/>\n<meta name=\"twitter:card\" content=\"summary\" \/>\n<meta name=\"twitter:label1\" content=\"\u00c9crit par\" \/>\n\t<meta name=\"twitter:data1\" content=\"Ma\u00ebl PresseTaux\" \/>\n\t<meta name=\"twitter:label2\" content=\"Dur\u00e9e de lecture estim\u00e9e\" \/>\n\t<meta name=\"twitter:data2\" content=\"5 minutes\" \/>\n<script type=\"application\/ld+json\" class=\"yoast-schema-graph\">{\"@context\":\"https:\/\/schema.org\",\"@graph\":[{\"@type\":\"Organization\",\"@id\":\"https:\/\/pressetaux.fr\/douai\/#organization\",\"name\":\"PresseTaux Douai\",\"url\":\"https:\/\/pressetaux.fr\/douai\/\",\"sameAs\":[\"https:\/\/www.facebook.com\/pressetauxdouai?locale=fr_FR\"],\"logo\":{\"@type\":\"ImageObject\",\"@id\":\"https:\/\/pressetaux.fr\/douai\/#logo\",\"inLanguage\":\"fr-FR\",\"url\":\"https:\/\/pressetaux.fr\/douai\/wp-content\/uploads\/sites\/26\/2020\/11\/LogoPressetaux.png\",\"contentUrl\":\"https:\/\/pressetaux.fr\/douai\/wp-content\/uploads\/sites\/26\/2020\/11\/LogoPressetaux.png\",\"width\":488,\"height\":278,\"caption\":\"PresseTaux Douai\"},\"image\":{\"@id\":\"https:\/\/pressetaux.fr\/douai\/#logo\"}},{\"@type\":\"WebSite\",\"@id\":\"https:\/\/pressetaux.fr\/douai\/#website\",\"url\":\"https:\/\/pressetaux.fr\/douai\/\",\"name\":\"PresseTaux Douai\",\"description\":\"COURTIER EN CREDIT\",\"publisher\":{\"@id\":\"https:\/\/pressetaux.fr\/douai\/#organization\"},\"potentialAction\":[{\"@type\":\"SearchAction\",\"target\":{\"@type\":\"EntryPoint\",\"urlTemplate\":\"https:\/\/pressetaux.fr\/douai\/?s={search_term_string}\"},\"query-input\":\"required name=search_term_string\"}],\"inLanguage\":\"fr-FR\"},{\"@type\":\"ImageObject\",\"@id\":\"https:\/\/pressetaux.fr\/douai\/communique-de-presse-primo-accession-immobilier-booste-taux-bas-prets-aides\/#primaryimage\",\"inLanguage\":\"fr-FR\",\"url\":\"https:\/\/pressetaux.fr\/wp-content\/uploads\/2016\/02\/Logo_PresseTaux.png\",\"contentUrl\":\"https:\/\/pressetaux.fr\/wp-content\/uploads\/2016\/02\/Logo_PresseTaux.png\"},{\"@type\":\"WebPage\",\"@id\":\"https:\/\/pressetaux.fr\/douai\/communique-de-presse-primo-accession-immobilier-booste-taux-bas-prets-aides\/#webpage\",\"url\":\"https:\/\/pressetaux.fr\/douai\/communique-de-presse-primo-accession-immobilier-booste-taux-bas-prets-aides\/\",\"name\":\"Communiqu\\u00e9 de presse | Primo-accession : l\\u2019immobilier boost\\u00e9 par les taux bas et les pr\\u00eats aid\\u00e9s - PresseTaux Douai\",\"isPartOf\":{\"@id\":\"https:\/\/pressetaux.fr\/douai\/#website\"},\"primaryImageOfPage\":{\"@id\":\"https:\/\/pressetaux.fr\/douai\/communique-de-presse-primo-accession-immobilier-booste-taux-bas-prets-aides\/#primaryimage\"},\"datePublished\":\"2017-09-06T10:22:48+00:00\",\"dateModified\":\"2019-10-10T08:54:31+00:00\",\"breadcrumb\":{\"@id\":\"https:\/\/pressetaux.fr\/douai\/communique-de-presse-primo-accession-immobilier-booste-taux-bas-prets-aides\/#breadcrumb\"},\"inLanguage\":\"fr-FR\",\"potentialAction\":[{\"@type\":\"ReadAction\",\"target\":[\"https:\/\/pressetaux.fr\/douai\/communique-de-presse-primo-accession-immobilier-booste-taux-bas-prets-aides\/\"]}]},{\"@type\":\"BreadcrumbList\",\"@id\":\"https:\/\/pressetaux.fr\/douai\/communique-de-presse-primo-accession-immobilier-booste-taux-bas-prets-aides\/#breadcrumb\",\"itemListElement\":[{\"@type\":\"ListItem\",\"position\":1,\"name\":\"Accueil\",\"item\":\"https:\/\/pressetaux.fr\/douai\/\"},{\"@type\":\"ListItem\",\"position\":2,\"name\":\"Communiqu\\u00e9 de presse | Primo-accession : l\\u2019immobilier boost\\u00e9 par les taux bas et les pr\\u00eats aid\\u00e9s\"}]},{\"@type\":\"Article\",\"@id\":\"https:\/\/pressetaux.fr\/douai\/communique-de-presse-primo-accession-immobilier-booste-taux-bas-prets-aides\/#article\",\"isPartOf\":{\"@id\":\"https:\/\/pressetaux.fr\/douai\/communique-de-presse-primo-accession-immobilier-booste-taux-bas-prets-aides\/#webpage\"},\"author\":{\"@id\":\"https:\/\/pressetaux.fr\/douai\/#\/schema\/person\/e18ef05c180d813e5ce42087d0369f85\"},\"headline\":\"Communiqu\\u00e9 de presse | Primo-accession : l\\u2019immobilier boost\\u00e9 par les taux bas et les pr\\u00eats aid\\u00e9s\",\"datePublished\":\"2017-09-06T10:22:48+00:00\",\"dateModified\":\"2019-10-10T08:54:31+00:00\",\"mainEntityOfPage\":{\"@id\":\"https:\/\/pressetaux.fr\/douai\/communique-de-presse-primo-accession-immobilier-booste-taux-bas-prets-aides\/#webpage\"},\"wordCount\":969,\"publisher\":{\"@id\":\"https:\/\/pressetaux.fr\/douai\/#organization\"},\"image\":{\"@id\":\"https:\/\/pressetaux.fr\/douai\/communique-de-presse-primo-accession-immobilier-booste-taux-bas-prets-aides\/#primaryimage\"},\"thumbnailUrl\":\"https:\/\/pressetaux.fr\/wp-content\/uploads\/2016\/02\/Logo_PresseTaux.png\",\"articleSection\":[\"Communiqu\\u00e9s de presse\"],\"inLanguage\":\"fr-FR\"},{\"@type\":\"Person\",\"@id\":\"https:\/\/pressetaux.fr\/douai\/#\/schema\/person\/e18ef05c180d813e5ce42087d0369f85\",\"name\":\"Ma\\u00ebl PresseTaux\",\"image\":{\"@type\":\"ImageObject\",\"@id\":\"https:\/\/pressetaux.fr\/douai\/#personlogo\",\"inLanguage\":\"fr-FR\",\"url\":\"https:\/\/secure.gravatar.com\/avatar\/c2daa4ba12e6c26194c9f7b7936f6a98?s=96&d=mm&r=g\",\"contentUrl\":\"https:\/\/secure.gravatar.com\/avatar\/c2daa4ba12e6c26194c9f7b7936f6a98?s=96&d=mm&r=g\",\"caption\":\"Ma\\u00ebl PresseTaux\"},\"url\":\"https:\/\/pressetaux.fr\/douai\/author\/mael-nonet\/\"}]}<\/script>\n<!-- \/ Yoast SEO plugin. -->","yoast_head_json":{"title":"Communiqu\u00e9 de presse | Primo-accession : l\u2019immobilier boost\u00e9 par les taux bas et les pr\u00eats aid\u00e9s - PresseTaux Douai","robots":{"index":"index","follow":"follow","max-snippet":"max-snippet:-1","max-image-preview":"max-image-preview:large","max-video-preview":"max-video-preview:-1"},"canonical":"https:\/\/pressetaux.fr\/douai\/communique-de-presse-primo-accession-immobilier-booste-taux-bas-prets-aides\/","og_locale":"fr_FR","og_type":"article","og_title":"Communiqu\u00e9 de presse | Primo-accession : l\u2019immobilier boost\u00e9 par les taux bas et les pr\u00eats aid\u00e9s - PresseTaux Douai","og_description":"En bref : Pr\u00eat \u00e0 taux z\u00e9ro et TVA \u00e0 5,5 % dans le neuf, \u00e9co-PTZ dans l\u2019ancien r\u00e9nov\u00e9, pr\u00eat 1 % patronal\u2026 Dans un contexte de persistance des taux bas qui facilite l\u2019acc\u00e8s au financement de cr\u00e9dit, les primo-acc\u00e9dants peuvent opter pour du neuf ou de l\u2019ancien. Car en parall\u00e8le des taux bas, les courtiers en cr\u00e9dit n\u00e9goci\u00e9 du r\u00e9seau PresseTaux mettent surtout en avant le r\u00f4le pr\u00e9pond\u00e9rant des pr\u00eats \u00e0 taux z\u00e9ro.","og_url":"https:\/\/pressetaux.fr\/douai\/communique-de-presse-primo-accession-immobilier-booste-taux-bas-prets-aides\/","og_site_name":"PresseTaux Douai","article_publisher":"https:\/\/www.facebook.com\/pressetauxdouai?locale=fr_FR","article_published_time":"2017-09-06T10:22:48+00:00","article_modified_time":"2019-10-10T08:54:31+00:00","og_image":[{"url":"https:\/\/pressetaux.fr\/wp-content\/uploads\/2016\/02\/Logo_PresseTaux.png"}],"twitter_card":"summary","twitter_misc":{"\u00c9crit par":"Ma\u00ebl PresseTaux","Dur\u00e9e de lecture estim\u00e9e":"5 minutes"},"schema":{"@context":"https:\/\/schema.org","@graph":[{"@type":"Organization","@id":"https:\/\/pressetaux.fr\/douai\/#organization","name":"PresseTaux Douai","url":"https:\/\/pressetaux.fr\/douai\/","sameAs":["https:\/\/www.facebook.com\/pressetauxdouai?locale=fr_FR"],"logo":{"@type":"ImageObject","@id":"https:\/\/pressetaux.fr\/douai\/#logo","inLanguage":"fr-FR","url":"https:\/\/pressetaux.fr\/douai\/wp-content\/uploads\/sites\/26\/2020\/11\/LogoPressetaux.png","contentUrl":"https:\/\/pressetaux.fr\/douai\/wp-content\/uploads\/sites\/26\/2020\/11\/LogoPressetaux.png","width":488,"height":278,"caption":"PresseTaux Douai"},"image":{"@id":"https:\/\/pressetaux.fr\/douai\/#logo"}},{"@type":"WebSite","@id":"https:\/\/pressetaux.fr\/douai\/#website","url":"https:\/\/pressetaux.fr\/douai\/","name":"PresseTaux Douai","description":"COURTIER EN CREDIT","publisher":{"@id":"https:\/\/pressetaux.fr\/douai\/#organization"},"potentialAction":[{"@type":"SearchAction","target":{"@type":"EntryPoint","urlTemplate":"https:\/\/pressetaux.fr\/douai\/?s={search_term_string}"},"query-input":"required name=search_term_string"}],"inLanguage":"fr-FR"},{"@type":"ImageObject","@id":"https:\/\/pressetaux.fr\/douai\/communique-de-presse-primo-accession-immobilier-booste-taux-bas-prets-aides\/#primaryimage","inLanguage":"fr-FR","url":"https:\/\/pressetaux.fr\/wp-content\/uploads\/2016\/02\/Logo_PresseTaux.png","contentUrl":"https:\/\/pressetaux.fr\/wp-content\/uploads\/2016\/02\/Logo_PresseTaux.png"},{"@type":"WebPage","@id":"https:\/\/pressetaux.fr\/douai\/communique-de-presse-primo-accession-immobilier-booste-taux-bas-prets-aides\/#webpage","url":"https:\/\/pressetaux.fr\/douai\/communique-de-presse-primo-accession-immobilier-booste-taux-bas-prets-aides\/","name":"Communiqu\u00e9 de presse | Primo-accession : l\u2019immobilier boost\u00e9 par les taux bas et les pr\u00eats aid\u00e9s - PresseTaux Douai","isPartOf":{"@id":"https:\/\/pressetaux.fr\/douai\/#website"},"primaryImageOfPage":{"@id":"https:\/\/pressetaux.fr\/douai\/communique-de-presse-primo-accession-immobilier-booste-taux-bas-prets-aides\/#primaryimage"},"datePublished":"2017-09-06T10:22:48+00:00","dateModified":"2019-10-10T08:54:31+00:00","breadcrumb":{"@id":"https:\/\/pressetaux.fr\/douai\/communique-de-presse-primo-accession-immobilier-booste-taux-bas-prets-aides\/#breadcrumb"},"inLanguage":"fr-FR","potentialAction":[{"@type":"ReadAction","target":["https:\/\/pressetaux.fr\/douai\/communique-de-presse-primo-accession-immobilier-booste-taux-bas-prets-aides\/"]}]},{"@type":"BreadcrumbList","@id":"https:\/\/pressetaux.fr\/douai\/communique-de-presse-primo-accession-immobilier-booste-taux-bas-prets-aides\/#breadcrumb","itemListElement":[{"@type":"ListItem","position":1,"name":"Accueil","item":"https:\/\/pressetaux.fr\/douai\/"},{"@type":"ListItem","position":2,"name":"Communiqu\u00e9 de presse | Primo-accession : l\u2019immobilier boost\u00e9 par les taux bas et les pr\u00eats aid\u00e9s"}]},{"@type":"Article","@id":"https:\/\/pressetaux.fr\/douai\/communique-de-presse-primo-accession-immobilier-booste-taux-bas-prets-aides\/#article","isPartOf":{"@id":"https:\/\/pressetaux.fr\/douai\/communique-de-presse-primo-accession-immobilier-booste-taux-bas-prets-aides\/#webpage"},"author":{"@id":"https:\/\/pressetaux.fr\/douai\/#\/schema\/person\/e18ef05c180d813e5ce42087d0369f85"},"headline":"Communiqu\u00e9 de presse | Primo-accession : l\u2019immobilier boost\u00e9 par les taux bas et les pr\u00eats aid\u00e9s","datePublished":"2017-09-06T10:22:48+00:00","dateModified":"2019-10-10T08:54:31+00:00","mainEntityOfPage":{"@id":"https:\/\/pressetaux.fr\/douai\/communique-de-presse-primo-accession-immobilier-booste-taux-bas-prets-aides\/#webpage"},"wordCount":969,"publisher":{"@id":"https:\/\/pressetaux.fr\/douai\/#organization"},"image":{"@id":"https:\/\/pressetaux.fr\/douai\/communique-de-presse-primo-accession-immobilier-booste-taux-bas-prets-aides\/#primaryimage"},"thumbnailUrl":"https:\/\/pressetaux.fr\/wp-content\/uploads\/2016\/02\/Logo_PresseTaux.png","articleSection":["Communiqu\u00e9s de presse"],"inLanguage":"fr-FR"},{"@type":"Person","@id":"https:\/\/pressetaux.fr\/douai\/#\/schema\/person\/e18ef05c180d813e5ce42087d0369f85","name":"Ma\u00ebl PresseTaux","image":{"@type":"ImageObject","@id":"https:\/\/pressetaux.fr\/douai\/#personlogo","inLanguage":"fr-FR","url":"https:\/\/secure.gravatar.com\/avatar\/c2daa4ba12e6c26194c9f7b7936f6a98?s=96&d=mm&r=g","contentUrl":"https:\/\/secure.gravatar.com\/avatar\/c2daa4ba12e6c26194c9f7b7936f6a98?s=96&d=mm&r=g","caption":"Ma\u00ebl PresseTaux"},"url":"https:\/\/pressetaux.fr\/douai\/author\/mael-nonet\/"}]}},"_links":{"self":[{"href":"https:\/\/pressetaux.fr\/douai\/wp-json\/wp\/v2\/posts\/522"}],"collection":[{"href":"https:\/\/pressetaux.fr\/douai\/wp-json\/wp\/v2\/posts"}],"about":[{"href":"https:\/\/pressetaux.fr\/douai\/wp-json\/wp\/v2\/types\/post"}],"author":[{"embeddable":true,"href":"https:\/\/pressetaux.fr\/douai\/wp-json\/wp\/v2\/users\/7"}],"replies":[{"embeddable":true,"href":"https:\/\/pressetaux.fr\/douai\/wp-json\/wp\/v2\/comments?post=522"}],"version-history":[{"count":0,"href":"https:\/\/pressetaux.fr\/douai\/wp-json\/wp\/v2\/posts\/522\/revisions"}],"wp:attachment":[{"href":"https:\/\/pressetaux.fr\/douai\/wp-json\/wp\/v2\/media?parent=522"}],"wp:term":[{"taxonomy":"category","embeddable":true,"href":"https:\/\/pressetaux.fr\/douai\/wp-json\/wp\/v2\/categories?post=522"},{"taxonomy":"post_tag","embeddable":true,"href":"https:\/\/pressetaux.fr\/douai\/wp-json\/wp\/v2\/tags?post=522"}],"curies":[{"name":"wp","href":"https:\/\/api.w.org\/{rel}","templated":true}]}}