{"id":687,"date":"2019-04-26T08:19:11","date_gmt":"2019-04-26T07:19:11","guid":{"rendered":"https:\/\/pressetaux.fr\/douai\/?p=687"},"modified":"2019-10-10T10:12:52","modified_gmt":"2019-10-10T09:12:52","slug":"communique-de-presse-financement-immobilier-vers-fin-taux-bas","status":"publish","type":"post","link":"https:\/\/pressetaux.fr\/douai\/communique-de-presse-financement-immobilier-vers-fin-taux-bas\/","title":{"rendered":"Communiqu\u00e9 de presse | Financement immobilier : vers la fin des taux bas ?"},"content":{"rendered":"<p><b><u><a href=\"https:\/\/pressetaux.fr\/wp-content\/uploads\/2016\/02\/Logo_PresseTaux.png\" rel=\"attachment wp-att-3444\"><img loading=\"lazy\" class=\"alignright wp-image-3444\" src=\"https:\/\/pressetaux.fr\/wp-content\/uploads\/2016\/02\/Logo_PresseTaux.png\" alt=\"Logo_PresseTaux\" width=\"162\" height=\"90\"><\/a>En bref :<\/u> La persistance des taux bas d\u00e9joue tous les pronostics alors qu\u2019ils \u00e9taient cens\u00e9s ne pas durer. Leur hausse a d\u2019ailleurs \u00e9t\u00e9 r\u00e9guli\u00e8rement annonc\u00e9e. C\u2019est dire \u00e0 quel point pr\u00e9voir des tendances concernant l\u2019\u00e9volution des taux s\u2019av\u00e8re p\u00e9rilleux. Suite aux annonces de la Banque centrale europ\u00e9enne (BCE), les courtiers du r\u00e9seau PresseTaux dressent un bilan et partagent leur analyse pour cette fin d\u2019ann\u00e9e 2019.<\/b><b><\/b><\/p>\n<p><!--more--><\/p>\n<p><em>[<a href=\"https:\/\/pressetaux.fr\/wp-content\/uploads\/2019\/04\/CP_PresseTaux_National_Fin-taux-bas-consequences_2019-04-26.pdf\" target=\"_blank\" rel=\"noopener noreferrer\">Version PDF du communiqu\u00e9 de presse<\/a>]<\/em><\/p>\n<p><i><span style=\"font-weight: 400;\">\u201cIl est difficile de pr\u00e9voir les prochaines tendances en mati\u00e8re d\u2019\u00e9volution des taux car depuis presqu\u2019un an, on nous rab\u00e2che qu\u2019ils vont augmenter alors qu\u2019ils ont par exemple \u00e0 nouveau baiss\u00e9 en mars 2019\u2026\u201d<\/span><\/i><span style=\"font-weight: 400;\">, introduit <\/span><a href=\"https:\/\/pressetaux.fr\/douai\/courtier-douaisis\/\"><b>Christophe Lamand<\/b><\/a><span style=\"font-weight: 400;\"> (PresseTaux Douai). <\/span><i><span style=\"font-weight: 400;\">\u201cLa BCE pr\u00e9voit une remont\u00e9e des taux \u00e0 partir du second semestre 2019. Nous ne connaissons pas le rythme des remont\u00e9es \u00e0 venir. Toutefois, cela laisse pr\u00e9sumer un effet de ralentissement mais qui ne devrait pas durer, le temps de recaler le march\u00e9 et les attentes des emprunteurs vis-\u00e0-vis des taux\u201d<\/span><\/i><span style=\"font-weight: 400;\">, explique <\/span><a href=\"https:\/\/pressetaux.fr\/montpellier\/courtier-montpellier-ouest\/\"><b>Carine Reymond<\/b><\/a><span style=\"font-weight: 400;\">, courtier PresseTaux \u00e0 Montpellier.<\/span><\/p>\n<p><i><span style=\"font-weight: 400;\"><img loading=\"lazy\" class=\"aligncenter wp-image-693\" src=\"https:\/\/pressetaux.fr\/douai\/wp-content\/uploads\/sites\/26\/2019\/04\/Montage_portraits_2019-04_1.jpg\" alt=\"\" width=\"699\" height=\"223\" srcset=\"https:\/\/pressetaux.fr\/douai\/wp-content\/uploads\/sites\/26\/2019\/04\/Montage_portraits_2019-04_1.jpg 1000w, https:\/\/pressetaux.fr\/douai\/wp-content\/uploads\/sites\/26\/2019\/04\/Montage_portraits_2019-04_1-300x96.jpg 300w, https:\/\/pressetaux.fr\/douai\/wp-content\/uploads\/sites\/26\/2019\/04\/Montage_portraits_2019-04_1-768x245.jpg 768w, https:\/\/pressetaux.fr\/douai\/wp-content\/uploads\/sites\/26\/2019\/04\/Montage_portraits_2019-04_1-24x8.jpg 24w, https:\/\/pressetaux.fr\/douai\/wp-content\/uploads\/sites\/26\/2019\/04\/Montage_portraits_2019-04_1-36x11.jpg 36w, https:\/\/pressetaux.fr\/douai\/wp-content\/uploads\/sites\/26\/2019\/04\/Montage_portraits_2019-04_1-48x15.jpg 48w\" sizes=\"(max-width: 699px) 100vw, 699px\" \/><\/span><\/i><\/p>\n<p><span style=\"font-weight: 400;\">En mati\u00e8re de taux bancaire, pr\u00e9voir des tendances est pour le moins hasardeux. <\/span><i><span style=\"font-weight: 400;\">\u201cNous supporterons les d\u00e9cisions macro\u00e9conomiques majeures de l&rsquo;ann\u00e9e 2019, avec notamment l\u2019actualit\u00e9 autour du Brexit. Quelques \u00e9conomistes s&rsquo;accordent \u00e0 dire qu&rsquo;une bulle environnementale risque d&rsquo;\u00e9clater avec un impact majeur au niveau financier mondial\u201d<\/span><\/i><span style=\"font-weight: 400;\">, note <\/span><a href=\"https:\/\/pressetaux.fr\/metz\/courtier-metz\/\"><b>Benjamin Cl\u00e9ment<\/b><\/a><span style=\"font-weight: 400;\">, courtier PresseTaux \u00e0 Metz. <\/span><i><span style=\"font-weight: 400;\">\u201cPour le moment, la BCE continue de pr\u00eater \u00e0 taux bas, esp\u00e9rons que cela continue. Une chose est s\u00fbre : s&rsquo;il y a un moment pour acheter et profiter des taux bas, c&rsquo;est maintenant ! Car nous sommes dans le flou concernant l&rsquo;apr\u00e8s.\u201d<\/span><\/i><\/p>\n<p><span style=\"font-weight: 400;\">M\u00eame si elle pr\u00e9conise de <\/span><i><span style=\"font-weight: 400;\">\u201crester prudent\u201d<\/span><\/i><span style=\"font-weight: 400;\">, les taux devraient <\/span><i><span style=\"font-weight: 400;\">\u201crester stables en 2019\u201d<\/span><\/i><span style=\"font-weight: 400;\">, selon <\/span><a href=\"https:\/\/pressetaux.fr\/poissy\/courtier-poissy\/\"><b>Isabelle Venzal<\/b><\/a><span style=\"font-weight: 400;\"> (PresseTaux Poissy). <\/span><i><span style=\"font-weight: 400;\">\u201cFin 2018, on pensait que les taux allaient remonter dans les six mois. Mais il semble que le ton ait chang\u00e9 et que la remont\u00e9e des taux directeurs de la BCE soit retard\u00e9e voire report\u00e9e, ce qui aurait pour cons\u00e9quence un maintien des taux bas. D\u2019ailleurs, certains partenaires bancaires ont d\u00e9j\u00e0 mis en place une nouvelle baisse de taux depuis d\u00e9but mars alors que d\u2019autres n\u2019ont pas boug\u00e9 et ont reconduit leur grille de taux depuis le mois de janvier.\u201d<\/span><\/i><\/p>\n<p><i><span style=\"font-weight: 400;\"><img loading=\"lazy\" class=\"aligncenter wp-image-692\" src=\"https:\/\/pressetaux.fr\/douai\/wp-content\/uploads\/sites\/26\/2019\/04\/Montage_portraits_2019-04_2.jpg\" alt=\"\" width=\"523\" height=\"223\" srcset=\"https:\/\/pressetaux.fr\/douai\/wp-content\/uploads\/sites\/26\/2019\/04\/Montage_portraits_2019-04_2.jpg 750w, https:\/\/pressetaux.fr\/douai\/wp-content\/uploads\/sites\/26\/2019\/04\/Montage_portraits_2019-04_2-300x128.jpg 300w, https:\/\/pressetaux.fr\/douai\/wp-content\/uploads\/sites\/26\/2019\/04\/Montage_portraits_2019-04_2-24x10.jpg 24w, https:\/\/pressetaux.fr\/douai\/wp-content\/uploads\/sites\/26\/2019\/04\/Montage_portraits_2019-04_2-36x15.jpg 36w, https:\/\/pressetaux.fr\/douai\/wp-content\/uploads\/sites\/26\/2019\/04\/Montage_portraits_2019-04_2-48x20.jpg 48w\" sizes=\"(max-width: 523px) 100vw, 523px\" \/><\/span><\/i><\/p>\n<p><span style=\"font-weight: 400;\">Cela \u00e9tant, les taux bas n\u2019ont pas que des bons c\u00f4t\u00e9s. Ils ont aussi entra\u00een\u00e9 des effets pervers sur le march\u00e9 de l\u2019immobilier. S\u2019ils restent une aubaine pour les acqu\u00e9reurs, <\/span><i><span style=\"font-weight: 400;\">\u201cce sont leurs cons\u00e9quences sur le prix de l&rsquo;immobilier qui l&rsquo;est moins\u201d<\/span><\/i><span style=\"font-weight: 400;\">, nuance ainsi <\/span><a href=\"https:\/\/pressetaux.fr\/montpellier\/courtier-montpellier\/\"><b>Carine Pradelles<\/b><\/a><span style=\"font-weight: 400;\">, de PresseTaux Montpellier. Globalement, la persistance des taux bas a donn\u00e9 du pouvoir d&rsquo;achat et permis d&rsquo;acqu\u00e9rir des m\u00e8tres carr\u00e9s suppl\u00e9mentaires. <\/span><\/p>\n<p><i><span style=\"font-weight: 400;\">\u201cMais l&rsquo;effet inverse s&rsquo;est produit dans des villes o\u00f9 les prix ont progress\u00e9 proportionnellement plus que la baisse des taux. Ainsi \u00e0 Bordeaux, Lyon, Rennes, Paris ou Strasbourg, on perd quelques m\u00e8tres carr\u00e9s de pouvoir d&rsquo;achat malgr\u00e9 les taux bas\u201d<\/span><\/i><span style=\"font-weight: 400;\">, relativise <\/span><a href=\"https:\/\/pressetaux.fr\/sannois\/courtier-en-credit-a-sannois\/\"><b>C\u00e9dric Leroy<\/b><\/a><span style=\"font-weight: 400;\"> (PresseTaux Sannois). Un effet pervers confirm\u00e9 par <\/span><a href=\"https:\/\/pressetaux.fr\/reims\/courtier-en-credit-a-reims\/\"><b>Geoffrey Mazouzi<\/b><\/a><span style=\"font-weight: 400;\">, courtier PresseTaux \u00e0 Reims : <\/span><i><span style=\"font-weight: 400;\">\u201cLes taux bas entra\u00eenent une augmentation des prix alors qu\u2019une augmentation des taux entra\u00eenent une baisse des prix car le march\u00e9 immobilier perd alors de sa fluidit\u00e9. Ces deux curseurs sont intimement li\u00e9s.\u201d<\/span><\/i><\/p>\n<p>&nbsp;<\/p>\n<p><b>Vous souhaitez r\u00e9aliser un article sur ce th\u00e8me, interviewer S\u00e9bastien Masure (fondateur et dirigeant de PresseTaux) et\/ou certains courtiers de l\u2019enseigne ?<\/b><\/p>\n<p style=\"padding-left: 30px;\"><b>\u2192 <\/b><b>Contact :<\/b> <b>Ma\u00ebl Nonet, attach\u00e9 de presse :<\/b> 06 62 33 20 32 \/ <a href=\"mailto:mael@pressetaux.fr\"><b>mael@pressetaux.fr<\/b><\/a><\/p>\n<p>&nbsp;<\/p>\n<p><b>&gt; En ligne, retrouvez l\u2019actualit\u00e9 nationale de PresseTaux :<\/b><\/p>\n<ul>\n<li style=\"font-weight: 400;\"><span style=\"font-weight: 400;\">sur son <\/span><a href=\"https:\/\/pressetaux.fr\/blog\/\" target=\"_blank\" rel=\"noopener noreferrer\"><b>blog<\/b><\/a><\/li>\n<li style=\"font-weight: 400;\"><span style=\"font-weight: 400;\">sur son <\/span><a href=\"https:\/\/pressetaux.fr\/presse-pressetaux\/\" target=\"_blank\" rel=\"noopener noreferrer\"><b>espace presse<\/b><\/a><\/li>\n<\/ul>\n<p>&nbsp;<\/p>\n<p><b><a href=\"https:\/\/pressetaux.fr\/wp-content\/uploads\/2016\/02\/Logo_PresseTaux.png\" rel=\"attachment wp-att-3444\"><img loading=\"lazy\" class=\"alignright wp-image-3444\" src=\"https:\/\/pressetaux.fr\/wp-content\/uploads\/2016\/02\/Logo_PresseTaux.png\" alt=\"Logo_PresseTaux\" width=\"198\" height=\"110\"><\/a>\u00c0 propos de PresseTaux : <\/b><\/p>\n<p><span style=\"font-weight: 400;\">Les courtiers du r\u00e9seau PresseTaux permettent aux particuliers et aux professionnels de tous \u00e2ges \u2013 seniors compris \u2013 de faciliter l\u2019acc\u00e8s \u00e0 l\u2019emprunt, en jouant le r\u00f4le d\u2019interm\u00e9diaire entre les besoins du client et le milieu bancaire. Cr\u00e9\u00e9 en 2004, PresseTaux s&rsquo;appuie sur une organisation structur\u00e9e et le savoir-faire de ses dirigeants, issus essentiellement des milieux bancaires. Afin de se diff\u00e9rencier de ses concurrents et apporter \u00e0 ses franchis\u00e9s une forte rentabilit\u00e9, PresseTaux a d\u00e9cid\u00e9 de miser sur un service de proximit\u00e9, sous la forme d&rsquo;un r\u00e9seau de courtiers sans agence. L&rsquo;enseigne est membre de l&rsquo;APIC (Association Professionnelle des Interm\u00e9diaires en Cr\u00e9dit) depuis sa cr\u00e9ation.<\/span><\/p>\n<p><b>Fondateur et dirigeant :<\/b><span style=\"font-weight: 400;\"> S\u00e9bastien Masure<\/span><\/p>\n<p><b>Si\u00e8ge social :<\/b><span style=\"font-weight: 400;\"> 35 avenue de Verdun, 59300 Valenciennes<\/span><\/p>\n<p><b>Site : <\/b><a href=\"http:\/\/www.pressetaux.fr\"><b>www.pressetaux.fr<\/b><\/a><b> \/ T\u00e9l. : 03 27 47 75 74<\/b><\/p>\n","protected":false},"excerpt":{"rendered":"<p>En bref : La persistance des taux bas d\u00e9joue tous les pronostics alors qu\u2019ils \u00e9taient cens\u00e9s ne pas durer. Leur hausse a d\u2019ailleurs \u00e9t\u00e9 r\u00e9guli\u00e8rement annonc\u00e9e. C\u2019est dire \u00e0 quel point pr\u00e9voir des tendances concernant l\u2019\u00e9volution des taux s\u2019av\u00e8re p\u00e9rilleux. Suite aux annonces de la Banque centrale europ\u00e9enne (BCE), les courtiers du r\u00e9seau PresseTaux dressent un bilan et partagent leur analyse pour cette fin d\u2019ann\u00e9e 2019.<\/p>\n","protected":false},"author":7,"featured_media":0,"comment_status":"closed","ping_status":"open","sticky":false,"template":"","format":"standard","meta":{"_genesis_hide_title":false,"_genesis_hide_breadcrumbs":false,"_genesis_hide_singular_image":false,"_genesis_hide_footer_widgets":false,"_genesis_custom_body_class":"","_genesis_custom_post_class":"","_genesis_layout":""},"categories":[7],"tags":[],"yoast_head":"<!-- This site is optimized with the Yoast SEO plugin v17.8 - https:\/\/yoast.com\/wordpress\/plugins\/seo\/ -->\n<title>Communiqu\u00e9 de presse | Financement immobilier : vers la fin des taux bas ? - PresseTaux Douai<\/title>\n<meta name=\"robots\" content=\"index, follow, max-snippet:-1, max-image-preview:large, max-video-preview:-1\" \/>\n<link rel=\"canonical\" href=\"https:\/\/pressetaux.fr\/douai\/communique-de-presse-financement-immobilier-vers-fin-taux-bas\/\" \/>\n<meta property=\"og:locale\" content=\"fr_FR\" \/>\n<meta property=\"og:type\" content=\"article\" \/>\n<meta property=\"og:title\" content=\"Communiqu\u00e9 de presse | Financement immobilier : vers la fin des taux bas ? - PresseTaux Douai\" \/>\n<meta property=\"og:description\" content=\"En bref : La persistance des taux bas d\u00e9joue tous les pronostics alors qu\u2019ils \u00e9taient cens\u00e9s ne pas durer. Leur hausse a d\u2019ailleurs \u00e9t\u00e9 r\u00e9guli\u00e8rement annonc\u00e9e. C\u2019est dire \u00e0 quel point pr\u00e9voir des tendances concernant l\u2019\u00e9volution des taux s\u2019av\u00e8re p\u00e9rilleux. Suite aux annonces de la Banque centrale europ\u00e9enne (BCE), les courtiers du r\u00e9seau PresseTaux dressent un bilan et partagent leur analyse pour cette fin d\u2019ann\u00e9e 2019.\" \/>\n<meta property=\"og:url\" content=\"https:\/\/pressetaux.fr\/douai\/communique-de-presse-financement-immobilier-vers-fin-taux-bas\/\" \/>\n<meta property=\"og:site_name\" content=\"PresseTaux Douai\" \/>\n<meta property=\"article:publisher\" content=\"https:\/\/www.facebook.com\/pressetauxdouai?locale=fr_FR\" \/>\n<meta property=\"article:published_time\" content=\"2019-04-26T07:19:11+00:00\" \/>\n<meta property=\"article:modified_time\" content=\"2019-10-10T09:12:52+00:00\" \/>\n<meta property=\"og:image\" content=\"https:\/\/pressetaux.fr\/wp-content\/uploads\/2016\/02\/Logo_PresseTaux.png\" \/>\n<meta name=\"twitter:card\" content=\"summary\" \/>\n<meta name=\"twitter:label1\" content=\"\u00c9crit par\" \/>\n\t<meta name=\"twitter:data1\" content=\"Ma\u00ebl PresseTaux\" \/>\n\t<meta name=\"twitter:label2\" content=\"Dur\u00e9e de lecture estim\u00e9e\" \/>\n\t<meta name=\"twitter:data2\" content=\"4 minutes\" \/>\n<script type=\"application\/ld+json\" class=\"yoast-schema-graph\">{\"@context\":\"https:\/\/schema.org\",\"@graph\":[{\"@type\":\"Organization\",\"@id\":\"https:\/\/pressetaux.fr\/douai\/#organization\",\"name\":\"PresseTaux Douai\",\"url\":\"https:\/\/pressetaux.fr\/douai\/\",\"sameAs\":[\"https:\/\/www.facebook.com\/pressetauxdouai?locale=fr_FR\"],\"logo\":{\"@type\":\"ImageObject\",\"@id\":\"https:\/\/pressetaux.fr\/douai\/#logo\",\"inLanguage\":\"fr-FR\",\"url\":\"https:\/\/pressetaux.fr\/douai\/wp-content\/uploads\/sites\/26\/2020\/11\/LogoPressetaux.png\",\"contentUrl\":\"https:\/\/pressetaux.fr\/douai\/wp-content\/uploads\/sites\/26\/2020\/11\/LogoPressetaux.png\",\"width\":488,\"height\":278,\"caption\":\"PresseTaux Douai\"},\"image\":{\"@id\":\"https:\/\/pressetaux.fr\/douai\/#logo\"}},{\"@type\":\"WebSite\",\"@id\":\"https:\/\/pressetaux.fr\/douai\/#website\",\"url\":\"https:\/\/pressetaux.fr\/douai\/\",\"name\":\"PresseTaux Douai\",\"description\":\"COURTIER EN CREDIT\",\"publisher\":{\"@id\":\"https:\/\/pressetaux.fr\/douai\/#organization\"},\"potentialAction\":[{\"@type\":\"SearchAction\",\"target\":{\"@type\":\"EntryPoint\",\"urlTemplate\":\"https:\/\/pressetaux.fr\/douai\/?s={search_term_string}\"},\"query-input\":\"required name=search_term_string\"}],\"inLanguage\":\"fr-FR\"},{\"@type\":\"ImageObject\",\"@id\":\"https:\/\/pressetaux.fr\/douai\/communique-de-presse-financement-immobilier-vers-fin-taux-bas\/#primaryimage\",\"inLanguage\":\"fr-FR\",\"url\":\"https:\/\/pressetaux.fr\/wp-content\/uploads\/2016\/02\/Logo_PresseTaux.png\",\"contentUrl\":\"https:\/\/pressetaux.fr\/wp-content\/uploads\/2016\/02\/Logo_PresseTaux.png\"},{\"@type\":\"WebPage\",\"@id\":\"https:\/\/pressetaux.fr\/douai\/communique-de-presse-financement-immobilier-vers-fin-taux-bas\/#webpage\",\"url\":\"https:\/\/pressetaux.fr\/douai\/communique-de-presse-financement-immobilier-vers-fin-taux-bas\/\",\"name\":\"Communiqu\\u00e9 de presse | Financement immobilier : vers la fin des taux bas ? - PresseTaux Douai\",\"isPartOf\":{\"@id\":\"https:\/\/pressetaux.fr\/douai\/#website\"},\"primaryImageOfPage\":{\"@id\":\"https:\/\/pressetaux.fr\/douai\/communique-de-presse-financement-immobilier-vers-fin-taux-bas\/#primaryimage\"},\"datePublished\":\"2019-04-26T07:19:11+00:00\",\"dateModified\":\"2019-10-10T09:12:52+00:00\",\"breadcrumb\":{\"@id\":\"https:\/\/pressetaux.fr\/douai\/communique-de-presse-financement-immobilier-vers-fin-taux-bas\/#breadcrumb\"},\"inLanguage\":\"fr-FR\",\"potentialAction\":[{\"@type\":\"ReadAction\",\"target\":[\"https:\/\/pressetaux.fr\/douai\/communique-de-presse-financement-immobilier-vers-fin-taux-bas\/\"]}]},{\"@type\":\"BreadcrumbList\",\"@id\":\"https:\/\/pressetaux.fr\/douai\/communique-de-presse-financement-immobilier-vers-fin-taux-bas\/#breadcrumb\",\"itemListElement\":[{\"@type\":\"ListItem\",\"position\":1,\"name\":\"Accueil\",\"item\":\"https:\/\/pressetaux.fr\/douai\/\"},{\"@type\":\"ListItem\",\"position\":2,\"name\":\"Communiqu\\u00e9 de presse | Financement immobilier : vers la fin des taux bas ?\"}]},{\"@type\":\"Article\",\"@id\":\"https:\/\/pressetaux.fr\/douai\/communique-de-presse-financement-immobilier-vers-fin-taux-bas\/#article\",\"isPartOf\":{\"@id\":\"https:\/\/pressetaux.fr\/douai\/communique-de-presse-financement-immobilier-vers-fin-taux-bas\/#webpage\"},\"author\":{\"@id\":\"https:\/\/pressetaux.fr\/douai\/#\/schema\/person\/e18ef05c180d813e5ce42087d0369f85\"},\"headline\":\"Communiqu\\u00e9 de presse | Financement immobilier : vers la fin des taux bas ?\",\"datePublished\":\"2019-04-26T07:19:11+00:00\",\"dateModified\":\"2019-10-10T09:12:52+00:00\",\"mainEntityOfPage\":{\"@id\":\"https:\/\/pressetaux.fr\/douai\/communique-de-presse-financement-immobilier-vers-fin-taux-bas\/#webpage\"},\"wordCount\":775,\"publisher\":{\"@id\":\"https:\/\/pressetaux.fr\/douai\/#organization\"},\"image\":{\"@id\":\"https:\/\/pressetaux.fr\/douai\/communique-de-presse-financement-immobilier-vers-fin-taux-bas\/#primaryimage\"},\"thumbnailUrl\":\"https:\/\/pressetaux.fr\/wp-content\/uploads\/2016\/02\/Logo_PresseTaux.png\",\"articleSection\":[\"Communiqu\\u00e9s de presse\"],\"inLanguage\":\"fr-FR\"},{\"@type\":\"Person\",\"@id\":\"https:\/\/pressetaux.fr\/douai\/#\/schema\/person\/e18ef05c180d813e5ce42087d0369f85\",\"name\":\"Ma\\u00ebl PresseTaux\",\"image\":{\"@type\":\"ImageObject\",\"@id\":\"https:\/\/pressetaux.fr\/douai\/#personlogo\",\"inLanguage\":\"fr-FR\",\"url\":\"https:\/\/secure.gravatar.com\/avatar\/c2daa4ba12e6c26194c9f7b7936f6a98?s=96&d=mm&r=g\",\"contentUrl\":\"https:\/\/secure.gravatar.com\/avatar\/c2daa4ba12e6c26194c9f7b7936f6a98?s=96&d=mm&r=g\",\"caption\":\"Ma\\u00ebl PresseTaux\"},\"url\":\"https:\/\/pressetaux.fr\/douai\/author\/mael-nonet\/\"}]}<\/script>\n<!-- \/ Yoast SEO plugin. -->","yoast_head_json":{"title":"Communiqu\u00e9 de presse | Financement immobilier : vers la fin des taux bas ? - PresseTaux Douai","robots":{"index":"index","follow":"follow","max-snippet":"max-snippet:-1","max-image-preview":"max-image-preview:large","max-video-preview":"max-video-preview:-1"},"canonical":"https:\/\/pressetaux.fr\/douai\/communique-de-presse-financement-immobilier-vers-fin-taux-bas\/","og_locale":"fr_FR","og_type":"article","og_title":"Communiqu\u00e9 de presse | Financement immobilier : vers la fin des taux bas ? - PresseTaux Douai","og_description":"En bref : La persistance des taux bas d\u00e9joue tous les pronostics alors qu\u2019ils \u00e9taient cens\u00e9s ne pas durer. Leur hausse a d\u2019ailleurs \u00e9t\u00e9 r\u00e9guli\u00e8rement annonc\u00e9e. C\u2019est dire \u00e0 quel point pr\u00e9voir des tendances concernant l\u2019\u00e9volution des taux s\u2019av\u00e8re p\u00e9rilleux. Suite aux annonces de la Banque centrale europ\u00e9enne (BCE), les courtiers du r\u00e9seau PresseTaux dressent un bilan et partagent leur analyse pour cette fin d\u2019ann\u00e9e 2019.","og_url":"https:\/\/pressetaux.fr\/douai\/communique-de-presse-financement-immobilier-vers-fin-taux-bas\/","og_site_name":"PresseTaux Douai","article_publisher":"https:\/\/www.facebook.com\/pressetauxdouai?locale=fr_FR","article_published_time":"2019-04-26T07:19:11+00:00","article_modified_time":"2019-10-10T09:12:52+00:00","og_image":[{"url":"https:\/\/pressetaux.fr\/wp-content\/uploads\/2016\/02\/Logo_PresseTaux.png"}],"twitter_card":"summary","twitter_misc":{"\u00c9crit par":"Ma\u00ebl PresseTaux","Dur\u00e9e de lecture estim\u00e9e":"4 minutes"},"schema":{"@context":"https:\/\/schema.org","@graph":[{"@type":"Organization","@id":"https:\/\/pressetaux.fr\/douai\/#organization","name":"PresseTaux Douai","url":"https:\/\/pressetaux.fr\/douai\/","sameAs":["https:\/\/www.facebook.com\/pressetauxdouai?locale=fr_FR"],"logo":{"@type":"ImageObject","@id":"https:\/\/pressetaux.fr\/douai\/#logo","inLanguage":"fr-FR","url":"https:\/\/pressetaux.fr\/douai\/wp-content\/uploads\/sites\/26\/2020\/11\/LogoPressetaux.png","contentUrl":"https:\/\/pressetaux.fr\/douai\/wp-content\/uploads\/sites\/26\/2020\/11\/LogoPressetaux.png","width":488,"height":278,"caption":"PresseTaux Douai"},"image":{"@id":"https:\/\/pressetaux.fr\/douai\/#logo"}},{"@type":"WebSite","@id":"https:\/\/pressetaux.fr\/douai\/#website","url":"https:\/\/pressetaux.fr\/douai\/","name":"PresseTaux Douai","description":"COURTIER EN CREDIT","publisher":{"@id":"https:\/\/pressetaux.fr\/douai\/#organization"},"potentialAction":[{"@type":"SearchAction","target":{"@type":"EntryPoint","urlTemplate":"https:\/\/pressetaux.fr\/douai\/?s={search_term_string}"},"query-input":"required name=search_term_string"}],"inLanguage":"fr-FR"},{"@type":"ImageObject","@id":"https:\/\/pressetaux.fr\/douai\/communique-de-presse-financement-immobilier-vers-fin-taux-bas\/#primaryimage","inLanguage":"fr-FR","url":"https:\/\/pressetaux.fr\/wp-content\/uploads\/2016\/02\/Logo_PresseTaux.png","contentUrl":"https:\/\/pressetaux.fr\/wp-content\/uploads\/2016\/02\/Logo_PresseTaux.png"},{"@type":"WebPage","@id":"https:\/\/pressetaux.fr\/douai\/communique-de-presse-financement-immobilier-vers-fin-taux-bas\/#webpage","url":"https:\/\/pressetaux.fr\/douai\/communique-de-presse-financement-immobilier-vers-fin-taux-bas\/","name":"Communiqu\u00e9 de presse | Financement immobilier : vers la fin des taux bas ? - PresseTaux Douai","isPartOf":{"@id":"https:\/\/pressetaux.fr\/douai\/#website"},"primaryImageOfPage":{"@id":"https:\/\/pressetaux.fr\/douai\/communique-de-presse-financement-immobilier-vers-fin-taux-bas\/#primaryimage"},"datePublished":"2019-04-26T07:19:11+00:00","dateModified":"2019-10-10T09:12:52+00:00","breadcrumb":{"@id":"https:\/\/pressetaux.fr\/douai\/communique-de-presse-financement-immobilier-vers-fin-taux-bas\/#breadcrumb"},"inLanguage":"fr-FR","potentialAction":[{"@type":"ReadAction","target":["https:\/\/pressetaux.fr\/douai\/communique-de-presse-financement-immobilier-vers-fin-taux-bas\/"]}]},{"@type":"BreadcrumbList","@id":"https:\/\/pressetaux.fr\/douai\/communique-de-presse-financement-immobilier-vers-fin-taux-bas\/#breadcrumb","itemListElement":[{"@type":"ListItem","position":1,"name":"Accueil","item":"https:\/\/pressetaux.fr\/douai\/"},{"@type":"ListItem","position":2,"name":"Communiqu\u00e9 de presse | Financement immobilier : vers la fin des taux bas ?"}]},{"@type":"Article","@id":"https:\/\/pressetaux.fr\/douai\/communique-de-presse-financement-immobilier-vers-fin-taux-bas\/#article","isPartOf":{"@id":"https:\/\/pressetaux.fr\/douai\/communique-de-presse-financement-immobilier-vers-fin-taux-bas\/#webpage"},"author":{"@id":"https:\/\/pressetaux.fr\/douai\/#\/schema\/person\/e18ef05c180d813e5ce42087d0369f85"},"headline":"Communiqu\u00e9 de presse | Financement immobilier : vers la fin des taux bas ?","datePublished":"2019-04-26T07:19:11+00:00","dateModified":"2019-10-10T09:12:52+00:00","mainEntityOfPage":{"@id":"https:\/\/pressetaux.fr\/douai\/communique-de-presse-financement-immobilier-vers-fin-taux-bas\/#webpage"},"wordCount":775,"publisher":{"@id":"https:\/\/pressetaux.fr\/douai\/#organization"},"image":{"@id":"https:\/\/pressetaux.fr\/douai\/communique-de-presse-financement-immobilier-vers-fin-taux-bas\/#primaryimage"},"thumbnailUrl":"https:\/\/pressetaux.fr\/wp-content\/uploads\/2016\/02\/Logo_PresseTaux.png","articleSection":["Communiqu\u00e9s de presse"],"inLanguage":"fr-FR"},{"@type":"Person","@id":"https:\/\/pressetaux.fr\/douai\/#\/schema\/person\/e18ef05c180d813e5ce42087d0369f85","name":"Ma\u00ebl PresseTaux","image":{"@type":"ImageObject","@id":"https:\/\/pressetaux.fr\/douai\/#personlogo","inLanguage":"fr-FR","url":"https:\/\/secure.gravatar.com\/avatar\/c2daa4ba12e6c26194c9f7b7936f6a98?s=96&d=mm&r=g","contentUrl":"https:\/\/secure.gravatar.com\/avatar\/c2daa4ba12e6c26194c9f7b7936f6a98?s=96&d=mm&r=g","caption":"Ma\u00ebl PresseTaux"},"url":"https:\/\/pressetaux.fr\/douai\/author\/mael-nonet\/"}]}},"_links":{"self":[{"href":"https:\/\/pressetaux.fr\/douai\/wp-json\/wp\/v2\/posts\/687"}],"collection":[{"href":"https:\/\/pressetaux.fr\/douai\/wp-json\/wp\/v2\/posts"}],"about":[{"href":"https:\/\/pressetaux.fr\/douai\/wp-json\/wp\/v2\/types\/post"}],"author":[{"embeddable":true,"href":"https:\/\/pressetaux.fr\/douai\/wp-json\/wp\/v2\/users\/7"}],"replies":[{"embeddable":true,"href":"https:\/\/pressetaux.fr\/douai\/wp-json\/wp\/v2\/comments?post=687"}],"version-history":[{"count":0,"href":"https:\/\/pressetaux.fr\/douai\/wp-json\/wp\/v2\/posts\/687\/revisions"}],"wp:attachment":[{"href":"https:\/\/pressetaux.fr\/douai\/wp-json\/wp\/v2\/media?parent=687"}],"wp:term":[{"taxonomy":"category","embeddable":true,"href":"https:\/\/pressetaux.fr\/douai\/wp-json\/wp\/v2\/categories?post=687"},{"taxonomy":"post_tag","embeddable":true,"href":"https:\/\/pressetaux.fr\/douai\/wp-json\/wp\/v2\/tags?post=687"}],"curies":[{"name":"wp","href":"https:\/\/api.w.org\/{rel}","templated":true}]}}