{"id":718,"date":"2019-09-17T10:00:08","date_gmt":"2019-09-17T09:00:08","guid":{"rendered":"https:\/\/pressetaux.fr\/douai\/?p=718"},"modified":"2019-09-17T14:13:23","modified_gmt":"2019-09-17T13:13:23","slug":"temoignage-christophe-lamand-client-douai-aurelie","status":"publish","type":"post","link":"https:\/\/pressetaux.fr\/douai\/temoignage-christophe-lamand-client-douai-aurelie\/","title":{"rendered":"\u201cJe recommanderai Christophe Lamand d\u00e8s que l\u2019occasion se pr\u00e9sentera !\u201d"},"content":{"rendered":"<p><b><a href=\"https:\/\/pressetaux.fr\/wp-content\/uploads\/2016\/02\/PresseTaux_courtier_5.jpg\" rel=\"attachment wp-att-3411\"><img loading=\"lazy\" class=\"alignright wp-image-3411\" src=\"https:\/\/pressetaux.fr\/wp-content\/uploads\/2016\/02\/PresseTaux_courtier_5.jpg\" alt=\"PresseTaux_courtier_5\" width=\"264\" height=\"200\" \/><\/a>Aur\u00e9lie K. a eu recours aux services de Christophe Lamand, courtier PresseTaux \u00e0 Douai, dans le cadre d\u2019un projet immobilier. T\u00e9moignage d\u2019un particulier.<\/b><\/p>\n<p><span style=\"font-weight: 400;\">Aur\u00e9lie K. a sollicit\u00e9 les services d\u2019un courtier de PresseTaux dans le cadre de l\u2019acquisition d\u2019un bien immobilier. Elle<\/span><span style=\"font-weight: 400;\">\u00a0a connu l\u2019enseigne via une agence immobili\u00e8re et a <\/span><span style=\"font-weight: 400;\">pu b\u00e9n\u00e9ficier d\u2019un accompagnement propos\u00e9 par <\/span><a href=\"https:\/\/pressetaux.fr\/cambrai\/courtier-douai\/\"><span style=\"font-weight: 400;\">Christophe Lamand, courtier PresseTaux \u00e0 Douai<\/span><\/a><span style=\"font-weight: 400;\"> (59).<\/span><\/p>\n<p><!--more--><\/p>\n<p><b>En quelques mots, pouvez-vous nous r\u00e9sumer en quoi a consist\u00e9 votre projet et pourquoi avez-vous eu besoin d&rsquo;un financement ?<\/b><\/p>\n<p><span style=\"font-weight: 400;\">J\u2019ai eu besoin d\u2019un financement dans le cadre de l\u2019achat de notre maison.<\/span><\/p>\n<p><b>Pour quelles raisons avez-vous fait appel \u00e0 un courtier ?\u00a0<\/b><\/p>\n<p><span style=\"font-weight: 400;\">J\u2019ai fait appel \u00e0 un courtier afin de gagner du temps sur le montage de mon dossier de financement.\u00a0<\/span><\/p>\n<p><b>Quelles solutions ont \u00e9t\u00e9 trouv\u00e9es par le courtier de PresseTaux pour r\u00e9pondre au mieux \u00e0 vos besoins ?<\/b><\/p>\n<p><span style=\"font-weight: 400;\">Christophe Lamand a de suite trouv\u00e9 les solutions pour que notre dossier ait la chance d&rsquo;aboutir. Nous avons pu obtenir des mensualit\u00e9s id\u00e9ales pour garder un certain confort financier, \u00e0 un taux int\u00e9ressant pour un pr\u00eat sur 25 ans.<\/span><\/p>\n<p><b>De mani\u00e8re g\u00e9n\u00e9rale, comment \u00e9valuez-vous l&rsquo;accompagnement offert par le courtier de l&rsquo;agence PresseTaux qui vous a accompagn\u00e9e ?\u00a0<\/b><\/p>\n<p><span style=\"font-weight: 400;\">L&rsquo;accompagnement de Christophe Lamand a \u00e9t\u00e9 efficace, agr\u00e9able et sans pression.<\/span><\/p>\n<p><b>Recommanderiez-vous PresseTaux \u00e0 votre entourage ?<\/b><\/p>\n<p><span style=\"font-weight: 400;\">Je recommanderai Christophe Lamand d\u00e8s que l\u2019occasion se pr\u00e9sentera ! C\u2019est un courtier tr\u00e8s professionnel, qui conna\u00eet bien son m\u00e9tier sur le bout des doigt, avec de grandes qualit\u00e9s humaines.\u00a0<\/span><\/p>\n","protected":false},"excerpt":{"rendered":"<p>Aur\u00e9lie K. a eu recours aux services de Christophe Lamand, courtier PresseTaux \u00e0 Douai, dans le cadre d\u2019un projet immobilier. T\u00e9moignage d\u2019un particulier. Aur\u00e9lie K. a sollicit\u00e9 les services d\u2019un courtier de PresseTaux dans le cadre de l\u2019acquisition d\u2019un bien immobilier. Elle\u00a0a connu l\u2019enseigne via une agence immobili\u00e8re et a pu b\u00e9n\u00e9ficier d\u2019un accompagnement propos\u00e9 par Christophe Lamand, courtier PresseTaux \u00e0 Douai (59).<\/p>\n","protected":false},"author":7,"featured_media":0,"comment_status":"closed","ping_status":"open","sticky":false,"template":"","format":"standard","meta":{"_genesis_hide_title":false,"_genesis_hide_breadcrumbs":false,"_genesis_hide_singular_image":false,"_genesis_hide_footer_widgets":false,"_genesis_custom_body_class":"","_genesis_custom_post_class":"","_genesis_layout":""},"categories":[4],"tags":[],"yoast_head":"<!-- This site is optimized with the Yoast SEO plugin v17.8 - https:\/\/yoast.com\/wordpress\/plugins\/seo\/ -->\n<title>\u201cJe recommanderai Christophe Lamand d\u00e8s que l\u2019occasion se pr\u00e9sentera !\u201d - PresseTaux Douai<\/title>\n<meta name=\"robots\" content=\"index, follow, max-snippet:-1, max-image-preview:large, max-video-preview:-1\" \/>\n<link rel=\"canonical\" href=\"https:\/\/pressetaux.fr\/douai\/temoignage-christophe-lamand-client-douai-aurelie\/\" \/>\n<meta property=\"og:locale\" content=\"fr_FR\" \/>\n<meta property=\"og:type\" content=\"article\" \/>\n<meta property=\"og:title\" content=\"\u201cJe recommanderai Christophe Lamand d\u00e8s que l\u2019occasion se pr\u00e9sentera !\u201d - PresseTaux Douai\" \/>\n<meta property=\"og:description\" content=\"Aur\u00e9lie K. a eu recours aux services de Christophe Lamand, courtier PresseTaux \u00e0 Douai, dans le cadre d\u2019un projet immobilier. T\u00e9moignage d\u2019un particulier. Aur\u00e9lie K. a sollicit\u00e9 les services d\u2019un courtier de PresseTaux dans le cadre de l\u2019acquisition d\u2019un bien immobilier. Elle\u00a0a connu l\u2019enseigne via une agence immobili\u00e8re et a pu b\u00e9n\u00e9ficier d\u2019un accompagnement propos\u00e9 par Christophe Lamand, courtier PresseTaux \u00e0 Douai (59).\" \/>\n<meta property=\"og:url\" content=\"https:\/\/pressetaux.fr\/douai\/temoignage-christophe-lamand-client-douai-aurelie\/\" \/>\n<meta property=\"og:site_name\" content=\"PresseTaux Douai\" \/>\n<meta property=\"article:publisher\" content=\"https:\/\/www.facebook.com\/pressetauxdouai?locale=fr_FR\" \/>\n<meta property=\"article:published_time\" content=\"2019-09-17T09:00:08+00:00\" \/>\n<meta property=\"article:modified_time\" content=\"2019-09-17T13:13:23+00:00\" \/>\n<meta property=\"og:image\" content=\"https:\/\/pressetaux.fr\/wp-content\/uploads\/2016\/02\/PresseTaux_courtier_5.jpg\" \/>\n<meta name=\"twitter:card\" content=\"summary\" \/>\n<meta name=\"twitter:label1\" content=\"\u00c9crit par\" \/>\n\t<meta name=\"twitter:data1\" content=\"Ma\u00ebl PresseTaux\" \/>\n\t<meta name=\"twitter:label2\" content=\"Dur\u00e9e de lecture estim\u00e9e\" \/>\n\t<meta name=\"twitter:data2\" content=\"1 minute\" \/>\n<script type=\"application\/ld+json\" class=\"yoast-schema-graph\">{\"@context\":\"https:\/\/schema.org\",\"@graph\":[{\"@type\":\"Organization\",\"@id\":\"https:\/\/pressetaux.fr\/douai\/#organization\",\"name\":\"PresseTaux Douai\",\"url\":\"https:\/\/pressetaux.fr\/douai\/\",\"sameAs\":[\"https:\/\/www.facebook.com\/pressetauxdouai?locale=fr_FR\"],\"logo\":{\"@type\":\"ImageObject\",\"@id\":\"https:\/\/pressetaux.fr\/douai\/#logo\",\"inLanguage\":\"fr-FR\",\"url\":\"https:\/\/pressetaux.fr\/douai\/wp-content\/uploads\/sites\/26\/2020\/11\/LogoPressetaux.png\",\"contentUrl\":\"https:\/\/pressetaux.fr\/douai\/wp-content\/uploads\/sites\/26\/2020\/11\/LogoPressetaux.png\",\"width\":488,\"height\":278,\"caption\":\"PresseTaux Douai\"},\"image\":{\"@id\":\"https:\/\/pressetaux.fr\/douai\/#logo\"}},{\"@type\":\"WebSite\",\"@id\":\"https:\/\/pressetaux.fr\/douai\/#website\",\"url\":\"https:\/\/pressetaux.fr\/douai\/\",\"name\":\"PresseTaux Douai\",\"description\":\"COURTIER EN CREDIT\",\"publisher\":{\"@id\":\"https:\/\/pressetaux.fr\/douai\/#organization\"},\"potentialAction\":[{\"@type\":\"SearchAction\",\"target\":{\"@type\":\"EntryPoint\",\"urlTemplate\":\"https:\/\/pressetaux.fr\/douai\/?s={search_term_string}\"},\"query-input\":\"required name=search_term_string\"}],\"inLanguage\":\"fr-FR\"},{\"@type\":\"ImageObject\",\"@id\":\"https:\/\/pressetaux.fr\/douai\/temoignage-christophe-lamand-client-douai-aurelie\/#primaryimage\",\"inLanguage\":\"fr-FR\",\"url\":\"https:\/\/pressetaux.fr\/wp-content\/uploads\/2016\/02\/PresseTaux_courtier_5.jpg\",\"contentUrl\":\"https:\/\/pressetaux.fr\/wp-content\/uploads\/2016\/02\/PresseTaux_courtier_5.jpg\"},{\"@type\":\"WebPage\",\"@id\":\"https:\/\/pressetaux.fr\/douai\/temoignage-christophe-lamand-client-douai-aurelie\/#webpage\",\"url\":\"https:\/\/pressetaux.fr\/douai\/temoignage-christophe-lamand-client-douai-aurelie\/\",\"name\":\"\\u201cJe recommanderai Christophe Lamand d\\u00e8s que l\\u2019occasion se pr\\u00e9sentera !\\u201d - PresseTaux Douai\",\"isPartOf\":{\"@id\":\"https:\/\/pressetaux.fr\/douai\/#website\"},\"primaryImageOfPage\":{\"@id\":\"https:\/\/pressetaux.fr\/douai\/temoignage-christophe-lamand-client-douai-aurelie\/#primaryimage\"},\"datePublished\":\"2019-09-17T09:00:08+00:00\",\"dateModified\":\"2019-09-17T13:13:23+00:00\",\"breadcrumb\":{\"@id\":\"https:\/\/pressetaux.fr\/douai\/temoignage-christophe-lamand-client-douai-aurelie\/#breadcrumb\"},\"inLanguage\":\"fr-FR\",\"potentialAction\":[{\"@type\":\"ReadAction\",\"target\":[\"https:\/\/pressetaux.fr\/douai\/temoignage-christophe-lamand-client-douai-aurelie\/\"]}]},{\"@type\":\"BreadcrumbList\",\"@id\":\"https:\/\/pressetaux.fr\/douai\/temoignage-christophe-lamand-client-douai-aurelie\/#breadcrumb\",\"itemListElement\":[{\"@type\":\"ListItem\",\"position\":1,\"name\":\"Accueil\",\"item\":\"https:\/\/pressetaux.fr\/douai\/\"},{\"@type\":\"ListItem\",\"position\":2,\"name\":\"\\u201cJe recommanderai Christophe Lamand d\\u00e8s que l\\u2019occasion se pr\\u00e9sentera !\\u201d\"}]},{\"@type\":\"Article\",\"@id\":\"https:\/\/pressetaux.fr\/douai\/temoignage-christophe-lamand-client-douai-aurelie\/#article\",\"isPartOf\":{\"@id\":\"https:\/\/pressetaux.fr\/douai\/temoignage-christophe-lamand-client-douai-aurelie\/#webpage\"},\"author\":{\"@id\":\"https:\/\/pressetaux.fr\/douai\/#\/schema\/person\/e18ef05c180d813e5ce42087d0369f85\"},\"headline\":\"\\u201cJe recommanderai Christophe Lamand d\\u00e8s que l\\u2019occasion se pr\\u00e9sentera !\\u201d\",\"datePublished\":\"2019-09-17T09:00:08+00:00\",\"dateModified\":\"2019-09-17T13:13:23+00:00\",\"mainEntityOfPage\":{\"@id\":\"https:\/\/pressetaux.fr\/douai\/temoignage-christophe-lamand-client-douai-aurelie\/#webpage\"},\"wordCount\":282,\"publisher\":{\"@id\":\"https:\/\/pressetaux.fr\/douai\/#organization\"},\"image\":{\"@id\":\"https:\/\/pressetaux.fr\/douai\/temoignage-christophe-lamand-client-douai-aurelie\/#primaryimage\"},\"thumbnailUrl\":\"https:\/\/pressetaux.fr\/wp-content\/uploads\/2016\/02\/PresseTaux_courtier_5.jpg\",\"articleSection\":[\"temoignagesblog\"],\"inLanguage\":\"fr-FR\"},{\"@type\":\"Person\",\"@id\":\"https:\/\/pressetaux.fr\/douai\/#\/schema\/person\/e18ef05c180d813e5ce42087d0369f85\",\"name\":\"Ma\\u00ebl PresseTaux\",\"image\":{\"@type\":\"ImageObject\",\"@id\":\"https:\/\/pressetaux.fr\/douai\/#personlogo\",\"inLanguage\":\"fr-FR\",\"url\":\"https:\/\/secure.gravatar.com\/avatar\/c2daa4ba12e6c26194c9f7b7936f6a98?s=96&d=mm&r=g\",\"contentUrl\":\"https:\/\/secure.gravatar.com\/avatar\/c2daa4ba12e6c26194c9f7b7936f6a98?s=96&d=mm&r=g\",\"caption\":\"Ma\\u00ebl PresseTaux\"},\"url\":\"https:\/\/pressetaux.fr\/douai\/author\/mael-nonet\/\"}]}<\/script>\n<!-- \/ Yoast SEO plugin. -->","yoast_head_json":{"title":"\u201cJe recommanderai Christophe Lamand d\u00e8s que l\u2019occasion se pr\u00e9sentera !\u201d - PresseTaux Douai","robots":{"index":"index","follow":"follow","max-snippet":"max-snippet:-1","max-image-preview":"max-image-preview:large","max-video-preview":"max-video-preview:-1"},"canonical":"https:\/\/pressetaux.fr\/douai\/temoignage-christophe-lamand-client-douai-aurelie\/","og_locale":"fr_FR","og_type":"article","og_title":"\u201cJe recommanderai Christophe Lamand d\u00e8s que l\u2019occasion se pr\u00e9sentera !\u201d - PresseTaux Douai","og_description":"Aur\u00e9lie K. a eu recours aux services de Christophe Lamand, courtier PresseTaux \u00e0 Douai, dans le cadre d\u2019un projet immobilier. T\u00e9moignage d\u2019un particulier. Aur\u00e9lie K. a sollicit\u00e9 les services d\u2019un courtier de PresseTaux dans le cadre de l\u2019acquisition d\u2019un bien immobilier. Elle\u00a0a connu l\u2019enseigne via une agence immobili\u00e8re et a pu b\u00e9n\u00e9ficier d\u2019un accompagnement propos\u00e9 par Christophe Lamand, courtier PresseTaux \u00e0 Douai (59).","og_url":"https:\/\/pressetaux.fr\/douai\/temoignage-christophe-lamand-client-douai-aurelie\/","og_site_name":"PresseTaux Douai","article_publisher":"https:\/\/www.facebook.com\/pressetauxdouai?locale=fr_FR","article_published_time":"2019-09-17T09:00:08+00:00","article_modified_time":"2019-09-17T13:13:23+00:00","og_image":[{"url":"https:\/\/pressetaux.fr\/wp-content\/uploads\/2016\/02\/PresseTaux_courtier_5.jpg"}],"twitter_card":"summary","twitter_misc":{"\u00c9crit par":"Ma\u00ebl PresseTaux","Dur\u00e9e de lecture estim\u00e9e":"1 minute"},"schema":{"@context":"https:\/\/schema.org","@graph":[{"@type":"Organization","@id":"https:\/\/pressetaux.fr\/douai\/#organization","name":"PresseTaux Douai","url":"https:\/\/pressetaux.fr\/douai\/","sameAs":["https:\/\/www.facebook.com\/pressetauxdouai?locale=fr_FR"],"logo":{"@type":"ImageObject","@id":"https:\/\/pressetaux.fr\/douai\/#logo","inLanguage":"fr-FR","url":"https:\/\/pressetaux.fr\/douai\/wp-content\/uploads\/sites\/26\/2020\/11\/LogoPressetaux.png","contentUrl":"https:\/\/pressetaux.fr\/douai\/wp-content\/uploads\/sites\/26\/2020\/11\/LogoPressetaux.png","width":488,"height":278,"caption":"PresseTaux Douai"},"image":{"@id":"https:\/\/pressetaux.fr\/douai\/#logo"}},{"@type":"WebSite","@id":"https:\/\/pressetaux.fr\/douai\/#website","url":"https:\/\/pressetaux.fr\/douai\/","name":"PresseTaux Douai","description":"COURTIER EN CREDIT","publisher":{"@id":"https:\/\/pressetaux.fr\/douai\/#organization"},"potentialAction":[{"@type":"SearchAction","target":{"@type":"EntryPoint","urlTemplate":"https:\/\/pressetaux.fr\/douai\/?s={search_term_string}"},"query-input":"required name=search_term_string"}],"inLanguage":"fr-FR"},{"@type":"ImageObject","@id":"https:\/\/pressetaux.fr\/douai\/temoignage-christophe-lamand-client-douai-aurelie\/#primaryimage","inLanguage":"fr-FR","url":"https:\/\/pressetaux.fr\/wp-content\/uploads\/2016\/02\/PresseTaux_courtier_5.jpg","contentUrl":"https:\/\/pressetaux.fr\/wp-content\/uploads\/2016\/02\/PresseTaux_courtier_5.jpg"},{"@type":"WebPage","@id":"https:\/\/pressetaux.fr\/douai\/temoignage-christophe-lamand-client-douai-aurelie\/#webpage","url":"https:\/\/pressetaux.fr\/douai\/temoignage-christophe-lamand-client-douai-aurelie\/","name":"\u201cJe recommanderai Christophe Lamand d\u00e8s que l\u2019occasion se pr\u00e9sentera !\u201d - PresseTaux Douai","isPartOf":{"@id":"https:\/\/pressetaux.fr\/douai\/#website"},"primaryImageOfPage":{"@id":"https:\/\/pressetaux.fr\/douai\/temoignage-christophe-lamand-client-douai-aurelie\/#primaryimage"},"datePublished":"2019-09-17T09:00:08+00:00","dateModified":"2019-09-17T13:13:23+00:00","breadcrumb":{"@id":"https:\/\/pressetaux.fr\/douai\/temoignage-christophe-lamand-client-douai-aurelie\/#breadcrumb"},"inLanguage":"fr-FR","potentialAction":[{"@type":"ReadAction","target":["https:\/\/pressetaux.fr\/douai\/temoignage-christophe-lamand-client-douai-aurelie\/"]}]},{"@type":"BreadcrumbList","@id":"https:\/\/pressetaux.fr\/douai\/temoignage-christophe-lamand-client-douai-aurelie\/#breadcrumb","itemListElement":[{"@type":"ListItem","position":1,"name":"Accueil","item":"https:\/\/pressetaux.fr\/douai\/"},{"@type":"ListItem","position":2,"name":"\u201cJe recommanderai Christophe Lamand d\u00e8s que l\u2019occasion se pr\u00e9sentera !\u201d"}]},{"@type":"Article","@id":"https:\/\/pressetaux.fr\/douai\/temoignage-christophe-lamand-client-douai-aurelie\/#article","isPartOf":{"@id":"https:\/\/pressetaux.fr\/douai\/temoignage-christophe-lamand-client-douai-aurelie\/#webpage"},"author":{"@id":"https:\/\/pressetaux.fr\/douai\/#\/schema\/person\/e18ef05c180d813e5ce42087d0369f85"},"headline":"\u201cJe recommanderai Christophe Lamand d\u00e8s que l\u2019occasion se pr\u00e9sentera !\u201d","datePublished":"2019-09-17T09:00:08+00:00","dateModified":"2019-09-17T13:13:23+00:00","mainEntityOfPage":{"@id":"https:\/\/pressetaux.fr\/douai\/temoignage-christophe-lamand-client-douai-aurelie\/#webpage"},"wordCount":282,"publisher":{"@id":"https:\/\/pressetaux.fr\/douai\/#organization"},"image":{"@id":"https:\/\/pressetaux.fr\/douai\/temoignage-christophe-lamand-client-douai-aurelie\/#primaryimage"},"thumbnailUrl":"https:\/\/pressetaux.fr\/wp-content\/uploads\/2016\/02\/PresseTaux_courtier_5.jpg","articleSection":["temoignagesblog"],"inLanguage":"fr-FR"},{"@type":"Person","@id":"https:\/\/pressetaux.fr\/douai\/#\/schema\/person\/e18ef05c180d813e5ce42087d0369f85","name":"Ma\u00ebl PresseTaux","image":{"@type":"ImageObject","@id":"https:\/\/pressetaux.fr\/douai\/#personlogo","inLanguage":"fr-FR","url":"https:\/\/secure.gravatar.com\/avatar\/c2daa4ba12e6c26194c9f7b7936f6a98?s=96&d=mm&r=g","contentUrl":"https:\/\/secure.gravatar.com\/avatar\/c2daa4ba12e6c26194c9f7b7936f6a98?s=96&d=mm&r=g","caption":"Ma\u00ebl PresseTaux"},"url":"https:\/\/pressetaux.fr\/douai\/author\/mael-nonet\/"}]}},"_links":{"self":[{"href":"https:\/\/pressetaux.fr\/douai\/wp-json\/wp\/v2\/posts\/718"}],"collection":[{"href":"https:\/\/pressetaux.fr\/douai\/wp-json\/wp\/v2\/posts"}],"about":[{"href":"https:\/\/pressetaux.fr\/douai\/wp-json\/wp\/v2\/types\/post"}],"author":[{"embeddable":true,"href":"https:\/\/pressetaux.fr\/douai\/wp-json\/wp\/v2\/users\/7"}],"replies":[{"embeddable":true,"href":"https:\/\/pressetaux.fr\/douai\/wp-json\/wp\/v2\/comments?post=718"}],"version-history":[{"count":0,"href":"https:\/\/pressetaux.fr\/douai\/wp-json\/wp\/v2\/posts\/718\/revisions"}],"wp:attachment":[{"href":"https:\/\/pressetaux.fr\/douai\/wp-json\/wp\/v2\/media?parent=718"}],"wp:term":[{"taxonomy":"category","embeddable":true,"href":"https:\/\/pressetaux.fr\/douai\/wp-json\/wp\/v2\/categories?post=718"},{"taxonomy":"post_tag","embeddable":true,"href":"https:\/\/pressetaux.fr\/douai\/wp-json\/wp\/v2\/tags?post=718"}],"curies":[{"name":"wp","href":"https:\/\/api.w.org\/{rel}","templated":true}]}}