{"id":796,"date":"2020-05-29T16:15:39","date_gmt":"2020-05-29T15:15:39","guid":{"rendered":"https:\/\/pressetaux.fr\/douai\/?p=796"},"modified":"2020-06-17T16:18:35","modified_gmt":"2020-06-17T15:18:35","slug":"christophe-lamand-a-ete-a-lecoute-et-surtout-tres-reactif-a-chacune-de-nos-demandes","status":"publish","type":"post","link":"https:\/\/pressetaux.fr\/douai\/christophe-lamand-a-ete-a-lecoute-et-surtout-tres-reactif-a-chacune-de-nos-demandes\/","title":{"rendered":"\u201cChristophe Lamand a \u00e9t\u00e9 \u00e0 l\u2019\u00e9coute et surtout tr\u00e8s r\u00e9actif \u00e0 chacune de nos demandes\u201d"},"content":{"rendered":"<p><b><a href=\"https:\/\/pressetaux.fr\/wp-content\/uploads\/2016\/02\/PresseTaux_courtier_5.jpg\" rel=\"attachment wp-att-3411\"><img loading=\"lazy\" class=\"alignright wp-image-3411\" src=\"https:\/\/pressetaux.fr\/wp-content\/uploads\/2016\/02\/PresseTaux_courtier_5.jpg\" alt=\"PresseTaux_courtier_5\" width=\"264\" height=\"200\" \/><\/a>Christelle M. a eu recours aux services de Christophe Lamand, courtier PresseTaux \u00e0 Douai, dans le cadre d\u2019un projet immobilier. T\u00e9moignage d\u2019un particulier.<\/b><\/p>\n<p><span style=\"font-weight: 400;\">Christelle M. a sollicit\u00e9 les services d\u2019un courtier de PresseTaux afin d\u2019obtenir de l\u2019aide dans l\u2019acquisition d\u2019un bien immobilier. Elle a <\/span><span style=\"font-weight: 400;\">connu l\u2019enseigne via une agence immobili\u00e8re et a <\/span><span style=\"font-weight: 400;\">pu b\u00e9n\u00e9ficier d\u2019un accompagnement propos\u00e9 par <\/span><a href=\"https:\/\/pressetaux.fr\/douai\/courtier-douaisis\/\"><span style=\"font-weight: 400;\">Christophe Lamand, courtier PresseTaux \u00e0 Douai (59).<\/span><\/a><\/p>\n<p><!--more--><\/p>\n<p><b>En quelques mots, pouvez-vous nous r\u00e9sumer en quoi a consist\u00e9 votre projet et pourquoi avez-vous eu besoin d&rsquo;un financement ?<\/b><\/p>\n<p><span style=\"font-weight: 400;\">Mon mari et moi avions pour projet d\u2019acheter une maison et pour cela il nous fallait contracter un pr\u00eat immobilier.<\/span><\/p>\n<p><b>Pour quelles raisons avez-vous fait appel \u00e0 un courtier ?\u00a0<\/b><\/p>\n<p><span style=\"font-weight: 400;\">Nous souhaitions \u00eatre conseill\u00e9s et accompagn\u00e9s dans nos d\u00e9marches et, surtout, nous voulions obtenir un meilleur taux en faisant appel \u00e0 un courtier.\u00a0<\/span><\/p>\n<p><b>Quelles solutions ont \u00e9t\u00e9 trouv\u00e9es par le courtier de PresseTaux pour r\u00e9pondre au mieux \u00e0 vos besoins ?<\/b><\/p>\n<p><span style=\"font-weight: 400;\">Gr\u00e2ce \u00e0 Christophe Lamand, nous avons obtenu un taux int\u00e9ressant avec une dur\u00e9e du cr\u00e9dit qui correspondait \u00e0 nos besoins et \u00e0 notre situation. Nous avons \u00e9galement pu b\u00e9n\u00e9ficier de meilleures conditions au sujet de l\u2019assurance.<\/span><\/p>\n<p><b>De mani\u00e8re g\u00e9n\u00e9rale, comment \u00e9valuez-vous l&rsquo;accompagnement offert par le courtier de l&rsquo;agence PresseTaux qui vous a accompagn\u00e9s ?\u00a0<\/b><\/p>\n<p><span style=\"font-weight: 400;\">Nous sommes tr\u00e8s satisfaits de l\u2019accompagnement dont nous avons b\u00e9n\u00e9fici\u00e9 avec notre conseiller. Christophe Lamand a \u00e9t\u00e9 tr\u00e8s \u00e0 l\u2019\u00e9coute et surtout tr\u00e8s r\u00e9actif \u00e0 chacune de nos demandes.\u00a0<\/span><\/p>\n<p><b>Recommanderiez-vous PresseTaux \u00e0 votre entourage ?<\/b><\/p>\n<p><span style=\"font-weight: 400;\">Oui, nous recommandons PresseTaux \u00e0 notre entourage pour la r\u00e9activit\u00e9, l\u2019\u00e9coute et la qualit\u00e9 des conseils que nous avons re\u00e7us pendant tout la dur\u00e9e de l\u2019accompagnement. <\/span><\/p>\n","protected":false},"excerpt":{"rendered":"<p>Christelle M. a eu recours aux services de Christophe Lamand, courtier PresseTaux \u00e0 Douai, dans le cadre d\u2019un projet immobilier. T\u00e9moignage d\u2019un particulier. Christelle M. a sollicit\u00e9 les services d\u2019un courtier de PresseTaux afin d\u2019obtenir de l\u2019aide dans l\u2019acquisition d\u2019un bien immobilier. Elle a connu l\u2019enseigne via une agence immobili\u00e8re et a pu b\u00e9n\u00e9ficier d\u2019un accompagnement propos\u00e9 par Christophe Lamand, courtier PresseTaux \u00e0 Douai (59).<\/p>\n","protected":false},"author":7,"featured_media":0,"comment_status":"closed","ping_status":"open","sticky":false,"template":"","format":"standard","meta":{"_genesis_hide_title":false,"_genesis_hide_breadcrumbs":false,"_genesis_hide_singular_image":false,"_genesis_hide_footer_widgets":false,"_genesis_custom_body_class":"","_genesis_custom_post_class":"","_genesis_layout":""},"categories":[4],"tags":[],"yoast_head":"<!-- This site is optimized with the Yoast SEO plugin v17.8 - https:\/\/yoast.com\/wordpress\/plugins\/seo\/ -->\n<title>\u201cChristophe Lamand a \u00e9t\u00e9 \u00e0 l\u2019\u00e9coute et surtout tr\u00e8s r\u00e9actif \u00e0 chacune de nos demandes\u201d - PresseTaux Douai<\/title>\n<meta name=\"robots\" content=\"index, follow, max-snippet:-1, max-image-preview:large, max-video-preview:-1\" \/>\n<link rel=\"canonical\" href=\"https:\/\/pressetaux.fr\/douai\/christophe-lamand-a-ete-a-lecoute-et-surtout-tres-reactif-a-chacune-de-nos-demandes\/\" \/>\n<meta property=\"og:locale\" content=\"fr_FR\" \/>\n<meta property=\"og:type\" content=\"article\" \/>\n<meta property=\"og:title\" content=\"\u201cChristophe Lamand a \u00e9t\u00e9 \u00e0 l\u2019\u00e9coute et surtout tr\u00e8s r\u00e9actif \u00e0 chacune de nos demandes\u201d - PresseTaux Douai\" \/>\n<meta property=\"og:description\" content=\"Christelle M. a eu recours aux services de Christophe Lamand, courtier PresseTaux \u00e0 Douai, dans le cadre d\u2019un projet immobilier. T\u00e9moignage d\u2019un particulier. Christelle M. a sollicit\u00e9 les services d\u2019un courtier de PresseTaux afin d\u2019obtenir de l\u2019aide dans l\u2019acquisition d\u2019un bien immobilier. Elle a connu l\u2019enseigne via une agence immobili\u00e8re et a pu b\u00e9n\u00e9ficier d\u2019un accompagnement propos\u00e9 par Christophe Lamand, courtier PresseTaux \u00e0 Douai (59).\" \/>\n<meta property=\"og:url\" content=\"https:\/\/pressetaux.fr\/douai\/christophe-lamand-a-ete-a-lecoute-et-surtout-tres-reactif-a-chacune-de-nos-demandes\/\" \/>\n<meta property=\"og:site_name\" content=\"PresseTaux Douai\" \/>\n<meta property=\"article:publisher\" content=\"https:\/\/www.facebook.com\/pressetauxdouai?locale=fr_FR\" \/>\n<meta property=\"article:published_time\" content=\"2020-05-29T15:15:39+00:00\" \/>\n<meta property=\"article:modified_time\" content=\"2020-06-17T15:18:35+00:00\" \/>\n<meta property=\"og:image\" content=\"https:\/\/pressetaux.fr\/wp-content\/uploads\/2016\/02\/PresseTaux_courtier_5.jpg\" \/>\n<meta name=\"twitter:card\" content=\"summary\" \/>\n<meta name=\"twitter:label1\" content=\"\u00c9crit par\" \/>\n\t<meta name=\"twitter:data1\" content=\"Ma\u00ebl PresseTaux\" \/>\n\t<meta name=\"twitter:label2\" content=\"Dur\u00e9e de lecture estim\u00e9e\" \/>\n\t<meta name=\"twitter:data2\" content=\"1 minute\" \/>\n<script type=\"application\/ld+json\" class=\"yoast-schema-graph\">{\"@context\":\"https:\/\/schema.org\",\"@graph\":[{\"@type\":\"Organization\",\"@id\":\"https:\/\/pressetaux.fr\/douai\/#organization\",\"name\":\"PresseTaux Douai\",\"url\":\"https:\/\/pressetaux.fr\/douai\/\",\"sameAs\":[\"https:\/\/www.facebook.com\/pressetauxdouai?locale=fr_FR\"],\"logo\":{\"@type\":\"ImageObject\",\"@id\":\"https:\/\/pressetaux.fr\/douai\/#logo\",\"inLanguage\":\"fr-FR\",\"url\":\"https:\/\/pressetaux.fr\/douai\/wp-content\/uploads\/sites\/26\/2020\/11\/LogoPressetaux.png\",\"contentUrl\":\"https:\/\/pressetaux.fr\/douai\/wp-content\/uploads\/sites\/26\/2020\/11\/LogoPressetaux.png\",\"width\":488,\"height\":278,\"caption\":\"PresseTaux Douai\"},\"image\":{\"@id\":\"https:\/\/pressetaux.fr\/douai\/#logo\"}},{\"@type\":\"WebSite\",\"@id\":\"https:\/\/pressetaux.fr\/douai\/#website\",\"url\":\"https:\/\/pressetaux.fr\/douai\/\",\"name\":\"PresseTaux Douai\",\"description\":\"COURTIER EN CREDIT\",\"publisher\":{\"@id\":\"https:\/\/pressetaux.fr\/douai\/#organization\"},\"potentialAction\":[{\"@type\":\"SearchAction\",\"target\":{\"@type\":\"EntryPoint\",\"urlTemplate\":\"https:\/\/pressetaux.fr\/douai\/?s={search_term_string}\"},\"query-input\":\"required name=search_term_string\"}],\"inLanguage\":\"fr-FR\"},{\"@type\":\"ImageObject\",\"@id\":\"https:\/\/pressetaux.fr\/douai\/christophe-lamand-a-ete-a-lecoute-et-surtout-tres-reactif-a-chacune-de-nos-demandes\/#primaryimage\",\"inLanguage\":\"fr-FR\",\"url\":\"https:\/\/pressetaux.fr\/wp-content\/uploads\/2016\/02\/PresseTaux_courtier_5.jpg\",\"contentUrl\":\"https:\/\/pressetaux.fr\/wp-content\/uploads\/2016\/02\/PresseTaux_courtier_5.jpg\"},{\"@type\":\"WebPage\",\"@id\":\"https:\/\/pressetaux.fr\/douai\/christophe-lamand-a-ete-a-lecoute-et-surtout-tres-reactif-a-chacune-de-nos-demandes\/#webpage\",\"url\":\"https:\/\/pressetaux.fr\/douai\/christophe-lamand-a-ete-a-lecoute-et-surtout-tres-reactif-a-chacune-de-nos-demandes\/\",\"name\":\"\\u201cChristophe Lamand a \\u00e9t\\u00e9 \\u00e0 l\\u2019\\u00e9coute et surtout tr\\u00e8s r\\u00e9actif \\u00e0 chacune de nos demandes\\u201d - PresseTaux Douai\",\"isPartOf\":{\"@id\":\"https:\/\/pressetaux.fr\/douai\/#website\"},\"primaryImageOfPage\":{\"@id\":\"https:\/\/pressetaux.fr\/douai\/christophe-lamand-a-ete-a-lecoute-et-surtout-tres-reactif-a-chacune-de-nos-demandes\/#primaryimage\"},\"datePublished\":\"2020-05-29T15:15:39+00:00\",\"dateModified\":\"2020-06-17T15:18:35+00:00\",\"breadcrumb\":{\"@id\":\"https:\/\/pressetaux.fr\/douai\/christophe-lamand-a-ete-a-lecoute-et-surtout-tres-reactif-a-chacune-de-nos-demandes\/#breadcrumb\"},\"inLanguage\":\"fr-FR\",\"potentialAction\":[{\"@type\":\"ReadAction\",\"target\":[\"https:\/\/pressetaux.fr\/douai\/christophe-lamand-a-ete-a-lecoute-et-surtout-tres-reactif-a-chacune-de-nos-demandes\/\"]}]},{\"@type\":\"BreadcrumbList\",\"@id\":\"https:\/\/pressetaux.fr\/douai\/christophe-lamand-a-ete-a-lecoute-et-surtout-tres-reactif-a-chacune-de-nos-demandes\/#breadcrumb\",\"itemListElement\":[{\"@type\":\"ListItem\",\"position\":1,\"name\":\"Accueil\",\"item\":\"https:\/\/pressetaux.fr\/douai\/\"},{\"@type\":\"ListItem\",\"position\":2,\"name\":\"\\u201cChristophe Lamand a \\u00e9t\\u00e9 \\u00e0 l\\u2019\\u00e9coute et surtout tr\\u00e8s r\\u00e9actif \\u00e0 chacune de nos demandes\\u201d\"}]},{\"@type\":\"Article\",\"@id\":\"https:\/\/pressetaux.fr\/douai\/christophe-lamand-a-ete-a-lecoute-et-surtout-tres-reactif-a-chacune-de-nos-demandes\/#article\",\"isPartOf\":{\"@id\":\"https:\/\/pressetaux.fr\/douai\/christophe-lamand-a-ete-a-lecoute-et-surtout-tres-reactif-a-chacune-de-nos-demandes\/#webpage\"},\"author\":{\"@id\":\"https:\/\/pressetaux.fr\/douai\/#\/schema\/person\/e18ef05c180d813e5ce42087d0369f85\"},\"headline\":\"\\u201cChristophe Lamand a \\u00e9t\\u00e9 \\u00e0 l\\u2019\\u00e9coute et surtout tr\\u00e8s r\\u00e9actif \\u00e0 chacune de nos demandes\\u201d\",\"datePublished\":\"2020-05-29T15:15:39+00:00\",\"dateModified\":\"2020-06-17T15:18:35+00:00\",\"mainEntityOfPage\":{\"@id\":\"https:\/\/pressetaux.fr\/douai\/christophe-lamand-a-ete-a-lecoute-et-surtout-tres-reactif-a-chacune-de-nos-demandes\/#webpage\"},\"wordCount\":314,\"publisher\":{\"@id\":\"https:\/\/pressetaux.fr\/douai\/#organization\"},\"image\":{\"@id\":\"https:\/\/pressetaux.fr\/douai\/christophe-lamand-a-ete-a-lecoute-et-surtout-tres-reactif-a-chacune-de-nos-demandes\/#primaryimage\"},\"thumbnailUrl\":\"https:\/\/pressetaux.fr\/wp-content\/uploads\/2016\/02\/PresseTaux_courtier_5.jpg\",\"articleSection\":[\"temoignagesblog\"],\"inLanguage\":\"fr-FR\"},{\"@type\":\"Person\",\"@id\":\"https:\/\/pressetaux.fr\/douai\/#\/schema\/person\/e18ef05c180d813e5ce42087d0369f85\",\"name\":\"Ma\\u00ebl PresseTaux\",\"image\":{\"@type\":\"ImageObject\",\"@id\":\"https:\/\/pressetaux.fr\/douai\/#personlogo\",\"inLanguage\":\"fr-FR\",\"url\":\"https:\/\/secure.gravatar.com\/avatar\/c2daa4ba12e6c26194c9f7b7936f6a98?s=96&d=mm&r=g\",\"contentUrl\":\"https:\/\/secure.gravatar.com\/avatar\/c2daa4ba12e6c26194c9f7b7936f6a98?s=96&d=mm&r=g\",\"caption\":\"Ma\\u00ebl PresseTaux\"},\"url\":\"https:\/\/pressetaux.fr\/douai\/author\/mael-nonet\/\"}]}<\/script>\n<!-- \/ Yoast SEO plugin. -->","yoast_head_json":{"title":"\u201cChristophe Lamand a \u00e9t\u00e9 \u00e0 l\u2019\u00e9coute et surtout tr\u00e8s r\u00e9actif \u00e0 chacune de nos demandes\u201d - PresseTaux Douai","robots":{"index":"index","follow":"follow","max-snippet":"max-snippet:-1","max-image-preview":"max-image-preview:large","max-video-preview":"max-video-preview:-1"},"canonical":"https:\/\/pressetaux.fr\/douai\/christophe-lamand-a-ete-a-lecoute-et-surtout-tres-reactif-a-chacune-de-nos-demandes\/","og_locale":"fr_FR","og_type":"article","og_title":"\u201cChristophe Lamand a \u00e9t\u00e9 \u00e0 l\u2019\u00e9coute et surtout tr\u00e8s r\u00e9actif \u00e0 chacune de nos demandes\u201d - PresseTaux Douai","og_description":"Christelle M. a eu recours aux services de Christophe Lamand, courtier PresseTaux \u00e0 Douai, dans le cadre d\u2019un projet immobilier. T\u00e9moignage d\u2019un particulier. Christelle M. a sollicit\u00e9 les services d\u2019un courtier de PresseTaux afin d\u2019obtenir de l\u2019aide dans l\u2019acquisition d\u2019un bien immobilier. Elle a connu l\u2019enseigne via une agence immobili\u00e8re et a pu b\u00e9n\u00e9ficier d\u2019un accompagnement propos\u00e9 par Christophe Lamand, courtier PresseTaux \u00e0 Douai (59).","og_url":"https:\/\/pressetaux.fr\/douai\/christophe-lamand-a-ete-a-lecoute-et-surtout-tres-reactif-a-chacune-de-nos-demandes\/","og_site_name":"PresseTaux Douai","article_publisher":"https:\/\/www.facebook.com\/pressetauxdouai?locale=fr_FR","article_published_time":"2020-05-29T15:15:39+00:00","article_modified_time":"2020-06-17T15:18:35+00:00","og_image":[{"url":"https:\/\/pressetaux.fr\/wp-content\/uploads\/2016\/02\/PresseTaux_courtier_5.jpg"}],"twitter_card":"summary","twitter_misc":{"\u00c9crit par":"Ma\u00ebl PresseTaux","Dur\u00e9e de lecture estim\u00e9e":"1 minute"},"schema":{"@context":"https:\/\/schema.org","@graph":[{"@type":"Organization","@id":"https:\/\/pressetaux.fr\/douai\/#organization","name":"PresseTaux Douai","url":"https:\/\/pressetaux.fr\/douai\/","sameAs":["https:\/\/www.facebook.com\/pressetauxdouai?locale=fr_FR"],"logo":{"@type":"ImageObject","@id":"https:\/\/pressetaux.fr\/douai\/#logo","inLanguage":"fr-FR","url":"https:\/\/pressetaux.fr\/douai\/wp-content\/uploads\/sites\/26\/2020\/11\/LogoPressetaux.png","contentUrl":"https:\/\/pressetaux.fr\/douai\/wp-content\/uploads\/sites\/26\/2020\/11\/LogoPressetaux.png","width":488,"height":278,"caption":"PresseTaux Douai"},"image":{"@id":"https:\/\/pressetaux.fr\/douai\/#logo"}},{"@type":"WebSite","@id":"https:\/\/pressetaux.fr\/douai\/#website","url":"https:\/\/pressetaux.fr\/douai\/","name":"PresseTaux Douai","description":"COURTIER EN CREDIT","publisher":{"@id":"https:\/\/pressetaux.fr\/douai\/#organization"},"potentialAction":[{"@type":"SearchAction","target":{"@type":"EntryPoint","urlTemplate":"https:\/\/pressetaux.fr\/douai\/?s={search_term_string}"},"query-input":"required name=search_term_string"}],"inLanguage":"fr-FR"},{"@type":"ImageObject","@id":"https:\/\/pressetaux.fr\/douai\/christophe-lamand-a-ete-a-lecoute-et-surtout-tres-reactif-a-chacune-de-nos-demandes\/#primaryimage","inLanguage":"fr-FR","url":"https:\/\/pressetaux.fr\/wp-content\/uploads\/2016\/02\/PresseTaux_courtier_5.jpg","contentUrl":"https:\/\/pressetaux.fr\/wp-content\/uploads\/2016\/02\/PresseTaux_courtier_5.jpg"},{"@type":"WebPage","@id":"https:\/\/pressetaux.fr\/douai\/christophe-lamand-a-ete-a-lecoute-et-surtout-tres-reactif-a-chacune-de-nos-demandes\/#webpage","url":"https:\/\/pressetaux.fr\/douai\/christophe-lamand-a-ete-a-lecoute-et-surtout-tres-reactif-a-chacune-de-nos-demandes\/","name":"\u201cChristophe Lamand a \u00e9t\u00e9 \u00e0 l\u2019\u00e9coute et surtout tr\u00e8s r\u00e9actif \u00e0 chacune de nos demandes\u201d - PresseTaux Douai","isPartOf":{"@id":"https:\/\/pressetaux.fr\/douai\/#website"},"primaryImageOfPage":{"@id":"https:\/\/pressetaux.fr\/douai\/christophe-lamand-a-ete-a-lecoute-et-surtout-tres-reactif-a-chacune-de-nos-demandes\/#primaryimage"},"datePublished":"2020-05-29T15:15:39+00:00","dateModified":"2020-06-17T15:18:35+00:00","breadcrumb":{"@id":"https:\/\/pressetaux.fr\/douai\/christophe-lamand-a-ete-a-lecoute-et-surtout-tres-reactif-a-chacune-de-nos-demandes\/#breadcrumb"},"inLanguage":"fr-FR","potentialAction":[{"@type":"ReadAction","target":["https:\/\/pressetaux.fr\/douai\/christophe-lamand-a-ete-a-lecoute-et-surtout-tres-reactif-a-chacune-de-nos-demandes\/"]}]},{"@type":"BreadcrumbList","@id":"https:\/\/pressetaux.fr\/douai\/christophe-lamand-a-ete-a-lecoute-et-surtout-tres-reactif-a-chacune-de-nos-demandes\/#breadcrumb","itemListElement":[{"@type":"ListItem","position":1,"name":"Accueil","item":"https:\/\/pressetaux.fr\/douai\/"},{"@type":"ListItem","position":2,"name":"\u201cChristophe Lamand a \u00e9t\u00e9 \u00e0 l\u2019\u00e9coute et surtout tr\u00e8s r\u00e9actif \u00e0 chacune de nos demandes\u201d"}]},{"@type":"Article","@id":"https:\/\/pressetaux.fr\/douai\/christophe-lamand-a-ete-a-lecoute-et-surtout-tres-reactif-a-chacune-de-nos-demandes\/#article","isPartOf":{"@id":"https:\/\/pressetaux.fr\/douai\/christophe-lamand-a-ete-a-lecoute-et-surtout-tres-reactif-a-chacune-de-nos-demandes\/#webpage"},"author":{"@id":"https:\/\/pressetaux.fr\/douai\/#\/schema\/person\/e18ef05c180d813e5ce42087d0369f85"},"headline":"\u201cChristophe Lamand a \u00e9t\u00e9 \u00e0 l\u2019\u00e9coute et surtout tr\u00e8s r\u00e9actif \u00e0 chacune de nos demandes\u201d","datePublished":"2020-05-29T15:15:39+00:00","dateModified":"2020-06-17T15:18:35+00:00","mainEntityOfPage":{"@id":"https:\/\/pressetaux.fr\/douai\/christophe-lamand-a-ete-a-lecoute-et-surtout-tres-reactif-a-chacune-de-nos-demandes\/#webpage"},"wordCount":314,"publisher":{"@id":"https:\/\/pressetaux.fr\/douai\/#organization"},"image":{"@id":"https:\/\/pressetaux.fr\/douai\/christophe-lamand-a-ete-a-lecoute-et-surtout-tres-reactif-a-chacune-de-nos-demandes\/#primaryimage"},"thumbnailUrl":"https:\/\/pressetaux.fr\/wp-content\/uploads\/2016\/02\/PresseTaux_courtier_5.jpg","articleSection":["temoignagesblog"],"inLanguage":"fr-FR"},{"@type":"Person","@id":"https:\/\/pressetaux.fr\/douai\/#\/schema\/person\/e18ef05c180d813e5ce42087d0369f85","name":"Ma\u00ebl PresseTaux","image":{"@type":"ImageObject","@id":"https:\/\/pressetaux.fr\/douai\/#personlogo","inLanguage":"fr-FR","url":"https:\/\/secure.gravatar.com\/avatar\/c2daa4ba12e6c26194c9f7b7936f6a98?s=96&d=mm&r=g","contentUrl":"https:\/\/secure.gravatar.com\/avatar\/c2daa4ba12e6c26194c9f7b7936f6a98?s=96&d=mm&r=g","caption":"Ma\u00ebl PresseTaux"},"url":"https:\/\/pressetaux.fr\/douai\/author\/mael-nonet\/"}]}},"_links":{"self":[{"href":"https:\/\/pressetaux.fr\/douai\/wp-json\/wp\/v2\/posts\/796"}],"collection":[{"href":"https:\/\/pressetaux.fr\/douai\/wp-json\/wp\/v2\/posts"}],"about":[{"href":"https:\/\/pressetaux.fr\/douai\/wp-json\/wp\/v2\/types\/post"}],"author":[{"embeddable":true,"href":"https:\/\/pressetaux.fr\/douai\/wp-json\/wp\/v2\/users\/7"}],"replies":[{"embeddable":true,"href":"https:\/\/pressetaux.fr\/douai\/wp-json\/wp\/v2\/comments?post=796"}],"version-history":[{"count":0,"href":"https:\/\/pressetaux.fr\/douai\/wp-json\/wp\/v2\/posts\/796\/revisions"}],"wp:attachment":[{"href":"https:\/\/pressetaux.fr\/douai\/wp-json\/wp\/v2\/media?parent=796"}],"wp:term":[{"taxonomy":"category","embeddable":true,"href":"https:\/\/pressetaux.fr\/douai\/wp-json\/wp\/v2\/categories?post=796"},{"taxonomy":"post_tag","embeddable":true,"href":"https:\/\/pressetaux.fr\/douai\/wp-json\/wp\/v2\/tags?post=796"}],"curies":[{"name":"wp","href":"https:\/\/api.w.org\/{rel}","templated":true}]}}