{"id":802,"date":"2020-06-23T08:33:57","date_gmt":"2020-06-23T07:33:57","guid":{"rendered":"https:\/\/pressetaux.fr\/douai\/communique-de-presse-vers-une-redynamisation-du-marche-de-limmobilier\/"},"modified":"2020-06-23T08:34:08","modified_gmt":"2020-06-23T07:34:08","slug":"communique-de-presse-vers-une-redynamisation-du-marche-de-limmobilier","status":"publish","type":"post","link":"https:\/\/pressetaux.fr\/douai\/communique-de-presse-vers-une-redynamisation-du-marche-de-limmobilier\/","title":{"rendered":"Communiqu\u00e9 de presse | Vers une redynamisation du march\u00e9 de l\u2019immobilier ?"},"content":{"rendered":"<p><b><u><a href=\"https:\/\/pressetaux.fr\/wp-content\/uploads\/2016\/02\/Logo_PresseTaux.png\" rel=\"attachment wp-att-3444\"><img loading=\"lazy\" class=\"alignright wp-image-3444\" src=\"https:\/\/pressetaux.fr\/wp-content\/uploads\/2016\/02\/Logo_PresseTaux.png\" alt=\"Logo_PresseTaux\" width=\"162\" height=\"90\" \/><\/a>En bref :<\/u> Alors que la vie \u00e9conomique reprend sa respiration, les courtiers en cr\u00e9dit n\u00e9goci\u00e9 du r\u00e9seau PresseTaux partagent leurs ressentis sur l\u2019\u00e9volution du secteur de l\u2019immobilier. Impacts du confinement, nouvelles tendances sur le march\u00e9, adaptation des m\u00e9tiers du courtage, ils livrent leur expertise.<\/b><b><\/b><\/p>\n<p><!--more--><\/p>\n<p><em>[<a href=\"https:\/\/pressetaux.fr\/wp-content\/uploads\/2020\/06\/CP_PresseTaux_National_deconfinement_2020-06-23.pdf\" target=\"_blank\" rel=\"noopener noreferrer\">Version PDF du communiqu\u00e9 de presse<\/a>]<\/em><\/p>\n<p><span style=\"font-weight: 400;\"><img loading=\"lazy\" class=\"alignright wp-image-6251\" src=\"https:\/\/pressetaux.fr\/wp-content\/uploads\/2018\/01\/Investissement-locatif_1.jpg\" alt=\"\" width=\"300\" height=\"208\" \/>Deux mois de confinement, voil\u00e0 qui donne mati\u00e8re \u00e0 r\u00e9flexion. C\u2019est en tout cas ce que pense <\/span><a href=\"https:\/\/pressetaux.fr\/tours\/courtier-tours-sud\/\"><span style=\"font-weight: 400;\"><strong>Gr\u00e9gory Lemaitre<\/strong><\/span><\/a><span style=\"font-weight: 400;\">, courtier PresseTaux \u00e0 Tours : <\/span><i><span style=\"font-weight: 400;\">\u201cLes personnes souhaitent d\u00e9sormais passer \u00e0 l\u2019action : les projets ont m\u00fbri pendant cette p\u00e9riode et l\u00e0, ils prennent des d\u00e9cisions.\u201d <\/span><\/i><span style=\"font-weight: 400;\">Bien que cela puisse para\u00eetre contre-intuitif, il semblerait que le climat actuel soit favorable \u00e0 l\u2019achat de biens immobiliers comme en t\u00e9moigne<\/span> <strong><a href=\"https:\/\/pressetaux.fr\/valenciennes\/courtier-valenciennes\/\">Gr\u00e9gory Willay<\/a><\/strong><b>, <\/b><span style=\"font-weight: 400;\">courtier PresseTaux \u00e0 Valenciennes : <\/span><i><span style=\"font-weight: 400;\">\u201cJ\u2019en suis m\u00eame \u00e9tonn\u00e9, c\u2019est comme si on \u00e9tait au contraire dans un climat de confiance : les gens veulent acheter.\u201d \u201cIl y a clairement une reprise des demandes de financement depuis le d\u00e9confinement\u201d<\/span><\/i><span style=\"font-weight: 400;\">, confirme <\/span><strong><a href=\"https:\/\/pressetaux.fr\/chantilly\/courtier-chantilly\/\">Sandra Rutman<\/a><\/strong><span style=\"font-weight: 400;\"> (PresseTaux Chantilly).<\/span><\/p>\n<p><span style=\"font-weight: 400;\">Soixante jours confin\u00e9s chez soi et un nouvel \u00e9quilibre maison-travail \u00e0 trouver, c\u2019est l\u2019occasion d\u2019identifier de nouveaux besoins. Gr\u00e9gory Willay a par exemple observ\u00e9 un int\u00e9r\u00eat accru pour les r\u00e9seaux t\u00e9l\u00e9phoniques : <\/span><i><span style=\"font-weight: 400;\">\u201cEst-ce que la maison, l\u2019appartement aura bien la fibre optique ?\u201d<\/span><\/i><span style=\"font-weight: 400;\"> Dans le cadre d\u2019un futur achat, le contexte de t\u00e9l\u00e9travail est d\u00e9sormais s\u00e9rieusement pris en compte : les futurs acqu\u00e9reurs veulent \u00e9viter les \u201czones blanches\u201d \u00e0 tout prix pour ne pas \u00eatre priv\u00e9s de r\u00e9seau haut d\u00e9bit fixe. De m\u00eame que le fait d\u2019avoir une pi\u00e8ce en plus, isol\u00e9e, devient un crit\u00e8re pr\u00e9pond\u00e9rant pour pouvoir travailler de chez soi, au calme.<\/span><\/p>\n<p><span style=\"font-weight: 400;\">De son c\u00f4t\u00e9, <\/span><strong><a href=\"https:\/\/pressetaux.fr\/dijon\/courtier-dijon\/\">Magali Zeller<\/a><\/strong><span style=\"font-weight: 400;\">, courtier PresseTaux \u00e0 Dijon, temp\u00e8re <\/span><i><span style=\"font-weight: 400;\">: \u201cSi \u00e9volution de la demande des clients il y a, elle se fera dans les mois \u00e0 venir, le temps que les projets m\u00fbrissent encore suffisamment.\u201d <\/span><\/i><span style=\"font-weight: 400;\">Car si de nouveaux d\u00e9sirs sont apparus, de nouvelles probl\u00e9matiques se posent \u00e9galement, notamment l\u2019inad\u00e9quation entre l\u2019offre et la demande avec de nombreuses craintes du c\u00f4t\u00e9 des acqu\u00e9reurs et des banques qui, pour l\u2019instant, jouent le jeu de la prudence. \u201c<\/span><i><span style=\"font-weight: 400;\">Plusieurs projets se sont vus suspendus, les situations professionnelles ayant parfois besoin d&rsquo;\u00eatre consolid\u00e9es. C&rsquo;est l\u00e0 la crainte d&rsquo;un grand nombre de futurs acqu\u00e9reurs, en particulier dans les zones touristiques qui vont continuer \u00e0 souffrir de la crise.\u201d<\/span><\/i><\/p>\n<p><span style=\"font-weight: 400;\">Sur le march\u00e9, les prix ne sont pas \u00e0 la baisse ce qui, coupl\u00e9 \u00e0 la frilosit\u00e9 des banques, rend l\u2019aboutissement des projets de plus en plus incertain, comme l\u2019explique <\/span><strong><a href=\"https:\/\/pressetaux.fr\/montpellier\/courtier-montpellier\/\">Carine Pradelles<\/a><\/strong><span style=\"font-weight: 400;\"> \u00e0 Montpellier\u00a0: <\/span><i><span style=\"font-weight: 400;\">\u201cCertains projets \u00e9chouent pour cause d&rsquo;apport devenu insuffisant ou d\u2019instabilit\u00e9 professionnelle pr\u00e9ssentie.\u201d<\/span><\/i><span style=\"font-weight: 400;\"> Pour Christophe Lamand, <\/span><i><span style=\"font-weight: 400;\">\u201cce n\u2019est pas la crise qui va rendre les dossiers difficiles mais plut\u00f4t les conditions d\u2019octroi de cr\u00e9dits que les banques ont rendu encore plus drastiques\u201d. <\/span><\/i><span style=\"font-weight: 400;\">Les courtiers \u00e9voquent pour autant quelques pistes pour d\u00e9bloquer la situation qui passeraient notamment par une simplification des relations avec les banques. Pour Gr\u00e9gory Willay, il faudrait <\/span><i><span style=\"font-weight: 400;\">\u201crevoir absolument le calcul du taux d\u2019usure. Nous avons plein de dossiers refus\u00e9s \u00e0 cause de cela, notamment pour les emprunteurs de plus de cinquante ans : le taux plus \u00e9lev\u00e9 de l\u2019assurance fait que le taux d\u2019usure est plus rapidement atteint\u201d.<\/span><\/i><\/p>\n<p><span style=\"font-weight: 400;\">Certaines incertitudes subsistent aussi du c\u00f4t\u00e9 des courtiers pour qui le confinement a demand\u00e9 une r\u00e9organisation du travail. PresseTaux a la particularit\u00e9 d\u2019\u00eatre un r\u00e9seau sans agence, habitu\u00e9 \u00e0 travailler sur place chez les clients et \u00e0 distance. Si d\u2019un c\u00f4t\u00e9 le t\u00e9l\u00e9travail n\u2019a pas emp\u00each\u00e9 d\u2019op\u00e9rer un suivi serein et r\u00e9gulier des dossiers en cours, les avis sont mitig\u00e9s concernant la poursuite au long terme de cette distanciation vis-\u00e0-vis des clients. <\/span><i><span style=\"font-weight: 400;\">\u201cNotre m\u00e9tier reste un m\u00e9tier de contact\u201d<\/span><\/i><span style=\"font-weight: 400;\">, rappelle <\/span><strong><a href=\"https:\/\/pressetaux.fr\/cambrai\/courtier-douai\/\">Christophe Lamand<\/a><\/strong><span style=\"font-weight: 400;\">, courtier PresseTaux \u00e0 Douai : <\/span><i><span style=\"font-weight: 400;\">\u201cLe contact est essentiel, primordial. M\u00eame au niveau bancaire, nous n\u2019avons pas pu aller dans les banques. Proposer ses services par t\u00e9l\u00e9phone, son s\u00e9rieux, sa technicit\u00e9, \u00e7a reste difficile. \u00catre un r\u00e9seau de courtiers sans agence ne veut pas dire ne pas rencontrer ses clients ! Sinon, nous ne serions qu\u2019un site Internet et ce serait incompatible avec les valeurs de notre enseigne.\u201d<\/span><\/i><\/p>\n<p>&nbsp;<\/p>\n<p><b>Vous souhaitez r\u00e9aliser un article sur ce th\u00e8me,\u00a0<\/b><b>interviewer S\u00e9bastien Masure (fondateur et dirigeant\u00a0<\/b><b>de PresseTaux) et\/ou certains courtiers de l\u2019enseigne ?<\/b><\/p>\n<p style=\"padding-left: 30px;\"><b>\u2192 <\/b><b>Contact :<\/b> <b>Ma\u00ebl Nonet, attach\u00e9 de presse :<\/b> 06 62 33 20 32 \/ <a href=\"mailto:mael@pressetaux.fr\"><b>mael@pressetaux.fr<\/b><\/a><\/p>\n<p>&nbsp;<\/p>\n<p><b>&gt; En ligne, retrouvez l\u2019actualit\u00e9 nationale de PresseTaux :<\/b><\/p>\n<ul>\n<li style=\"font-weight: 400;\"><span style=\"font-weight: 400;\">sur son <\/span><a href=\"https:\/\/pressetaux.fr\/blog\/\" target=\"_blank\" rel=\"noopener noreferrer\"><b>blog<\/b><\/a><\/li>\n<li style=\"font-weight: 400;\"><span style=\"font-weight: 400;\">sur son <\/span><a href=\"https:\/\/pressetaux.fr\/presse-pressetaux\/\" target=\"_blank\" rel=\"noopener noreferrer\"><b>espace presse<\/b><\/a><\/li>\n<li>la <a href=\"http:\/\/pressetaux.fr\/les-courtiers-pressetaux\/\" target=\"_blank\" rel=\"noopener noreferrer\"><strong>carte<\/strong><\/a> du r\u00e9seau des agences PresseTaux en France<\/li>\n<\/ul>\n<p>&nbsp;<\/p>\n<p><b><a href=\"https:\/\/pressetaux.fr\/wp-content\/uploads\/2016\/02\/Logo_PresseTaux.png\" rel=\"attachment wp-att-3444\"><img loading=\"lazy\" class=\"alignright wp-image-3444\" src=\"https:\/\/pressetaux.fr\/wp-content\/uploads\/2016\/02\/Logo_PresseTaux.png\" alt=\"Logo_PresseTaux\" width=\"198\" height=\"110\" \/><\/a>\u00c0 propos de PresseTaux : <\/b><\/p>\n<p><span style=\"font-weight: 400;\">Les courtiers du r\u00e9seau PresseTaux permettent aux particuliers et aux professionnels de tous \u00e2ges \u2013 seniors compris \u2013 de faciliter l\u2019acc\u00e8s \u00e0 l\u2019emprunt, en jouant le r\u00f4le d\u2019interm\u00e9diaire entre les besoins du client et le milieu bancaire. Cr\u00e9\u00e9 en 2004, PresseTaux s&rsquo;appuie sur une organisation structur\u00e9e et le savoir-faire de ses dirigeants, issus essentiellement des milieux bancaires. Afin de se diff\u00e9rencier de ses concurrents et apporter \u00e0 ses franchis\u00e9s une forte rentabilit\u00e9, PresseTaux a d\u00e9cid\u00e9 de miser sur un service de proximit\u00e9, sous la forme d&rsquo;un r\u00e9seau de courtiers sans agence. L&rsquo;enseigne est membre de l&rsquo;APIC (Association Professionnelle des Interm\u00e9diaires en Cr\u00e9dit) depuis sa cr\u00e9ation.<\/span><\/p>\n<p><b>Fondateur et dirigeant :<\/b><span style=\"font-weight: 400;\"> S\u00e9bastien Masure<\/span><\/p>\n<p><b>Si\u00e8ge social :<\/b><span style=\"font-weight: 400;\"> 35 avenue de Verdun, 59300 Valenciennes<\/span><\/p>\n<p><b>Site : <\/b><a href=\"http:\/\/www.pressetaux.fr\"><b>www.pressetaux.fr<\/b><\/a><b> \/ T\u00e9l. : 03 27 47 75 74<\/b><\/p>\n","protected":false},"excerpt":{"rendered":"<p>En bref : Alors que la vie \u00e9conomique reprend sa respiration, les courtiers en cr\u00e9dit n\u00e9goci\u00e9 du r\u00e9seau PresseTaux partagent leurs ressentis sur l\u2019\u00e9volution du secteur de l\u2019immobilier. Impacts du confinement, nouvelles tendances sur le march\u00e9, adaptation des m\u00e9tiers du courtage, ils livrent leur expertise.<\/p>\n","protected":false},"author":7,"featured_media":0,"comment_status":"closed","ping_status":"open","sticky":false,"template":"","format":"standard","meta":{"_genesis_hide_title":false,"_genesis_hide_breadcrumbs":false,"_genesis_hide_singular_image":false,"_genesis_hide_footer_widgets":false,"_genesis_custom_body_class":"","_genesis_custom_post_class":"","_genesis_layout":""},"categories":[7],"tags":[],"yoast_head":"<!-- This site is optimized with the Yoast SEO plugin v17.8 - https:\/\/yoast.com\/wordpress\/plugins\/seo\/ -->\n<title>Communiqu\u00e9 de presse | Vers une redynamisation du march\u00e9 de l\u2019immobilier ? - PresseTaux Douai<\/title>\n<meta name=\"robots\" content=\"index, follow, max-snippet:-1, max-image-preview:large, max-video-preview:-1\" \/>\n<link rel=\"canonical\" href=\"https:\/\/pressetaux.fr\/douai\/communique-de-presse-vers-une-redynamisation-du-marche-de-limmobilier\/\" \/>\n<meta property=\"og:locale\" content=\"fr_FR\" \/>\n<meta property=\"og:type\" content=\"article\" \/>\n<meta property=\"og:title\" content=\"Communiqu\u00e9 de presse | Vers une redynamisation du march\u00e9 de l\u2019immobilier ? - PresseTaux Douai\" \/>\n<meta property=\"og:description\" content=\"En bref : Alors que la vie \u00e9conomique reprend sa respiration, les courtiers en cr\u00e9dit n\u00e9goci\u00e9 du r\u00e9seau PresseTaux partagent leurs ressentis sur l\u2019\u00e9volution du secteur de l\u2019immobilier. Impacts du confinement, nouvelles tendances sur le march\u00e9, adaptation des m\u00e9tiers du courtage, ils livrent leur expertise.\" \/>\n<meta property=\"og:url\" content=\"https:\/\/pressetaux.fr\/douai\/communique-de-presse-vers-une-redynamisation-du-marche-de-limmobilier\/\" \/>\n<meta property=\"og:site_name\" content=\"PresseTaux Douai\" \/>\n<meta property=\"article:publisher\" content=\"https:\/\/www.facebook.com\/pressetauxdouai?locale=fr_FR\" \/>\n<meta property=\"article:published_time\" content=\"2020-06-23T07:33:57+00:00\" \/>\n<meta property=\"article:modified_time\" content=\"2020-06-23T07:34:08+00:00\" \/>\n<meta property=\"og:image\" content=\"https:\/\/pressetaux.fr\/wp-content\/uploads\/2016\/02\/Logo_PresseTaux.png\" \/>\n<meta name=\"twitter:card\" content=\"summary\" \/>\n<meta name=\"twitter:label1\" content=\"\u00c9crit par\" \/>\n\t<meta name=\"twitter:data1\" content=\"Ma\u00ebl PresseTaux\" \/>\n\t<meta name=\"twitter:label2\" content=\"Dur\u00e9e de lecture estim\u00e9e\" \/>\n\t<meta name=\"twitter:data2\" content=\"5 minutes\" \/>\n<script type=\"application\/ld+json\" class=\"yoast-schema-graph\">{\"@context\":\"https:\/\/schema.org\",\"@graph\":[{\"@type\":\"Organization\",\"@id\":\"https:\/\/pressetaux.fr\/douai\/#organization\",\"name\":\"PresseTaux Douai\",\"url\":\"https:\/\/pressetaux.fr\/douai\/\",\"sameAs\":[\"https:\/\/www.facebook.com\/pressetauxdouai?locale=fr_FR\"],\"logo\":{\"@type\":\"ImageObject\",\"@id\":\"https:\/\/pressetaux.fr\/douai\/#logo\",\"inLanguage\":\"fr-FR\",\"url\":\"https:\/\/pressetaux.fr\/douai\/wp-content\/uploads\/sites\/26\/2020\/11\/LogoPressetaux.png\",\"contentUrl\":\"https:\/\/pressetaux.fr\/douai\/wp-content\/uploads\/sites\/26\/2020\/11\/LogoPressetaux.png\",\"width\":488,\"height\":278,\"caption\":\"PresseTaux Douai\"},\"image\":{\"@id\":\"https:\/\/pressetaux.fr\/douai\/#logo\"}},{\"@type\":\"WebSite\",\"@id\":\"https:\/\/pressetaux.fr\/douai\/#website\",\"url\":\"https:\/\/pressetaux.fr\/douai\/\",\"name\":\"PresseTaux Douai\",\"description\":\"COURTIER EN CREDIT\",\"publisher\":{\"@id\":\"https:\/\/pressetaux.fr\/douai\/#organization\"},\"potentialAction\":[{\"@type\":\"SearchAction\",\"target\":{\"@type\":\"EntryPoint\",\"urlTemplate\":\"https:\/\/pressetaux.fr\/douai\/?s={search_term_string}\"},\"query-input\":\"required name=search_term_string\"}],\"inLanguage\":\"fr-FR\"},{\"@type\":\"ImageObject\",\"@id\":\"https:\/\/pressetaux.fr\/douai\/communique-de-presse-vers-une-redynamisation-du-marche-de-limmobilier\/#primaryimage\",\"inLanguage\":\"fr-FR\",\"url\":\"https:\/\/pressetaux.fr\/wp-content\/uploads\/2016\/02\/Logo_PresseTaux.png\",\"contentUrl\":\"https:\/\/pressetaux.fr\/wp-content\/uploads\/2016\/02\/Logo_PresseTaux.png\"},{\"@type\":\"WebPage\",\"@id\":\"https:\/\/pressetaux.fr\/douai\/communique-de-presse-vers-une-redynamisation-du-marche-de-limmobilier\/#webpage\",\"url\":\"https:\/\/pressetaux.fr\/douai\/communique-de-presse-vers-une-redynamisation-du-marche-de-limmobilier\/\",\"name\":\"Communiqu\\u00e9 de presse | Vers une redynamisation du march\\u00e9 de l\\u2019immobilier ? - PresseTaux Douai\",\"isPartOf\":{\"@id\":\"https:\/\/pressetaux.fr\/douai\/#website\"},\"primaryImageOfPage\":{\"@id\":\"https:\/\/pressetaux.fr\/douai\/communique-de-presse-vers-une-redynamisation-du-marche-de-limmobilier\/#primaryimage\"},\"datePublished\":\"2020-06-23T07:33:57+00:00\",\"dateModified\":\"2020-06-23T07:34:08+00:00\",\"breadcrumb\":{\"@id\":\"https:\/\/pressetaux.fr\/douai\/communique-de-presse-vers-une-redynamisation-du-marche-de-limmobilier\/#breadcrumb\"},\"inLanguage\":\"fr-FR\",\"potentialAction\":[{\"@type\":\"ReadAction\",\"target\":[\"https:\/\/pressetaux.fr\/douai\/communique-de-presse-vers-une-redynamisation-du-marche-de-limmobilier\/\"]}]},{\"@type\":\"BreadcrumbList\",\"@id\":\"https:\/\/pressetaux.fr\/douai\/communique-de-presse-vers-une-redynamisation-du-marche-de-limmobilier\/#breadcrumb\",\"itemListElement\":[{\"@type\":\"ListItem\",\"position\":1,\"name\":\"Accueil\",\"item\":\"https:\/\/pressetaux.fr\/douai\/\"},{\"@type\":\"ListItem\",\"position\":2,\"name\":\"Communiqu\\u00e9 de presse | Vers une redynamisation du march\\u00e9 de l\\u2019immobilier ?\"}]},{\"@type\":\"Article\",\"@id\":\"https:\/\/pressetaux.fr\/douai\/communique-de-presse-vers-une-redynamisation-du-marche-de-limmobilier\/#article\",\"isPartOf\":{\"@id\":\"https:\/\/pressetaux.fr\/douai\/communique-de-presse-vers-une-redynamisation-du-marche-de-limmobilier\/#webpage\"},\"author\":{\"@id\":\"https:\/\/pressetaux.fr\/douai\/#\/schema\/person\/e18ef05c180d813e5ce42087d0369f85\"},\"headline\":\"Communiqu\\u00e9 de presse | Vers une redynamisation du march\\u00e9 de l\\u2019immobilier ?\",\"datePublished\":\"2020-06-23T07:33:57+00:00\",\"dateModified\":\"2020-06-23T07:34:08+00:00\",\"mainEntityOfPage\":{\"@id\":\"https:\/\/pressetaux.fr\/douai\/communique-de-presse-vers-une-redynamisation-du-marche-de-limmobilier\/#webpage\"},\"wordCount\":963,\"publisher\":{\"@id\":\"https:\/\/pressetaux.fr\/douai\/#organization\"},\"image\":{\"@id\":\"https:\/\/pressetaux.fr\/douai\/communique-de-presse-vers-une-redynamisation-du-marche-de-limmobilier\/#primaryimage\"},\"thumbnailUrl\":\"https:\/\/pressetaux.fr\/wp-content\/uploads\/2016\/02\/Logo_PresseTaux.png\",\"articleSection\":[\"Communiqu\\u00e9s de presse\"],\"inLanguage\":\"fr-FR\"},{\"@type\":\"Person\",\"@id\":\"https:\/\/pressetaux.fr\/douai\/#\/schema\/person\/e18ef05c180d813e5ce42087d0369f85\",\"name\":\"Ma\\u00ebl PresseTaux\",\"image\":{\"@type\":\"ImageObject\",\"@id\":\"https:\/\/pressetaux.fr\/douai\/#personlogo\",\"inLanguage\":\"fr-FR\",\"url\":\"https:\/\/secure.gravatar.com\/avatar\/c2daa4ba12e6c26194c9f7b7936f6a98?s=96&d=mm&r=g\",\"contentUrl\":\"https:\/\/secure.gravatar.com\/avatar\/c2daa4ba12e6c26194c9f7b7936f6a98?s=96&d=mm&r=g\",\"caption\":\"Ma\\u00ebl PresseTaux\"},\"url\":\"https:\/\/pressetaux.fr\/douai\/author\/mael-nonet\/\"}]}<\/script>\n<!-- \/ Yoast SEO plugin. -->","yoast_head_json":{"title":"Communiqu\u00e9 de presse | Vers une redynamisation du march\u00e9 de l\u2019immobilier ? - PresseTaux Douai","robots":{"index":"index","follow":"follow","max-snippet":"max-snippet:-1","max-image-preview":"max-image-preview:large","max-video-preview":"max-video-preview:-1"},"canonical":"https:\/\/pressetaux.fr\/douai\/communique-de-presse-vers-une-redynamisation-du-marche-de-limmobilier\/","og_locale":"fr_FR","og_type":"article","og_title":"Communiqu\u00e9 de presse | Vers une redynamisation du march\u00e9 de l\u2019immobilier ? - PresseTaux Douai","og_description":"En bref : Alors que la vie \u00e9conomique reprend sa respiration, les courtiers en cr\u00e9dit n\u00e9goci\u00e9 du r\u00e9seau PresseTaux partagent leurs ressentis sur l\u2019\u00e9volution du secteur de l\u2019immobilier. Impacts du confinement, nouvelles tendances sur le march\u00e9, adaptation des m\u00e9tiers du courtage, ils livrent leur expertise.","og_url":"https:\/\/pressetaux.fr\/douai\/communique-de-presse-vers-une-redynamisation-du-marche-de-limmobilier\/","og_site_name":"PresseTaux Douai","article_publisher":"https:\/\/www.facebook.com\/pressetauxdouai?locale=fr_FR","article_published_time":"2020-06-23T07:33:57+00:00","article_modified_time":"2020-06-23T07:34:08+00:00","og_image":[{"url":"https:\/\/pressetaux.fr\/wp-content\/uploads\/2016\/02\/Logo_PresseTaux.png"}],"twitter_card":"summary","twitter_misc":{"\u00c9crit par":"Ma\u00ebl PresseTaux","Dur\u00e9e de lecture estim\u00e9e":"5 minutes"},"schema":{"@context":"https:\/\/schema.org","@graph":[{"@type":"Organization","@id":"https:\/\/pressetaux.fr\/douai\/#organization","name":"PresseTaux Douai","url":"https:\/\/pressetaux.fr\/douai\/","sameAs":["https:\/\/www.facebook.com\/pressetauxdouai?locale=fr_FR"],"logo":{"@type":"ImageObject","@id":"https:\/\/pressetaux.fr\/douai\/#logo","inLanguage":"fr-FR","url":"https:\/\/pressetaux.fr\/douai\/wp-content\/uploads\/sites\/26\/2020\/11\/LogoPressetaux.png","contentUrl":"https:\/\/pressetaux.fr\/douai\/wp-content\/uploads\/sites\/26\/2020\/11\/LogoPressetaux.png","width":488,"height":278,"caption":"PresseTaux Douai"},"image":{"@id":"https:\/\/pressetaux.fr\/douai\/#logo"}},{"@type":"WebSite","@id":"https:\/\/pressetaux.fr\/douai\/#website","url":"https:\/\/pressetaux.fr\/douai\/","name":"PresseTaux Douai","description":"COURTIER EN CREDIT","publisher":{"@id":"https:\/\/pressetaux.fr\/douai\/#organization"},"potentialAction":[{"@type":"SearchAction","target":{"@type":"EntryPoint","urlTemplate":"https:\/\/pressetaux.fr\/douai\/?s={search_term_string}"},"query-input":"required name=search_term_string"}],"inLanguage":"fr-FR"},{"@type":"ImageObject","@id":"https:\/\/pressetaux.fr\/douai\/communique-de-presse-vers-une-redynamisation-du-marche-de-limmobilier\/#primaryimage","inLanguage":"fr-FR","url":"https:\/\/pressetaux.fr\/wp-content\/uploads\/2016\/02\/Logo_PresseTaux.png","contentUrl":"https:\/\/pressetaux.fr\/wp-content\/uploads\/2016\/02\/Logo_PresseTaux.png"},{"@type":"WebPage","@id":"https:\/\/pressetaux.fr\/douai\/communique-de-presse-vers-une-redynamisation-du-marche-de-limmobilier\/#webpage","url":"https:\/\/pressetaux.fr\/douai\/communique-de-presse-vers-une-redynamisation-du-marche-de-limmobilier\/","name":"Communiqu\u00e9 de presse | Vers une redynamisation du march\u00e9 de l\u2019immobilier ? - PresseTaux Douai","isPartOf":{"@id":"https:\/\/pressetaux.fr\/douai\/#website"},"primaryImageOfPage":{"@id":"https:\/\/pressetaux.fr\/douai\/communique-de-presse-vers-une-redynamisation-du-marche-de-limmobilier\/#primaryimage"},"datePublished":"2020-06-23T07:33:57+00:00","dateModified":"2020-06-23T07:34:08+00:00","breadcrumb":{"@id":"https:\/\/pressetaux.fr\/douai\/communique-de-presse-vers-une-redynamisation-du-marche-de-limmobilier\/#breadcrumb"},"inLanguage":"fr-FR","potentialAction":[{"@type":"ReadAction","target":["https:\/\/pressetaux.fr\/douai\/communique-de-presse-vers-une-redynamisation-du-marche-de-limmobilier\/"]}]},{"@type":"BreadcrumbList","@id":"https:\/\/pressetaux.fr\/douai\/communique-de-presse-vers-une-redynamisation-du-marche-de-limmobilier\/#breadcrumb","itemListElement":[{"@type":"ListItem","position":1,"name":"Accueil","item":"https:\/\/pressetaux.fr\/douai\/"},{"@type":"ListItem","position":2,"name":"Communiqu\u00e9 de presse | Vers une redynamisation du march\u00e9 de l\u2019immobilier ?"}]},{"@type":"Article","@id":"https:\/\/pressetaux.fr\/douai\/communique-de-presse-vers-une-redynamisation-du-marche-de-limmobilier\/#article","isPartOf":{"@id":"https:\/\/pressetaux.fr\/douai\/communique-de-presse-vers-une-redynamisation-du-marche-de-limmobilier\/#webpage"},"author":{"@id":"https:\/\/pressetaux.fr\/douai\/#\/schema\/person\/e18ef05c180d813e5ce42087d0369f85"},"headline":"Communiqu\u00e9 de presse | Vers une redynamisation du march\u00e9 de l\u2019immobilier ?","datePublished":"2020-06-23T07:33:57+00:00","dateModified":"2020-06-23T07:34:08+00:00","mainEntityOfPage":{"@id":"https:\/\/pressetaux.fr\/douai\/communique-de-presse-vers-une-redynamisation-du-marche-de-limmobilier\/#webpage"},"wordCount":963,"publisher":{"@id":"https:\/\/pressetaux.fr\/douai\/#organization"},"image":{"@id":"https:\/\/pressetaux.fr\/douai\/communique-de-presse-vers-une-redynamisation-du-marche-de-limmobilier\/#primaryimage"},"thumbnailUrl":"https:\/\/pressetaux.fr\/wp-content\/uploads\/2016\/02\/Logo_PresseTaux.png","articleSection":["Communiqu\u00e9s de presse"],"inLanguage":"fr-FR"},{"@type":"Person","@id":"https:\/\/pressetaux.fr\/douai\/#\/schema\/person\/e18ef05c180d813e5ce42087d0369f85","name":"Ma\u00ebl PresseTaux","image":{"@type":"ImageObject","@id":"https:\/\/pressetaux.fr\/douai\/#personlogo","inLanguage":"fr-FR","url":"https:\/\/secure.gravatar.com\/avatar\/c2daa4ba12e6c26194c9f7b7936f6a98?s=96&d=mm&r=g","contentUrl":"https:\/\/secure.gravatar.com\/avatar\/c2daa4ba12e6c26194c9f7b7936f6a98?s=96&d=mm&r=g","caption":"Ma\u00ebl PresseTaux"},"url":"https:\/\/pressetaux.fr\/douai\/author\/mael-nonet\/"}]}},"_links":{"self":[{"href":"https:\/\/pressetaux.fr\/douai\/wp-json\/wp\/v2\/posts\/802"}],"collection":[{"href":"https:\/\/pressetaux.fr\/douai\/wp-json\/wp\/v2\/posts"}],"about":[{"href":"https:\/\/pressetaux.fr\/douai\/wp-json\/wp\/v2\/types\/post"}],"author":[{"embeddable":true,"href":"https:\/\/pressetaux.fr\/douai\/wp-json\/wp\/v2\/users\/7"}],"replies":[{"embeddable":true,"href":"https:\/\/pressetaux.fr\/douai\/wp-json\/wp\/v2\/comments?post=802"}],"version-history":[{"count":0,"href":"https:\/\/pressetaux.fr\/douai\/wp-json\/wp\/v2\/posts\/802\/revisions"}],"wp:attachment":[{"href":"https:\/\/pressetaux.fr\/douai\/wp-json\/wp\/v2\/media?parent=802"}],"wp:term":[{"taxonomy":"category","embeddable":true,"href":"https:\/\/pressetaux.fr\/douai\/wp-json\/wp\/v2\/categories?post=802"},{"taxonomy":"post_tag","embeddable":true,"href":"https:\/\/pressetaux.fr\/douai\/wp-json\/wp\/v2\/tags?post=802"}],"curies":[{"name":"wp","href":"https:\/\/api.w.org\/{rel}","templated":true}]}}